{"id":992,"date":"2015-07-02T14:24:37","date_gmt":"2015-07-02T12:24:37","guid":{"rendered":"http:\/\/iumotril.org\/sitio\/?p=992"},"modified":"2015-07-02T14:24:37","modified_gmt":"2015-07-02T12:24:37","slug":"un-plan-de-limpieza-y-desinfeccion-para-el-barrio-de-las-explanadas-y-otras-zonas-de-la-ciudad","status":"publish","type":"post","link":"https:\/\/iumotril.org\/sitio\/un-plan-de-limpieza-y-desinfeccion-para-el-barrio-de-las-explanadas-y-otras-zonas-de-la-ciudad\/","title":{"rendered":"Un plan de limpieza y desinfecci\u00f3n para el barrio de Las Explanadas y otras zonas de la ciudad"},"content":{"rendered":"<p>Durante las \u00faltimas semanas los vecinos\/as de Las Explanadas vienen denunciando la plaga de ratas y cucarachas que padece el barrio, una situaci\u00f3n que afecta a otras zonas y barrios de la ciudad, como la calle Ancha.<\/p>\n<p><a href=\"https:\/\/iumotril.org\/sitio\/wp-content\/uploads\/2014\/12\/dani-novj.jpg\"><img loading=\"lazy\" decoding=\"async\" data-attachment-id=\"368\" data-permalink=\"https:\/\/iumotril.org\/sitio\/los-planes-de-empleo-provocan-malestar-entre-los-demandantes\/dani-novj\/\" data-orig-file=\"https:\/\/iumotril.org\/sitio\/wp-content\/uploads\/2014\/12\/dani-novj.jpg\" data-orig-size=\"1647,2255\" data-comments-opened=\"1\" data-image-meta=\"{&quot;aperture&quot;:&quot;0&quot;,&quot;credit&quot;:&quot;&quot;,&quot;camera&quot;:&quot;&quot;,&quot;caption&quot;:&quot;&quot;,&quot;created_timestamp&quot;:&quot;0&quot;,&quot;copyright&quot;:&quot;&quot;,&quot;focal_length&quot;:&quot;0&quot;,&quot;iso&quot;:&quot;0&quot;,&quot;shutter_speed&quot;:&quot;0&quot;,&quot;title&quot;:&quot;&quot;,&quot;orientation&quot;:&quot;0&quot;}\" data-image-title=\"dani novj\" data-image-description=\"\" data-image-caption=\"\" data-large-file=\"https:\/\/iumotril.org\/sitio\/wp-content\/uploads\/2014\/12\/dani-novj-748x1024.jpg\" class=\"alignleft size-medium wp-image-368\" src=\"https:\/\/iumotril.org\/sitio\/wp-content\/uploads\/2014\/12\/dani-novj-219x300.jpg\" alt=\"Daniela Paqu\u00e9. Izquierda Unida Motril\" width=\"219\" height=\"300\" srcset=\"https:\/\/iumotril.org\/sitio\/wp-content\/uploads\/2014\/12\/dani-novj-219x300.jpg 219w, https:\/\/iumotril.org\/sitio\/wp-content\/uploads\/2014\/12\/dani-novj-768x1052.jpg 768w, https:\/\/iumotril.org\/sitio\/wp-content\/uploads\/2014\/12\/dani-novj-748x1024.jpg 748w, https:\/\/iumotril.org\/sitio\/wp-content\/uploads\/2014\/12\/dani-novj.jpg 1647w\" sizes=\"auto, (max-width: 219px) 100vw, 219px\" \/><\/a>A la vista de esta situaci\u00f3n, el Grupo municipal de Izquierda Unida ha pedido que el equipo de Gobierno ponga en marcha un plan urgente de limpieza y desinfecci\u00f3n que acabe con las cucarachas, ratas e insectos que aparecen por las calles y negocios de este barrio y de otras zonas de la ciudad, como en la calle Gregorio Mara\u00f1\u00f3n y adyacentes en la calle Ancha.<\/p>\n<p>Daniela Paqu\u00e9, portavoz de Izquierda Unida, ha denunciado esta situaci\u00f3n que se repite a\u00f1o tras a\u00f1o en nuestra ciudad sin que se le d\u00e9 una soluci\u00f3n eficaz y permanente a trav\u00e9s de los servicios municipales.<\/p>\n<p>La portavoz de Izquierda Unida ha reclamado al equipo de Gobierno que \u201caterrice de una vez por todas para atender los problemas que realmente afectan a los motrile\u00f1os\/as y no se deje llevar por la tentaci\u00f3n de dedicarse a hacer gestos para la galer\u00eda, como hasta ahora est\u00e1 haciendo. Este es un asunto que afecta realmente a los vecinos\/as, porque se trata de un problema de salud p\u00fablica que, adem\u00e1s, afecta gravemente a la imagen de nuestra ciudad.<\/p>\n<p>Paqu\u00e9 ha se\u00f1alado que es evidente que la gesti\u00f3n municipal llevada a cabo por parte del Partido Popular en el Ayuntamiento de Motril ha deteriorado gravemente todos los servicios municipales, de forma especial los de limpieza de calles, jardines e infraestructuras municipales que no cumplen adecuadamente su cometido, a pesar de los abusivos impuestos de basura y contribuci\u00f3n que soportan los vecinos\/as. Sin embargo, no puede ser una excusa para que desde Ayuntamiento se act\u00fae decididamente para solventar estas graves situaciones.<\/p>\n","protected":false},"excerpt":{"rendered":"<p>Durante las \u00faltimas semanas los vecinos\/as de Las Explanadas vienen denunciando la plaga de ratas y cucarachas que padece el barrio, una situaci\u00f3n que afecta a otras zonas y barrios de la ciudad, como la calle Ancha. A la vista de esta situaci\u00f3n, el Grupo municipal de Izquierda Unida ha pedido que el equipo de Gobierno ponga en marcha un plan urgente de limpieza y desinfecci\u00f3n que acabe con las cucarachas, ratas e insectos que aparecen por las calles y negocios de este barrio y de otras zonas de la ciudad, como en la calle Gregorio Mara\u00f1\u00f3n y adyacentes en la calle Ancha.<\/p>\n","protected":false},"author":1,"featured_media":0,"comment_status":"open","ping_status":"open","sticky":false,"template":"","format":"standard","meta":{"cybocfi_hide_featured_image":"","_jetpack_newsletter_access":"","_jetpack_dont_email_post_to_subs":false,"_jetpack_newsletter_tier_id":0,"_jetpack_memberships_contains_paywalled_content":false,"_jetpack_memberships_contains_paid_content":false,"footnotes":""},"categories":[1],"tags":[],"class_list":["post-992","post","type-post","status-publish","format-standard","hentry","category-sin-categoria"],"jetpack_featured_media_url":"","jetpack_sharing_enabled":true,"jetpack_shortlink":"https:\/\/wp.me\/p4QsU5-g0","jetpack-related-posts":[{"id":1941,"url":"https:\/\/iumotril.org\/sitio\/vecinos-y-vecinas-denuncian-el-estado-de-abandono-de-la-plaza-1-de-mayo\/","url_meta":{"origin":992,"position":0},"title":"VECINOS Y VECINAS DENUNCIAN EL ESTADO DE ABANDONO DE LA PLAZA 1 DE MAYO","author":"Izquierda Unida Motril","date":"10 marzo, 2016","format":false,"excerpt":"Christian Linares ha reclamado a Flor Alm\u00f3n que su gobierno se ponga a trabajar por la ciudad a la que se deben, por el pueblo, para responder, de una vez por todas, a las necesidades reales de los vecinos y vecinas de nuestra ciudad. Tampoco en la limpieza de las\u2026","rel":"","context":"En \u00abEST\u00c1 PASANDO\u00bb","block_context":{"text":"EST\u00c1 PASANDO","link":"https:\/\/iumotril.org\/sitio\/category\/esta-pasando\/"},"img":{"alt_text":"","src":"https:\/\/i0.wp.com\/iumotril.org\/sitio\/wp-content\/uploads\/2016\/03\/pza-1-mayo-2-150x150.jpg?resize=350%2C200&ssl=1","width":350,"height":200,"srcset":"https:\/\/i0.wp.com\/iumotril.org\/sitio\/wp-content\/uploads\/2016\/03\/pza-1-mayo-2-150x150.jpg?resize=350%2C200&ssl=1 1x, https:\/\/i0.wp.com\/iumotril.org\/sitio\/wp-content\/uploads\/2016\/03\/pza-1-mayo-2-150x150.jpg?resize=525%2C300&ssl=1 1.5x, https:\/\/i0.wp.com\/iumotril.org\/sitio\/wp-content\/uploads\/2016\/03\/pza-1-mayo-2-150x150.jpg?resize=700%2C400&ssl=1 2x, https:\/\/i0.wp.com\/iumotril.org\/sitio\/wp-content\/uploads\/2016\/03\/pza-1-mayo-2-150x150.jpg?resize=1050%2C600&ssl=1 3x"},"classes":[]},{"id":1313,"url":"https:\/\/iumotril.org\/sitio\/izquierda-unida-reclama-actuaciones-preventivas-para-evitar-las-inundaciones-en-calles-y-barrios-de-motril\/","url_meta":{"origin":992,"position":1},"title":"Izquierda Unida reclama actuaciones preventivas para evitar las inundaciones en calles y barrios de Motril","author":"Izquierda Unida Motril","date":"7 septiembre, 2015","format":false,"excerpt":"Esta situaci\u00f3n que se repite a\u00f1o tras a\u00f1o pone de manifiesto las deficiencias de las infraestructuras de nuestra ciudad y evidencia el car\u00e1cter propagand\u00edstico de muchas de las obras realizadas, como las que recientemente se han llevado a cabo en la calle Ancha ya que no se ha resuelto ni\u2026","rel":"","context":"En \u00abCiudad\u00bb","block_context":{"text":"Ciudad","link":"https:\/\/iumotril.org\/sitio\/category\/ciudad\/"},"img":{"alt_text":"IMG_20150907_102941 (1)","src":"https:\/\/i0.wp.com\/iumotril.org\/sitio\/wp-content\/uploads\/2015\/09\/IMG_20150907_102941-1-1024x759.jpg?resize=350%2C200","width":350,"height":200,"srcset":"https:\/\/i0.wp.com\/iumotril.org\/sitio\/wp-content\/uploads\/2015\/09\/IMG_20150907_102941-1-1024x759.jpg?resize=350%2C200 1x, https:\/\/i0.wp.com\/iumotril.org\/sitio\/wp-content\/uploads\/2015\/09\/IMG_20150907_102941-1-1024x759.jpg?resize=525%2C300 1.5x"},"classes":[]},{"id":10159,"url":"https:\/\/iumotril.org\/sitio\/reclamamos-un-plan-de-actuacion-especifico-para-erradicar-la-presencia-de-ratas-en-la-ciudad\/","url_meta":{"origin":992,"position":2},"title":"Reclamamos un plan de actuaci\u00f3n espec\u00edfico para erradicar la presencia de ratas en la ciudad","author":"Izquierda Unida Motril","date":"9 octubre, 2024","format":false,"excerpt":"Consideran que es necesaria una programaci\u00f3n de desratizaci\u00f3n por toda la ciudad interviniendo en colegios, parques, jardines o alcantarillado. Adem\u00e1s de que se efect\u00faen campa\u00f1as integrales de desratizaci\u00f3n durante todo el a\u00f1o. La puesta en marcha de planes de choque espec\u00edficos para los momentos en los que la situaci\u00f3n sea\u2026","rel":"","context":"En \u00abCiudad\u00bb","block_context":{"text":"Ciudad","link":"https:\/\/iumotril.org\/sitio\/category\/ciudad\/"},"img":{"alt_text":"","src":"https:\/\/i0.wp.com\/iumotril.org\/sitio\/wp-content\/uploads\/2024\/10\/Ratas-en-calle-ancha.jpg?resize=350%2C200&ssl=1","width":350,"height":200,"srcset":"https:\/\/i0.wp.com\/iumotril.org\/sitio\/wp-content\/uploads\/2024\/10\/Ratas-en-calle-ancha.jpg?resize=350%2C200&ssl=1 1x, https:\/\/i0.wp.com\/iumotril.org\/sitio\/wp-content\/uploads\/2024\/10\/Ratas-en-calle-ancha.jpg?resize=525%2C300&ssl=1 1.5x, https:\/\/i0.wp.com\/iumotril.org\/sitio\/wp-content\/uploads\/2024\/10\/Ratas-en-calle-ancha.jpg?resize=700%2C400&ssl=1 2x, https:\/\/i0.wp.com\/iumotril.org\/sitio\/wp-content\/uploads\/2024\/10\/Ratas-en-calle-ancha.jpg?resize=1050%2C600&ssl=1 3x"},"classes":[]},{"id":3066,"url":"https:\/\/iumotril.org\/sitio\/izquierda-unida-denuncia-el-estado-de-abandono-del-centro-de-mayores-de-la-calle-ancha\/","url_meta":{"origin":992,"position":3},"title":"IZQUIERDA UNIDA DENUNCIA EL ESTADO DE ABANDONO DEL CENTRO DE MAYORES DE LA CALLE ANCHA","author":"Izquierda Unida Motril","date":"25 agosto, 2017","format":false,"excerpt":"Christian Linares ha reclamado a Flor Alm\u00f3n que, de una vez por todas, emprenda las actuaciones necesarias para rescatar Motril del lamentable estado en que se encuentra y que deje de vender humo con anuncios de proyectos futuros que vendr\u00e1n de la mano de los fondos DUSI.","rel":"","context":"En \u00abEST\u00c1 PASANDO\u00bb","block_context":{"text":"EST\u00c1 PASANDO","link":"https:\/\/iumotril.org\/sitio\/category\/esta-pasando\/"},"img":{"alt_text":"","src":"https:\/\/i0.wp.com\/iumotril.org\/sitio\/wp-content\/uploads\/2016\/05\/Pleno-1-junio_rueda-prensa-300x225.jpg?resize=350%2C200","width":350,"height":200},"classes":[]},{"id":1607,"url":"https:\/\/iumotril.org\/sitio\/izquierda-unida-denuncia-las-deficiencias-de-las-obras-de-la-calle-ancha\/","url_meta":{"origin":992,"position":4},"title":"IZQUIERDA UNIDA DENUNCIA LAS DEFICIENCIAS DE LAS OBRAS DE LA CALLE ANCHA","author":"Izquierda Unida Motril","date":"6 noviembre, 2015","format":false,"excerpt":"Las obras que se llevaron a cabo de forma precipitada en los \u00faltimos d\u00edas del gobierno del Partido Popular, adem\u00e1s de insuficientes para resolver las necesidades del barrio, est\u00e1n ocasionando a los vecinos problemas de movilidad, sobre todo a las personas mayores, adem\u00e1s de haber provocado diversos accidentes por su\u2026","rel":"","context":"En \u00abCiudad\u00bb","block_context":{"text":"Ciudad","link":"https:\/\/iumotril.org\/sitio\/category\/ciudad\/"},"img":{"alt_text":"(Foto: El Faro)","src":"https:\/\/i0.wp.com\/iumotril.org\/sitio\/wp-content\/uploads\/2015\/11\/Panor%C3%A1mica-Calle-Ancha-w1289-h1289-1024x859-1024x859.jpg?resize=350%2C200","width":350,"height":200,"srcset":"https:\/\/i0.wp.com\/iumotril.org\/sitio\/wp-content\/uploads\/2015\/11\/Panor%C3%A1mica-Calle-Ancha-w1289-h1289-1024x859-1024x859.jpg?resize=350%2C200 1x, https:\/\/i0.wp.com\/iumotril.org\/sitio\/wp-content\/uploads\/2015\/11\/Panor%C3%A1mica-Calle-Ancha-w1289-h1289-1024x859-1024x859.jpg?resize=525%2C300 1.5x"},"classes":[]},{"id":108,"url":"https:\/\/iumotril.org\/sitio\/denunciamos-el-estado-de-suciedad-de-las-calles-de-motril\/","url_meta":{"origin":992,"position":5},"title":"DENUNCIAMOS EL ESTADO DE SUCIEDAD DE LAS CALLES DE MOTRIL","author":"Izquierda Unida Motril","date":"15 septiembre, 2014","format":false,"excerpt":"Daniela Paqu\u00e9, concejala de IU en el Ayuntamiento de Motril, ha denunciado el estado de abandono y acumulaci\u00f3n de suciedad en determinadas zonas de la ciudad, dando una \u00abimagen lamentable\u00bb, ejemplo de la mala gesti\u00f3n del PP, \u00abporque para lograr que Motril sea referente tur\u00edstico, algo que pretende y vende\u2026","rel":"","context":"En \u00abSin categor\u00eda\u00bb","block_context":{"text":"Sin categor\u00eda","link":"https:\/\/iumotril.org\/sitio\/category\/sin-categoria\/"},"img":{"alt_text":"rambla alamos 2013 002","src":"https:\/\/i0.wp.com\/iumotril.org\/sitio\/wp-content\/uploads\/2014\/09\/rambla-alamos-2013-002-300x200.jpg?resize=350%2C200","width":350,"height":200},"classes":[]}],"jetpack_likes_enabled":true,"_links":{"self":[{"href":"https:\/\/iumotril.org\/sitio\/wp-json\/wp\/v2\/posts\/992","targetHints":{"allow":["GET"]}}],"collection":[{"href":"https:\/\/iumotril.org\/sitio\/wp-json\/wp\/v2\/posts"}],"about":[{"href":"https:\/\/iumotril.org\/sitio\/wp-json\/wp\/v2\/types\/post"}],"author":[{"embeddable":true,"href":"https:\/\/iumotril.org\/sitio\/wp-json\/wp\/v2\/users\/1"}],"replies":[{"embeddable":true,"href":"https:\/\/iumotril.org\/sitio\/wp-json\/wp\/v2\/comments?post=992"}],"version-history":[{"count":4,"href":"https:\/\/iumotril.org\/sitio\/wp-json\/wp\/v2\/posts\/992\/revisions"}],"predecessor-version":[{"id":1006,"href":"https:\/\/iumotril.org\/sitio\/wp-json\/wp\/v2\/posts\/992\/revisions\/1006"}],"wp:attachment":[{"href":"https:\/\/iumotril.org\/sitio\/wp-json\/wp\/v2\/media?parent=992"}],"wp:term":[{"taxonomy":"category","embeddable":true,"href":"https:\/\/iumotril.org\/sitio\/wp-json\/wp\/v2\/categories?post=992"},{"taxonomy":"post_tag","embeddable":true,"href":"https:\/\/iumotril.org\/sitio\/wp-json\/wp\/v2\/tags?post=992"}],"curies":[{"name":"wp","href":"https:\/\/api.w.org\/{rel}","templated":true}]}}