{"id":9824,"date":"2024-02-22T12:30:10","date_gmt":"2024-02-22T11:30:10","guid":{"rendered":"https:\/\/iumotril.org\/sitio\/?p=9824"},"modified":"2024-02-22T17:41:32","modified_gmt":"2024-02-22T16:41:32","slug":"reclamamos-al-gobierno-andaluz-el-abono-de-su-deuda-con-motril-por-impago-de-su-participacion-en-los-tributos-de-la-comunidad-autonoma","status":"publish","type":"post","link":"https:\/\/iumotril.org\/sitio\/reclamamos-al-gobierno-andaluz-el-abono-de-su-deuda-con-motril-por-impago-de-su-participacion-en-los-tributos-de-la-comunidad-autonoma\/","title":{"rendered":"Reclamamos al gobierno andaluz el abono de su deuda con Motril por impago de su participaci\u00f3n en los tributos de la Comunidad Aut\u00f3noma"},"content":{"rendered":"<h3><strong><span style=\"color: #993300;\">La deuda hist\u00f3rica de la Junta de Andaluc\u00eda con Motril por su participaci\u00f3n en los tributos de la comunidad asciende a 7.245.921,69 \u20ac <\/span><\/strong><strong style=\"font-size: 16px;\"><span style=\"color: #993300;\">\u00a0por el incumplimiento reiterado de la administraci\u00f3n andaluza de la Ley \u00a06\/2010 de 11 de junio de participaci\u00f3n de las entidades locales en los tributos de la Comunidad Aut\u00f3noma (PATRICA). En 2024 el Ayuntamiento de Motril deber\u00eda de percibir\u00a0<\/span><\/strong><strong><span style=\"color: #993300;\">417.789<\/span><span style=\"color: #993300;\"> eur<\/span><\/strong><strong style=\"font-size: 16px;\"><span style=\"color: #993300;\">os.<\/span><\/strong><\/h3>\n<p><span style=\"font-weight: 400;\">IU Verdes Equo ha informado de la moci\u00f3n que presentar\u00e1 al pr\u00f3ximo Pleno para que el Ayuntamiento de Motril reclame al gobierno andaluz\u00a0 un mecanismo adecuado para el pago de esa deuda hist\u00f3rica, que asciende a<strong> 1.200 millones de euros<\/strong> en el conjunto de las entidades locales andaluzas.<\/span><\/p>\n<figure id=\"attachment_9819\" aria-describedby=\"caption-attachment-9819\" style=\"width: 595px\" class=\"wp-caption alignleft\"><img loading=\"lazy\" decoding=\"async\" data-attachment-id=\"9819\" data-permalink=\"https:\/\/iumotril.org\/sitio\/reclamamos-al-gobierno-andaluz-el-abono-de-su-deuda-con-motril-por-impago-de-su-participacion-en-los-tributos-de-la-comunidad-autonoma\/img_1395\/\" data-orig-file=\"https:\/\/iumotril.org\/sitio\/wp-content\/uploads\/2024\/02\/IMG_1395-scaled.jpg\" data-orig-size=\"2560,1920\" data-comments-opened=\"1\" data-image-meta=\"{&quot;aperture&quot;:&quot;1.6&quot;,&quot;credit&quot;:&quot;&quot;,&quot;camera&quot;:&quot;iPhone 12&quot;,&quot;caption&quot;:&quot;&quot;,&quot;created_timestamp&quot;:&quot;1708514168&quot;,&quot;copyright&quot;:&quot;&quot;,&quot;focal_length&quot;:&quot;4.2&quot;,&quot;iso&quot;:&quot;32&quot;,&quot;shutter_speed&quot;:&quot;0.0015455950540958&quot;,&quot;title&quot;:&quot;&quot;,&quot;orientation&quot;:&quot;1&quot;}\" data-image-title=\"IMG_1395\" data-image-description=\"\" data-image-caption=\"\" data-large-file=\"https:\/\/iumotril.org\/sitio\/wp-content\/uploads\/2024\/02\/IMG_1395-1024x768.jpg\" class=\"wp-image-9819\" src=\"https:\/\/iumotril.org\/sitio\/wp-content\/uploads\/2024\/02\/IMG_1395-300x225.jpg\" alt=\"\" width=\"595\" height=\"446\" srcset=\"https:\/\/iumotril.org\/sitio\/wp-content\/uploads\/2024\/02\/IMG_1395-300x225.jpg 300w, https:\/\/iumotril.org\/sitio\/wp-content\/uploads\/2024\/02\/IMG_1395-1024x768.jpg 1024w, https:\/\/iumotril.org\/sitio\/wp-content\/uploads\/2024\/02\/IMG_1395-768x576.jpg 768w, https:\/\/iumotril.org\/sitio\/wp-content\/uploads\/2024\/02\/IMG_1395-1536x1152.jpg 1536w, https:\/\/iumotril.org\/sitio\/wp-content\/uploads\/2024\/02\/IMG_1395-2048x1536.jpg 2048w\" sizes=\"auto, (max-width: 595px) 100vw, 595px\" \/><figcaption id=\"caption-attachment-9819\" class=\"wp-caption-text\">Jose G. Llorente, portavoz municipal de IU Verdes Equo<\/figcaption><\/figure>\n<p><span style=\"font-weight: 400;\">Su portavoz municipal, Jose G. Llorente, ha denunciado que el gobierno de Moreno Bonilla no tiene voluntad pol\u00edtica de resolverla, porque en los presupuestos de 2024 ha consignado una cantidad totalmente insuficiente para compensar la deuda que mantiene con el conjunto de los ayuntamientos de Andaluc\u00eda.\u00a0<\/span><\/p>\n<p><span style=\"font-weight: 400;\">El incumplimiento de la PATRICA<\/span> <span style=\"font-weight: 400;\"><strong>no tiene justificaci\u00f3n alguna<\/strong> ni por el contexto institucional, ni por raz\u00f3n alguna econ\u00f3mica\u2013ha afirmado\u2013..\u00a0<\/span><\/p>\n<p><span style=\"font-weight: 400;\">Garc\u00eda Llorente, ha se\u00f1alado que las administraciones locales est\u00e1n sufriendo\u00a0 en los \u00faltimos a\u00f1os las consecuencias de las crisis econ\u00f3micas derivadas de la pandemia, de las guerras de Ucrania y Palestina, de la crisis energ\u00e9tica y la inflaci\u00f3n, sin que se haya abordado un nuevo modelo de financiaci\u00f3n que garantice la<strong> autonom\u00eda local y la suficiencia financiera de los ayuntamientos<\/strong>, lo que dificulta, a\u00fan m\u00e1s, la labor de las entidades locales, que ven c\u00f3mo se ampl\u00edan las competencias que tienen que asumir y desarrollar en sus \u00e1mbitos locales.<\/span><\/p>\n<p><span style=\"font-weight: 400;\">Sostienen desde IU Verdes Equo que s\u00f3lo el pago de los <strong>417.789<\/strong> euros que le corresponden a la ciudad en <strong>2024<\/strong>, supondr\u00eda unos<strong> ingresos esenciales<\/strong> para que el Ayuntamiento de Motril pudiera acometer proyectos en beneficio del inter\u00e9s general y de la ciudadan\u00eda motrile\u00f1a, como mejoras en las instalaciones de los centros educativos, de las instalaciones deportivas existentes, en los barrios y en el mantenimiento y limpieza de la ciudad, etc.<\/span><\/p>\n<p><span style=\"font-weight: 400;\">Llorente ha criticado al <strong>Partido Popular en Motril<\/strong> que\u00a0 siempre ha reclamado el pago de esta participaci\u00f3n, denunciando a la Junta de Andaluc\u00eda por este incumplimiento, pero que\u00a0 <strong>ahora calla c\u00ednicamente<\/strong> por ser\u00a0 Moreno Bonilla el presidente del gobierno andaluz, anteponiendo, de este modo, sus intereses de partido a los intereses de los motrile\u00f1os y motrile\u00f1as, <\/span><span style=\"font-weight: 400;\">\u00a0como viene haciendo con otros incumplimientos del gobierno andaluz con nuestra ciudad.<\/span><\/p>\n<div style=\"width: 640px;\" class=\"wp-video\"><video class=\"wp-video-shortcode\" id=\"video-9824-1\" width=\"640\" height=\"363\" preload=\"metadata\" controls=\"controls\"><source type=\"video\/mp4\" src=\"https:\/\/iumotril.org\/sitio\/wp-content\/uploads\/2024\/02\/VIDEO-2024-02-22-16-31-47.mp4?_=1\" \/><a href=\"https:\/\/iumotril.org\/sitio\/wp-content\/uploads\/2024\/02\/VIDEO-2024-02-22-16-31-47.mp4\">https:\/\/iumotril.org\/sitio\/wp-content\/uploads\/2024\/02\/VIDEO-2024-02-22-16-31-47.mp4<\/a><\/video><\/div>\n","protected":false},"excerpt":{"rendered":"<p>El incumplimiento de la PATRICA no tiene justificaci\u00f3n alguna ni por el contexto institucional, ni por raz\u00f3n alguna econ\u00f3mica\u2013ha afirmado\u2013..\u00a0<\/p>\n<p>Garc\u00eda Llorente, ha se\u00f1alado que las administraciones locales est\u00e1n sufriendo\u00a0 en los \u00faltimos a\u00f1os las consecuencias de las crisis econ\u00f3micas derivadas de la pandemia, de las guerras de Ucrania y Palestina, de la crisis energ\u00e9tica y la inflaci\u00f3n, sin que se haya abordado un nuevo modelo de financiaci\u00f3n que garantice la autonom\u00eda local y la suficiencia financiera de los ayuntamientos, lo que dificulta, a\u00fan m\u00e1s, la labor de las entidades locales, que ven c\u00f3mo se ampl\u00edan las competencias que tienen que asumir y desarrollar en sus \u00e1mbitos locales.<\/p>\n<p>Sostienen desde IU Verdes Equo que s\u00f3lo el pago de los 417.789 euros que le corresponden a la ciudadad en 2024, supondr\u00eda unos ingresos esenciales para que el Ayuntamiento de Motril pudiera acometer proyectos en beneficio del inter\u00e9s general y de la ciudadan\u00eda motrile\u00f1a, como mejoras en las instalaciones de los centros educativos, de las instalaciones deportivas existentes, en los barrios y en el mantenimiento y limpieza de la ciudad, etc.<\/p>\n<p>Llorente ha criticado al Partido Popular en Motril que\u00a0 siempre ha reclamado el pago de esta participaci\u00f3n, denunciando a la Junta de Andaluc\u00eda por este incumplimiento, pero que\u00a0 ahora calla c\u00ednicamente por ser\u00a0 Moreno Bonilla el presidente del gobierno andaluz, anteponiendo, de este modo, sus intereses de partido a los intereses de los motrile\u00f1os y motrile\u00f1as, \u00a0como viene haciendo con otros incumplimientos del gobierno andaluz con nuestra ciudad.<\/p>\n","protected":false},"author":1,"featured_media":9826,"comment_status":"open","ping_status":"open","sticky":false,"template":"","format":"standard","meta":{"cybocfi_hide_featured_image":"","_jetpack_newsletter_access":"","_jetpack_dont_email_post_to_subs":false,"_jetpack_newsletter_tier_id":0,"_jetpack_memberships_contains_paywalled_content":false,"_jetpack_memberships_contains_paid_content":false,"footnotes":""},"categories":[7,265,36],"tags":[326,2095,2093,1449,2094,829],"class_list":["post-9824","post","type-post","status-publish","format-standard","has-post-thumbnail","hentry","category-ayuntamiento","category-esta-pasando","category-mociones-pleno","tag-andalucia","tag-deuda-historica","tag-impuestos-y-tributos","tag-junta-de-andalucia","tag-moreno-bonilla","tag-patrica"],"jetpack_featured_media_url":"https:\/\/iumotril.org\/sitio\/wp-content\/uploads\/2024\/02\/Patrica.jpg","jetpack_sharing_enabled":true,"jetpack_shortlink":"https:\/\/wp.me\/p4QsU5-2ys","jetpack-related-posts":[{"id":3173,"url":"https:\/\/iumotril.org\/sitio\/el-pleno-del-ayuntamiento-de-motril-exige-a-la-junta-el-pago-de-3-273-541-euros-que-le-adeuda-por-la-patrica\/","url_meta":{"origin":9824,"position":0},"title":"EL PLENO DEL AYUNTAMIENTO DE MOTRIL EXIGE A LA JUNTA EL PAGO DE 3.273.541 euros QUE LE ADEUDA POR LA PATRICA.","author":"Izquierda Unida Motril","date":"9 noviembre, 2017","format":false,"excerpt":"Izquierda Unida est\u00e1 llevando a cabo en Andaluc\u00eda una campa\u00f1a en la que denuncia que Susana D\u00edaz tiene intervenidos los ayuntamientos andaluces de facto con el impago de esta deuda con las negativas consecuencias que \u00e9ste supone para las actuaciones de los gobiernos locales. En la provincia de Granada la\u2026","rel":"","context":"En \u00abEST\u00c1 PASANDO\u00bb","block_context":{"text":"EST\u00c1 PASANDO","link":"https:\/\/iumotril.org\/sitio\/category\/esta-pasando\/"},"img":{"alt_text":"","src":"https:\/\/i0.wp.com\/iumotril.org\/sitio\/wp-content\/uploads\/2017\/11\/Patrica_Motril-212x300.jpg?resize=350%2C200","width":350,"height":200},"classes":[]},{"id":3140,"url":"https:\/\/iumotril.org\/sitio\/motril-no-esta-en-el-mapa-de-la-junta-de-andalucia\/","url_meta":{"origin":9824,"position":1},"title":"MOTRIL NO EST\u00c1 EN EL MAPA DE LA JUNTA DE ANDALUC\u00cdA","author":"Izquierda Unida Motril","date":"24 octubre, 2017","format":false,"excerpt":"Para la diputada andaluza, el anteproyecto de presupuestos presentado por el gobierno andaluz es otra vuelta de tuerca m\u00e1s en la profundizaci\u00f3n de las desigualdades en Andaluc\u00eda y la continuidad de pol\u00edticas contrarias a los intereses de la mayor\u00eda de las andaluzas y andaluces. Un a\u00f1o m\u00e1s, el presupuesto del\u2026","rel":"","context":"En \u00abEST\u00c1 PASANDO\u00bb","block_context":{"text":"EST\u00c1 PASANDO","link":"https:\/\/iumotril.org\/sitio\/category\/esta-pasando\/"},"img":{"alt_text":"","src":"https:\/\/i0.wp.com\/img.youtube.com\/vi\/FoQ9hhaHLew\/0.jpg?resize=350%2C200","width":350,"height":200},"classes":[]},{"id":10406,"url":"https:\/\/iumotril.org\/sitio\/apoyamos-las-demandas-de-mejoras-de-los-vecinos-del-barrio-de-las-angustias\/","url_meta":{"origin":9824,"position":2},"title":"Apoyamos las demandas de mejoras de los vecinos del barrio de Las Angustias","author":"Izquierda Unida Motril","date":"30 enero, 2025","format":false,"excerpt":"Su portavoz municipal, Inmaculada Omiste, ha denunciado que siendo uno de los barrios m\u00e1s poblados de Motril, con varios centros docentes y otras instituciones importantes, lleve arrastrando este abandono por parte del Ayuntamiento de Motril. El grupo municipal ha recogido las demandas de los vecinos y vecinas, que van desde\u2026","rel":"","context":"En \u00abCiudad\u00bb","block_context":{"text":"Ciudad","link":"https:\/\/iumotril.org\/sitio\/category\/ciudad\/"},"img":{"alt_text":"","src":"https:\/\/i0.wp.com\/iumotril.org\/sitio\/wp-content\/uploads\/2025\/01\/Las-Anagustias.jpg?resize=350%2C200&ssl=1","width":350,"height":200,"srcset":"https:\/\/i0.wp.com\/iumotril.org\/sitio\/wp-content\/uploads\/2025\/01\/Las-Anagustias.jpg?resize=350%2C200&ssl=1 1x, https:\/\/i0.wp.com\/iumotril.org\/sitio\/wp-content\/uploads\/2025\/01\/Las-Anagustias.jpg?resize=525%2C300&ssl=1 1.5x"},"classes":[]},{"id":10521,"url":"https:\/\/iumotril.org\/sitio\/iu-verdes-equo-solicita-al-pleno-la-apertura-de-las-instalaciones-deportivas-los-fines-de-semana\/","url_meta":{"origin":9824,"position":3},"title":"IU Verdes Equo solicita al pleno la apertura de las instalaciones deportivas los fines de semana","author":"Izquierda Unida Motril","date":"26 marzo, 2025","format":false,"excerpt":"Ante la falta de alternativas de ocio para los y las j\u00f3venes de nuestro municipio, el facilitar la pr\u00e1ctica deportiva los fines de semana con la apertura de las pistas deportivas o con la instalaci\u00f3n de equipamiento deportivo en las plazas y calles de nuestra ciudad puede ser una iniciativa\u2026","rel":"","context":"En \u00abAyuntamiento\u00bb","block_context":{"text":"Ayuntamiento","link":"https:\/\/iumotril.org\/sitio\/category\/ayuntamiento\/"},"img":{"alt_text":"","src":"https:\/\/i0.wp.com\/iumotril.org\/sitio\/wp-content\/uploads\/2025\/03\/Columpios-miradores-Playa-Granada-y-del-Cable-3.jpeg?resize=350%2C200&ssl=1","width":350,"height":200,"srcset":"https:\/\/i0.wp.com\/iumotril.org\/sitio\/wp-content\/uploads\/2025\/03\/Columpios-miradores-Playa-Granada-y-del-Cable-3.jpeg?resize=350%2C200&ssl=1 1x, https:\/\/i0.wp.com\/iumotril.org\/sitio\/wp-content\/uploads\/2025\/03\/Columpios-miradores-Playa-Granada-y-del-Cable-3.jpeg?resize=525%2C300&ssl=1 1.5x, https:\/\/i0.wp.com\/iumotril.org\/sitio\/wp-content\/uploads\/2025\/03\/Columpios-miradores-Playa-Granada-y-del-Cable-3.jpeg?resize=700%2C400&ssl=1 2x, https:\/\/i0.wp.com\/iumotril.org\/sitio\/wp-content\/uploads\/2025\/03\/Columpios-miradores-Playa-Granada-y-del-Cable-3.jpeg?resize=1050%2C600&ssl=1 3x, https:\/\/i0.wp.com\/iumotril.org\/sitio\/wp-content\/uploads\/2025\/03\/Columpios-miradores-Playa-Granada-y-del-Cable-3.jpeg?resize=1400%2C800&ssl=1 4x"},"classes":[]},{"id":9898,"url":"https:\/\/iumotril.org\/sitio\/exigimos-mejoras-en-la-sanidad-publica-andaluza-nos-sumamos-a-las-movilizaciones-convocadas-el-domingo-7-de-abril-en-defensa-de-la-sanidad\/","url_meta":{"origin":9824,"position":4},"title":"Exigimos mejoras en la Sanidad p\u00fablica andaluza. Nos sumamos a las movilizaciones convocadas el domingo, 7 de abril en defensa de la sanidad","author":"Izquierda Unida Motril","date":"4 abril, 2024","format":false,"excerpt":"Inma Omiste ha se\u00f1alado que es evidente la preocupaci\u00f3n de la ciudadan\u00eda por el deterioro de la sanidad en Andaluc\u00eda expresada en el incremento de las listas de espera que se sit\u00faa en el mill\u00f3n de personas (el 12% de la poblaci\u00f3n andaluza), el n\u00famero de pacientes pendientes de una\u2026","rel":"","context":"En \u00abAyuntamiento\u00bb","block_context":{"text":"Ayuntamiento","link":"https:\/\/iumotril.org\/sitio\/category\/ayuntamiento\/"},"img":{"alt_text":"","src":"https:\/\/i0.wp.com\/iumotril.org\/sitio\/wp-content\/uploads\/2024\/04\/Tu-salud-Tu-derecho-Nuestra-sanidad.jpg?resize=350%2C200&ssl=1","width":350,"height":200,"srcset":"https:\/\/i0.wp.com\/iumotril.org\/sitio\/wp-content\/uploads\/2024\/04\/Tu-salud-Tu-derecho-Nuestra-sanidad.jpg?resize=350%2C200&ssl=1 1x, https:\/\/i0.wp.com\/iumotril.org\/sitio\/wp-content\/uploads\/2024\/04\/Tu-salud-Tu-derecho-Nuestra-sanidad.jpg?resize=525%2C300&ssl=1 1.5x, https:\/\/i0.wp.com\/iumotril.org\/sitio\/wp-content\/uploads\/2024\/04\/Tu-salud-Tu-derecho-Nuestra-sanidad.jpg?resize=700%2C400&ssl=1 2x, https:\/\/i0.wp.com\/iumotril.org\/sitio\/wp-content\/uploads\/2024\/04\/Tu-salud-Tu-derecho-Nuestra-sanidad.jpg?resize=1050%2C600&ssl=1 3x"},"classes":[]},{"id":4762,"url":"https:\/\/iumotril.org\/sitio\/izquierda-unida-reclama-al-ayuntamiento-que-defienda-a-los-trabajadores-del-chiringuito-oleaje\/","url_meta":{"origin":9824,"position":5},"title":"Izquierda Unida reclama al Ayuntamiento que defienda a los trabajadores del Chiringuito Oleaje","author":"Izquierda Unida Motril","date":"14 marzo, 2019","format":false,"excerpt":"La candidata de IU a la Alcald\u00eda de Motril ha se\u00f1alado que los gobiernos del PP y del PSOE son responsables de que se haya llegado a una situaci\u00f3n en la que, una vez m\u00e1s, se perjudica a los motrile\u00f1os y motrile\u00f1as que se da un trato de favor a\u2026","rel":"","context":"En \u00abEST\u00c1 PASANDO\u00bb","block_context":{"text":"EST\u00c1 PASANDO","link":"https:\/\/iumotril.org\/sitio\/category\/esta-pasando\/"},"img":{"alt_text":"","src":"https:\/\/i0.wp.com\/iumotril.org\/sitio\/wp-content\/uploads\/2019\/03\/PP-Oleaje.jpg?resize=350%2C200","width":350,"height":200},"classes":[]}],"jetpack_likes_enabled":true,"_links":{"self":[{"href":"https:\/\/iumotril.org\/sitio\/wp-json\/wp\/v2\/posts\/9824","targetHints":{"allow":["GET"]}}],"collection":[{"href":"https:\/\/iumotril.org\/sitio\/wp-json\/wp\/v2\/posts"}],"about":[{"href":"https:\/\/iumotril.org\/sitio\/wp-json\/wp\/v2\/types\/post"}],"author":[{"embeddable":true,"href":"https:\/\/iumotril.org\/sitio\/wp-json\/wp\/v2\/users\/1"}],"replies":[{"embeddable":true,"href":"https:\/\/iumotril.org\/sitio\/wp-json\/wp\/v2\/comments?post=9824"}],"version-history":[{"count":9,"href":"https:\/\/iumotril.org\/sitio\/wp-json\/wp\/v2\/posts\/9824\/revisions"}],"predecessor-version":[{"id":9835,"href":"https:\/\/iumotril.org\/sitio\/wp-json\/wp\/v2\/posts\/9824\/revisions\/9835"}],"wp:featuredmedia":[{"embeddable":true,"href":"https:\/\/iumotril.org\/sitio\/wp-json\/wp\/v2\/media\/9826"}],"wp:attachment":[{"href":"https:\/\/iumotril.org\/sitio\/wp-json\/wp\/v2\/media?parent=9824"}],"wp:term":[{"taxonomy":"category","embeddable":true,"href":"https:\/\/iumotril.org\/sitio\/wp-json\/wp\/v2\/categories?post=9824"},{"taxonomy":"post_tag","embeddable":true,"href":"https:\/\/iumotril.org\/sitio\/wp-json\/wp\/v2\/tags?post=9824"}],"curies":[{"name":"wp","href":"https:\/\/api.w.org\/{rel}","templated":true}]}}