{"id":9807,"date":"2024-02-20T12:59:50","date_gmt":"2024-02-20T11:59:50","guid":{"rendered":"https:\/\/iumotril.org\/sitio\/?p=9807"},"modified":"2024-02-20T12:59:50","modified_gmt":"2024-02-20T11:59:50","slug":"pedimos-explicaciones-sobre-la-utilizacion-indebida-de-un-vehiculo-de-proteccion-civil","status":"publish","type":"post","link":"https:\/\/iumotril.org\/sitio\/pedimos-explicaciones-sobre-la-utilizacion-indebida-de-un-vehiculo-de-proteccion-civil\/","title":{"rendered":"Pedimos explicaciones sobre la utilizaci\u00f3n indebida de un veh\u00edculo de Protecci\u00f3n Civil"},"content":{"rendered":"<h3><span style=\"font-weight: 400; color: #993300;\">Ha reclamado informaci\u00f3n escrita al concejal de seguridad ciudadana acerca de la utilizaci\u00f3n de un veh\u00edculo de Protecci\u00f3n Civil por parte de una persona ajena a la Agrupaci\u00f3n, que fue detenido por la polic\u00eda por conducir de forma temeraria y bajo los efectos del alcohol.<\/span><\/h3>\n<p><span style=\"font-weight: 400;\">El Grupo Municipal de IU Verdes Equo, pide conocer los <strong>protocolos de seguridad que se siguen en las instalaciones<\/strong> de la Agrupaci\u00f3n, en particular sobre la utilizaci\u00f3n de su parque de veh\u00edculos por parte de los responsables y de los voluntarios, tras conocerse que el mi\u00e9rcoles, 14 de febrero la polic\u00eda deten\u00eda a un hombre de 43 a\u00f1os tras una persecuci\u00f3n por las calles de Varadero y Santa Adela, al apreciar su conducci\u00f3n peligrosa por el entorno de la zona portuaria.<\/span><\/p>\n<p><span style=\"font-weight: 400;\">Al parecer, la persona detenida llevaba varios meses haciendo una prestaci\u00f3n social sustitutoria en Protecci\u00f3n Civil, prestando servicios a la comunidad y se encargaba de arreglar los veh\u00edculos de la agrupaci\u00f3n.<\/span><\/p>\n<p><span style=\"font-weight: 400;\">Para IU Verdes Equo resulta <strong>muy preocupante<\/strong> que una situaci\u00f3n as\u00ed pueda darse en unas dependencias municipales, a\u00fan m\u00e1s, en un servicio p\u00fablico que es en un instrumento de la pol\u00edtica de seguridad p\u00fablica que tiene como funci\u00f3n principal proteger a las personas y bienes garantizando una respuesta adecuada ante todo tipo de emergencias.<\/span><\/p>\n<p><span style=\"font-weight: 400;\">En este mismo sentido, manifiesta su <strong>inquietud por la situaci\u00f3n de la Agrupaci\u00f3n Local<\/strong> de voluntarios de Protecci\u00f3n Civil motrile\u00f1a, que en los \u00faltimos meses se ha visto afectada por diversas circunstancias, entre otras el relevo de su coordinador y la baja voluntaria de un n\u00famero indeterminado de voluntarios que, en la actualidad, se sit\u00faan en la veintena.<\/span><\/p>\n<p><span style=\"font-weight: 400;\">Su portavoz municipal, Jose G. Llorente, reclama al gobierno local una apuesta decidida por el refuerzo y la consolidaci\u00f3n organizativa de la Agrupaci\u00f3n de Voluntarios y un ejercicio de<strong> mayor transparencia en su funcionamiento y actividades<\/strong>, apuntando que cuenta con una asignaci\u00f3n presupuestaria municipal para el a\u00f1o 2024 de 81.432 euros.<\/span><\/p>\n","protected":false},"excerpt":{"rendered":"<p>Para IU Verdes Equo resulta muy preocupante que una situaci\u00f3n as\u00ed pueda darse en unas dependencias municipales, a\u00fan m\u00e1s, en un servicio p\u00fablico que es en un instrumento de la pol\u00edtica de seguridad p\u00fablica que tiene como funci\u00f3n principal proteger a las personas y bienes garantizando una respuesta adecuada ante todo tipo de emergencias.<\/p>\n<p>En este mismo sentido, manifiesta su inquietud por la situaci\u00f3n de la Agrupaci\u00f3n Local de voluntarios de Protecci\u00f3n Civil motrile\u00f1a, que en los \u00faltimos meses se ha visto afectada por diversas circunstancias, entre otras el relevo de su coordinador y la baja voluntaria de un n\u00famero indeterminado de voluntarios que, en la actualidad, se sit\u00faan en la veintena.<\/p>\n<p>Su portavoz municipal, Jose G. Llorente, reclama al gobierno local una apuesta decidida por el refuerzo y la consolidaci\u00f3n organizativa de la Agrupaci\u00f3n de Voluntarios y un ejercicio de mayor transparencia en su funcionamiento y actividades, apuntando que cuenta con una asignaci\u00f3n presupuestaria municipal para el a\u00f1o 2024 de 81.432 euros.<\/p>\n","protected":false},"author":1,"featured_media":9809,"comment_status":"open","ping_status":"open","sticky":false,"template":"","format":"standard","meta":{"cybocfi_hide_featured_image":"","_jetpack_newsletter_access":"","_jetpack_dont_email_post_to_subs":false,"_jetpack_newsletter_tier_id":0,"_jetpack_memberships_contains_paywalled_content":false,"_jetpack_memberships_contains_paid_content":false,"footnotes":""},"categories":[7,265],"tags":[2086,2083,911,2085,2087,2084],"class_list":["post-9807","post","type-post","status-publish","format-standard","has-post-thumbnail","hentry","category-ayuntamiento","category-esta-pasando","tag-agrupacion-voluntarios","tag-proteccion-civil","tag-seguridad-ciudadana","tag-situacion-organizativa","tag-solicitud-de-informacion","tag-vehiculos"],"jetpack_featured_media_url":"https:\/\/iumotril.org\/sitio\/wp-content\/uploads\/2024\/02\/negocio-proteccion-civil-logo-grancity5-1066x599-1.jpg","jetpack_sharing_enabled":true,"jetpack_shortlink":"https:\/\/wp.me\/p4QsU5-2yb","jetpack-related-posts":[{"id":1017,"url":"https:\/\/iumotril.org\/sitio\/el-incendio-en-la-sierra-de-lujar-evidencia-la-necesidad-de-dotar-de-la-maxima-proteccion-a-los-espacios-de-alto-valor-medioambiental-de-la-comarca\/","url_meta":{"origin":9807,"position":0},"title":"EL INCENDIO EN LA SIERRA DE LUJAR EVIDENCIA LA NECESIDAD DE DOTAR DE LA M\u00c1XIMA PROTECCI\u00d3N A LOS ESPACIOS DE ALTO VALOR MEDIOAMBIENTAL DE LA COMARCA","author":"Izquierda Unida Motril","date":"9 julio, 2015","format":false,"excerpt":"Izquierda Unida quiere mostrar su solidaridad con los vecinos de las localidades afectadas y su apoyo a los voluntarios\/as de Protecci\u00f3n Civil y a todas las personas que est\u00e1n colaborando en las tareas de extinci\u00f3n. A la vez, reclama a todas las Administraciones que no escatimen la puesta a disposici\u00f3n\u2026","rel":"","context":"En \u00abSin categor\u00eda\u00bb","block_context":{"text":"Sin categor\u00eda","link":"https:\/\/iumotril.org\/sitio\/category\/sin-categoria\/"},"img":{"alt_text":"Sierra Lujar Parque Natural","src":"https:\/\/i0.wp.com\/iumotril.org\/sitio\/wp-content\/uploads\/2015\/07\/incendio-lujar-300x130.jpg?resize=350%2C200","width":350,"height":200},"classes":[]},{"id":8351,"url":"https:\/\/iumotril.org\/sitio\/iu-equo-pide-redoblar-esfuerzos-para-prevenir-y-evitar-agresiones-sexuales-en-la-feria-de-motril\/","url_meta":{"origin":9807,"position":1},"title":"IU-Equo pide redoblar esfuerzos para prevenir y evitar agresiones sexuales en la Feria de Motril","author":"Izquierda Unida Motril","date":"9 agosto, 2022","format":false,"excerpt":"Seg\u00fan la portavoz de IU-Equo, a la preocupaci\u00f3n por las agresiones sexuales hay que a\u00f1adir la alerta por los casos de sumisi\u00f3n mediante pinchazos que no dejan de denunciarse en las diferentes fiestas y celebraciones que se est\u00e1n desarrollando durante este verano. Adem\u00e1s hay que tener en cuenta \u2013\u2013ha se\u00f1alado\u2013\u2013\u2026","rel":"","context":"En \u00abEST\u00c1 PASANDO\u00bb","block_context":{"text":"EST\u00c1 PASANDO","link":"https:\/\/iumotril.org\/sitio\/category\/esta-pasando\/"},"img":{"alt_text":"","src":"https:\/\/i0.wp.com\/iumotril.org\/sitio\/wp-content\/uploads\/2022\/08\/IMG-6296-scaled.jpg?resize=350%2C200","width":350,"height":200,"srcset":"https:\/\/i0.wp.com\/iumotril.org\/sitio\/wp-content\/uploads\/2022\/08\/IMG-6296-scaled.jpg?resize=350%2C200 1x, https:\/\/i0.wp.com\/iumotril.org\/sitio\/wp-content\/uploads\/2022\/08\/IMG-6296-scaled.jpg?resize=525%2C300 1.5x, https:\/\/i0.wp.com\/iumotril.org\/sitio\/wp-content\/uploads\/2022\/08\/IMG-6296-scaled.jpg?resize=700%2C400 2x, https:\/\/i0.wp.com\/iumotril.org\/sitio\/wp-content\/uploads\/2022\/08\/IMG-6296-scaled.jpg?resize=1050%2C600 3x, https:\/\/i0.wp.com\/iumotril.org\/sitio\/wp-content\/uploads\/2022\/08\/IMG-6296-scaled.jpg?resize=1400%2C800 4x"},"classes":[]},{"id":9067,"url":"https:\/\/iumotril.org\/sitio\/iu-equo-critica-la-manipulacion-interesada-de-su-gestion-por-parte-de-la-alcaldesa-de-motril\/","url_meta":{"origin":9807,"position":2},"title":"IU-EQUO critica la manipulaci\u00f3n interesada de su gesti\u00f3n por parte de la alcaldesa de Motril","author":"Izquierda Unida Motril","date":"27 abril, 2023","format":false,"excerpt":"Entre otros asuntos que ilustran esta estrategia, han se\u00f1alado la utilizaci\u00f3n de m\u00e1s 150 mil euros de subvenciones p\u00fablicas nominativas, asignadas a dedo, a entidades y asociaciones empresariales y de car\u00e1cter religioso, el anuncio de la construcci\u00f3n de un nuevo centro de recepci\u00f3n de visitantes en la Charca de Su\u00e1rez,\u2026","rel":"","context":"En \u00abAyuntamiento\u00bb","block_context":{"text":"Ayuntamiento","link":"https:\/\/iumotril.org\/sitio\/category\/ayuntamiento\/"},"img":{"alt_text":"","src":"https:\/\/i0.wp.com\/iumotril.org\/sitio\/wp-content\/uploads\/2023\/04\/Charca-cierres.jpg?resize=350%2C200&ssl=1","width":350,"height":200,"srcset":"https:\/\/i0.wp.com\/iumotril.org\/sitio\/wp-content\/uploads\/2023\/04\/Charca-cierres.jpg?resize=350%2C200&ssl=1 1x, https:\/\/i0.wp.com\/iumotril.org\/sitio\/wp-content\/uploads\/2023\/04\/Charca-cierres.jpg?resize=525%2C300&ssl=1 1.5x, https:\/\/i0.wp.com\/iumotril.org\/sitio\/wp-content\/uploads\/2023\/04\/Charca-cierres.jpg?resize=700%2C400&ssl=1 2x, https:\/\/i0.wp.com\/iumotril.org\/sitio\/wp-content\/uploads\/2023\/04\/Charca-cierres.jpg?resize=1050%2C600&ssl=1 3x"},"classes":[]},{"id":2667,"url":"https:\/\/iumotril.org\/sitio\/izquierda-unida-reclama-un-plan-de-movilidad-para-motril\/","url_meta":{"origin":9807,"position":3},"title":"IZQUIERDA UNIDA RECLAMA UN PLAN DE MOVILIDAD PARA MOTRIL","author":"Izquierda Unida Motril","date":"28 enero, 2017","format":false,"excerpt":"Mar\u00eda \u00c1ngeles Esc\u00e1mez, como responsable directa de esta situaci\u00f3n, ha dado muestras, una vez m\u00e1s, de su incompetencia e incapacidad para la gesti\u00f3n de cualquier asunto municipal. Parad\u00f3jicamente, la Teniente de Alcalde, aunque su dedicaci\u00f3n al ayuntamiento es parcial, asume las \u00e1reas de Personal y R\u00e9gimen Interior, Formaci\u00f3n y Empleo,\u2026","rel":"","context":"En \u00abEST\u00c1 PASANDO\u00bb","block_context":{"text":"EST\u00c1 PASANDO","link":"https:\/\/iumotril.org\/sitio\/category\/esta-pasando\/"},"img":{"alt_text":"","src":"https:\/\/i0.wp.com\/iumotril.org\/sitio\/wp-content\/uploads\/2017\/01\/MariaAngelesEscamez-300x300.jpg?resize=350%2C200","width":350,"height":200},"classes":[]},{"id":3369,"url":"https:\/\/iumotril.org\/sitio\/la-policia-local-y-los-bomberos-de-motril-bajo-minimos\/","url_meta":{"origin":9807,"position":4},"title":"La Polic\u00eda Local y los Bomberos de Motril bajo m\u00ednimos","author":"Izquierda Unida Motril","date":"23 febrero, 2018","format":false,"excerpt":"Inmaculada Omiste ha pedido a la alcaldesa, Flor Alm\u00f3n, que intervenga para corregir el desaguisado que est\u00e1 ocasionando la Sra. Esc\u00e1mez por su evidente falta de capacidad de di\u00e1logo con los empleados p\u00fablicos y su nula voluntad de negociaci\u00f3n y de acuerdo. Una incapacidad que est\u00e1 dando lugar a numerosos\u2026","rel":"","context":"En \u00abEST\u00c1 PASANDO\u00bb","block_context":{"text":"EST\u00c1 PASANDO","link":"https:\/\/iumotril.org\/sitio\/category\/esta-pasando\/"},"img":{"alt_text":"","src":"https:\/\/i0.wp.com\/iumotril.org\/sitio\/wp-content\/uploads\/2018\/02\/Inma-y-Daniela_polic%C3%ADa-y-bomberos_febrero-300x225.jpg?resize=350%2C200","width":350,"height":200},"classes":[]},{"id":5556,"url":"https:\/\/iumotril.org\/sitio\/iu-equo-propone-regular-el-uso-de-pirotecnia-cohetes-y-petardos-en-la-via-publica\/","url_meta":{"origin":9807,"position":5},"title":"IU-EQUO propone regular el uso de pirotecnia, cohetes y petardos en la v\u00eda p\u00fablica","author":"Izquierda Unida Motril","date":"29 enero, 2020","format":false,"excerpt":"IU-Equo propone que, como ya se est\u00e1 haciendo en otras ciudades, Motril vaya avanzando en la sustituci\u00f3n de la pirot\u00e9cnica tradicional por la denominada pirot\u00e9cnica blanda o silenciosa; un tipo de fuegos artificiales de menor impacto sonoro que resulta m\u00e1s respetuoso y amable con las personas y con las mascotas\u2026","rel":"","context":"En \u00abEST\u00c1 PASANDO\u00bb","block_context":{"text":"EST\u00c1 PASANDO","link":"https:\/\/iumotril.org\/sitio\/category\/esta-pasando\/"},"img":{"alt_text":"","src":"https:\/\/i0.wp.com\/iumotril.org\/sitio\/wp-content\/uploads\/2020\/01\/Inma-y-Jose_29-enero-1024x768.jpg?resize=350%2C200","width":350,"height":200,"srcset":"https:\/\/i0.wp.com\/iumotril.org\/sitio\/wp-content\/uploads\/2020\/01\/Inma-y-Jose_29-enero-1024x768.jpg?resize=350%2C200 1x, https:\/\/i0.wp.com\/iumotril.org\/sitio\/wp-content\/uploads\/2020\/01\/Inma-y-Jose_29-enero-1024x768.jpg?resize=525%2C300 1.5x"},"classes":[]}],"jetpack_likes_enabled":true,"_links":{"self":[{"href":"https:\/\/iumotril.org\/sitio\/wp-json\/wp\/v2\/posts\/9807","targetHints":{"allow":["GET"]}}],"collection":[{"href":"https:\/\/iumotril.org\/sitio\/wp-json\/wp\/v2\/posts"}],"about":[{"href":"https:\/\/iumotril.org\/sitio\/wp-json\/wp\/v2\/types\/post"}],"author":[{"embeddable":true,"href":"https:\/\/iumotril.org\/sitio\/wp-json\/wp\/v2\/users\/1"}],"replies":[{"embeddable":true,"href":"https:\/\/iumotril.org\/sitio\/wp-json\/wp\/v2\/comments?post=9807"}],"version-history":[{"count":2,"href":"https:\/\/iumotril.org\/sitio\/wp-json\/wp\/v2\/posts\/9807\/revisions"}],"predecessor-version":[{"id":9810,"href":"https:\/\/iumotril.org\/sitio\/wp-json\/wp\/v2\/posts\/9807\/revisions\/9810"}],"wp:featuredmedia":[{"embeddable":true,"href":"https:\/\/iumotril.org\/sitio\/wp-json\/wp\/v2\/media\/9809"}],"wp:attachment":[{"href":"https:\/\/iumotril.org\/sitio\/wp-json\/wp\/v2\/media?parent=9807"}],"wp:term":[{"taxonomy":"category","embeddable":true,"href":"https:\/\/iumotril.org\/sitio\/wp-json\/wp\/v2\/categories?post=9807"},{"taxonomy":"post_tag","embeddable":true,"href":"https:\/\/iumotril.org\/sitio\/wp-json\/wp\/v2\/tags?post=9807"}],"curies":[{"name":"wp","href":"https:\/\/api.w.org\/{rel}","templated":true}]}}