{"id":9780,"date":"2024-02-09T11:21:00","date_gmt":"2024-02-09T10:21:00","guid":{"rendered":"https:\/\/iumotril.org\/sitio\/?p=9780"},"modified":"2024-02-09T11:21:00","modified_gmt":"2024-02-09T10:21:00","slug":"iu-verdes-equo-denuncia-la-desidia-e-incapacidad-del-gobierno-local-para-poner-en-funcionamiento-la-piscina-municipal","status":"publish","type":"post","link":"https:\/\/iumotril.org\/sitio\/iu-verdes-equo-denuncia-la-desidia-e-incapacidad-del-gobierno-local-para-poner-en-funcionamiento-la-piscina-municipal\/","title":{"rendered":"IU VERDES EQUO denuncia la desidia e incapacidad del gobierno local para poner en funcionamiento la piscina municipal"},"content":{"rendered":"<p><span style=\"color: #993300; font-size: 12pt;\"><strong> Desde 2022 la instalaciones permanecen cerradas por la realizaci\u00f3n de unas obras para su mejora energ\u00e9tica, incumpli\u00e9ndose todos los plazos y compromisos adquiridos por el gobierno municipal, que anunciaba su finalizaci\u00f3n para el mes de septiembre de 2023, obligando a usuarios y deportistas a buscar alternativas en otras instalaciones, en alg\u00fan caso en instalaciones de localidades cercanas donde se ofrece el servicio que Motril no presta a sus vecinos y vecinas<\/strong><\/span><\/p>\n<p><span style=\"font-weight: 400;\">La portavoz de su Grupo Municipal, Inma Omiste, ha comparecido ante los medios de comunicaci\u00f3n para expresar su <strong>indignaci\u00f3n<\/strong> por la gesti\u00f3n que ha llevado a cabo el gobierno local en el proyecto de mejora energ\u00e9tica de la piscina municipal, que la mantiene <strong>cerrada al p\u00fablico en los \u00faltimos a\u00f1os<\/strong>, criticando las actuaciones y la incompetencia de los responsables municipales.<\/span><\/p>\n<p><span style=\"font-weight: 400;\">A pesar de los anuncios propagand\u00edsticos de la alcaldesa en entrevistas y declaraciones, los t\u00e9cnicos encargados del proyecto situaban la finalizaci\u00f3n de las obras en el mes de noviembre de 2023, pero la campa\u00f1a electoral reclamaba anuncios y promesas y tambi\u00e9n mentiras. De este modo, el Partido Popular tuvo el apoyo necesario para formar un gobierno mayoritario que le permite actuar a su antojo y no rendir cuentas a la ciudadan\u00eda.<\/span><\/p>\n<figure id=\"attachment_9779\" aria-describedby=\"caption-attachment-9779\" style=\"width: 481px\" class=\"wp-caption alignleft\"><img loading=\"lazy\" decoding=\"async\" data-attachment-id=\"9779\" data-permalink=\"https:\/\/iumotril.org\/sitio\/iu-verdes-equo-denuncia-la-desidia-e-incapacidad-del-gobierno-local-para-poner-en-funcionamiento-la-piscina-municipal\/piscina-2-febrero-2024\/\" data-orig-file=\"https:\/\/iumotril.org\/sitio\/wp-content\/uploads\/2024\/02\/Piscina-2-febrero-2024-scaled.jpg\" data-orig-size=\"1920,2560\" data-comments-opened=\"1\" data-image-meta=\"{&quot;aperture&quot;:&quot;1.6&quot;,&quot;credit&quot;:&quot;&quot;,&quot;camera&quot;:&quot;iPhone 12&quot;,&quot;caption&quot;:&quot;&quot;,&quot;created_timestamp&quot;:&quot;1707411404&quot;,&quot;copyright&quot;:&quot;&quot;,&quot;focal_length&quot;:&quot;4.2&quot;,&quot;iso&quot;:&quot;80&quot;,&quot;shutter_speed&quot;:&quot;0.02&quot;,&quot;title&quot;:&quot;&quot;,&quot;orientation&quot;:&quot;1&quot;}\" data-image-title=\"Piscina 2 febrero 2024\" data-image-description=\"\" data-image-caption=\"\" data-large-file=\"https:\/\/iumotril.org\/sitio\/wp-content\/uploads\/2024\/02\/Piscina-2-febrero-2024-768x1024.jpg\" class=\"wp-image-9779\" src=\"https:\/\/iumotril.org\/sitio\/wp-content\/uploads\/2024\/02\/Piscina-2-febrero-2024-225x300.jpg\" alt=\"\" width=\"481\" height=\"641\" srcset=\"https:\/\/iumotril.org\/sitio\/wp-content\/uploads\/2024\/02\/Piscina-2-febrero-2024-225x300.jpg 225w, https:\/\/iumotril.org\/sitio\/wp-content\/uploads\/2024\/02\/Piscina-2-febrero-2024-768x1024.jpg 768w, https:\/\/iumotril.org\/sitio\/wp-content\/uploads\/2024\/02\/Piscina-2-febrero-2024-1152x1536.jpg 1152w, https:\/\/iumotril.org\/sitio\/wp-content\/uploads\/2024\/02\/Piscina-2-febrero-2024-1536x2048.jpg 1536w, https:\/\/iumotril.org\/sitio\/wp-content\/uploads\/2024\/02\/Piscina-2-febrero-2024-scaled.jpg 1920w\" sizes=\"auto, (max-width: 481px) 100vw, 481px\" \/><figcaption id=\"caption-attachment-9779\" class=\"wp-caption-text\">Inma Omiste, portavoz del Grupo municipal de IU Verdes Equo<\/figcaption><\/figure>\n<p><span style=\"font-weight: 400;\">As\u00ed, <strong>dos a\u00f1os despu\u00e9s de iniciadas las obras<\/strong>, financiadas con fondos europeos, las instalaciones permanecen cerradas, al parecer por diversas incidencias en la ejecuci\u00f3n del proyecto, que fue necesario abordar tras la suspensi\u00f3n federativa de una competici\u00f3n deportiva en noviembre de 2022 por problemas en su climatizaci\u00f3n.\u00a0<\/span><\/p>\n<p><span style=\"font-weight: 400;\">Una \u201csituaci\u00f3n heredada\u201d en palabras de la alcaldesa de Motril, en la que, seg\u00fan afirm\u00f3, estaban trabajando \u201cdesde el minuto cero\u201d. Un recurso habitual, el de las \u201cherencias perpetuas\u201d que este gobierno utiliza recurrentemente, a pesar de llevar <strong>cinco a\u00f1os en el gobierno de la ciudad<\/strong> \u2013ha se\u00f1alado Inma Omiste\u2013 .<\/span><\/p>\n<p><span style=\"font-weight: 400;\">Es decir, la alcaldesa y su equipo han destinado de este modo m\u00e1s de un mill\u00f3n y medio de minutos a no hacer nada, porque la piscina sigue sin poder utilizarse para <strong>desesperaci\u00f3n de usuarios y deportistas<\/strong> que no pueden entender la incapacidad manifiesta de los servicios municipales para gestionar el proyecto y abrir de una vez por todas una de las instalaciones deportivas m\u00e1s importantes de la ciudad, por sus caracter\u00edsticas y la alta demanda que atiende.<\/span><\/p>\n<p><span style=\"font-weight: 400;\">La edil de la formaci\u00f3n ha informado de que desde IU Verdes Equo, durante el \u00faltimo a\u00f1o se ha venido solicitando informaci\u00f3n acerca de la situaci\u00f3n de las obras y de sus plazos de ejecuci\u00f3n, instando a los responsables municipales al cumplimiento de los plazos de ejecuci\u00f3n, sin conseguir resultados positivos como a la vista est\u00e1.<\/span><\/p>\n<p><span style=\"font-weight: 400;\">Denuncia Inma Omiste que la situaci\u00f3n de la piscina municipal es una muestra m\u00e1s de la <strong>\u201cdesastrosa gesti\u00f3n\u201d<\/strong> que est\u00e1n llevando a cabo las derechas motrile\u00f1as de los asuntos municipales, sobre todo de aquellos que m\u00e1s directamente incumben a la ciudadan\u00eda. El \u201cdesmantelamiento de los servicios municipales\u201d es la <strong>se\u00f1a de identidad de este equipo de gobierno que act\u00faa de \u201ccara a la galer\u00eda\u201d<\/strong> y de espaldas a los intereses de la ciudadan\u00eda, amparado en la arrogancia de su\u00a0 mayor\u00eda absoluta.<\/span><\/p>\n<p><span style=\"font-weight: 400;\">Ha se\u00f1alado que, conociendo las prioridades de las derechas y los antecedentes del Partido Popular, \u201cmucho nos tememos\u201d que detr\u00e1s de todo ello se esconda la<strong> intenci\u00f3n de privatizar<\/strong> muchos de los servicios municipales\u00a0 en el medio y largo plazo, como viene sucediendo desde que gobierna Motril Luisa Garc\u00eda Chamorro.<\/span><\/p>\n<p><span style=\"font-weight: 400;\">Ha a\u00f1adido que, a la <strong>falta de personal<\/strong> que pueda atender adecuadamente los servicios municipales, se le suman los <strong>incumplimientos en los plazos de ejecuci\u00f3n<\/strong> de proyectos, como el del centro joven o del centro de visitantes de la Charca de Su\u00e1rez y una apuesta por pol\u00edticas expansivas y propagand\u00edsticas alejadas de las necesidades reales de la ciudad y de sus vecinos y sus vecinas, como en su d\u00eda fue la construcci\u00f3n del Centro\u00a0 de Desarrollo Tur\u00edstico y ahora es el megaproyecto de la marina interior de Playa Granada.<\/span><\/p>\n<p><span style=\"font-weight: 400;\">Seg\u00fan la concejal de la formaci\u00f3n, mientras tanto,<strong> los barrios se deterioran<\/strong> y el gobierno de Garc\u00eda Chamorro impone sus decisiones unilateralmente, sin contar con la <strong>participaci\u00f3n de vecinas y vecinos<\/strong> \u2014como en el caso de la antena de playa Granada\u2013 y actuando con una <strong>falta de transparencia<\/strong> absoluta. Consecuencia, todo ello, del apoyo mayoritario recibido por el PP en las \u00faltimas elecciones.<\/span><\/p>\n<p><span style=\"font-weight: 400;\">Los arreglos de la piscina municipal de Motril se centran principalmente en la sustituci\u00f3n de la caldera de gasoil por otra m\u00e1s eficiente, de gas natural, que permitir\u00e1 un mayor ahorro y costes de mantenimiento, y al cambio de las climatizadoras por otras m\u00e1quinas m\u00e1s eficientes que controlar\u00e1n la temperatura y la humedad de la piscina, as\u00ed como otras obras complementarias como el cambio de iluminaci\u00f3n led de la instalaci\u00f3n o la reforma y climatizaci\u00f3n de los vestuarios. <\/span><\/p>\n<p>&nbsp;<\/p>\n","protected":false},"excerpt":{"rendered":"<p>Denuncia Inma Omiste que la situaci\u00f3n de la piscina municipal es una muestra m\u00e1s de la \u201cdesastrosa gesti\u00f3n\u201d que est\u00e1n llevando a cabo las derechas motrile\u00f1as de los asuntos municipales, sobre todo de aquellos que m\u00e1s directamente incumben a la ciudadan\u00eda. El \u201cdesmantelamiento de los servicios municipales\u201d es la se\u00f1a de identidad de este equipo de gobierno que act\u00faa de \u201ccara a la galer\u00eda\u201d y de espaldas a los intereses de la ciudadan\u00eda, amparado en la arrogancia de su\u00a0 mayor\u00eda absoluta.<\/p>\n<p>Ha se\u00f1alado que, conociendo las prioridades de las derechas y los antecedentes del Partido Popular, \u201cmucho nos tememos\u201d que detr\u00e1s de todo ello se esconda la intenci\u00f3n de privatizar muchos de los servicios municipales\u00a0 en el medio y largo plazo, como viene sucediendo desde que gobierna Motril Luisa Garc\u00eda Chamorro.<br \/>\nSeg\u00fan la concejal de la formaci\u00f3n, mientras tanto, los barrios se deterioran y el gobierno de Garc\u00eda Chamorro impone sus decisiones unilateralmente, sin contar con la participaci\u00f3n de vecinas y vecinos \u2014como en el caso de la antena de playa Granada\u2013 y actuando con una falta de transparencia absoluta. Consecuencia, todo ello, del apoyo mayoritario recibido por el PP en las \u00faltimas elecciones.<\/p>\n","protected":false},"author":1,"featured_media":9783,"comment_status":"open","ping_status":"open","sticky":false,"template":"","format":"standard","meta":{"cybocfi_hide_featured_image":"","_jetpack_newsletter_access":"","_jetpack_dont_email_post_to_subs":false,"_jetpack_newsletter_tier_id":0,"_jetpack_memberships_contains_paywalled_content":false,"_jetpack_memberships_contains_paid_content":false,"footnotes":""},"categories":[7,375,265],"tags":[879,718,782,2077,731,2078,1723,512],"class_list":["post-9780","post","type-post","status-publish","format-standard","has-post-thumbnail","hentry","category-ayuntamiento","category-denuncia","category-esta-pasando","tag-desidia-municipal","tag-garcia-chamorro","tag-incompetencia-municipal","tag-instalaciones-cerradas","tag-mentiras","tag-obras-piscina","tag-piscina-municipal","tag-propaganda"],"jetpack_featured_media_url":"https:\/\/iumotril.org\/sitio\/wp-content\/uploads\/2024\/02\/avanzan-las-obras-de-la-piscina-municipal-de-motril-resolviendo-por-fin-un-problema-historico.jpg","jetpack_sharing_enabled":true,"jetpack_shortlink":"https:\/\/wp.me\/p4QsU5-2xK","jetpack-related-posts":[{"id":7830,"url":"https:\/\/iumotril.org\/sitio\/iu-equo-critica-que-la-piscina-municipal-no-haya-recuperado-su-actividad-en-los-ultimos-20-meses\/","url_meta":{"origin":9780,"position":0},"title":"IU-EQUO critica que la Piscina municipal no haya recuperado su actividad en los \u00faltimos 20 meses","author":"Izquierda Unida Motril","date":"19 noviembre, 2021","format":false,"excerpt":"Tras el verano, con el inicio de la nueva temporada, se anunci\u00f3 que la piscina no ofrecer\u00eda actividades en sus instalaciones a partir del mes de noviembre por el comienzo de determinadas obras de mantenimiento y mejora de las mismas. Pero, a pesar de que las obras no han comenzado,\u2026","rel":"","context":"En \u00abAyuntamiento\u00bb","block_context":{"text":"Ayuntamiento","link":"https:\/\/iumotril.org\/sitio\/category\/ayuntamiento\/"},"img":{"alt_text":"","src":"https:\/\/i0.wp.com\/iumotril.org\/sitio\/wp-content\/uploads\/2021\/03\/Inma-Omiste-30-marzo-2-1024x768.jpg?resize=350%2C200","width":350,"height":200,"srcset":"https:\/\/i0.wp.com\/iumotril.org\/sitio\/wp-content\/uploads\/2021\/03\/Inma-Omiste-30-marzo-2-1024x768.jpg?resize=350%2C200 1x, https:\/\/i0.wp.com\/iumotril.org\/sitio\/wp-content\/uploads\/2021\/03\/Inma-Omiste-30-marzo-2-1024x768.jpg?resize=525%2C300 1.5x"},"classes":[]},{"id":8502,"url":"https:\/\/iumotril.org\/sitio\/garcia-chamorro-se-desentiende-de-las-necesidades-reales-de-la-ciudad-y-de-sus-vecinos-y-reafirma-su-apuesta-a-favor-de-los-poderosos\/","url_meta":{"origin":9780,"position":1},"title":"Garc\u00eda Chamorro se desentiende de las necesidades reales de la ciudad y de sus vecinos y reafirma su apuesta a favor de los poderosos","author":"Izquierda Unida Motril","date":"8 noviembre, 2022","format":false,"excerpt":"El gobierno local de Motril confirma de este modo su desinter\u00e9s por los problemas reales de los motrile\u00f1os y motrile\u00f1as y su apuesta por las actuaciones de imagen y propaganda con fines partidistas y en defensa de los intereses de las grandes familias y empresas, de los poderosos. Mientras que\u2026","rel":"","context":"En \u00abEST\u00c1 PASANDO\u00bb","block_context":{"text":"EST\u00c1 PASANDO","link":"https:\/\/iumotril.org\/sitio\/category\/esta-pasando\/"},"img":{"alt_text":"","src":"https:\/\/i0.wp.com\/iumotril.org\/sitio\/wp-content\/uploads\/2022\/11\/Piscina-municipal.jpg?resize=350%2C200&ssl=1","width":350,"height":200,"srcset":"https:\/\/i0.wp.com\/iumotril.org\/sitio\/wp-content\/uploads\/2022\/11\/Piscina-municipal.jpg?resize=350%2C200&ssl=1 1x, https:\/\/i0.wp.com\/iumotril.org\/sitio\/wp-content\/uploads\/2022\/11\/Piscina-municipal.jpg?resize=525%2C300&ssl=1 1.5x, https:\/\/i0.wp.com\/iumotril.org\/sitio\/wp-content\/uploads\/2022\/11\/Piscina-municipal.jpg?resize=700%2C400&ssl=1 2x"},"classes":[]},{"id":9181,"url":"https:\/\/iumotril.org\/sitio\/inma-omiste-iu-equo-denuncia-la-insuficiencia-de-plazas-en-la-escuela-de-verano-municipal\/","url_meta":{"origin":9780,"position":2},"title":"Inma Omiste (IU-Equo) denuncia la insuficiencia de plazas en la Escuela de verano municipal","author":"Izquierda Unida Motril","date":"10 mayo, 2023","format":false,"excerpt":"Omiste ha reivindicado la iniciativa de la Escuela de Verano, puesta en marcha por su formaci\u00f3n hace a\u00f1os, dando respuesta a la importante demanda social existente por parte de las familias para conciliar la vida familiar durante el per\u00edodo estival.\u00a0 Esas Escuelas de verano llegaron a tener, en su momento,\u2026","rel":"","context":"En \u00abEST\u00c1 PASANDO\u00bb","block_context":{"text":"EST\u00c1 PASANDO","link":"https:\/\/iumotril.org\/sitio\/category\/esta-pasando\/"},"img":{"alt_text":"","src":"https:\/\/i0.wp.com\/iumotril.org\/sitio\/wp-content\/uploads\/2023\/05\/Rueda-de-prensa-10-de-mayo.jpg?resize=350%2C200&ssl=1","width":350,"height":200,"srcset":"https:\/\/i0.wp.com\/iumotril.org\/sitio\/wp-content\/uploads\/2023\/05\/Rueda-de-prensa-10-de-mayo.jpg?resize=350%2C200&ssl=1 1x, https:\/\/i0.wp.com\/iumotril.org\/sitio\/wp-content\/uploads\/2023\/05\/Rueda-de-prensa-10-de-mayo.jpg?resize=525%2C300&ssl=1 1.5x, https:\/\/i0.wp.com\/iumotril.org\/sitio\/wp-content\/uploads\/2023\/05\/Rueda-de-prensa-10-de-mayo.jpg?resize=700%2C400&ssl=1 2x"},"classes":[]},{"id":10124,"url":"https:\/\/iumotril.org\/sitio\/el-gobierno-de-garcia-chamorro-esta-liquidando-el-area-de-deportes-municipal\/","url_meta":{"origin":9780,"position":3},"title":"El gobierno de Garc\u00eda Chamorro est\u00e1 liquidando el \u00c1rea de municipal de Deportes","author":"Izquierda Unida Motril","date":"24 septiembre, 2024","format":false,"excerpt":"A pesar de los anuncios y compromisos de la alcaldesa y del responsable del \u00c1rea, la piscina sigue cerrada, sin posibilidad de realizar inscripciones obligando a los usuarios a buscar alternativas, principalmente en instalaciones privadas, ya que no existe ninguna alternativa p\u00fablica para esta pr\u00e1ctica deportiva. Asimismo, Omiste ha denunciado\u2026","rel":"","context":"En \u00abAyuntamiento\u00bb","block_context":{"text":"Ayuntamiento","link":"https:\/\/iumotril.org\/sitio\/category\/ayuntamiento\/"},"img":{"alt_text":"","src":"https:\/\/i0.wp.com\/iumotril.org\/sitio\/wp-content\/uploads\/2024\/09\/Area-deportes.-jpeg.jpeg?resize=350%2C200&ssl=1","width":350,"height":200,"srcset":"https:\/\/i0.wp.com\/iumotril.org\/sitio\/wp-content\/uploads\/2024\/09\/Area-deportes.-jpeg.jpeg?resize=350%2C200&ssl=1 1x, https:\/\/i0.wp.com\/iumotril.org\/sitio\/wp-content\/uploads\/2024\/09\/Area-deportes.-jpeg.jpeg?resize=525%2C300&ssl=1 1.5x, https:\/\/i0.wp.com\/iumotril.org\/sitio\/wp-content\/uploads\/2024\/09\/Area-deportes.-jpeg.jpeg?resize=700%2C400&ssl=1 2x, https:\/\/i0.wp.com\/iumotril.org\/sitio\/wp-content\/uploads\/2024\/09\/Area-deportes.-jpeg.jpeg?resize=1050%2C600&ssl=1 3x"},"classes":[]},{"id":8100,"url":"https:\/\/iumotril.org\/sitio\/iu-equo-denuncia-el-deficiente-funcionamiento-de-las-instalaciones-deportivas-municipales\/","url_meta":{"origin":9780,"position":4},"title":"IU-EQUO denuncia el mal funcionamiento de las instalaciones deportivas municipales","author":"Izquierda Unida Motril","date":"29 marzo, 2022","format":false,"excerpt":"La falta de personal en la plantilla, la improvisaci\u00f3n en la toma de decisiones y la voluntad de privatizaci\u00f3n de los servicios p\u00fablicos est\u00e1 haciendo mella en todos los servicios municipales, desde los de Informaci\u00f3n y atenci\u00f3n a la ciudadan\u00eda, a los de mantenimiento y limpieza de la ciudad. El\u2026","rel":"","context":"En \u00abEST\u00c1 PASANDO\u00bb","block_context":{"text":"EST\u00c1 PASANDO","link":"https:\/\/iumotril.org\/sitio\/category\/esta-pasando\/"},"img":{"alt_text":"","src":"https:\/\/i0.wp.com\/iumotril.org\/sitio\/wp-content\/uploads\/2022\/02\/INma-23-F-Mocion-violinsta-2-scaled.jpg?resize=350%2C200","width":350,"height":200,"srcset":"https:\/\/i0.wp.com\/iumotril.org\/sitio\/wp-content\/uploads\/2022\/02\/INma-23-F-Mocion-violinsta-2-scaled.jpg?resize=350%2C200 1x, https:\/\/i0.wp.com\/iumotril.org\/sitio\/wp-content\/uploads\/2022\/02\/INma-23-F-Mocion-violinsta-2-scaled.jpg?resize=525%2C300 1.5x, https:\/\/i0.wp.com\/iumotril.org\/sitio\/wp-content\/uploads\/2022\/02\/INma-23-F-Mocion-violinsta-2-scaled.jpg?resize=700%2C400 2x, https:\/\/i0.wp.com\/iumotril.org\/sitio\/wp-content\/uploads\/2022\/02\/INma-23-F-Mocion-violinsta-2-scaled.jpg?resize=1050%2C600 3x, https:\/\/i0.wp.com\/iumotril.org\/sitio\/wp-content\/uploads\/2022\/02\/INma-23-F-Mocion-violinsta-2-scaled.jpg?resize=1400%2C800 4x"},"classes":[]},{"id":8371,"url":"https:\/\/iumotril.org\/sitio\/para-iu-equo-la-oferta-de-escuelas-deportivas-municipales-es-claramente-insuficiente\/","url_meta":{"origin":9780,"position":5},"title":"Para IU-Equo la oferta de escuelas deportivas municipales es claramente insuficiente","author":"Izquierda Unida Motril","date":"16 septiembre, 2022","format":false,"excerpt":"Desde el Grupo Municipal de IU-Equo se considera que la mala gesti\u00f3n de la alcaldesa Luisa Garc\u00eda Chamorro ha alcanzado, tambi\u00e9n, a las actividades del \u00c1rea de Deportes municipal, haci\u00e9ndose notar, fundamentalmente, en los d\u00e9ficits de personal, concretados en falta de monitores deportivos y de conserjes para\u00a0 atender las instalaciones\u2026","rel":"","context":"En \u00abEST\u00c1 PASANDO\u00bb","block_context":{"text":"EST\u00c1 PASANDO","link":"https:\/\/iumotril.org\/sitio\/category\/esta-pasando\/"},"img":{"alt_text":"","src":"https:\/\/i0.wp.com\/iumotril.org\/sitio\/wp-content\/uploads\/2022\/09\/Inma-Escuelas-deportivas-16-septiembre.jpg?resize=350%2C200","width":350,"height":200,"srcset":"https:\/\/i0.wp.com\/iumotril.org\/sitio\/wp-content\/uploads\/2022\/09\/Inma-Escuelas-deportivas-16-septiembre.jpg?resize=350%2C200 1x, https:\/\/i0.wp.com\/iumotril.org\/sitio\/wp-content\/uploads\/2022\/09\/Inma-Escuelas-deportivas-16-septiembre.jpg?resize=525%2C300 1.5x, https:\/\/i0.wp.com\/iumotril.org\/sitio\/wp-content\/uploads\/2022\/09\/Inma-Escuelas-deportivas-16-septiembre.jpg?resize=700%2C400 2x"},"classes":[]}],"jetpack_likes_enabled":true,"_links":{"self":[{"href":"https:\/\/iumotril.org\/sitio\/wp-json\/wp\/v2\/posts\/9780","targetHints":{"allow":["GET"]}}],"collection":[{"href":"https:\/\/iumotril.org\/sitio\/wp-json\/wp\/v2\/posts"}],"about":[{"href":"https:\/\/iumotril.org\/sitio\/wp-json\/wp\/v2\/types\/post"}],"author":[{"embeddable":true,"href":"https:\/\/iumotril.org\/sitio\/wp-json\/wp\/v2\/users\/1"}],"replies":[{"embeddable":true,"href":"https:\/\/iumotril.org\/sitio\/wp-json\/wp\/v2\/comments?post=9780"}],"version-history":[{"count":2,"href":"https:\/\/iumotril.org\/sitio\/wp-json\/wp\/v2\/posts\/9780\/revisions"}],"predecessor-version":[{"id":9782,"href":"https:\/\/iumotril.org\/sitio\/wp-json\/wp\/v2\/posts\/9780\/revisions\/9782"}],"wp:featuredmedia":[{"embeddable":true,"href":"https:\/\/iumotril.org\/sitio\/wp-json\/wp\/v2\/media\/9783"}],"wp:attachment":[{"href":"https:\/\/iumotril.org\/sitio\/wp-json\/wp\/v2\/media?parent=9780"}],"wp:term":[{"taxonomy":"category","embeddable":true,"href":"https:\/\/iumotril.org\/sitio\/wp-json\/wp\/v2\/categories?post=9780"},{"taxonomy":"post_tag","embeddable":true,"href":"https:\/\/iumotril.org\/sitio\/wp-json\/wp\/v2\/tags?post=9780"}],"curies":[{"name":"wp","href":"https:\/\/api.w.org\/{rel}","templated":true}]}}