{"id":9730,"date":"2024-01-23T11:02:44","date_gmt":"2024-01-23T10:02:44","guid":{"rendered":"https:\/\/iumotril.org\/sitio\/?p=9730"},"modified":"2024-01-23T19:27:12","modified_gmt":"2024-01-23T18:27:12","slug":"iu-verdes-equo-denuncia-que-el-gobierno-local-no-garantiza-la-transparencia-de-la-actividad-municipal","status":"publish","type":"post","link":"https:\/\/iumotril.org\/sitio\/iu-verdes-equo-denuncia-que-el-gobierno-local-no-garantiza-la-transparencia-de-la-actividad-municipal\/","title":{"rendered":"IU Verdes Equo denuncia que el gobierno local no garantiza la transparencia de la actividad municipal"},"content":{"rendered":"<h3><span style=\"color: #993300;\">Critica que la p\u00e1gina de Transparencia del Ayuntamiento de Motril (<a style=\"color: #993300;\" href=\"https:\/\/transparencia.motril.es\">https:\/\/transparencia.motril.es<\/a>\/) incumple con la Ley en lo que se refiere a sus obligaciones de publicidad activa. De este modo, el gobierno de Luisa Garc\u00eda Chamorro no facilita informaci\u00f3n actualizada en ninguno de los \u00e1mbitos que legalmente est\u00e1n establecidos: Informaci\u00f3n institucional y organizativa, informaci\u00f3n econ\u00f3mica, presupuestaria y estad\u00edstica e informaci\u00f3n de relevancia jur\u00eddica.<\/span><\/h3>\n<p>La principal consecuencia de este incumplimiento es la ocultaci\u00f3n a la ciudadan\u00eda de, entre otras, informaci\u00f3n acerca de los <strong>sueldos de la alcaldesa y de los concejales y concejalas,<\/strong> sus <strong>declaraciones de bienes e intereses patrimoniales<\/strong>, sus curr\u00edculos vitae o la <strong>agenda institucional<\/strong> de la alcaldesa de Motril.<\/p>\n<p>Asimismo, se oculta la informaci\u00f3n econ\u00f3mica acerca de contratos, gastos en <strong>campa\u00f1as institucionales y subvenciones concedidas<\/strong>.<\/p>\n<p>El portavoz municipal de IU Verdes Equo, Jose G. Llorente, ha informado que han solicitado a la alcaldesa y a la secretaria del Ayuntamiento que se subsane de manera urgente este incumplimiento, que considera<strong>\u201cinadmisible\u201d<\/strong> en un ayuntamiento democr\u00e1tico, ya que supone un \u00abmenosprecio a la ciudadan\u00eda\u00bb que sostiene las cuentas p\u00fablicas con el pago de sus impuestos y tiene derecho a conocer su destino.<\/p>\n<p>Llorente ha anunciado que si, a lo largo de los pr\u00f3ximos d\u00edas, no se ha actualizado dicha informaci\u00f3n dar\u00e1n traslado de la correspondiente denuncia ante el <strong>Consejo de Transparencia de Andaluc\u00eda<\/strong> para que tome cartas en el asunto.<\/p>\n<p>La <strong>publicidad activa<\/strong> es un \u00e1mbito de la Transparencia p\u00fablica\u00a0 que responde a la obligaci\u00f3n, por parte de las Administraciones p\u00fablicas y sus entidades e instituciones dependientes, de <strong>publicar de manera permanente determinada informaci\u00f3n p\u00fablica<\/strong> exigida por la ley en sus portales de transparencia o sitios web, con el fin de garantizar la transparencia de su actividad.<\/p>\n<p>Los <strong>principios b\u00e1sicos<\/strong> que han de regir en el \u00e1mbito de la transparencia y la publicidad activa son los siguientes:<\/p>\n<ul>\n<li aria-level=\"1\">Toda la informaci\u00f3n p\u00fablica es en principio <strong>accesible<\/strong> y s\u00f3lo puede ser limitada para proteger otros derechos e intereses leg\u00edtimos de acuerdo con la Ley.<\/li>\n<li aria-level=\"1\">Todas l<strong>as personas pueden solicitar el acceso<\/strong> a la informaci\u00f3n p\u00fablica.<\/li>\n<li aria-level=\"1\">Las entidades sujetas al \u00e1mbito de aplicaci\u00f3n de la ley habr\u00e1n de arbitrar los medios necesarios para <strong>hacer efectiva la transparencia<\/strong>, sin que el medio o soporte en que se encuentre dicha informaci\u00f3n imposibilite el cumplimiento de lo establecido en la ley.<\/li>\n<li aria-level=\"1\">La informaci\u00f3n p\u00fablica <strong>ha de ser cierta y exacta<\/strong>, asegurando que procede de documentos respecto de los que se ha verificado su autenticidad, fiabilidad, integridad, disponibilidad y cadena de custodia<\/li>\n<li aria-level=\"1\">El acceso a la informaci\u00f3n y las solicitudes de acceso ser\u00e1n <strong>gratuitos<\/strong>, sin perjuicio de las exacciones que, sin que puedan tener car\u00e1cter disuasorio, se establezcan por la expedici\u00f3n de copias o soportes o la transposici\u00f3n de la informaci\u00f3n a un formato diferente al original.<\/li>\n<li aria-level=\"1\">La informaci\u00f3n se facilitar\u00e1 de la forma que resulte m\u00e1s <strong>simple e inteligible<\/strong>, estructurada sobre documentos y recursos con vistas a facilitar su identificaci\u00f3n y b\u00fasqueda.<\/li>\n<li aria-level=\"1\">Cualquier persona podr\u00e1 acceder a la informaci\u00f3n p\u00fablica, atendiendo en particular a las necesidades de las <strong>personas con circunstancias especiales<\/strong> que les dificulten el ejercicio del derecho.<\/li>\n<li>Se fomentar\u00e1 que la informaci\u00f3n sea publicada en formatos que permitan su <strong>reutilizaci\u00f3n<\/strong>, de acuerdo con la legislaci\u00f3n aplicable en materia de reutilizaci\u00f3n de la informaci\u00f3n del sector p\u00fablico.<\/li>\n<\/ul>\n<div style=\"width: 640px;\" class=\"wp-video\"><video class=\"wp-video-shortcode\" id=\"video-9730-1\" width=\"640\" height=\"363\" preload=\"metadata\" controls=\"controls\"><source type=\"video\/mp4\" src=\"https:\/\/iumotril.org\/sitio\/wp-content\/uploads\/2024\/01\/VIDEO-2024-01-23-16-19-57.mp4?_=1\" \/><a href=\"https:\/\/iumotril.org\/sitio\/wp-content\/uploads\/2024\/01\/VIDEO-2024-01-23-16-19-57.mp4\">https:\/\/iumotril.org\/sitio\/wp-content\/uploads\/2024\/01\/VIDEO-2024-01-23-16-19-57.mp4<\/a><\/video><\/div>\n","protected":false},"excerpt":{"rendered":"<p>La principal consecuencia de este incumplimiento es la ocultaci\u00f3n a la ciudadan\u00eda de, entre otras, informaci\u00f3n acerca de los sueldos de la alcaldesa y de los concejales y concejalas, sus declaraciones de bienes e intereses patrimoniales, sus curr\u00edculos vitae o la agenda institucional de la alcaldesa de Motril.<br \/>\nDel mismo modo se oculta la informaci\u00f3n econ\u00f3mica acerca de contratos, gastos en campa\u00f1as institucionales y subvenciones concedidas.<br \/>\nEl portavoz municipal de IU Verdes Equo, Jose G. Llorente, ha informado que han solicitado a la alcaldesa y a la secretaria del Ayuntamiento que se subsane de manera urgente este incumplimiento, \u201cinadmisible\u201d en un ayuntamiento democr\u00e1tico, ya que supone un desprecio a la ciudadan\u00eda que sostiene las cuentas p\u00fablicas con el pago de sus impuestos.<br \/>\nLlorente ha anunciado que si, a lo largo de los pr\u00f3ximos d\u00edas, no se ha actualizado dicha informaci\u00f3n dar\u00e1n traslado de la correspondiente denuncia ante el Consejo de Transparencia de Andaluc\u00eda para que tome cartas en el asunto.<br \/>\nLa publicidad activa es un \u00e1mbito de la Transparencia p\u00fablica\u00a0 que responde a la obligaci\u00f3n, por parte de las Administraciones p\u00fablicas y sus entidades e instituciones dependientes, de publicar de manera permanente determinada informaci\u00f3n p\u00fablica exigida por la ley en sus portales de transparencia o sitios web, con el fin de garantizar la transparencia de su actividad.<\/p>\n","protected":false},"author":1,"featured_media":9732,"comment_status":"open","ping_status":"open","sticky":false,"template":"","format":"standard","meta":{"cybocfi_hide_featured_image":"","_jetpack_newsletter_access":"","_jetpack_dont_email_post_to_subs":false,"_jetpack_newsletter_tier_id":0,"_jetpack_memberships_contains_paywalled_content":false,"_jetpack_memberships_contains_paid_content":false,"footnotes":""},"categories":[7,375,265],"tags":[2067,2068,2065,2066,105],"class_list":["post-9730","post","type-post","status-publish","format-standard","has-post-thumbnail","hentry","category-ayuntamiento","category-denuncia","category-esta-pasando","tag-actualizacion","tag-consejo-transparencia-andalucia","tag-ley-transparencia","tag-publicidad-activa","tag-transparencia"],"jetpack_featured_media_url":"https:\/\/iumotril.org\/sitio\/wp-content\/uploads\/2024\/01\/Puerta-ayuntamiento.jpg","jetpack_sharing_enabled":true,"jetpack_shortlink":"https:\/\/wp.me\/p4QsU5-2wW","jetpack-related-posts":[{"id":3629,"url":"https:\/\/iumotril.org\/sitio\/la-mancomunidad-obligada-a-publicar-la-informacion-de-los-contratos-y-patrocinios-que-realiza\/","url_meta":{"origin":9730,"position":0},"title":"La Mancomunidad obligada a publicar la informaci\u00f3n de los contratos y patrocinios que realiza","author":"Izquierda Unida Motril","date":"12 junio, 2018","format":false,"excerpt":"La resoluci\u00f3n, que obliga a la Mancomunidad a que toda esta informaci\u00f3n est\u00e9 accesible y a disposici\u00f3n de cualquier interesado en el plazo de un mes en el Portal de Transparencia, supone un aval a las denuncias que Izquierda Unida viene planteando acerca de la gesti\u00f3n que est\u00e1 llevando a\u2026","rel":"","context":"En \u00abEST\u00c1 PASANDO\u00bb","block_context":{"text":"EST\u00c1 PASANDO","link":"https:\/\/iumotril.org\/sitio\/category\/esta-pasando\/"},"img":{"alt_text":"","src":"https:\/\/i0.wp.com\/iumotril.org\/sitio\/wp-content\/uploads\/2018\/06\/Inma-Omiste_12-junio-225x300.jpg?resize=350%2C200","width":350,"height":200},"classes":[]},{"id":10333,"url":"https:\/\/iumotril.org\/sitio\/iu-verdes-equo-reclama-la-elaboracion-de-una-ordenanza-municipal-de-transparencia-y-buen-gobierno\/","url_meta":{"origin":9730,"position":1},"title":"IU Verdes Equo reclama la elaboraci\u00f3n de una ordenanza municipal de Transparencia y Buen gobierno","author":"Izquierda Unida Motril","date":"16 diciembre, 2024","format":false,"excerpt":"La transparencia y el buen gobierno no pueden ser una mera formalidad. Es una cuesti\u00f3n de actitud, de la que carece el gobierno de la se\u00f1ora Garc\u00eda Chamorro \u2013\u2013ha enfatizado\u2013\u2013. La coalici\u00f3n de izquierdas propone la elaboraci\u00f3n de una ordenanza municipal que tenga por objeto garantizar la transparencia en el\u2026","rel":"","context":"En \u00abAyuntamiento\u00bb","block_context":{"text":"Ayuntamiento","link":"https:\/\/iumotril.org\/sitio\/category\/ayuntamiento\/"},"img":{"alt_text":"","src":"https:\/\/i0.wp.com\/iumotril.org\/sitio\/wp-content\/uploads\/2024\/12\/ley-de-transparencia.png?resize=350%2C200&ssl=1","width":350,"height":200,"srcset":"https:\/\/i0.wp.com\/iumotril.org\/sitio\/wp-content\/uploads\/2024\/12\/ley-de-transparencia.png?resize=350%2C200&ssl=1 1x, https:\/\/i0.wp.com\/iumotril.org\/sitio\/wp-content\/uploads\/2024\/12\/ley-de-transparencia.png?resize=525%2C300&ssl=1 1.5x"},"classes":[]},{"id":5290,"url":"https:\/\/iumotril.org\/sitio\/iu-equo-denuncia-falta-de-transparencia-en-la-gestion-de-luisa-garcia-chamorro\/","url_meta":{"origin":9730,"position":2},"title":"IU-Equo denuncia falta de transparencia en la gesti\u00f3n de Luisa Garc\u00eda Chamorro","author":"Izquierda Unida Motril","date":"18 septiembre, 2019","format":false,"excerpt":"Tres meses despu\u00e9s de su llegada al gobierno, no se han publicado en la web de transparencia municipal, como es preceptivo, el sueldo de la alcaldesa y de los concejales y concejales, ni tampoco el del personal eventual incorporado a determinados grupos pol\u00edticos. Un detalle, muy revelador de la actitud\u2026","rel":"","context":"En \u00abEST\u00c1 PASANDO\u00bb","block_context":{"text":"EST\u00c1 PASANDO","link":"https:\/\/iumotril.org\/sitio\/category\/esta-pasando\/"},"img":{"alt_text":"","src":"https:\/\/i0.wp.com\/iumotril.org\/sitio\/wp-content\/uploads\/2019\/09\/Inma-Omiste-y-Jose-Llorente-_18-septiembre-1024x768.jpg?resize=350%2C200","width":350,"height":200,"srcset":"https:\/\/i0.wp.com\/iumotril.org\/sitio\/wp-content\/uploads\/2019\/09\/Inma-Omiste-y-Jose-Llorente-_18-septiembre-1024x768.jpg?resize=350%2C200 1x, https:\/\/i0.wp.com\/iumotril.org\/sitio\/wp-content\/uploads\/2019\/09\/Inma-Omiste-y-Jose-Llorente-_18-septiembre-1024x768.jpg?resize=525%2C300 1.5x"},"classes":[]},{"id":2289,"url":"https:\/\/iumotril.org\/sitio\/nepotismo-en-el-ayuntamiento-de-motril\/","url_meta":{"origin":9730,"position":3},"title":"Nepotismo(*) en el Ayuntamiento de Motril","author":"Izquierda Unida Motril","date":"20 julio, 2016","format":false,"excerpt":"Izquierda Unida ha denunciado que varios familiares de concejalas del equipo de gobierno municipal figuran entre los beneficiarios para hacer pr\u00e1cticas en el ayuntamiento de Motril. Por ello, ha solicitado formalmente informaci\u00f3n escrita acerca del procedimiento y criterios de selecci\u00f3n de los siete alumnos y alumnas de diferentes universidades que\u2026","rel":"","context":"En \u00abEST\u00c1 PASANDO\u00bb","block_context":{"text":"EST\u00c1 PASANDO","link":"https:\/\/iumotril.org\/sitio\/category\/esta-pasando\/"},"img":{"alt_text":"alumnos pr\u00e1cticas 2","src":"https:\/\/i0.wp.com\/iumotril.org\/sitio\/wp-content\/uploads\/2016\/07\/alumnos-pr%C3%A1cticas-2-1024x507.jpg?resize=350%2C200","width":350,"height":200,"srcset":"https:\/\/i0.wp.com\/iumotril.org\/sitio\/wp-content\/uploads\/2016\/07\/alumnos-pr%C3%A1cticas-2-1024x507.jpg?resize=350%2C200 1x, https:\/\/i0.wp.com\/iumotril.org\/sitio\/wp-content\/uploads\/2016\/07\/alumnos-pr%C3%A1cticas-2-1024x507.jpg?resize=525%2C300 1.5x"},"classes":[]},{"id":9067,"url":"https:\/\/iumotril.org\/sitio\/iu-equo-critica-la-manipulacion-interesada-de-su-gestion-por-parte-de-la-alcaldesa-de-motril\/","url_meta":{"origin":9730,"position":4},"title":"IU-EQUO critica la manipulaci\u00f3n interesada de su gesti\u00f3n por parte de la alcaldesa de Motril","author":"Izquierda Unida Motril","date":"27 abril, 2023","format":false,"excerpt":"Entre otros asuntos que ilustran esta estrategia, han se\u00f1alado la utilizaci\u00f3n de m\u00e1s 150 mil euros de subvenciones p\u00fablicas nominativas, asignadas a dedo, a entidades y asociaciones empresariales y de car\u00e1cter religioso, el anuncio de la construcci\u00f3n de un nuevo centro de recepci\u00f3n de visitantes en la Charca de Su\u00e1rez,\u2026","rel":"","context":"En \u00abAyuntamiento\u00bb","block_context":{"text":"Ayuntamiento","link":"https:\/\/iumotril.org\/sitio\/category\/ayuntamiento\/"},"img":{"alt_text":"","src":"https:\/\/i0.wp.com\/iumotril.org\/sitio\/wp-content\/uploads\/2023\/04\/Charca-cierres.jpg?resize=350%2C200&ssl=1","width":350,"height":200,"srcset":"https:\/\/i0.wp.com\/iumotril.org\/sitio\/wp-content\/uploads\/2023\/04\/Charca-cierres.jpg?resize=350%2C200&ssl=1 1x, https:\/\/i0.wp.com\/iumotril.org\/sitio\/wp-content\/uploads\/2023\/04\/Charca-cierres.jpg?resize=525%2C300&ssl=1 1.5x, https:\/\/i0.wp.com\/iumotril.org\/sitio\/wp-content\/uploads\/2023\/04\/Charca-cierres.jpg?resize=700%2C400&ssl=1 2x, https:\/\/i0.wp.com\/iumotril.org\/sitio\/wp-content\/uploads\/2023\/04\/Charca-cierres.jpg?resize=1050%2C600&ssl=1 3x"},"classes":[]},{"id":5990,"url":"https:\/\/iumotril.org\/sitio\/iu-equo-reclama-a-la-alcaldesa-mas-claridad-transparencia-y-colaboracion-en-la-gestion-de-la-crisis\/","url_meta":{"origin":9730,"position":5},"title":"IU-Equo reclama a la alcaldesa m\u00e1s claridad, transparencia y colaboraci\u00f3n en la gesti\u00f3n de la crisis","author":"Izquierda Unida Motril","date":"8 abril, 2020","format":false,"excerpt":"Para Izquierda Unida-Equo es imprescindible que los empleados y empleadas municipales que est\u00e1n en primera l\u00ednea de los servicios municipales dispongan de las medidas de protecci\u00f3n necesarias que garanticen su exposici\u00f3n al coronavirus y, por lo tanto, evitar nuevos posibles contagios. Izquierda Unida-Equo tambi\u00e9n solicita al gobierno local que facilite\u2026","rel":"","context":"En \u00abAyuntamiento\u00bb","block_context":{"text":"Ayuntamiento","link":"https:\/\/iumotril.org\/sitio\/category\/ayuntamiento\/"},"img":{"alt_text":"","src":"https:\/\/i0.wp.com\/iumotril.org\/sitio\/wp-content\/uploads\/2020\/04\/B26ADAE3-C280-4869-AFF8-894E92152BE9-1024x762.jpeg?resize=350%2C200","width":350,"height":200,"srcset":"https:\/\/i0.wp.com\/iumotril.org\/sitio\/wp-content\/uploads\/2020\/04\/B26ADAE3-C280-4869-AFF8-894E92152BE9-1024x762.jpeg?resize=350%2C200 1x, https:\/\/i0.wp.com\/iumotril.org\/sitio\/wp-content\/uploads\/2020\/04\/B26ADAE3-C280-4869-AFF8-894E92152BE9-1024x762.jpeg?resize=525%2C300 1.5x"},"classes":[]}],"jetpack_likes_enabled":true,"_links":{"self":[{"href":"https:\/\/iumotril.org\/sitio\/wp-json\/wp\/v2\/posts\/9730","targetHints":{"allow":["GET"]}}],"collection":[{"href":"https:\/\/iumotril.org\/sitio\/wp-json\/wp\/v2\/posts"}],"about":[{"href":"https:\/\/iumotril.org\/sitio\/wp-json\/wp\/v2\/types\/post"}],"author":[{"embeddable":true,"href":"https:\/\/iumotril.org\/sitio\/wp-json\/wp\/v2\/users\/1"}],"replies":[{"embeddable":true,"href":"https:\/\/iumotril.org\/sitio\/wp-json\/wp\/v2\/comments?post=9730"}],"version-history":[{"count":7,"href":"https:\/\/iumotril.org\/sitio\/wp-json\/wp\/v2\/posts\/9730\/revisions"}],"predecessor-version":[{"id":9744,"href":"https:\/\/iumotril.org\/sitio\/wp-json\/wp\/v2\/posts\/9730\/revisions\/9744"}],"wp:featuredmedia":[{"embeddable":true,"href":"https:\/\/iumotril.org\/sitio\/wp-json\/wp\/v2\/media\/9732"}],"wp:attachment":[{"href":"https:\/\/iumotril.org\/sitio\/wp-json\/wp\/v2\/media?parent=9730"}],"wp:term":[{"taxonomy":"category","embeddable":true,"href":"https:\/\/iumotril.org\/sitio\/wp-json\/wp\/v2\/categories?post=9730"},{"taxonomy":"post_tag","embeddable":true,"href":"https:\/\/iumotril.org\/sitio\/wp-json\/wp\/v2\/tags?post=9730"}],"curies":[{"name":"wp","href":"https:\/\/api.w.org\/{rel}","templated":true}]}}