{"id":972,"date":"2015-07-01T13:38:27","date_gmt":"2015-07-01T11:38:27","guid":{"rendered":"http:\/\/iumotril.org\/sitio\/?p=972"},"modified":"2015-07-01T13:38:27","modified_gmt":"2015-07-01T11:38:27","slug":"contra-esta-barbara-ley-mordaza","status":"publish","type":"post","link":"https:\/\/iumotril.org\/sitio\/contra-esta-barbara-ley-mordaza\/","title":{"rendered":"Contra esta b\u00e1rbara Ley Mordaza"},"content":{"rendered":"<p><a href=\"https:\/\/iumotril.org\/sitio\/wp-content\/uploads\/2015\/07\/ley-mordaza2-800x447.jpg\"><img loading=\"lazy\" decoding=\"async\" data-attachment-id=\"994\" data-permalink=\"https:\/\/iumotril.org\/sitio\/contra-esta-barbara-ley-mordaza\/ley-mordaza2-800x447\/\" data-orig-file=\"https:\/\/iumotril.org\/sitio\/wp-content\/uploads\/2015\/07\/ley-mordaza2-800x447.jpg\" data-orig-size=\"800,447\" data-comments-opened=\"1\" data-image-meta=\"{&quot;aperture&quot;:&quot;0&quot;,&quot;credit&quot;:&quot;&quot;,&quot;camera&quot;:&quot;&quot;,&quot;caption&quot;:&quot;&quot;,&quot;created_timestamp&quot;:&quot;0&quot;,&quot;copyright&quot;:&quot;&quot;,&quot;focal_length&quot;:&quot;0&quot;,&quot;iso&quot;:&quot;0&quot;,&quot;shutter_speed&quot;:&quot;0&quot;,&quot;title&quot;:&quot;&quot;,&quot;orientation&quot;:&quot;0&quot;}\" data-image-title=\"ley-mordaza2-800&amp;#215;447\" data-image-description=\"\" data-image-caption=\"\" data-large-file=\"https:\/\/iumotril.org\/sitio\/wp-content\/uploads\/2015\/07\/ley-mordaza2-800x447.jpg\" class=\"alignleft size-medium wp-image-994\" src=\"https:\/\/iumotril.org\/sitio\/wp-content\/uploads\/2015\/07\/ley-mordaza2-800x447-300x168.jpg\" alt=\"ley-mordaza2-800x447\" width=\"300\" height=\"168\" srcset=\"https:\/\/iumotril.org\/sitio\/wp-content\/uploads\/2015\/07\/ley-mordaza2-800x447-300x168.jpg 300w, https:\/\/iumotril.org\/sitio\/wp-content\/uploads\/2015\/07\/ley-mordaza2-800x447-768x429.jpg 768w, https:\/\/iumotril.org\/sitio\/wp-content\/uploads\/2015\/07\/ley-mordaza2-800x447-195x110.jpg 195w, https:\/\/iumotril.org\/sitio\/wp-content\/uploads\/2015\/07\/ley-mordaza2-800x447.jpg 800w\" sizes=\"auto, (max-width: 300px) 100vw, 300px\" \/><\/a>Hoy, 1 de julio, es el d\u00eda establecido para que entren en vigor el nuevo C\u00f3digo Penal y la nueva Ley Org\u00e1nica de protecci\u00f3n de la seguridad ciudadana, a la que popularmente se conoce como \u00abLey Mordaza\u00bb. Ambas, aprobadas el pasado mes de marzo con los votos de la mayor\u00eda del PP.<\/p>\n<p>M\u00e1s all\u00e1 de las multas, la Ley de Seguridad Ciudadana que entra en vigor este mi\u00e9rcoles choca con derechos b\u00e1sicos como el de intimidad o libertad personal.<\/p>\n<p>Recopilamos algunas informaciones que resultan ilustrativas del car\u00e1cter represivo que tiene esta Ley, que nos retrotrae a los tiempos oscuros del franquismo.<\/p>\n<p><span style=\"color: #800000;\">Los siete derechos fundamentales que limita la Ley Mordaza<\/span> (<a href=\"http:\/\/www.eldiario.es\/sociedad\/Ley-Mordaza-vigor-manana_0_403859798.html\" target=\"_blank\">Eldiario.es<\/a>).<\/p>\n<p>Los Catedr\u00e1ticos de Derecho Penal de treinta y cinco Universidades P\u00fablicas se han mostrado <a href=\"http:\/\/www.ub.edu\/dpenal\/recursos\/TEXTO%20FINAL2.pdf\">en contra de las reformas<\/a>, as\u00ed como <a href=\"http:\/\/www.abogacia.es\/2015\/03\/31\/el-boe-publica-la-ley-de-seguridad-ciudadana-y-la-reforma-del-codigo-penal-con-el-rechazo-de-la-abogacia\/\">otros Colegios de Abogados<\/a> y <a href=\"http:\/\/magnet.xataka.com\/preguntas-no-tan-frecuentes\/que-es-y-como-te-podria-afectar-la-ley-mordaza\">un grupo de la propia ONU<\/a>.<\/p>\n<p><span style=\"color: #800000;\">Cinco cosas que la Ley Mordaza impide hacer\u00a0hacer<\/span> (<a href=\"http:\/\/politica.elpais.com\/politica\/2015\/06\/25\/actualidad\/1435244324_666533.html\" target=\"_blank\">Elpa\u00eds.com<\/a>)<\/p>\n<p><span style=\"color: #800000;\">Llega la Ley Mordaza. Todas las sanciones y multas<\/span> (<a href=\"http:\/\/www.lne.es\/espana\/2015\/06\/29\/llega-ley-mordaza-sanciones-multas\/1779358.html\" target=\"_blank\">La Nueva Espa\u00f1a<\/a>).<\/p>\n<p>El<a href=\"http:\/\/cadenaser.com\/programa\/2015\/07\/01\/hoy_por_hoy\/1435710701_440591.html\" target=\"_blank\"> titular<\/a>\u00a0que utilizamos en \u00a0esta entrada es de Jos\u00e9 Mar\u00eda Izquierdo (El Ojo Izquierdo, en la Cadena Ser).<\/p>\n<p>&nbsp;<\/p>\n","protected":false},"excerpt":{"rendered":"<p>Hoy, 1 de julio, es el d\u00eda establecido para que entren en vigor el nuevo C\u00f3digo Penal y la nueva Ley Org\u00e1nica de protecci\u00f3n de la seguridad ciudadana, a la que popularmente se conoce como \u00abLey Mordaza\u00bb. Ambas, aprobadas el pasado mes de marzo con los votos de la mayor\u00eda del PP.<\/p>\n<p>M\u00e1s all\u00e1 de las multas, la Ley de Seguridad Ciudadana que entra en vigor este mi\u00e9rcoles choca con derechos b\u00e1sicos como el de intimidad o libertad personal.<\/p>\n","protected":false},"author":1,"featured_media":0,"comment_status":"open","ping_status":"open","sticky":false,"template":"","format":"standard","meta":{"cybocfi_hide_featured_image":"","_jetpack_newsletter_access":"","_jetpack_dont_email_post_to_subs":false,"_jetpack_newsletter_tier_id":0,"_jetpack_memberships_contains_paywalled_content":false,"_jetpack_memberships_contains_paid_content":false,"footnotes":""},"categories":[1],"tags":[154,155],"class_list":["post-972","post","type-post","status-publish","format-standard","hentry","category-sin-categoria","tag-ley-mordaza","tag-ley-organica-de-proteccion-de-la-seguridad-ciudadana"],"jetpack_featured_media_url":"","jetpack_sharing_enabled":true,"jetpack_shortlink":"https:\/\/wp.me\/p4QsU5-fG","jetpack-related-posts":[{"id":1122,"url":"https:\/\/iumotril.org\/sitio\/motril-libre-de-desahucios\/","url_meta":{"origin":972,"position":0},"title":"Motril libre de desahucios","author":"Izquierda Unida Motril","date":"28 julio, 2015","format":false,"excerpt":"Las medidas centrales que contempla la Propuesta de Declaraci\u00f3n de Motril municipio libre de desahucios se articulan en torno a dos ejes: la creaci\u00f3n de una Oficina antidesahucios que recoja el compromiso del Ayuntamiento de Motril de emprender las actuaciones necesarias para garantizar el derecho a la vivienda de la\u2026","rel":"","context":"En \u00abAyuntamiento\u00bb","block_context":{"text":"Ayuntamiento","link":"https:\/\/iumotril.org\/sitio\/category\/ayuntamiento\/"},"img":{"alt_text":"FullSizeRender (1)","src":"https:\/\/i0.wp.com\/iumotril.org\/sitio\/wp-content\/uploads\/2015\/07\/FullSizeRender-1-225x300.jpg?resize=350%2C200","width":350,"height":200},"classes":[]},{"id":8469,"url":"https:\/\/iumotril.org\/sitio\/iu-equo-insta-al-gobierno-local-a-que-retire-las-distinciones-a-personas-y-entidades-relacionadas-con-la-dictadura-franquista\/","url_meta":{"origin":972,"position":1},"title":"IU-EQUO insta al gobierno local a que retire las distinciones a personas y entidades relacionadas con la Dictadura franquista","author":"Izquierda Unida Motril","date":"25 octubre, 2022","format":false,"excerpt":"Desde el Grupo municipal de IU-Equo se solicita que el Ayuntamiento de Motril proceda en el menor breve plazo de tiempo posible, y con la \u201cdiligencia necesaria\u201d, a adoptar las medidas oportunas para revisar o retirar la concesi\u00f3n de los reconocimientos, honores o las distinciones que hayan sido otorgadas a\u2026","rel":"","context":"En \u00abEST\u00c1 PASANDO\u00bb","block_context":{"text":"EST\u00c1 PASANDO","link":"https:\/\/iumotril.org\/sitio\/category\/esta-pasando\/"},"img":{"alt_text":"","src":"https:\/\/i0.wp.com\/iumotril.org\/sitio\/wp-content\/uploads\/2022\/10\/69cfc708-2f2b-4cb9-a619-e5fce22748cd.jpg?resize=350%2C200","width":350,"height":200,"srcset":"https:\/\/i0.wp.com\/iumotril.org\/sitio\/wp-content\/uploads\/2022\/10\/69cfc708-2f2b-4cb9-a619-e5fce22748cd.jpg?resize=350%2C200 1x, https:\/\/i0.wp.com\/iumotril.org\/sitio\/wp-content\/uploads\/2022\/10\/69cfc708-2f2b-4cb9-a619-e5fce22748cd.jpg?resize=525%2C300 1.5x, https:\/\/i0.wp.com\/iumotril.org\/sitio\/wp-content\/uploads\/2022\/10\/69cfc708-2f2b-4cb9-a619-e5fce22748cd.jpg?resize=700%2C400 2x"},"classes":[]},{"id":1660,"url":"https:\/\/iumotril.org\/sitio\/iu-reclama-la-proteccion-de-los-menores-en-los-casos-de-desahucio\/","url_meta":{"origin":972,"position":2},"title":"IU RECLAMA LA PROTECCI\u00d3N DE LOS MENORES EN LOS CASOS DE DESAHUCIO","author":"Izquierda Unida Motril","date":"21 noviembre, 2015","format":false,"excerpt":"Ante el inminente lanzamiento del desahucio de una familia con menores en Motril, presenta al Pleno municipal una moci\u00f3n para que resulte prioritaria la protecci\u00f3n de los menores en los casos de desahucios por encima de cualquier otra consideraci\u00f3n. A falta de datos estad\u00edsticos suministrados por la administraci\u00f3n p\u00fablica que\u2026","rel":"","context":"En \u00abAyuntamiento\u00bb","block_context":{"text":"Ayuntamiento","link":"https:\/\/iumotril.org\/sitio\/category\/ayuntamiento\/"},"img":{"alt_text":"stop-desahucios","src":"https:\/\/i0.wp.com\/iumotril.org\/sitio\/wp-content\/uploads\/2015\/11\/stop-desahucios.jpg?resize=350%2C200","width":350,"height":200},"classes":[]},{"id":155,"url":"https:\/\/iumotril.org\/sitio\/la-movilizacion-feminista-consigue-la-retirada-de-la-reforma-de-la-ley-del-aborto-por-el-derecho-al-aborto-libre-publico-gratuito-y-fuera-del-codigo-penal\/","url_meta":{"origin":972,"position":3},"title":"La movilizaci\u00f3n feminista consigue la retirada de la reforma de la ley del aborto: por el derecho al aborto libre, p\u00fablico, gratuito y fuera del c\u00f3digo penal","author":"Izquierda Unida Motril","date":"24 septiembre, 2014","format":false,"excerpt":"IU junto con el movimiento feminista nos congratulamos del comunicado oficial del Presidente del Gobierno, Mariano Rajoy, ratificando la retirada de la reforma de la Ley del aborto y el triunfo que ello supone para las mujeres.Ha sido la presi\u00f3n y la masiva movilizaci\u00f3n social y pol\u00edtica de las mujeres,\u2026","rel":"","context":"En \u00abSin categor\u00eda\u00bb","block_context":{"text":"Sin categor\u00eda","link":"https:\/\/iumotril.org\/sitio\/category\/sin-categoria\/"},"img":{"alt_text":"397386_609273772416934_976855905_n","src":"https:\/\/i0.wp.com\/iumotril.org\/sitio\/wp-content\/uploads\/2014\/09\/397386_609273772416934_976855905_n-214x300.jpg?resize=350%2C200","width":350,"height":200},"classes":[]},{"id":6916,"url":"https:\/\/iumotril.org\/sitio\/izquierda-unida-equo-y-podemos-denuncian-las-mentiras-y-falsedades-de-la-campana-contra-la-ley-de-educacion\/","url_meta":{"origin":972,"position":4},"title":"Izquierda Unida, Equo y Podemos denuncian las mentiras y falsedades de la campa\u00f1a contra la Ley de Educaci\u00f3n","author":"Izquierda Unida Motril","date":"24 noviembre, 2020","format":false,"excerpt":"Los portavoces de Izquierda Unida, Equo-Verdes y Podemos han comparecido conjuntamente para denunciar la campa\u00f1a orquestada por la Iglesia cat\u00f3lica y los grupos pol\u00edticos de la derecha y de la extrema derecha contra la Ley Org\u00e1nica de Educaci\u00f3n. Se trata de una campa\u00f1a infame, basada en bulos, mentiras y falsedades.\u2026","rel":"","context":"En \u00abEST\u00c1 PASANDO\u00bb","block_context":{"text":"EST\u00c1 PASANDO","link":"https:\/\/iumotril.org\/sitio\/category\/esta-pasando\/"},"img":{"alt_text":"","src":"https:\/\/i0.wp.com\/iumotril.org\/sitio\/wp-content\/uploads\/2020\/11\/IMG-0446-1024x768.jpg?resize=350%2C200","width":350,"height":200,"srcset":"https:\/\/i0.wp.com\/iumotril.org\/sitio\/wp-content\/uploads\/2020\/11\/IMG-0446-1024x768.jpg?resize=350%2C200 1x, https:\/\/i0.wp.com\/iumotril.org\/sitio\/wp-content\/uploads\/2020\/11\/IMG-0446-1024x768.jpg?resize=525%2C300 1.5x"},"classes":[]},{"id":8896,"url":"https:\/\/iumotril.org\/sitio\/iu-equo-reitera-al-gobierno-local-su-exigencia-del-cumplimiento-de-la-ley-de-memoria-democratica\/","url_meta":{"origin":972,"position":5},"title":"IU-Equo reitera al gobierno local su exigencia del cumplimiento de la Ley de Memoria Democr\u00e1tica","author":"Izquierda Unida Motril","date":"22 febrero, 2023","format":false,"excerpt":"La Ley est\u00e1 para cumplirla y para hacerla cumplir \u2013enfatizan desde IU-Equo\u2013 y cualquier actuaci\u00f3n u omisi\u00f3n dolosa o negligente puede ser considerada como una infracci\u00f3n al ordenamiento jur\u00eddico por lo que, desde IU-Equo, no se descarta emprender las actuaciones legales necesarias, conforme al procedimiento sancionador previsto en la Ley,\u2026","rel":"","context":"En \u00abAyuntamiento\u00bb","block_context":{"text":"Ayuntamiento","link":"https:\/\/iumotril.org\/sitio\/category\/ayuntamiento\/"},"img":{"alt_text":"","src":"https:\/\/i0.wp.com\/iumotril.org\/sitio\/wp-content\/uploads\/2023\/02\/Crucero-Baleares.jpg?resize=350%2C200&ssl=1","width":350,"height":200,"srcset":"https:\/\/i0.wp.com\/iumotril.org\/sitio\/wp-content\/uploads\/2023\/02\/Crucero-Baleares.jpg?resize=350%2C200&ssl=1 1x, https:\/\/i0.wp.com\/iumotril.org\/sitio\/wp-content\/uploads\/2023\/02\/Crucero-Baleares.jpg?resize=525%2C300&ssl=1 1.5x"},"classes":[]}],"jetpack_likes_enabled":true,"_links":{"self":[{"href":"https:\/\/iumotril.org\/sitio\/wp-json\/wp\/v2\/posts\/972","targetHints":{"allow":["GET"]}}],"collection":[{"href":"https:\/\/iumotril.org\/sitio\/wp-json\/wp\/v2\/posts"}],"about":[{"href":"https:\/\/iumotril.org\/sitio\/wp-json\/wp\/v2\/types\/post"}],"author":[{"embeddable":true,"href":"https:\/\/iumotril.org\/sitio\/wp-json\/wp\/v2\/users\/1"}],"replies":[{"embeddable":true,"href":"https:\/\/iumotril.org\/sitio\/wp-json\/wp\/v2\/comments?post=972"}],"version-history":[{"count":9,"href":"https:\/\/iumotril.org\/sitio\/wp-json\/wp\/v2\/posts\/972\/revisions"}],"predecessor-version":[{"id":1001,"href":"https:\/\/iumotril.org\/sitio\/wp-json\/wp\/v2\/posts\/972\/revisions\/1001"}],"wp:attachment":[{"href":"https:\/\/iumotril.org\/sitio\/wp-json\/wp\/v2\/media?parent=972"}],"wp:term":[{"taxonomy":"category","embeddable":true,"href":"https:\/\/iumotril.org\/sitio\/wp-json\/wp\/v2\/categories?post=972"},{"taxonomy":"post_tag","embeddable":true,"href":"https:\/\/iumotril.org\/sitio\/wp-json\/wp\/v2\/tags?post=972"}],"curies":[{"name":"wp","href":"https:\/\/api.w.org\/{rel}","templated":true}]}}