{"id":9687,"date":"2023-12-27T11:44:07","date_gmt":"2023-12-27T10:44:07","guid":{"rendered":"https:\/\/iumotril.org\/sitio\/?p=9687"},"modified":"2023-12-27T11:44:07","modified_gmt":"2023-12-27T10:44:07","slug":"iu-verdes-equo-quiere-que-las-oficinas-de-distrito-municipales-sean-organos-de-participacion-vecinal","status":"publish","type":"post","link":"https:\/\/iumotril.org\/sitio\/iu-verdes-equo-quiere-que-las-oficinas-de-distrito-municipales-sean-organos-de-participacion-vecinal\/","title":{"rendered":"IU Verdes Equo quiere que las oficinas de distrito municipales sean \u00f3rganos de participaci\u00f3n vecinal"},"content":{"rendered":"<p style=\"padding-left: 80px;\"><strong><span style=\"font-size: 14pt; color: #993300;\">Propone dar mayor participaci\u00f3n a los vecinos en los asuntos municipales a trav\u00e9s de la ampliaci\u00f3n\u00a0 de funciones de las oficinas de distrito y la apertura de nuevas oficinas en un mayor n\u00famero de\u00a0 barrios.<\/span><\/strong><\/p>\n<p style=\"padding-left: 80px;\"><strong><span style=\"font-size: 14pt; color: #993300;\">Pretende que se conviertan en instrumentos de participaci\u00f3n real y efectiva que den cabida a las asociaciones de vecinos y vecinas y a la sociedad civil organizada (Ampas, entidades culturales y deportivas, comerciantes, etc.).<\/span><\/strong><\/p>\n<p>El Reglamento de Organizaci\u00f3n y Funcionamiento de las Entidades Locales se refiere a las Juntas municipales de distrito como <strong>\u00f3rganos territoriales de gesti\u00f3n descentralizada<\/strong> cuya finalidad ser\u00e1 la mejor gesti\u00f3n de los asuntos de competencia municipal y <strong>facilitar la participaci\u00f3n ciudadana e<\/strong>n el respectivo \u00e1mbito territorial.<\/p>\n<p>En nuestra ciudad existen tres oficinas municipales de distrito (Las Angustias, Calle Ancha, y los \u00c1lamos) y una oficina administrativa (El Varadero) creadas en funci\u00f3n de la poblaci\u00f3n de esos barrios entre 2008 y 2011 y que se configuran, fundamentalmente, como \u00f3rganos de gesti\u00f3n administrativa descentralizada, pero no desarrollan las funciones que tienen que ver con la participaci\u00f3n ciudadana, pol\u00edtica y de la sociedad civil organizada en ese \u00e1mbito territorial.<\/p>\n<figure id=\"attachment_9683\" aria-describedby=\"caption-attachment-9683\" style=\"width: 659px\" class=\"wp-caption alignleft\"><img loading=\"lazy\" decoding=\"async\" data-attachment-id=\"9683\" data-permalink=\"https:\/\/iumotril.org\/sitio\/iu-verdes-equo-rechaza-el-presupuesto-municipal-al-considerar-que-se-trata-de-unas-cuentas-partidistas\/juan-luis-y-jose-27-diciembre\/\" data-orig-file=\"https:\/\/iumotril.org\/sitio\/wp-content\/uploads\/2023\/12\/Juan-Luis-y-Jose-27-diciembre-scaled.jpg\" data-orig-size=\"2560,1920\" data-comments-opened=\"1\" data-image-meta=\"{&quot;aperture&quot;:&quot;2.2&quot;,&quot;credit&quot;:&quot;&quot;,&quot;camera&quot;:&quot;iPhone 6&quot;,&quot;caption&quot;:&quot;&quot;,&quot;created_timestamp&quot;:&quot;1703593798&quot;,&quot;copyright&quot;:&quot;&quot;,&quot;focal_length&quot;:&quot;4.15&quot;,&quot;iso&quot;:&quot;32&quot;,&quot;shutter_speed&quot;:&quot;0.03030303030303&quot;,&quot;title&quot;:&quot;&quot;,&quot;orientation&quot;:&quot;0&quot;}\" data-image-title=\"Juan Luis y Jose 27 diciembre\" data-image-description=\"\" data-image-caption=\"\" data-large-file=\"https:\/\/iumotril.org\/sitio\/wp-content\/uploads\/2023\/12\/Juan-Luis-y-Jose-27-diciembre-1024x768.jpg\" class=\"wp-image-9683\" src=\"https:\/\/iumotril.org\/sitio\/wp-content\/uploads\/2023\/12\/Juan-Luis-y-Jose-27-diciembre-300x225.jpg\" alt=\"\" width=\"659\" height=\"494\" srcset=\"https:\/\/iumotril.org\/sitio\/wp-content\/uploads\/2023\/12\/Juan-Luis-y-Jose-27-diciembre-300x225.jpg 300w, https:\/\/iumotril.org\/sitio\/wp-content\/uploads\/2023\/12\/Juan-Luis-y-Jose-27-diciembre-1024x768.jpg 1024w, https:\/\/iumotril.org\/sitio\/wp-content\/uploads\/2023\/12\/Juan-Luis-y-Jose-27-diciembre-768x576.jpg 768w, https:\/\/iumotril.org\/sitio\/wp-content\/uploads\/2023\/12\/Juan-Luis-y-Jose-27-diciembre-1536x1152.jpg 1536w, https:\/\/iumotril.org\/sitio\/wp-content\/uploads\/2023\/12\/Juan-Luis-y-Jose-27-diciembre-2048x1536.jpg 2048w\" sizes=\"auto, (max-width: 659px) 100vw, 659px\" \/><figcaption id=\"caption-attachment-9683\" class=\"wp-caption-text\">Juan Luis Valdivieso y Jose G. Llorente, representantes de IU Verdes Equo<\/figcaption><\/figure>\n<p>IU Verdes Equo defiende en una moci\u00f3n que ha presentado para su debate en el pr\u00f3ximo pleno,\u00a0 que es necesaria la reestructuraci\u00f3n de las actuales oficinas de distrito para que, adem\u00e1s de su funci\u00f3n como \u00f3rganos de gesti\u00f3n administrativa descentralizada, se configuren como <strong>instrumentos de participaci\u00f3n ciudadana<\/strong> en la que los vecinos, vecinas y residentes en las mismas puedan obtener informaci\u00f3n, as\u00ed como <strong>supervisar, controlar y participar en la gesti\u00f3n municipal de los asuntos que afecten al distrito<\/strong>, en los t\u00e9rminos legalmente establecidos.<\/p>\n<p>Para ello, propone reestructurar org\u00e1nicamente, en cuanto a su <strong>composici\u00f3n y funciones<\/strong>, las actuales oficinas municipales de distrito para convertirlas en Juntas de distrito que se configuren como instrumentos de participaci\u00f3n vecinal y ciudadana en los asuntos que afecten a los barrios integrados en dicho \u00e1mbito territorial.<\/p>\n<p>En su propuesta, la coalici\u00f3n de izquierdas ecologista, propone que las Juntas municipales de distrito desarrollen, entre otras, las siguientes <strong>funciones<\/strong>:<\/p>\n<ul>\n<li aria-level=\"1\">Fomentar las relaciones entre la Corporaci\u00f3n y el vecindario respectivo, facilitando al mismo su <strong>participaci\u00f3n en la gesti\u00f3n municipal<\/strong> y el acceso a la informaci\u00f3n de inter\u00e9s.<\/li>\n<li aria-level=\"1\">Informar y recabar informaci\u00f3n acerca de los <strong>planes y proyectos municipales que afecten al distrito.<\/strong><\/li>\n<li aria-level=\"1\">Proponer anualmente actuaciones e <strong>inversiones necesarias para el distrito<\/strong><\/li>\n<li aria-level=\"1\">Trasladar a las \u00e1reas municipales competentes las <strong>peticiones de intervenci\u00f3n municipal formuladas desde el vecindario<\/strong>.<\/li>\n<\/ul>\n<p>En ese proceso de reconfiguraci\u00f3n de las oficinas municipales de distrito que se propone, resultar\u00e1 necesario valorar la adecuaci\u00f3n de los \u00f3rganos actuales a la evoluci\u00f3n del crecimiento poblacional en los \u00faltimos a\u00f1os en esos barrios y a los nuevos n\u00facleos de poblaci\u00f3n que hayan podido surgir.<\/p>\n<p>&nbsp;<\/p>\n","protected":false},"excerpt":{"rendered":"<p>IU Verdes Equo defiende en una moci\u00f3n que ha presentado para su debate en el pr\u00f3ximo pleno,\u00a0 que es necesaria la reestructuraci\u00f3n de las actuales oficinas de distrito para que, adem\u00e1s de su funci\u00f3n como \u00f3rganos de gesti\u00f3n administrativa descentralizada, se configuren como instrumentos de participaci\u00f3n ciudadana en la que los vecinos, vecinas y residentes en las mismas puedan obtener informaci\u00f3n, as\u00ed como supervisar, controlar y participar en la gesti\u00f3n municipal de los asuntos que afecten al distrito, en los t\u00e9rminos legalmente establecidos.<br \/>\nPara ello, propone reestructurar org\u00e1nicamente, en cuanto a su composici\u00f3n y funciones, las actuales oficinas municipales de distrito para convertirlas en Juntas de distrito que se configuren como instrumentos de participaci\u00f3n vecinal y ciudadana en los asuntos que afecten a los barrios integrados en dicho \u00e1mbito territorial.<br \/>\nEn su propuesta, la coalici\u00f3n de izquierdas ecologista, propone que las Juntas municipales de distrito desarrollen, entre otras, las siguientes funciones:<br \/>\nFomentar las relaciones entre la Corporaci\u00f3n y el vecindario respectivo, facilitando al mismo su participaci\u00f3n en la gesti\u00f3n municipal y el acceso a la informaci\u00f3n de inter\u00e9s.<br \/>\nInformar y recabar informaci\u00f3n acerca de los planes y proyectos municipales que afecten al distrito.<br \/>\nProponer anualmente actuaciones e inversiones necesarias para el distrito<br \/>\nTrasladar a las \u00e1reas municipales competentes las peticiones de intervenci\u00f3n municipal formuladas desde el vecindario.<\/p>\n","protected":false},"author":1,"featured_media":9689,"comment_status":"open","ping_status":"open","sticky":false,"template":"","format":"standard","meta":{"cybocfi_hide_featured_image":"","_jetpack_newsletter_access":"","_jetpack_dont_email_post_to_subs":false,"_jetpack_newsletter_tier_id":0,"_jetpack_memberships_contains_paywalled_content":false,"_jetpack_memberships_contains_paid_content":false,"footnotes":""},"categories":[7,265,36,275],"tags":[2059,2056,2057,2058],"class_list":["post-9687","post","type-post","status-publish","format-standard","has-post-thumbnail","hentry","category-ayuntamiento","category-esta-pasando","category-mociones-pleno","category-propuestas-iumotril","tag-descentralizacion","tag-juntas-de-distrito","tag-oficinas-de-distrito","tag-participacion-vecinal"],"jetpack_featured_media_url":"https:\/\/iumotril.org\/sitio\/wp-content\/uploads\/2023\/12\/Captura-de-pantalla-2023-12-26-a-las-18.19.41.png","jetpack_sharing_enabled":true,"jetpack_shortlink":"https:\/\/wp.me\/p4QsU5-2wf","jetpack-related-posts":[{"id":5025,"url":"https:\/\/iumotril.org\/sitio\/iu-equo-acometera-de-forma-prioritaria-y-urgente-mejoras-en-los-barrios-de-motril\/","url_meta":{"origin":9687,"position":0},"title":"IU-Equo acometer\u00e1 de forma prioritaria y urgente mejoras en los barrios de Motril","author":"Izquierda Unida Motril","date":"13 mayo, 2019","format":false,"excerpt":"Queremos un ayuntamiento al servicio de la ciudad y de sus vecinos y no al rev\u00e9s como hasta ahora: unos vecinos al servicio del ayuntamiento. En este sentido, la implantaci\u00f3n de la administraci\u00f3n electr\u00f3nica debe ser un elemento determinante en nuestro proyecto de modernizaci\u00f3n de la administraci\u00f3n municipal. Nos proponemos\u2026","rel":"","context":"En \u00abEST\u00c1 PASANDO\u00bb","block_context":{"text":"EST\u00c1 PASANDO","link":"https:\/\/iumotril.org\/sitio\/category\/esta-pasando\/"},"img":{"alt_text":"","src":"https:\/\/i0.wp.com\/iumotril.org\/sitio\/wp-content\/uploads\/2019\/05\/Inma-Avenida-Europa_13-mayo-e1557761216290-768x1024.jpg?resize=350%2C200","width":350,"height":200},"classes":[]},{"id":6733,"url":"https:\/\/iumotril.org\/sitio\/iu-equo-denuncia-el-mal-funcionamiento-de-la-atencion-telefonica-y-de-la-cita-previa-en-el-ayuntamiento\/","url_meta":{"origin":9687,"position":1},"title":"IU-Equo denuncia el mal funcionamiento de la atenci\u00f3n telef\u00f3nica y de la cita previa en el Ayuntamiento","author":"Izquierda Unida Motril","date":"9 octubre, 2020","format":false,"excerpt":"Los tel\u00e9fonos facilitados por el Ayuntamiento para la realizaci\u00f3n de diversos tr\u00e1mites se encuentran saturados o no son atendidos al no disponer estos servicios de personal suficiente para ello. Id\u00e9nticas dificultades se encuentran los vecinos y vecinas cuanto tratan de contactar con las diferentes oficinas de distrito. A juicio de\u2026","rel":"","context":"En \u00abAyuntamiento\u00bb","block_context":{"text":"Ayuntamiento","link":"https:\/\/iumotril.org\/sitio\/category\/ayuntamiento\/"},"img":{"alt_text":"","src":"https:\/\/i0.wp.com\/iumotril.org\/sitio\/wp-content\/uploads\/2020\/10\/Oficina-Atencion-Municipal_8-octubre-176x176.jpg?resize=350%2C200","width":350,"height":200},"classes":[]},{"id":3750,"url":"https:\/\/iumotril.org\/sitio\/izquierda-unida-apoya-las-demandas-vecinas-de-diversas-mejoras-en-el-varadero\/","url_meta":{"origin":9687,"position":2},"title":"Izquierda Unida apoya las demandas vecinales de diversas mejoras en El Varadero","author":"Izquierda Unida Motril","date":"27 julio, 2018","format":false,"excerpt":"En la Moci\u00f3n que se presenta para su consideraci\u00f3n por el Pleno se reclama, tambi\u00e9n, la limpieza, adecuaci\u00f3n y mantenimiento de diversos solares y edificios abandonados que suponen diversos riesgos higi\u00e9nico sanitarios y el acerado de diferentes calles para facilitar la movilidad de los vecinos, vecinas y de los visitantes.Izquierda\u2026","rel":"","context":"En \u00abCiudad\u00bb","block_context":{"text":"Ciudad","link":"https:\/\/iumotril.org\/sitio\/category\/ciudad\/"},"img":{"alt_text":"","src":"http:\/\/iumotril.org\/sitio\/wp-content\/uploads\/2018\/07\/Daniela-Paque_junio-2018.bmp","width":350,"height":200},"classes":[]},{"id":4814,"url":"https:\/\/iumotril.org\/sitio\/izquierda-unida-y-equo-proponen-a-podemos-presentar-una-candidatura-conjunta-en-las-elecciones-municipales-en-motril\/","url_meta":{"origin":9687,"position":3},"title":"Izquierda Unida y Equo proponen a Podemos presentar una candidatura conjunta en las elecciones municipales en Motril","author":"Izquierda Unida Motril","date":"2 abril, 2019","format":false,"excerpt":"Cambiar la manera de c\u00f3mo se han venido gestionado pol\u00edticamente los asuntos municipales en nuestra ciudad debe ser una prioridad democr\u00e1tica para quienes creemos que se puede gobernar de otro modo: con transparencia, responsabilidad medioambiental, contando con la participaci\u00f3n vecinal y poniendo a las personas en el centro de la\u2026","rel":"","context":"En \u00abConfluencia electoral\u00bb","block_context":{"text":"Confluencia electoral","link":"https:\/\/iumotril.org\/sitio\/category\/confluencia-electoral\/"},"img":{"alt_text":"Acuerdo IU Equo Verdes Motril","src":"https:\/\/i0.wp.com\/iumotril.org\/sitio\/wp-content\/uploads\/2019\/03\/Grupo-IU_Equo-Motril_19-marzo-e1554225757251.jpg?resize=350%2C200","width":350,"height":200},"classes":[]},{"id":5884,"url":"https:\/\/iumotril.org\/sitio\/iu-equo-destaca-la-labor-de-los-empleados-y-empleadas-municipales-para-mantener-los-servicios-publicos\/","url_meta":{"origin":9687,"position":4},"title":"IU-Equo destaca la labor de los empleados y empleadas municipales para mantener los servicios p\u00fablicos","author":"Izquierda Unida Motril","date":"27 marzo, 2020","format":false,"excerpt":"Pedimos al equipo de gobierno que asegure y garantice las medidas de seguridad y protecci\u00f3n individual a todos los colectivos municipales que est\u00e1n en primera l\u00ednea de las actuaciones para\u00a0 atender las necesidades de la ciudad y de los vecinos y vecinos, como personal de mantenimiento y limpieza, conserjes, bomberos,\u2026","rel":"","context":"En \u00abAyuntamiento\u00bb","block_context":{"text":"Ayuntamiento","link":"https:\/\/iumotril.org\/sitio\/category\/ayuntamiento\/"},"img":{"alt_text":"","src":"https:\/\/i0.wp.com\/iumotril.org\/sitio\/wp-content\/uploads\/2020\/03\/963E1BB6-54CE-4F26-BBB1-BACB744BADF5-1024x762.jpeg?resize=350%2C200","width":350,"height":200,"srcset":"https:\/\/i0.wp.com\/iumotril.org\/sitio\/wp-content\/uploads\/2020\/03\/963E1BB6-54CE-4F26-BBB1-BACB744BADF5-1024x762.jpeg?resize=350%2C200 1x, https:\/\/i0.wp.com\/iumotril.org\/sitio\/wp-content\/uploads\/2020\/03\/963E1BB6-54CE-4F26-BBB1-BACB744BADF5-1024x762.jpeg?resize=525%2C300 1.5x"},"classes":[]},{"id":7825,"url":"https:\/\/iumotril.org\/sitio\/iu-equo-denuncia-las-dificultades-para-recuperar-los-cobros-tributarios-municipales-indebidos-a-los-vecinos\/","url_meta":{"origin":9687,"position":5},"title":"IU-Equo denuncia las dificultades para recuperar los cobros tributarios municipales indebidos a los vecinos","author":"Izquierda Unida Motril","date":"11 noviembre, 2021","format":false,"excerpt":"No estamos ante un problema puntual ni aislado \u00ad\u2013ha manifestado Inma Omiste, portavoz del Grupo Municipal de IU-Equo--, sino ante otra consecuencia de la \u201cnefasta\u201d gesti\u00f3n municipal que est\u00e1 llevando a cabo el gobierno de Luisa Garc\u00eda Chamorro. Esta situaci\u00f3n de mal funcionamiento de la administraci\u00f3n municipal viene a sumarse\u2026","rel":"","context":"En \u00abAyuntamiento\u00bb","block_context":{"text":"Ayuntamiento","link":"https:\/\/iumotril.org\/sitio\/category\/ayuntamiento\/"},"img":{"alt_text":"","src":"https:\/\/i0.wp.com\/iumotril.org\/sitio\/wp-content\/uploads\/2021\/10\/Inma-14-octubre-176x176.jpg?resize=350%2C200","width":350,"height":200},"classes":[]}],"jetpack_likes_enabled":true,"_links":{"self":[{"href":"https:\/\/iumotril.org\/sitio\/wp-json\/wp\/v2\/posts\/9687","targetHints":{"allow":["GET"]}}],"collection":[{"href":"https:\/\/iumotril.org\/sitio\/wp-json\/wp\/v2\/posts"}],"about":[{"href":"https:\/\/iumotril.org\/sitio\/wp-json\/wp\/v2\/types\/post"}],"author":[{"embeddable":true,"href":"https:\/\/iumotril.org\/sitio\/wp-json\/wp\/v2\/users\/1"}],"replies":[{"embeddable":true,"href":"https:\/\/iumotril.org\/sitio\/wp-json\/wp\/v2\/comments?post=9687"}],"version-history":[{"count":2,"href":"https:\/\/iumotril.org\/sitio\/wp-json\/wp\/v2\/posts\/9687\/revisions"}],"predecessor-version":[{"id":9690,"href":"https:\/\/iumotril.org\/sitio\/wp-json\/wp\/v2\/posts\/9687\/revisions\/9690"}],"wp:featuredmedia":[{"embeddable":true,"href":"https:\/\/iumotril.org\/sitio\/wp-json\/wp\/v2\/media\/9689"}],"wp:attachment":[{"href":"https:\/\/iumotril.org\/sitio\/wp-json\/wp\/v2\/media?parent=9687"}],"wp:term":[{"taxonomy":"category","embeddable":true,"href":"https:\/\/iumotril.org\/sitio\/wp-json\/wp\/v2\/categories?post=9687"},{"taxonomy":"post_tag","embeddable":true,"href":"https:\/\/iumotril.org\/sitio\/wp-json\/wp\/v2\/tags?post=9687"}],"curies":[{"name":"wp","href":"https:\/\/api.w.org\/{rel}","templated":true}]}}