{"id":9601,"date":"2023-11-19T10:40:35","date_gmt":"2023-11-19T09:40:35","guid":{"rendered":"https:\/\/iumotril.org\/sitio\/?p=9601"},"modified":"2023-11-19T10:40:35","modified_gmt":"2023-11-19T09:40:35","slug":"iu-verdes-equo-deplora-y-condena-el-ataque-vandalico-a-la-sede-del-psoe-en-motril","status":"publish","type":"post","link":"https:\/\/iumotril.org\/sitio\/iu-verdes-equo-deplora-y-condena-el-ataque-vandalico-a-la-sede-del-psoe-en-motril\/","title":{"rendered":"IU Verdes Equo deplora y condena el ataque vand\u00e1lico a la sede del PSOE en Motril\u00a0"},"content":{"rendered":"<h4 style=\"padding-left: 40px;\"><span style=\"color: #993300;\">Manifiesta su absoluto rechazo a los actos antidemocr\u00e1ticos y violentos que est\u00e1n orquestando las derechas contra la mayor\u00eda social que avala la formaci\u00f3n de un nuevo gobierno de coalici\u00f3n progresista en nuestro pa\u00eds.<\/span><\/h4>\n<h4 style=\"padding-left: 40px;\"><span style=\"color: #993300;\">Reclama de todas las fuerzas pol\u00edticas y sociales la condena un\u00e1nime y rotunda de estos actos intimidatorios, que persiguen el se\u00f1alamiento del adversario pol\u00edtico y su criminalizaci\u00f3n.<\/span><\/h4>\n<p>Expresa todo su apoyo y solidaridad con la militancia del Partido Socialista, y de otras formaciones pol\u00edticas que est\u00e1 siendo sometida a una <strong>persecuci\u00f3n ominosa sin precedentes<\/strong> con ataques a sus sedes y casas del pueblo, se\u00f1alamiento de cuadros y militantes y acoso e intimidaci\u00f3n personal en alg\u00fan caso.<\/p>\n<p>Desde IU Verdes Equo se considera que las derechas est\u00e1n evidenciando su car\u00e1cter anti democr\u00e1tico alentando revueltas callejeras y c<strong>omportamientos de odio contra los que no comparten sus planteamientos pol\u00edticos<\/strong> por su frustraci\u00f3n al no ser capaces de suscitar los apoyos necesarios para conformar gobierno.<\/p>\n<p>Un portavoz de la coalici\u00f3n ha denunciado que quienes se erigen en exclusivos defensores del orden constitucional\u00a0 y en \u00fanicos valedores de la patria no est\u00e1n dudando en animar y empujar a sus seguidores m\u00e1s violentos a amedrentar a sus oponentes, a ir \u201ca por ellos\u201d, utilizando cualquier medio, en algunos caso con actitudes y <strong>comportamientos cercanos al fascismo,<\/strong> en una deriva de odio y violencia sumamente peligrosa para la convivencia democr\u00e1tica.<\/p>\n<p>IU Verdes Equo reclama a todas las fuerzas pol\u00edticas y sociales la <strong>condena un\u00e1nime y rotunda de estos comportamientos y actuaciones<\/strong> deplorables, de otro modo, su silencio, la falta de condena, supondr\u00eda un silencio c\u00f3mplice con los violentos.<\/p>\n<p>Informan de que se sienten orgullosos y orgullosas de la conformaci\u00f3n de un nuevo gobierno progresista en nuestro pa\u00eds y reafirman su apoyo y compromiso para <strong>seguir avanzando en derechos con pol\u00edticas en defensa de los intereses de la clase trabajadora.\u00a0<\/strong><\/p>\n<p>&nbsp;<\/p>\n","protected":false},"excerpt":{"rendered":"<p>Un portavoz de la coalici\u00f3n ha denunciado que quienes se erigen en exclusivos defensores del orden constitucional\u00a0 y en \u00fanicos valedores de la patria no est\u00e1n dudando en animar y empujar a sus seguidores m\u00e1s violentos a amedrentar a sus oponentes, a ir \u201ca por ellos\u201d, utilizando cualquier medio, en algunos caso con actitudes y comportamientos cercanos al fascismo, en una deriva de odio y violencia sumamente peligrosa para la convivencia democr\u00e1tica.<br \/>\nIU Verdes Equo reclama a todas las fuerzas pol\u00edticas y sociales la condena un\u00e1nime y rotunda de estos comportamientos y actuaciones deplorables, de otro modo, su silencio, la falta de condena, supondr\u00eda un silencio c\u00f3mplice con los violentos.<br \/>\nInforman de que se sienten orgullosos y orgullosas de la conformaci\u00f3n de un nuevo gobierno progresista en nuestro pa\u00eds y reafirman su apoyo y compromiso para seguir avanzando en derechos con pol\u00edticas en defensa de los intereses de la clase trabajadora.\u00a0<\/p>\n","protected":false},"author":1,"featured_media":9604,"comment_status":"open","ping_status":"open","sticky":false,"template":"","format":"standard","meta":{"cybocfi_hide_featured_image":"","_jetpack_newsletter_access":"","_jetpack_dont_email_post_to_subs":false,"_jetpack_newsletter_tier_id":0,"_jetpack_memberships_contains_paywalled_content":false,"_jetpack_memberships_contains_paid_content":false,"footnotes":""},"categories":[265],"tags":[565,2040,2036,128,2037,2038,2039],"class_list":["post-9601","post","type-post","status-publish","format-standard","has-post-thumbnail","hentry","category-esta-pasando","tag-democracia","tag-derechas","tag-gobierno-proegresista","tag-investidura","tag-revueltas-callejeras","tag-vandalismo","tag-violentos"],"jetpack_featured_media_url":"https:\/\/iumotril.org\/sitio\/wp-content\/uploads\/2023\/11\/Captura-de-pantalla-2023-11-19-a-las-10.35.07.png","jetpack_sharing_enabled":true,"jetpack_shortlink":"https:\/\/wp.me\/p4QsU5-2uR","jetpack-related-posts":[{"id":8234,"url":"https:\/\/iumotril.org\/sitio\/izquierda-unida-hace-una-llamamiento-a-la-movilizacion-progresista-en-las-urnas-el-19j-en-motril\/","url_meta":{"origin":9601,"position":0},"title":"Izquierda Unida hace una llamamiento a la movilizaci\u00f3n progresista en las urnas el 19J en Motril","author":"Izquierda Unida Motril","date":"17 junio, 2022","format":false,"excerpt":"Inma Omiste ha afirmado que \u201cno acudir a votar es entregar directamente el voto a las derechas\u201d para que lo utilicen para continuar defendiendo los intereses de los poderosos: bajar impuestos a los ricos y desmantelar los servicios p\u00fablicos como la educaci\u00f3n, la sanidad o las ayudas a la dependencia,\u2026","rel":"","context":"En \u00abAndaluzas 2022\u00bb","block_context":{"text":"Andaluzas 2022","link":"https:\/\/iumotril.org\/sitio\/category\/andaluzas-2022\/"},"img":{"alt_text":"","src":"https:\/\/i0.wp.com\/iumotril.org\/sitio\/wp-content\/uploads\/2022\/06\/Inma-Llamamiento-19J-scaled.jpg?resize=350%2C200","width":350,"height":200,"srcset":"https:\/\/i0.wp.com\/iumotril.org\/sitio\/wp-content\/uploads\/2022\/06\/Inma-Llamamiento-19J-scaled.jpg?resize=350%2C200 1x, https:\/\/i0.wp.com\/iumotril.org\/sitio\/wp-content\/uploads\/2022\/06\/Inma-Llamamiento-19J-scaled.jpg?resize=525%2C300 1.5x, https:\/\/i0.wp.com\/iumotril.org\/sitio\/wp-content\/uploads\/2022\/06\/Inma-Llamamiento-19J-scaled.jpg?resize=700%2C400 2x, https:\/\/i0.wp.com\/iumotril.org\/sitio\/wp-content\/uploads\/2022\/06\/Inma-Llamamiento-19J-scaled.jpg?resize=1050%2C600 3x, https:\/\/i0.wp.com\/iumotril.org\/sitio\/wp-content\/uploads\/2022\/06\/Inma-Llamamiento-19J-scaled.jpg?resize=1400%2C800 4x"},"classes":[]},{"id":10417,"url":"https:\/\/iumotril.org\/sitio\/iu-verdes-equo-denuncia-la-precariedad-de-los-servicios-municipales-de-motril-como-consecuencia-de-la-gestion-de-la-politica-de-privatizaciones-de-las-derechas\/","url_meta":{"origin":9601,"position":1},"title":"IU Verdes Equo denuncia la precariedad de los servicios municipales de Motril como consecuencia de la gesti\u00f3n de la pol\u00edtica de privatizaciones de las derechas","author":"Izquierda Unida Motril","date":"14 febrero, 2025","format":false,"excerpt":"La concejala de IU Verdes Equo ha denunciado que actualmente la limpieza de los centros recae sobre las pocas trabajadoras que hay en el servicio de limpieza de interiores, unas 40 para cubrir 50 centros grandes y unos 60 peque\u00f1os, \u201cpor lo que a la excesiva sobrecarga de trabajo debemos\u2026","rel":"","context":"En \u00abCiudad\u00bb","block_context":{"text":"Ciudad","link":"https:\/\/iumotril.org\/sitio\/category\/ciudad\/"},"img":{"alt_text":"","src":"https:\/\/i0.wp.com\/iumotril.org\/sitio\/wp-content\/uploads\/2025\/02\/22-14.jpg?resize=350%2C200&ssl=1","width":350,"height":200,"srcset":"https:\/\/i0.wp.com\/iumotril.org\/sitio\/wp-content\/uploads\/2025\/02\/22-14.jpg?resize=350%2C200&ssl=1 1x, https:\/\/i0.wp.com\/iumotril.org\/sitio\/wp-content\/uploads\/2025\/02\/22-14.jpg?resize=525%2C300&ssl=1 1.5x, https:\/\/i0.wp.com\/iumotril.org\/sitio\/wp-content\/uploads\/2025\/02\/22-14.jpg?resize=700%2C400&ssl=1 2x, https:\/\/i0.wp.com\/iumotril.org\/sitio\/wp-content\/uploads\/2025\/02\/22-14.jpg?resize=1050%2C600&ssl=1 3x"},"classes":[]},{"id":8968,"url":"https:\/\/iumotril.org\/sitio\/iu-equo-manifiesta-su-apoyo-a-las-reivindicaciones-de-los-trabajadores-y-trabajadoras-municipales\/","url_meta":{"origin":9601,"position":2},"title":"IU-Equo manifiesta su apoyo a las reivindicaciones de los trabajadores y trabajadoras municipales","author":"Izquierda Unida Motril","date":"28 marzo, 2023","format":false,"excerpt":"No es admisible que el gobierno de la se\u00f1ora Chamorro no se haya sentado con los representantes de los empleados municipales con la voluntad pol\u00edtica necesaria para abordar la recuperaci\u00f3n de los derechos que el PP suspendi\u00f3 hace m\u00e1s de 10 a\u00f1os y, adem\u00e1s, siga incumpliendo reiteradamente los acuerdos alcanzados\u2026","rel":"","context":"En \u00abAyuntamiento\u00bb","block_context":{"text":"Ayuntamiento","link":"https:\/\/iumotril.org\/sitio\/category\/ayuntamiento\/"},"img":{"alt_text":"","src":"https:\/\/i0.wp.com\/iumotril.org\/sitio\/wp-content\/uploads\/2023\/03\/concentracion-trabajadores-ayuntamiento-de-motril.jpg?resize=350%2C200&ssl=1","width":350,"height":200,"srcset":"https:\/\/i0.wp.com\/iumotril.org\/sitio\/wp-content\/uploads\/2023\/03\/concentracion-trabajadores-ayuntamiento-de-motril.jpg?resize=350%2C200&ssl=1 1x, https:\/\/i0.wp.com\/iumotril.org\/sitio\/wp-content\/uploads\/2023\/03\/concentracion-trabajadores-ayuntamiento-de-motril.jpg?resize=525%2C300&ssl=1 1.5x, https:\/\/i0.wp.com\/iumotril.org\/sitio\/wp-content\/uploads\/2023\/03\/concentracion-trabajadores-ayuntamiento-de-motril.jpg?resize=700%2C400&ssl=1 2x"},"classes":[]},{"id":9787,"url":"https:\/\/iumotril.org\/sitio\/iu-verdes-equo-denuncia-la-precariedad-de-los-servicios-municipales-como-consecuencia-de-la-gestion-de-las-derechas-motrilenas-al-frente-del-ayuntamiento\/","url_meta":{"origin":9601,"position":3},"title":"IU Verdes Equo denuncia la precariedad de los servicios municipales como consecuencia de la gesti\u00f3n de las derechas motrile\u00f1as al frente del Ayuntamiento","author":"Izquierda Unida Motril","date":"12 febrero, 2024","format":false,"excerpt":"El modelo de gesti\u00f3n de las derechas no duda en arrasar con los servicios p\u00fablicos para abrir espacios de negocio para el mercado y los negocios privados, como estamos viendo en Motril en los \u00faltimos a\u00f1os \u2013\u2013ha se\u00f1alado\u2013\u2013, llevando a la ciudad a una situaci\u00f3n de abandono que se pretende\u2026","rel":"","context":"En \u00abAyuntamiento\u00bb","block_context":{"text":"Ayuntamiento","link":"https:\/\/iumotril.org\/sitio\/category\/ayuntamiento\/"},"img":{"alt_text":"","src":"https:\/\/i0.wp.com\/iumotril.org\/sitio\/wp-content\/uploads\/2023\/10\/teatro-calderon-de-la-barca-motril-paulino-martinez-more-1227x675-1.jpg?resize=350%2C200&ssl=1","width":350,"height":200,"srcset":"https:\/\/i0.wp.com\/iumotril.org\/sitio\/wp-content\/uploads\/2023\/10\/teatro-calderon-de-la-barca-motril-paulino-martinez-more-1227x675-1.jpg?resize=350%2C200&ssl=1 1x, https:\/\/i0.wp.com\/iumotril.org\/sitio\/wp-content\/uploads\/2023\/10\/teatro-calderon-de-la-barca-motril-paulino-martinez-more-1227x675-1.jpg?resize=525%2C300&ssl=1 1.5x, https:\/\/i0.wp.com\/iumotril.org\/sitio\/wp-content\/uploads\/2023\/10\/teatro-calderon-de-la-barca-motril-paulino-martinez-more-1227x675-1.jpg?resize=700%2C400&ssl=1 2x, https:\/\/i0.wp.com\/iumotril.org\/sitio\/wp-content\/uploads\/2023\/10\/teatro-calderon-de-la-barca-motril-paulino-martinez-more-1227x675-1.jpg?resize=1050%2C600&ssl=1 3x"},"classes":[]},{"id":8760,"url":"https:\/\/iumotril.org\/sitio\/izquierda-unida-propone-a-inma-omiste-para-liderar-una-candidatura-de-unidad-a-la-alcaldia-de-motril\/","url_meta":{"origin":9601,"position":4},"title":"Izquierda Unida propone a Inma Omiste para liderar una candidatura de unidad a la alcald\u00eda de Motril","author":"Izquierda Unida Motril","date":"10 enero, 2023","format":false,"excerpt":"la Asamblea local ha apoyado de forma un\u00e1nime a la portavoz de su Grupo municipal para que sea su candidata a las elecciones municipales, reconociendo y valorando de este modo el trabajo de oposici\u00f3n a las pol\u00edticas municipales de las derechas que ha venido realizando en los \u00faltimos cuatro a\u00f1os\u2026","rel":"","context":"En \u00abElecciones\u00bb","block_context":{"text":"Elecciones","link":"https:\/\/iumotril.org\/sitio\/category\/elecciones\/"},"img":{"alt_text":"","src":"https:\/\/i0.wp.com\/iumotril.org\/sitio\/wp-content\/uploads\/2023\/01\/Inma-Enero.jpg?resize=350%2C200&ssl=1","width":350,"height":200,"srcset":"https:\/\/i0.wp.com\/iumotril.org\/sitio\/wp-content\/uploads\/2023\/01\/Inma-Enero.jpg?resize=350%2C200&ssl=1 1x, https:\/\/i0.wp.com\/iumotril.org\/sitio\/wp-content\/uploads\/2023\/01\/Inma-Enero.jpg?resize=525%2C300&ssl=1 1.5x, https:\/\/i0.wp.com\/iumotril.org\/sitio\/wp-content\/uploads\/2023\/01\/Inma-Enero.jpg?resize=700%2C400&ssl=1 2x, https:\/\/i0.wp.com\/iumotril.org\/sitio\/wp-content\/uploads\/2023\/01\/Inma-Enero.jpg?resize=1050%2C600&ssl=1 3x"},"classes":[]},{"id":9187,"url":"https:\/\/iumotril.org\/sitio\/iu-verdes-equo-hara-una-campana-responsable-limpia-e-informativa\/","url_meta":{"origin":9601,"position":5},"title":"IU-Verdes Equo har\u00e1 una campa\u00f1a responsable, limpia e informativa","author":"Izquierda Unida Motril","date":"12 mayo, 2023","format":false,"excerpt":"No haremos promesas para luego incumplirlas ni anunciaremos grandes proyectos para no llevarlos a cabo, sino propuestas concretas, con nombres y apellidos, viables para realizarlas en materia de vivienda, de empleo, educaci\u00f3n, movilidad, sostenibilidad, barrios, playas, deporte, mayores, cultura y tambi\u00e9n para la ELA de Carchuna-Calahonda. El portavoz de IU-Verdes\u2026","rel":"","context":"En \u00abEST\u00c1 PASANDO\u00bb","block_context":{"text":"EST\u00c1 PASANDO","link":"https:\/\/iumotril.org\/sitio\/category\/esta-pasando\/"},"img":{"alt_text":"","src":"https:\/\/i0.wp.com\/iumotril.org\/sitio\/wp-content\/uploads\/2023\/05\/IMG_9173-scaled.jpg?resize=350%2C200&ssl=1","width":350,"height":200,"srcset":"https:\/\/i0.wp.com\/iumotril.org\/sitio\/wp-content\/uploads\/2023\/05\/IMG_9173-scaled.jpg?resize=350%2C200&ssl=1 1x, https:\/\/i0.wp.com\/iumotril.org\/sitio\/wp-content\/uploads\/2023\/05\/IMG_9173-scaled.jpg?resize=525%2C300&ssl=1 1.5x, https:\/\/i0.wp.com\/iumotril.org\/sitio\/wp-content\/uploads\/2023\/05\/IMG_9173-scaled.jpg?resize=700%2C400&ssl=1 2x, https:\/\/i0.wp.com\/iumotril.org\/sitio\/wp-content\/uploads\/2023\/05\/IMG_9173-scaled.jpg?resize=1050%2C600&ssl=1 3x, https:\/\/i0.wp.com\/iumotril.org\/sitio\/wp-content\/uploads\/2023\/05\/IMG_9173-scaled.jpg?resize=1400%2C800&ssl=1 4x"},"classes":[]}],"jetpack_likes_enabled":true,"_links":{"self":[{"href":"https:\/\/iumotril.org\/sitio\/wp-json\/wp\/v2\/posts\/9601","targetHints":{"allow":["GET"]}}],"collection":[{"href":"https:\/\/iumotril.org\/sitio\/wp-json\/wp\/v2\/posts"}],"about":[{"href":"https:\/\/iumotril.org\/sitio\/wp-json\/wp\/v2\/types\/post"}],"author":[{"embeddable":true,"href":"https:\/\/iumotril.org\/sitio\/wp-json\/wp\/v2\/users\/1"}],"replies":[{"embeddable":true,"href":"https:\/\/iumotril.org\/sitio\/wp-json\/wp\/v2\/comments?post=9601"}],"version-history":[{"count":3,"href":"https:\/\/iumotril.org\/sitio\/wp-json\/wp\/v2\/posts\/9601\/revisions"}],"predecessor-version":[{"id":9606,"href":"https:\/\/iumotril.org\/sitio\/wp-json\/wp\/v2\/posts\/9601\/revisions\/9606"}],"wp:featuredmedia":[{"embeddable":true,"href":"https:\/\/iumotril.org\/sitio\/wp-json\/wp\/v2\/media\/9604"}],"wp:attachment":[{"href":"https:\/\/iumotril.org\/sitio\/wp-json\/wp\/v2\/media?parent=9601"}],"wp:term":[{"taxonomy":"category","embeddable":true,"href":"https:\/\/iumotril.org\/sitio\/wp-json\/wp\/v2\/categories?post=9601"},{"taxonomy":"post_tag","embeddable":true,"href":"https:\/\/iumotril.org\/sitio\/wp-json\/wp\/v2\/tags?post=9601"}],"curies":[{"name":"wp","href":"https:\/\/api.w.org\/{rel}","templated":true}]}}