{"id":96,"date":"2014-07-30T15:07:33","date_gmt":"2014-07-30T14:07:33","guid":{"rendered":"http:\/\/iumotril.org\/sitio\/?p=96"},"modified":"2014-08-18T15:13:01","modified_gmt":"2014-08-18T14:13:01","slug":"senalizaciones-con-40-000-euros","status":"publish","type":"post","link":"https:\/\/iumotril.org\/sitio\/senalizaciones-con-40-000-euros\/","title":{"rendered":"Se\u00f1alizaciones con 40.000 euros"},"content":{"rendered":"<p><span data-ft=\"{&quot;tn&quot;:&quot;K&quot;}\">De 3.200.000 euros nuestra Alcaldesa se conforma con 40.000 euros para se\u00f1alizaci\u00f3n &#8230;y a esto le llama PROYECTO. <\/span><\/p>\n<p><span data-ft=\"{&quot;tn&quot;:&quot;K&quot;}\">Motril se merece algo m\u00e1s, m\u00e1s iniciativa y m\u00e1s capacidad de gesti\u00f3n. <\/span><\/p>\n<p><span data-ft=\"{&quot;tn&quot;:&quot;K&quot;}\">Pueblos como Guadix han logrado subvenciones m\u00e1s cuantiosas.Desgraciadamente tenemos un Gobierno sin ganas de trabajar y con poca decencia pol\u00edtica, cuando se dedican a sacar fotocopias con medias verdades.<\/span><\/p>\n<p><img loading=\"lazy\" decoding=\"async\" class=\"aligncenter\" src=\"http:\/\/www.ideal.es\/granada\/noticias\/201404\/11\/Media\/Granada\/nueva-senalizacion--647x231.JPG\" alt=\"\" width=\"373\" height=\"133\" \/><\/p>\n","protected":false},"excerpt":{"rendered":"<p>De 3.200.000 euros nuestra Alcaldesa se conforma con 40.000 euros [&hellip;]<\/p>\n","protected":false},"author":1,"featured_media":0,"comment_status":"open","ping_status":"open","sticky":false,"template":"","format":"standard","meta":{"cybocfi_hide_featured_image":"","_jetpack_newsletter_access":"","_jetpack_dont_email_post_to_subs":false,"_jetpack_newsletter_tier_id":0,"_jetpack_memberships_contains_paywalled_content":false,"_jetpack_memberships_contains_paid_content":false,"footnotes":""},"categories":[7],"tags":[31],"class_list":["post-96","post","type-post","status-publish","format-standard","hentry","category-ayuntamiento","tag-senalizaciones"],"jetpack_featured_media_url":"","jetpack_sharing_enabled":true,"jetpack_shortlink":"https:\/\/wp.me\/p4QsU5-1y","jetpack-related-posts":[{"id":10676,"url":"https:\/\/iumotril.org\/sitio\/la-justicia-lenta-no-es-justicia-la-interminable-demora-en-el-caso-de-luisa-garcia-chamorro\/","url_meta":{"origin":96,"position":0},"title":"La justicia lenta no es justicia: la interminable demora en el caso de Luisa Garc\u00eda Chamorro","author":"Izquierda Unida Motril","date":"20 junio, 2025","format":false,"excerpt":"A juicio de Izquierda Unida esta dilaci\u00f3n, marcada por continuos aplazamientos y falta de avances, no solo socava la confianza en el sistema judicial, sino que perpet\u00faa una situaci\u00f3n de incertidumbre que da\u00f1a profundamente la imagen de nuestra ciudad y el derecho de los motrile\u00f1os a una administraci\u00f3n transparente. La\u2026","rel":"","context":"En \u00abAyuntamiento\u00bb","block_context":{"text":"Ayuntamiento","link":"https:\/\/iumotril.org\/sitio\/category\/ayuntamiento\/"},"img":{"alt_text":"","src":"https:\/\/i0.wp.com\/iumotril.org\/sitio\/wp-content\/uploads\/2023\/04\/Luisa-y-Juanma.jpg?resize=350%2C200&ssl=1","width":350,"height":200,"srcset":"https:\/\/i0.wp.com\/iumotril.org\/sitio\/wp-content\/uploads\/2023\/04\/Luisa-y-Juanma.jpg?resize=350%2C200&ssl=1 1x, https:\/\/i0.wp.com\/iumotril.org\/sitio\/wp-content\/uploads\/2023\/04\/Luisa-y-Juanma.jpg?resize=525%2C300&ssl=1 1.5x, https:\/\/i0.wp.com\/iumotril.org\/sitio\/wp-content\/uploads\/2023\/04\/Luisa-y-Juanma.jpg?resize=700%2C400&ssl=1 2x, https:\/\/i0.wp.com\/iumotril.org\/sitio\/wp-content\/uploads\/2023\/04\/Luisa-y-Juanma.jpg?resize=1050%2C600&ssl=1 3x"},"classes":[]},{"id":9642,"url":"https:\/\/iumotril.org\/sitio\/el-gobierno-local-impone-la-aprobacion-inicial-del-presupuesto-municipal-con-el-rechazo-de-los-trabajadores-y-los-grupos-politicos-de-la-oposicion\/","url_meta":{"origin":96,"position":1},"title":"El gobierno local impone la aprobaci\u00f3n inicial del presupuesto municipal con el rechazo de los trabajadores y los grupos pol\u00edticos de la oposici\u00f3n","author":"Izquierda Unida Motril","date":"29 noviembre, 2023","format":false,"excerpt":"Ha rechazado la aprobaci\u00f3n inicial de las cuentas municipales al entender que se ha eludido el debate y excluido la participaci\u00f3n de los Grupos de la oposici\u00f3n en cuestiones clave del gobierno de la ciudad, que las cuentas presentadas tienen defectos en su\u00a0 elaboraci\u00f3n y que no responden a las\u2026","rel":"","context":"En \u00abAyuntamiento\u00bb","block_context":{"text":"Ayuntamiento","link":"https:\/\/iumotril.org\/sitio\/category\/ayuntamiento\/"},"img":{"alt_text":"","src":"https:\/\/i0.wp.com\/iumotril.org\/sitio\/wp-content\/uploads\/2023\/10\/IMG_0332-scaled-e1698139383512-270x300.jpg?resize=350%2C200&ssl=1","width":350,"height":200},"classes":[]},{"id":10878,"url":"https:\/\/iumotril.org\/sitio\/iu-verdes-equo-lamenta-que-el-gobierno-de-garcia-chamorro-se-haya-convertido-en-la-oposicion-de-la-oposicion\/","url_meta":{"origin":96,"position":2},"title":"IU Verdes Equo lamenta que el gobierno de Garc\u00eda Chamorro se haya convertido en la oposici\u00f3n de la oposici\u00f3n","author":"Izquierda Unida Motril","date":"27 noviembre, 2025","format":false,"excerpt":"Para la portavoz est\u00e1 siendo muy llamativo que el portavoz del gobierno municipal est\u00e9, desde que se aprob\u00f3 inicialmente el presupuesto, m\u00e1s preocupado en hacer de oposici\u00f3n a la oposici\u00f3n, que de hablar de los beneficios que este presupuesto puede traer para la ciudadan\u00eda. Igual es que pocos o ninguno\u2026","rel":"","context":"En \u00abAyuntamiento\u00bb","block_context":{"text":"Ayuntamiento","link":"https:\/\/iumotril.org\/sitio\/category\/ayuntamiento\/"},"img":{"alt_text":"","src":"https:\/\/i0.wp.com\/iumotril.org\/sitio\/wp-content\/uploads\/2025\/11\/inma-omiste-scaled.jpeg?resize=350%2C200&ssl=1","width":350,"height":200,"srcset":"https:\/\/i0.wp.com\/iumotril.org\/sitio\/wp-content\/uploads\/2025\/11\/inma-omiste-scaled.jpeg?resize=350%2C200&ssl=1 1x, https:\/\/i0.wp.com\/iumotril.org\/sitio\/wp-content\/uploads\/2025\/11\/inma-omiste-scaled.jpeg?resize=525%2C300&ssl=1 1.5x, https:\/\/i0.wp.com\/iumotril.org\/sitio\/wp-content\/uploads\/2025\/11\/inma-omiste-scaled.jpeg?resize=700%2C400&ssl=1 2x, https:\/\/i0.wp.com\/iumotril.org\/sitio\/wp-content\/uploads\/2025\/11\/inma-omiste-scaled.jpeg?resize=1050%2C600&ssl=1 3x, https:\/\/i0.wp.com\/iumotril.org\/sitio\/wp-content\/uploads\/2025\/11\/inma-omiste-scaled.jpeg?resize=1400%2C800&ssl=1 4x"},"classes":[]},{"id":10246,"url":"https:\/\/iumotril.org\/sitio\/reclamamos-que-el-presupuesto-2025-sirva-para-mejorar-la-calidad-de-vida-de-los-vecinos\/","url_meta":{"origin":96,"position":3},"title":"Reclamamos que el presupuesto 2025 sirva para mejorar la calidad de vida de los vecinos","author":"Izquierda Unida Motril","date":"12 noviembre, 2024","format":false,"excerpt":"Tras una primera lectura de la documentaci\u00f3n, IU Verdes Equo no puede estar de acuerdo con que no se contemple en la cuentas municipales una partida espec\u00edfica para subvencionar el IBI a los parados de larga duraci\u00f3n, como se hab\u00eda comprometido cuando se modificaron las ordenanzas fiscales recientemente. Tampoco comparte\u2026","rel":"","context":"En \u00abAyuntamiento\u00bb","block_context":{"text":"Ayuntamiento","link":"https:\/\/iumotril.org\/sitio\/category\/ayuntamiento\/"},"img":{"alt_text":"","src":"https:\/\/i0.wp.com\/iumotril.org\/sitio\/wp-content\/uploads\/2024\/11\/Presupuestos-2025.jpeg?resize=350%2C200&ssl=1","width":350,"height":200,"srcset":"https:\/\/i0.wp.com\/iumotril.org\/sitio\/wp-content\/uploads\/2024\/11\/Presupuestos-2025.jpeg?resize=350%2C200&ssl=1 1x, https:\/\/i0.wp.com\/iumotril.org\/sitio\/wp-content\/uploads\/2024\/11\/Presupuestos-2025.jpeg?resize=525%2C300&ssl=1 1.5x, https:\/\/i0.wp.com\/iumotril.org\/sitio\/wp-content\/uploads\/2024\/11\/Presupuestos-2025.jpeg?resize=700%2C400&ssl=1 2x, https:\/\/i0.wp.com\/iumotril.org\/sitio\/wp-content\/uploads\/2024\/11\/Presupuestos-2025.jpeg?resize=1050%2C600&ssl=1 3x, https:\/\/i0.wp.com\/iumotril.org\/sitio\/wp-content\/uploads\/2024\/11\/Presupuestos-2025.jpeg?resize=1400%2C800&ssl=1 4x"},"classes":[]},{"id":9571,"url":"https:\/\/iumotril.org\/sitio\/iu-verdes-equo-critica-que-el-gobierno-municipal-falte-a-la-verdad-para-justificar-la-subida-de-los-recibos-de-la-basura-y-anuncia-la-presentacion-de-reclamaciones-a-la-modificacion-de-la-ordenanza-fi\/","url_meta":{"origin":96,"position":4},"title":"IU-Verdes Equo critica que el gobierno municipal falte a la verdad para justificar la subida de los recibos de la basura y anuncia la presentaci\u00f3n de reclamaciones a la modificaci\u00f3n de la ordenanza fiscal","author":"Izquierda Unida Motril","date":"10 noviembre, 2023","format":false,"excerpt":"Los vecinos y vecinas de Motril vamos a pagar en los recibos los beneficios de las empresas privadas a las que el gobierno de Garc\u00eda Chamorro ha externalizado la limpieza de determinadas zonas de la ciudad, a pesar del deficiente servicio que prestan. El gobierno de Garc\u00eda Chamorro, con la\u2026","rel":"","context":"En \u00abCiudad\u00bb","block_context":{"text":"Ciudad","link":"https:\/\/iumotril.org\/sitio\/category\/ciudad\/"},"img":{"alt_text":"","src":"https:\/\/i0.wp.com\/iumotril.org\/sitio\/wp-content\/uploads\/2023\/11\/Captura-de-pantalla-2023-11-08-a-las-19.33.46.png?resize=350%2C200&ssl=1","width":350,"height":200,"srcset":"https:\/\/i0.wp.com\/iumotril.org\/sitio\/wp-content\/uploads\/2023\/11\/Captura-de-pantalla-2023-11-08-a-las-19.33.46.png?resize=350%2C200&ssl=1 1x, https:\/\/i0.wp.com\/iumotril.org\/sitio\/wp-content\/uploads\/2023\/11\/Captura-de-pantalla-2023-11-08-a-las-19.33.46.png?resize=525%2C300&ssl=1 1.5x, https:\/\/i0.wp.com\/iumotril.org\/sitio\/wp-content\/uploads\/2023\/11\/Captura-de-pantalla-2023-11-08-a-las-19.33.46.png?resize=700%2C400&ssl=1 2x"},"classes":[]},{"id":4762,"url":"https:\/\/iumotril.org\/sitio\/izquierda-unida-reclama-al-ayuntamiento-que-defienda-a-los-trabajadores-del-chiringuito-oleaje\/","url_meta":{"origin":96,"position":5},"title":"Izquierda Unida reclama al Ayuntamiento que defienda a los trabajadores del Chiringuito Oleaje","author":"Izquierda Unida Motril","date":"14 marzo, 2019","format":false,"excerpt":"La candidata de IU a la Alcald\u00eda de Motril ha se\u00f1alado que los gobiernos del PP y del PSOE son responsables de que se haya llegado a una situaci\u00f3n en la que, una vez m\u00e1s, se perjudica a los motrile\u00f1os y motrile\u00f1as que se da un trato de favor a\u2026","rel":"","context":"En \u00abEST\u00c1 PASANDO\u00bb","block_context":{"text":"EST\u00c1 PASANDO","link":"https:\/\/iumotril.org\/sitio\/category\/esta-pasando\/"},"img":{"alt_text":"","src":"https:\/\/i0.wp.com\/iumotril.org\/sitio\/wp-content\/uploads\/2019\/03\/PP-Oleaje.jpg?resize=350%2C200","width":350,"height":200},"classes":[]}],"jetpack_likes_enabled":true,"_links":{"self":[{"href":"https:\/\/iumotril.org\/sitio\/wp-json\/wp\/v2\/posts\/96","targetHints":{"allow":["GET"]}}],"collection":[{"href":"https:\/\/iumotril.org\/sitio\/wp-json\/wp\/v2\/posts"}],"about":[{"href":"https:\/\/iumotril.org\/sitio\/wp-json\/wp\/v2\/types\/post"}],"author":[{"embeddable":true,"href":"https:\/\/iumotril.org\/sitio\/wp-json\/wp\/v2\/users\/1"}],"replies":[{"embeddable":true,"href":"https:\/\/iumotril.org\/sitio\/wp-json\/wp\/v2\/comments?post=96"}],"version-history":[{"count":1,"href":"https:\/\/iumotril.org\/sitio\/wp-json\/wp\/v2\/posts\/96\/revisions"}],"predecessor-version":[{"id":97,"href":"https:\/\/iumotril.org\/sitio\/wp-json\/wp\/v2\/posts\/96\/revisions\/97"}],"wp:attachment":[{"href":"https:\/\/iumotril.org\/sitio\/wp-json\/wp\/v2\/media?parent=96"}],"wp:term":[{"taxonomy":"category","embeddable":true,"href":"https:\/\/iumotril.org\/sitio\/wp-json\/wp\/v2\/categories?post=96"},{"taxonomy":"post_tag","embeddable":true,"href":"https:\/\/iumotril.org\/sitio\/wp-json\/wp\/v2\/tags?post=96"}],"curies":[{"name":"wp","href":"https:\/\/api.w.org\/{rel}","templated":true}]}}