{"id":9579,"date":"2023-11-13T17:09:54","date_gmt":"2023-11-13T16:09:54","guid":{"rendered":"https:\/\/iumotril.org\/sitio\/?p=9579"},"modified":"2023-11-13T19:13:22","modified_gmt":"2023-11-13T18:13:22","slug":"pp-y-psoe-aprueban-subir-el-recibo-del-agua-un-5","status":"publish","type":"post","link":"https:\/\/iumotril.org\/sitio\/pp-y-psoe-aprueban-subir-el-recibo-del-agua-un-5\/","title":{"rendered":"PP y PSOE aprueban subir el recibo del agua un 5%"},"content":{"rendered":"<p>El Pleno de Mancomunidad celebrado este lunes, 13 de noviembre ha aprobado una subida del recibo del agua del <strong>4,93%<\/strong>. La subida ha contado con el apoyo del PP y PSOE. A esta subida hay que a\u00f1adir el canon aprobado para pagar las canalizaciones de B\u00e9znar Rules.<\/p>\n<p>El motivo de la subida es garantizar que la empresa <strong>Aguas y Servicios<\/strong> ingrese un 18% m\u00e1s de lo que presumiblemente gastar\u00e1 en el a\u00f1o.<\/p>\n<figure id=\"attachment_9581\" aria-describedby=\"caption-attachment-9581\" style=\"width: 379px\" class=\"wp-caption alignleft\"><img loading=\"lazy\" decoding=\"async\" data-attachment-id=\"9581\" data-permalink=\"https:\/\/iumotril.org\/sitio\/pp-y-psoe-aprueban-subir-el-recibo-del-agua-un-5\/pago-morgan-representante-de-iu-para-la-gente-en-mancomunidad\/\" data-orig-file=\"https:\/\/iumotril.org\/sitio\/wp-content\/uploads\/2023\/11\/Pago-Morgan-representante-de-IU-Para-la-gente-en-Mancomunidad.jpg\" data-orig-size=\"640,365\" data-comments-opened=\"1\" data-image-meta=\"{&quot;aperture&quot;:&quot;0&quot;,&quot;credit&quot;:&quot;&quot;,&quot;camera&quot;:&quot;&quot;,&quot;caption&quot;:&quot;&quot;,&quot;created_timestamp&quot;:&quot;0&quot;,&quot;copyright&quot;:&quot;&quot;,&quot;focal_length&quot;:&quot;0&quot;,&quot;iso&quot;:&quot;0&quot;,&quot;shutter_speed&quot;:&quot;0&quot;,&quot;title&quot;:&quot;&quot;,&quot;orientation&quot;:&quot;0&quot;}\" data-image-title=\"Pago Morgan representante de IU Para la gente en Mancomunidad\" data-image-description=\"\" data-image-caption=\"\" data-large-file=\"https:\/\/iumotril.org\/sitio\/wp-content\/uploads\/2023\/11\/Pago-Morgan-representante-de-IU-Para-la-gente-en-Mancomunidad.jpg\" class=\"wp-image-9581\" src=\"https:\/\/iumotril.org\/sitio\/wp-content\/uploads\/2023\/11\/Pago-Morgan-representante-de-IU-Para-la-gente-en-Mancomunidad.jpg\" alt=\"\" width=\"379\" height=\"216\" srcset=\"https:\/\/iumotril.org\/sitio\/wp-content\/uploads\/2023\/11\/Pago-Morgan-representante-de-IU-Para-la-gente-en-Mancomunidad.jpg 640w, https:\/\/iumotril.org\/sitio\/wp-content\/uploads\/2023\/11\/Pago-Morgan-representante-de-IU-Para-la-gente-en-Mancomunidad-300x171.jpg 300w\" sizes=\"auto, (max-width: 379px) 100vw, 379px\" \/><figcaption id=\"caption-attachment-9581\" class=\"wp-caption-text\">Paco Fern\u00e1ndez representante de IU Para la gente en la Junta General de la Mancomunidad de Municipios<\/figcaption><\/figure>\n<p>Los c\u00e1lculos en que se basa esta decisi\u00f3n establecen que la empresa va a gastar 17.109.726,43\u20ac, por lo que Mancomunidad tiene que garantizarle unos ingresos de 20.189.477,19\u20ac.<\/p>\n<p>Como ya hemos denunciado en anteriores ocasiones, se trata de un <strong>contrato blindado<\/strong> en el que una empresa privada se asegura un beneficio millonario sea cual sea su gesti\u00f3n. En este caso, la subida del recibo sirve para garantizar que Aguas y Servicios va a obtener este a\u00f1o unos beneficios de 3.079.750,76\u20ac.<\/p>\n<p>La subida aprobada no es lineal, sino que algunas partidas subir\u00e1n m\u00e1s que otras. Al igual que en a\u00f1os anteriores, la estructura de la tarifa apenas se toca. Se mantiene en lo esencial un sistema tarifario con una parte fija muy alta, lo que hace que el recibo de una vivienda con mucho consumo se diferencie poco del recibo de una vivienda con poco consumo. En opini\u00f3n de Izquierda Unida, esta pol\u00edtica desincentiva el ahorro ya que en la pr\u00e1ctica tiene pocos beneficios la familia o empresa que consume poco frente a la que derrocha el agua.<\/p>\n","protected":false},"excerpt":{"rendered":"<p>El motivo de la subida es garantizar que la empresa Aguas y Servicios ingrese un 18% m\u00e1s de lo que presumiblemente gastar\u00e1 en el a\u00f1o.<br \/>\nComo ya hemos denunciado en anteriores ocasiones, se trata de un contrato blindado en el que una empresa privada se asegura un beneficio millonario sea cual sea su gesti\u00f3n. En este caso, la subida del recibo sirve para garantizar que Aguas y Servicios va a obtener este a\u00f1o unos beneficios de 3.079.750,76\u20ac.<\/p>\n","protected":false},"author":1,"featured_media":9583,"comment_status":"open","ping_status":"open","sticky":false,"template":"","format":"standard","meta":{"cybocfi_hide_featured_image":"","_jetpack_newsletter_access":"","_jetpack_dont_email_post_to_subs":false,"_jetpack_newsletter_tier_id":0,"_jetpack_memberships_contains_paywalled_content":false,"_jetpack_memberships_contains_paid_content":false,"footnotes":""},"categories":[265,43,2035],"tags":[],"class_list":["post-9579","post","type-post","status-publish","format-standard","has-post-thumbnail","hentry","category-esta-pasando","category-impuestos-locales","category-mancomunidad"],"jetpack_featured_media_url":"https:\/\/iumotril.org\/sitio\/wp-content\/uploads\/2023\/11\/Aguas-y-servicios.jpg","jetpack_sharing_enabled":true,"jetpack_shortlink":"https:\/\/wp.me\/p4QsU5-2uv","jetpack-related-posts":[{"id":3249,"url":"https:\/\/iumotril.org\/sitio\/la-mancomunidad-aprueba-una-subida-del-725-en-el-recibo-del-agua-con-el-beneplacito-del-pp-y-del-psoe\/","url_meta":{"origin":9579,"position":0},"title":"LA MANCOMUNIDAD APRUEBA UNA SUBIDA DEL 7,25% EN EL RECIBO DEL  AGUA CON EL BENEPL\u00c1CITO DEL PP y del PSOE.","author":"Izquierda Unida Motril","date":"22 diciembre, 2017","format":false,"excerpt":"Desde Izquierda Unida se sigue denunciando que empresa contin\u00faa cortando el suministro de agua potable a familias sin recursos y cobrando cuotas de reenganche abusivas, as\u00ed como intereses de demora desmedidos de la deuda contra\u00edda. Veintid\u00f3s a\u00f1os de gesti\u00f3n del agua en los pueblos y ciudades de la Costa han\u2026","rel":"","context":"En \u00abEST\u00c1 PASANDO\u00bb","block_context":{"text":"EST\u00c1 PASANDO","link":"https:\/\/iumotril.org\/sitio\/category\/esta-pasando\/"},"img":{"alt_text":"","src":"https:\/\/i0.wp.com\/iumotril.org\/sitio\/wp-content\/uploads\/2017\/12\/PLENO-MANCOMUNIDAD-14-09-15-39-300x168.jpg?resize=350%2C200","width":350,"height":200},"classes":[]},{"id":10896,"url":"https:\/\/iumotril.org\/sitio\/iu-rechaza-una-nueva-subida-de-los-recibos-del-agua-considera-que-los-recibos-pueden-y-deben-bajar-en-2026\/","url_meta":{"origin":9579,"position":1},"title":"IU Rechaza una nueva subida de los recibos del agua. Considera que los recibos pueden y deben bajar en 2026","author":"Izquierda Unida Motril","date":"16 diciembre, 2025","format":false,"excerpt":"IU considera que, de ser cierto el balance aportado por Aguas y Servicios, con un importante super\u00e1vit, Mancomunidad podr\u00eda, y deber\u00eda, bajar la tarifa del agua para 2026. Despu\u00e9s de una subida del 20% en 2025 y otra del 5% en 2024, ser\u00eda razonable dar un respiro a las familias\u2026","rel":"","context":"En \u00abAgusas y Servicios\u00bb","block_context":{"text":"Agusas y Servicios","link":"https:\/\/iumotril.org\/sitio\/category\/agusas-y-servicios\/"},"img":{"alt_text":"","src":"https:\/\/i0.wp.com\/iumotril.org\/sitio\/wp-content\/uploads\/2025\/12\/Paco-Morgan.jpg?resize=350%2C200&ssl=1","width":350,"height":200},"classes":[]},{"id":3203,"url":"https:\/\/iumotril.org\/sitio\/izquierda-unida-recurre-la-subida-del-7-en-el-recibo-del-agua-en-la-costa-de-granada\/","url_meta":{"origin":9579,"position":2},"title":"IZQUIERDA UNIDA RECURRE LA SUBIDA DEL 7% EN EL RECIBO DEL AGUA EN LA COSTA DE GRANADA","author":"Izquierda Unida Motril","date":"20 noviembre, 2017","format":false,"excerpt":"La parlamentaria andaluza y coordinadora provincial de IU Granada, Mari Carmen P\u00e9rez, ha denunciado en Motril la subida de los recibos del agua a partir de enero y la obtenci\u00f3n de beneficios indecentes por parte de la empresa adjudicataria de su gesti\u00f3n a costa de la pobreza de los vecinos\u2026","rel":"","context":"En \u00abEST\u00c1 PASANDO\u00bb","block_context":{"text":"EST\u00c1 PASANDO","link":"https:\/\/iumotril.org\/sitio\/category\/esta-pasando\/"},"img":{"alt_text":"","src":"https:\/\/i0.wp.com\/iumotril.org\/sitio\/wp-content\/uploads\/2017\/11\/Agua_Mancomunidad_20-noviembre-1024x497.jpg?resize=350%2C200","width":350,"height":200,"srcset":"https:\/\/i0.wp.com\/iumotril.org\/sitio\/wp-content\/uploads\/2017\/11\/Agua_Mancomunidad_20-noviembre-1024x497.jpg?resize=350%2C200 1x, https:\/\/i0.wp.com\/iumotril.org\/sitio\/wp-content\/uploads\/2017\/11\/Agua_Mancomunidad_20-noviembre-1024x497.jpg?resize=525%2C300 1.5x"},"classes":[]},{"id":3212,"url":"https:\/\/iumotril.org\/sitio\/el-recibo-del-agua-sube-en-la-costa-de-granada-los-beneficios-de-la-empresa-crecen\/","url_meta":{"origin":9579,"position":3},"title":"EL RECIBO DEL AGUA SUBE EN LA COSTA DE GRANADA, LOS BENEFICIOS DE LA EMPRESA CRECEN","author":"Izquierda Unida Motril","date":"1 diciembre, 2017","format":false,"excerpt":"La diputada andaluza de IU, M\u00aa Carmen P\u00e9rez, denunci\u00f3 recientemente en Motril esta nueva subida del agua en la Costa de Granada, que est\u00e1 condenando a muchas familias a situaciones de pobreza energ\u00e9tica, mientras que la empresa concesionaria Aguas y Servicios est\u00e1 obteniendo en los \u00faltimos a\u00f1os beneficios econ\u00f3micos cercanos\u2026","rel":"","context":"En \u00abEST\u00c1 PASANDO\u00bb","block_context":{"text":"EST\u00c1 PASANDO","link":"https:\/\/iumotril.org\/sitio\/category\/esta-pasando\/"},"img":{"alt_text":"","src":"https:\/\/i0.wp.com\/iumotril.org\/sitio\/wp-content\/uploads\/2017\/12\/PLENO-MANCOMUNIDAD-14-09-15-39.jpg?resize=350%2C200","width":350,"height":200,"srcset":"https:\/\/i0.wp.com\/iumotril.org\/sitio\/wp-content\/uploads\/2017\/12\/PLENO-MANCOMUNIDAD-14-09-15-39.jpg?resize=350%2C200 1x, https:\/\/i0.wp.com\/iumotril.org\/sitio\/wp-content\/uploads\/2017\/12\/PLENO-MANCOMUNIDAD-14-09-15-39.jpg?resize=525%2C300 1.5x, https:\/\/i0.wp.com\/iumotril.org\/sitio\/wp-content\/uploads\/2017\/12\/PLENO-MANCOMUNIDAD-14-09-15-39.jpg?resize=700%2C400 2x"},"classes":[]},{"id":2306,"url":"https:\/\/iumotril.org\/sitio\/izquierda-unida-denuncia-la-nueva-subida-del-recibo-del-agua\/","url_meta":{"origin":9579,"position":4},"title":"IZQUIERDA UNIDA DENUNCIA LA NUEVA SUBIDA DEL RECIBO DEL AGUA","author":"Izquierda Unida Motril","date":"2 agosto, 2016","format":false,"excerpt":"Izquierda Unida se ha opuesto a la propuesta de modificaci\u00f3n de la ordenanza fiscal reguladora de la tasa por la prestaci\u00f3n de servicios, que supondr\u00e1 una subida del recibo del 4,7%, al considerarla injusta y totalmente injustificada. Para Izquierda Unida, la nueva subida en el recibo del agua viene a\u2026","rel":"","context":"En \u00abEST\u00c1 PASANDO\u00bb","block_context":{"text":"EST\u00c1 PASANDO","link":"https:\/\/iumotril.org\/sitio\/category\/esta-pasando\/"},"img":{"alt_text":"Aguas y servicios XX aniversario","src":"https:\/\/i0.wp.com\/iumotril.org\/sitio\/wp-content\/uploads\/2016\/06\/Aguas-y-servicios-XX-aniversario.jpg?resize=350%2C200","width":350,"height":200,"srcset":"https:\/\/i0.wp.com\/iumotril.org\/sitio\/wp-content\/uploads\/2016\/06\/Aguas-y-servicios-XX-aniversario.jpg?resize=350%2C200 1x, https:\/\/i0.wp.com\/iumotril.org\/sitio\/wp-content\/uploads\/2016\/06\/Aguas-y-servicios-XX-aniversario.jpg?resize=525%2C300 1.5x, https:\/\/i0.wp.com\/iumotril.org\/sitio\/wp-content\/uploads\/2016\/06\/Aguas-y-servicios-XX-aniversario.jpg?resize=700%2C400 2x"},"classes":[]},{"id":2398,"url":"https:\/\/iumotril.org\/sitio\/izquierda-unida-denunciara-a-la-mancomunidad-de-municipios-por-falta-de-transparencia-en-su-gestion\/","url_meta":{"origin":9579,"position":5},"title":"IZQUIERDA UNIDA DENUNCIAR\u00c1 A LA MANCOMUNIDAD DE MUNICIPIOS POR FALTA DE TRANSPARENCIA EN SU GESTI\u00d3N.","author":"Izquierda Unida Motril","date":"5 octubre, 2016","format":false,"excerpt":"Los portavoces de Izquierda Unida a nivel comarcal han anunciado que dar\u00e1n traslado al Consejo de Transparencia de Andaluc\u00eda lo que consideran que es un incumplimiento de la Ley al no estar publicando en el Portal de Transparencia Corporativo la informaci\u00f3n relacionada con los contratos, convenios y acuerdos que el\u2026","rel":"","context":"En \u00abEST\u00c1 PASANDO\u00bb","block_context":{"text":"EST\u00c1 PASANDO","link":"https:\/\/iumotril.org\/sitio\/category\/esta-pasando\/"},"img":{"alt_text":"prensa-inma-y-juani","src":"https:\/\/i0.wp.com\/iumotril.org\/sitio\/wp-content\/uploads\/2016\/10\/prensa-Inma-y-Juani.jpg?resize=350%2C200","width":350,"height":200,"srcset":"https:\/\/i0.wp.com\/iumotril.org\/sitio\/wp-content\/uploads\/2016\/10\/prensa-Inma-y-Juani.jpg?resize=350%2C200 1x, https:\/\/i0.wp.com\/iumotril.org\/sitio\/wp-content\/uploads\/2016\/10\/prensa-Inma-y-Juani.jpg?resize=525%2C300 1.5x"},"classes":[]}],"jetpack_likes_enabled":true,"_links":{"self":[{"href":"https:\/\/iumotril.org\/sitio\/wp-json\/wp\/v2\/posts\/9579","targetHints":{"allow":["GET"]}}],"collection":[{"href":"https:\/\/iumotril.org\/sitio\/wp-json\/wp\/v2\/posts"}],"about":[{"href":"https:\/\/iumotril.org\/sitio\/wp-json\/wp\/v2\/types\/post"}],"author":[{"embeddable":true,"href":"https:\/\/iumotril.org\/sitio\/wp-json\/wp\/v2\/users\/1"}],"replies":[{"embeddable":true,"href":"https:\/\/iumotril.org\/sitio\/wp-json\/wp\/v2\/comments?post=9579"}],"version-history":[{"count":5,"href":"https:\/\/iumotril.org\/sitio\/wp-json\/wp\/v2\/posts\/9579\/revisions"}],"predecessor-version":[{"id":9596,"href":"https:\/\/iumotril.org\/sitio\/wp-json\/wp\/v2\/posts\/9579\/revisions\/9596"}],"wp:featuredmedia":[{"embeddable":true,"href":"https:\/\/iumotril.org\/sitio\/wp-json\/wp\/v2\/media\/9583"}],"wp:attachment":[{"href":"https:\/\/iumotril.org\/sitio\/wp-json\/wp\/v2\/media?parent=9579"}],"wp:term":[{"taxonomy":"category","embeddable":true,"href":"https:\/\/iumotril.org\/sitio\/wp-json\/wp\/v2\/categories?post=9579"},{"taxonomy":"post_tag","embeddable":true,"href":"https:\/\/iumotril.org\/sitio\/wp-json\/wp\/v2\/tags?post=9579"}],"curies":[{"name":"wp","href":"https:\/\/api.w.org\/{rel}","templated":true}]}}