{"id":954,"date":"2015-06-18T14:37:13","date_gmt":"2015-06-18T12:37:13","guid":{"rendered":"http:\/\/iumotril.org\/sitio\/?p=954"},"modified":"2015-06-18T14:37:13","modified_gmt":"2015-06-18T12:37:13","slug":"izquierda-unida-rechaza-la-propuesta-de-sueldos-de-concejales-y-cargos-de-confianza-en-el-ayuntamiento-de-motril","status":"publish","type":"post","link":"https:\/\/iumotril.org\/sitio\/izquierda-unida-rechaza-la-propuesta-de-sueldos-de-concejales-y-cargos-de-confianza-en-el-ayuntamiento-de-motril\/","title":{"rendered":"Izquierda Unida rechaza la propuesta de sueldos de concejales y cargos de confianza en el Ayuntamiento de Motril"},"content":{"rendered":"<p style=\"text-align: justify;\"><strong>Izquierda Unida considera inaceptable que el primer Pleno del Ayuntamiento de Motril se dedique a fijar el sueldo de los concejales\/as a trav\u00e9s de un procedimiento extraordinario y urgente que ha eludido el necesario entendimiento con la oposici\u00f3n.<\/strong><\/p>\n<p><a href=\"https:\/\/iumotril.org\/sitio\/wp-content\/uploads\/2015\/06\/motril-alcaldese-575x323.jpg\"><img loading=\"lazy\" decoding=\"async\" data-attachment-id=\"965\" data-permalink=\"https:\/\/iumotril.org\/sitio\/izquierda-unida-rechaza-la-propuesta-de-sueldos-de-concejales-y-cargos-de-confianza-en-el-ayuntamiento-de-motril\/motril-alcaldese-575x323\/\" data-orig-file=\"https:\/\/iumotril.org\/sitio\/wp-content\/uploads\/2015\/06\/motril-alcaldese-575x323.jpg\" data-orig-size=\"575,323\" data-comments-opened=\"1\" data-image-meta=\"{&quot;aperture&quot;:&quot;0&quot;,&quot;credit&quot;:&quot;&quot;,&quot;camera&quot;:&quot;&quot;,&quot;caption&quot;:&quot;&quot;,&quot;created_timestamp&quot;:&quot;0&quot;,&quot;copyright&quot;:&quot;&quot;,&quot;focal_length&quot;:&quot;0&quot;,&quot;iso&quot;:&quot;0&quot;,&quot;shutter_speed&quot;:&quot;0&quot;,&quot;title&quot;:&quot;&quot;,&quot;orientation&quot;:&quot;0&quot;}\" data-image-title=\"motril-alcaldese&amp;#8211;575&amp;#215;323\" data-image-description=\"\" data-image-caption=\"\" data-large-file=\"https:\/\/iumotril.org\/sitio\/wp-content\/uploads\/2015\/06\/motril-alcaldese-575x323.jpg\" class=\"alignleft size-medium wp-image-965\" src=\"https:\/\/iumotril.org\/sitio\/wp-content\/uploads\/2015\/06\/motril-alcaldese-575x323-300x169.jpg\" alt=\"Investidura Flor Alm\u00f3n, Alcaldesa Motil\" width=\"300\" height=\"169\" srcset=\"https:\/\/iumotril.org\/sitio\/wp-content\/uploads\/2015\/06\/motril-alcaldese-575x323-300x169.jpg 300w, https:\/\/iumotril.org\/sitio\/wp-content\/uploads\/2015\/06\/motril-alcaldese-575x323-195x110.jpg 195w, https:\/\/iumotril.org\/sitio\/wp-content\/uploads\/2015\/06\/motril-alcaldese-575x323.jpg 575w\" sizes=\"auto, (max-width: 300px) 100vw, 300px\" \/><\/a>La sociedad motrile\u00f1a ha reclamado un cambio en los modos de gestionar los asuntos municipales que atienda prioritariamente a sus problemas y a las situaciones de extrema gravedad que vive un gran n\u00famero de familias, j\u00f3venes y desempleados.\u00a0 Por respeto a ellos, no puede trasladarse a los ciudadanos\/as que el principal problema de la ciudad, que debe resolverse de manera urgente, son los sueldos de sus concejales.<\/p>\n<p>IU ha solicitado a la Alcaldesa la retirada de esa propuesta hasta que, tras un proceso de entendimiento, se pueda llevar al Pleno otra consensuada con el mayor n\u00famero de fuerzas pol\u00edticas. En su lugar, ha solicitado que se convoque un Pleno en el que se aborden las primeras medidas urgentes de lucha contra la exclusi\u00f3n social y para paliar las graves condiciones de las personas que viven en el umbral de la pobreza.<\/p>\n<p>La portavoz del Grupo Municipal de Izquierda Unida, Daniela Paqu\u00e9 ha criticado el procedimiento seguido para el establecimiento de las retribuciones de concejales\/as y cargos de confianza, que se ha dado a conocer antes a los medios de comunicaci\u00f3n que a los grupos municipales. Una pr\u00e1ctica que ha sido la utilizada por el Partido Popular durante sus 10 a\u00f1os de mandato que hemos criticado con dureza y que lo seguiremos haciendo si el nuevo equipo de gobierno se suma a ella.<\/p>\n<p>A pesar de valorar que se ha producido cierta reducci\u00f3n de los gastos por remuneraciones a concejales\/as \u00a0y de cargos de confianza, la portavoz de la formaci\u00f3n de izquierdas ha defendido que las asignaciones a los cargos p\u00fablicos deben trasladarse al Pleno dentro de una pol\u00edtica de transparencia y fiscalizaci\u00f3n del gasto, ya que el dinero que se entrega a los partidos pol\u00edticos debe ser conocido y controlado por los ciudadanos\/as en aras de la necesaria racionalizaci\u00f3n de los recursos de la hacienda p\u00fablica. En este sentido, ha rechazado que se establezcan salarios de 42 mil euros anuales netos para concejales\/as con dedicaci\u00f3n a tiempo parcial, a la vez\u00a0\u00a0que ha reclamado que todos los grupos pol\u00edticos que reciben dinero de las arcas municipales hagan p\u00fablicas sus cuentas, sus gastos electorales y la procedencia de sus fondos, <a title=\"Gastos campa\u00f1a municipales 2015\" href=\"https:\/\/iumotril.org\/sitio\/?p=799\" target=\"_blank\">como ya hizo Izquierda Unida<\/a> en lo relativo a los gastos de su campa\u00f1a electoral.<\/p>\n<p>Izquierda Unida considera que es necesario enviar un mensaje claro a la sociedad motrile\u00f1a del nuevo tiempo pol\u00edtico que debe comenzar en Motril, un mensaje generador de confianza que no defraude las expectativas que la ciudadan\u00eda ha puesto en manos de los nuevos responsables municipales. Por ello, entiende que el mejor modo de hacerlo no es otro que llevar a cabo pol\u00edticas de izquierda que contribuyan a avanzar en la reducci\u00f3n de las desigualdades y a la cohesi\u00f3n social.<\/p>\n","protected":false},"excerpt":{"rendered":"<p>Izquierda Unida considera inaceptable que el primer Pleno del Ayuntamiento de Motril se dedique a fijar el sueldo de los Concejales\/as a trav\u00e9s de un procedimiento extraordinario y urgente que ha eludido el necesario entendimiento con la oposici\u00f3n.<br \/>\nPor ello, ha solicitado a la Alcaldesa la retirada de esa propuesta hasta que, tras un proceso de entendimiento, se pueda llevar al Pleno otra consensuada con el mayor n\u00famero de fuerzas pol\u00edticas. En su lugar, ha solicitado que se convoque un Pleno en el que se aborden las primeras medidas urgentes de lucha contra la exclusi\u00f3n social y para paliar las graves condiciones de las personas que viven en el umbral de la pobreza.<\/p>\n","protected":false},"author":1,"featured_media":0,"comment_status":"open","ping_status":"open","sticky":false,"template":"","format":"standard","meta":{"cybocfi_hide_featured_image":"","_jetpack_newsletter_access":"","_jetpack_dont_email_post_to_subs":false,"_jetpack_newsletter_tier_id":0,"_jetpack_memberships_contains_paywalled_content":false,"_jetpack_memberships_contains_paid_content":false,"footnotes":""},"categories":[7],"tags":[96,141,84,142,63,140],"class_list":["post-954","post","type-post","status-publish","format-standard","hentry","category-ayuntamiento","tag-96","tag-cargos-de-confianza","tag-daniela-paque","tag-plenos","tag-propuestas","tag-sueldos-concejales"],"jetpack_featured_media_url":"","jetpack_sharing_enabled":true,"jetpack_shortlink":"https:\/\/wp.me\/p4QsU5-fo","jetpack-related-posts":[{"id":699,"url":"https:\/\/iumotril.org\/sitio\/izquierda-unida-limitara-los-sueldos-del-alcalde-de-los-concejales-y-de-cargos-publicos-del-ayuntamiento\/","url_meta":{"origin":954,"position":0},"title":"Izquierda Unida limitar\u00e1 los sueldos del Alcalde, de los Concejales y de cargos p\u00fablicos del Ayuntamiento","author":"Izquierda Unida Motril","date":"13 mayo, 2015","format":false,"excerpt":"Izquierda Unida se compromete formalmente con los motrile\u00f1os\/as a la regeneraci\u00f3n democr\u00e1tica a trav\u00e9s de un compromiso \u00e9tico que incluye medidas relativas a la honestidad y lucha contra la corrupci\u00f3n, a los sueldos p\u00fablicos, a la transparencia y a la participaci\u00f3n ciudadana.","rel":"","context":"En \u00abMunicipales 2015\u00bb","block_context":{"text":"Municipales 2015","link":"https:\/\/iumotril.org\/sitio\/category\/municipales-2015\/"},"img":{"alt_text":"Fuente: Motril Digital","src":"https:\/\/i0.wp.com\/iumotril.org\/sitio\/wp-content\/uploads\/2015\/05\/Rojas.jpeg?resize=350%2C200","width":350,"height":200},"classes":[]},{"id":168,"url":"https:\/\/iumotril.org\/sitio\/el-pp-motril-mantiene-sus-privilegios-a-costa-del-sacrificio-de-los-ciudadans\/","url_meta":{"origin":954,"position":1},"title":"EL PP MOTRIL MANTIENE SUS PRIVILEGIOS A COSTA DEL SACRIFICIO DE LOS CIUDADAN@S","author":"Izquierda Unida Motril","date":"26 septiembre, 2014","format":false,"excerpt":"IU Motril critica duramente los presupuestos para el ejercicio 2014 que el PP de Motril ha aprobado en solitario haciendo valer el rodillo de la mayor\u00eda absoluta y los ha calificado como los presupuestos de la \u201cverg\u00fcenza\u201d. Para la Concejala de IU en el Ayuntamiento de Motril, Daniela Paqu\u00e9 estos\u2026","rel":"","context":"En \u00abAyuntamiento\u00bb","block_context":{"text":"Ayuntamiento","link":"https:\/\/iumotril.org\/sitio\/category\/ayuntamiento\/"},"img":{"alt_text":"daniela  5","src":"https:\/\/i0.wp.com\/iumotril.org\/sitio\/wp-content\/uploads\/2014\/09\/daniela-5-300x200.jpg?resize=350%2C200","width":350,"height":200},"classes":[]},{"id":655,"url":"https:\/\/iumotril.org\/sitio\/izquierda-unida-realizara-una-auditoria-externa-sobre-la-situacion-economica-real-del-ayuntamiento-y-sobre-la-gestion-realizada-por-el-pp\/","url_meta":{"origin":954,"position":2},"title":"Izquierda Unida realizar\u00e1 una auditor\u00eda externa sobre la situaci\u00f3n econ\u00f3mica real del Ayuntamiento y sobre la gesti\u00f3n realizada por el PP","author":"Izquierda Unida Motril","date":"11 mayo, 2015","format":false,"excerpt":"Izquierda Unida defiende un Ayuntamiento participado y fiscalizado a trav\u00e9s de mecanismos de participaci\u00f3n que articulen una conexi\u00f3n permanente entre los representantes y los representados. En este sentido incluye en su Programa de gobierno un compromiso \u00e9tico con la ciudadan\u00eda que integra iniciativas y medidas para asegurar la honestidad de\u2026","rel":"","context":"En \u00abMunicipales 2015\u00bb","block_context":{"text":"Municipales 2015","link":"https:\/\/iumotril.org\/sitio\/category\/municipales-2015\/"},"img":{"alt_text":"Daniela Paqu\u00e9 candidata a la Alcald\u00eda de Motril","src":"https:\/\/i0.wp.com\/iumotril.org\/sitio\/wp-content\/uploads\/2015\/05\/Paginas-100xCien-.001-225x300.jpg?resize=350%2C200","width":350,"height":200},"classes":[]},{"id":1991,"url":"https:\/\/iumotril.org\/sitio\/izquierda-unida-propone-que-el-ayuntamiento-rinda-moneje-a-los-alcaldes-y-concejales-de-motril-durante-la-ii-republica\/","url_meta":{"origin":954,"position":3},"title":"IZQUIERDA UNIDA PROPONE QUE EL AYUNTAMIENTO RINDA MONEJE A LOS ALCALDES Y CONCEJALES DE MOTRIL DURANTE LA II REP\u00daBLICA","author":"Izquierda Unida Motril","date":"30 marzo, 2016","format":false,"excerpt":"El 14 de abril se cumplir\u00e1n 85 a\u00f1os de la proclamaci\u00f3n de la II Rep\u00fablica, el primer r\u00e9gimen democr\u00e1tico de nuestra historia que instaur\u00f3 un verdadero Estado de Derecho y proclam\u00f3 la primera Constituci\u00f3n democr\u00e1tica en Espa\u00f1a. Con motivo de esta conmemoraci\u00f3n, el Grupo Municipal de Izquierda Unida ha presentado\u2026","rel":"","context":"En \u00abEST\u00c1 PASANDO\u00bb","block_context":{"text":"EST\u00c1 PASANDO","link":"https:\/\/iumotril.org\/sitio\/category\/esta-pasando\/"},"img":{"alt_text":"REpublica machado","src":"https:\/\/i0.wp.com\/iumotril.org\/sitio\/wp-content\/uploads\/2016\/03\/REpublica-machado.jpg?resize=350%2C200","width":350,"height":200,"srcset":"https:\/\/i0.wp.com\/iumotril.org\/sitio\/wp-content\/uploads\/2016\/03\/REpublica-machado.jpg?resize=350%2C200 1x, https:\/\/i0.wp.com\/iumotril.org\/sitio\/wp-content\/uploads\/2016\/03\/REpublica-machado.jpg?resize=525%2C300 1.5x"},"classes":[]},{"id":1070,"url":"https:\/\/iumotril.org\/sitio\/izquierda-unida-muestra-su-desacuerdo-con-las-indemnizaciones-por-asistencia-a-los-organos-colegiados\/","url_meta":{"origin":954,"position":4},"title":"IZQUIERDA UNIDA MUESTRA SU DESACUERDO CON LAS INDEMNIZACIONES POR ASISTENCIA A LOS \u00d3RGANOS COLEGIADOS.","author":"Izquierda Unida Motril","date":"17 julio, 2015","format":false,"excerpt":"La portavoz del Grupo municipal de Izquierda Unida, Daniela Paqu\u00e9, ha criticado que los \u00fanicos plenos celebrados hasta el momento por la nueva Corporaci\u00f3n hayan tenido car\u00e1cter extraordinario y hayan abordado asuntos relacionados con la organizaci\u00f3n interna del Ayuntamiento, como sueldos y composici\u00f3n de la Junta de Gobierno Local, o\u2026","rel":"","context":"En \u00abAyuntamiento\u00bb","block_context":{"text":"Ayuntamiento","link":"https:\/\/iumotril.org\/sitio\/category\/ayuntamiento\/"},"img":{"alt_text":"Momento_del_primer_Pleno_del_Ayuntamiento_de_Motril","src":"https:\/\/i0.wp.com\/iumotril.org\/sitio\/wp-content\/uploads\/2015\/07\/Momento_del_primer_Pleno_del_Ayuntamiento_de_Motril-300x200.jpg?resize=350%2C200","width":350,"height":200},"classes":[]},{"id":2876,"url":"https:\/\/iumotril.org\/sitio\/reclamamos-a-flor-almon-que-atienda-las-peticiones-del-defensor-del-pueblo-andaluz\/","url_meta":{"origin":954,"position":5},"title":"Reclamamos a Flor Alm\u00f3n que atienda las peticiones del Defensor del Pueblo Andaluz","author":"Izquierda Unida Motril","date":"12 mayo, 2017","format":false,"excerpt":"Christian Linares, concejal del Grupo Municipal de Izquierda Unida, ha manifestado que estamos ante un nuevo ejemplo de la desidia y el desinter\u00e9s de nuestros gobernantes del PA-PSOE hacia los asuntos de nuestra ciudad y los intereses de los motrile\u00f1os y motrile\u00f1as. Un desprecio m\u00e1s hacia los vecinos y vecinas\u2026","rel":"","context":"En \u00abEST\u00c1 PASANDO\u00bb","block_context":{"text":"EST\u00c1 PASANDO","link":"https:\/\/iumotril.org\/sitio\/category\/esta-pasando\/"},"img":{"alt_text":"","src":"https:\/\/i0.wp.com\/iumotril.org\/sitio\/wp-content\/uploads\/2017\/05\/imagen-DPA.jpg?resize=350%2C200","width":350,"height":200},"classes":[]}],"jetpack_likes_enabled":true,"_links":{"self":[{"href":"https:\/\/iumotril.org\/sitio\/wp-json\/wp\/v2\/posts\/954","targetHints":{"allow":["GET"]}}],"collection":[{"href":"https:\/\/iumotril.org\/sitio\/wp-json\/wp\/v2\/posts"}],"about":[{"href":"https:\/\/iumotril.org\/sitio\/wp-json\/wp\/v2\/types\/post"}],"author":[{"embeddable":true,"href":"https:\/\/iumotril.org\/sitio\/wp-json\/wp\/v2\/users\/1"}],"replies":[{"embeddable":true,"href":"https:\/\/iumotril.org\/sitio\/wp-json\/wp\/v2\/comments?post=954"}],"version-history":[{"count":8,"href":"https:\/\/iumotril.org\/sitio\/wp-json\/wp\/v2\/posts\/954\/revisions"}],"predecessor-version":[{"id":968,"href":"https:\/\/iumotril.org\/sitio\/wp-json\/wp\/v2\/posts\/954\/revisions\/968"}],"wp:attachment":[{"href":"https:\/\/iumotril.org\/sitio\/wp-json\/wp\/v2\/media?parent=954"}],"wp:term":[{"taxonomy":"category","embeddable":true,"href":"https:\/\/iumotril.org\/sitio\/wp-json\/wp\/v2\/categories?post=954"},{"taxonomy":"post_tag","embeddable":true,"href":"https:\/\/iumotril.org\/sitio\/wp-json\/wp\/v2\/tags?post=954"}],"curies":[{"name":"wp","href":"https:\/\/api.w.org\/{rel}","templated":true}]}}