{"id":9451,"date":"2023-09-28T19:40:31","date_gmt":"2023-09-28T17:40:31","guid":{"rendered":"https:\/\/iumotril.org\/sitio\/?p=9451"},"modified":"2023-09-28T20:01:25","modified_gmt":"2023-09-28T18:01:25","slug":"luis-rubiales-mantendra-de-momento-la-medalla-de-la-ciudad-de-motril","status":"publish","type":"post","link":"https:\/\/iumotril.org\/sitio\/luis-rubiales-mantendra-de-momento-la-medalla-de-la-ciudad-de-motril\/","title":{"rendered":"Luis Rubiales mantendr\u00e1, de momento, la medalla de la ciudad de Motril"},"content":{"rendered":"<p><iframe loading=\"lazy\" title=\"Sesi\u00f3n Plenaria Ayuntamiento de Motril 28 de Septiembre de 2023\" width=\"640\" height=\"360\" src=\"https:\/\/www.youtube.com\/embed\/8J5rnoz8CXM?feature=oembed\" frameborder=\"0\" allow=\"accelerometer; autoplay; clipboard-write; encrypted-media; gyroscope; picture-in-picture; web-share\" referrerpolicy=\"strict-origin-when-cross-origin\" allowfullscreen><\/iframe><\/p>\n<p>&nbsp;<\/p>\n<p>Esta ma\u00f1ana, en el debate del pleno de la moci\u00f3n para dejar sin efecto la retirada de la medalla de oro de la ciudad a Luis Rubiales, el portavoz del PMAS, Antonio Esc\u00e1mez, ha intentado deslegitimar los planteamiento de nuestro portavoz con el argumento literal de \u00abporque usted no es de Motril\u00bb. Argumento de peso democr\u00e1tico, sin ninguna duda.<\/p>\n<p>Este y otros momentos del debate pueden verlo en la grabaci\u00f3n del pleno, entre el min. 1:04 al 1:55.<\/p>\n<p>Es verdad, nuestro portavoz no ha nacido en Motril, aunque vive y trabaja en Motril desde hace muchos a\u00f1os y, sobre todo, pasa por alto el se\u00f1or Esc\u00e1mez que m\u00e1s de 1.500 motrile\u00f1os y motrile\u00f1as han despositado su confianza en las \u00faltimas elecciones municipales en la que organizaci\u00f3n a la que representa, se supone que motrile\u00f1os y motrile\u00f1as de origen o de adopci\u00f3n.<\/p>\n<p>Todo ello para justificar su apoyo incondicional a Luis Rubiales y a su comportamiento machista y mis\u00f3gino despreciable. Porque \u00e9l lo conoce desde peque\u00f1ito y es muy buena persona.<\/p>\n<p>Cuando se defiende lo indefendible se recurre a argumentos disparatados.<\/p>\n<p>Rechazamos que el se\u00f1or Esc\u00e1mez se arrogue la funci\u00f3n de certificar qui\u00e9n est\u00e1 legitimado por su pedigr\u00ed o lugar de origen a defender planteamientos o propuestas que tienen que ver con su ciudad que, como ciudadanos o ciudadanas,\u00a0 les conciernen.<\/p>\n<p>En definitiva, denunciamos los argumentos de la caverna para justificar un comportamiento reprobable, se mire como se mire, y nos ratificamos en nuestra condena absoluta al comportamiento de Rubiales a la vez\u00a0 criticamos la posici\u00f3n de los grupos pol\u00edticos que han justificado, de un modo u otro, sus actuaciones, alimentando un discurso negacionista y de desprecio hacia la libertad de las mujeres inquietante y peligroso por el mensaje que trasladan a la sociedad motrile\u00f1a.<\/p>\n<p>&nbsp;<\/p>\n<p>&nbsp;<\/p>\n<p>&nbsp;<\/p>\n<p>&nbsp;<\/p>\n","protected":false},"excerpt":{"rendered":"<p>Esta ma\u00f1ana, en el debate del pleno de la moci\u00f3n para dejar sin efecto la retirada de la medalla de oro de la ciudad a Luis Rubiales, el portavoz del PMAS, Antonio Esc\u00e1mez, ha intentado deslegitimar los planteamiento de nuestro portavoz con el argumento literal de \u00abporque usted no es de Motril\u00bb. Argumento de peso democr\u00e1tico, sin ninguna duda.<\/p>\n<p>Este y otros momentos del debate pueden verlo en la grabaci\u00f3n del pleno, entre el min. 1:04 al 1:55.<br \/>\nEn definitiva, rechazamos los argumentos de la caverna para justificar un comportamiento reprobable, se mire como se mire, y nos ratificamos en nuestra condena absoluta al comportamiento de Rubiales a la vez\u00a0 denunciamos la posici\u00f3n de los grupos pol\u00edticos que han justificado, de un modo u otro, sus actuaciones, alimentando un discurso negacionista y de desprecio hacia la libertad de las mujeres inquietante y peligroso por el mensaje que trasaladan a la sociedad motrile\u00f1a.<\/p>\n","protected":false},"author":1,"featured_media":9456,"comment_status":"open","ping_status":"open","sticky":false,"template":"","format":"standard","meta":{"cybocfi_hide_featured_image":"","_jetpack_newsletter_access":"","_jetpack_dont_email_post_to_subs":false,"_jetpack_newsletter_tier_id":0,"_jetpack_memberships_contains_paywalled_content":false,"_jetpack_memberships_contains_paid_content":false,"footnotes":""},"categories":[7,265,36],"tags":[1999,1998,1989],"class_list":["post-9451","post","type-post","status-publish","format-standard","has-post-thumbnail","hentry","category-ayuntamiento","category-esta-pasando","category-mociones-pleno","tag-medalla-ciudad","tag-pleno-motril","tag-rubiales"],"jetpack_featured_media_url":"https:\/\/iumotril.org\/sitio\/wp-content\/uploads\/2023\/09\/LuisRubiales-R8CDyPudhHUqLukPn1kCWkK-758x531@abc.jpg","jetpack_sharing_enabled":true,"jetpack_shortlink":"https:\/\/wp.me\/p4QsU5-2sr","jetpack-related-posts":[{"id":9426,"url":"https:\/\/iumotril.org\/sitio\/iu-verdes-equo-confia-en-obtener-el-apoyo-mayoritario-del-pleno-para-retirar-la-medalla-de-motril-a-luis-rubiales\/","url_meta":{"origin":9451,"position":0},"title":"IU-Verdes Equo conf\u00eda en obtener el apoyo mayoritario del Pleno para retirar la medalla de Motril a Luis Rubiales","author":"Izquierda Unida Motril","date":"26 septiembre, 2023","format":false,"excerpt":"Las instituciones tienen que estar a la altura y representar a la ciudadan\u00eda.\u00a0 Como sociedad no podemos permitir el abuso de poder, la falta de respeto a las mujeres y cualquier tipo de comportamiento inadecuado. Ahora, el Ayuntamiento de Motril tiene la ocasi\u00f3n de demostrar ese compromiso institucional, por responsabilidad,\u2026","rel":"","context":"En \u00abAyuntamiento\u00bb","block_context":{"text":"Ayuntamiento","link":"https:\/\/iumotril.org\/sitio\/category\/ayuntamiento\/"},"img":{"alt_text":"","src":"https:\/\/i0.wp.com\/iumotril.org\/sitio\/wp-content\/uploads\/2023\/09\/Se-acabo.jpg?resize=350%2C200&ssl=1","width":350,"height":200,"srcset":"https:\/\/i0.wp.com\/iumotril.org\/sitio\/wp-content\/uploads\/2023\/09\/Se-acabo.jpg?resize=350%2C200&ssl=1 1x, https:\/\/i0.wp.com\/iumotril.org\/sitio\/wp-content\/uploads\/2023\/09\/Se-acabo.jpg?resize=525%2C300&ssl=1 1.5x, https:\/\/i0.wp.com\/iumotril.org\/sitio\/wp-content\/uploads\/2023\/09\/Se-acabo.jpg?resize=700%2C400&ssl=1 2x, https:\/\/i0.wp.com\/iumotril.org\/sitio\/wp-content\/uploads\/2023\/09\/Se-acabo.jpg?resize=1050%2C600&ssl=1 3x, https:\/\/i0.wp.com\/iumotril.org\/sitio\/wp-content\/uploads\/2023\/09\/Se-acabo.jpg?resize=1400%2C800&ssl=1 4x"},"classes":[]},{"id":10857,"url":"https:\/\/iumotril.org\/sitio\/el-gobierno-local-ignora-nuevamente-la-reclamacion-de-retirar-la-medalla-de-la-ciudad-a-luis-rubiales-bejar\/","url_meta":{"origin":9451,"position":1},"title":"El gobierno local ignora nuevamente la reclamaci\u00f3n de retirar la medalla de la ciudad a Luis Rubiales B\u00e9jar","author":"Izquierda Unida Motril","date":"21 noviembre, 2025","format":false,"excerpt":"La permanencia de Rubiales como medalla de oro menoscaba el reconocimiento otorgado a otras entidades y personas ilustres que han recibido esta distinci\u00f3n en los \u00faltimos a\u00f1os, entre otros\u00a0 Conchi Maya, Juan Carlos Garvayo, Carlos y David de Jacoba o de instituciones como el\u00a0 Cuerpo de la Polic\u00eda Local de\u2026","rel":"","context":"En \u00abCiudad\u00bb","block_context":{"text":"Ciudad","link":"https:\/\/iumotril.org\/sitio\/category\/ciudad\/"},"img":{"alt_text":"","src":"https:\/\/i0.wp.com\/iumotril.org\/sitio\/wp-content\/uploads\/2025\/11\/PHOTO-2025-11-21-10-22-49.jpg?resize=350%2C200&ssl=1","width":350,"height":200,"srcset":"https:\/\/i0.wp.com\/iumotril.org\/sitio\/wp-content\/uploads\/2025\/11\/PHOTO-2025-11-21-10-22-49.jpg?resize=350%2C200&ssl=1 1x, https:\/\/i0.wp.com\/iumotril.org\/sitio\/wp-content\/uploads\/2025\/11\/PHOTO-2025-11-21-10-22-49.jpg?resize=525%2C300&ssl=1 1.5x, https:\/\/i0.wp.com\/iumotril.org\/sitio\/wp-content\/uploads\/2025\/11\/PHOTO-2025-11-21-10-22-49.jpg?resize=700%2C400&ssl=1 2x, https:\/\/i0.wp.com\/iumotril.org\/sitio\/wp-content\/uploads\/2025\/11\/PHOTO-2025-11-21-10-22-49.jpg?resize=1050%2C600&ssl=1 3x, https:\/\/i0.wp.com\/iumotril.org\/sitio\/wp-content\/uploads\/2025\/11\/PHOTO-2025-11-21-10-22-49.jpg?resize=1400%2C800&ssl=1 4x"},"classes":[]},{"id":6656,"url":"https:\/\/iumotril.org\/sitio\/izquierda-unida-equo-recurre-la-decision-del-pleno-de-mantener-la-medalla-de-oro-de-motril-a-franco\/","url_meta":{"origin":9451,"position":2},"title":"Izquierda Unida-Equo recurre la decisi\u00f3n del Pleno de mantener la medalla de oro de Motril a Franco","author":"Izquierda Unida Motril","date":"31 agosto, 2020","format":false,"excerpt":"El recurso presentado constituye un intento m\u00e1s del Grupo Municipal de IU-Equo para que el gobierno municipal de Motril reconsidere su decisi\u00f3n y acceda a retirar la medalla de oro al dictador sin necesidad de acudir a sede judicial en reclamaci\u00f3n del debido respeto a la normativa de Memoria Hist\u00f3rica\u2026","rel":"","context":"En \u00abEST\u00c1 PASANDO\u00bb","block_context":{"text":"EST\u00c1 PASANDO","link":"https:\/\/iumotril.org\/sitio\/category\/esta-pasando\/"},"img":{"alt_text":"","src":"https:\/\/i0.wp.com\/iumotril.org\/sitio\/wp-content\/uploads\/2020\/08\/Jose-e-Inma-31-agosto-1024x768.jpg?resize=350%2C200","width":350,"height":200,"srcset":"https:\/\/i0.wp.com\/iumotril.org\/sitio\/wp-content\/uploads\/2020\/08\/Jose-e-Inma-31-agosto-1024x768.jpg?resize=350%2C200 1x, https:\/\/i0.wp.com\/iumotril.org\/sitio\/wp-content\/uploads\/2020\/08\/Jose-e-Inma-31-agosto-1024x768.jpg?resize=525%2C300 1.5x"},"classes":[]},{"id":1139,"url":"https:\/\/iumotril.org\/sitio\/izquierda-unida-presenta-al-pleno-municipal-una-mocion-solicitando-la-retirada-de-la-medalla-de-oro-de-la-ciudad-a-fulgencio-spa\/","url_meta":{"origin":9451,"position":3},"title":"IZQUIERDA UNIDA PRESENTA AL PLENO MUNICIPAL UNA MOCI\u00d3N SOLICITANDO LA RETIRADA DE LA MEDALLA DE ORO DE LA CIUDAD A  FULGENCIO SPA","author":"Izquierda Unida Motril","date":"29 julio, 2015","format":false,"excerpt":"Izquierda Unida entiende que estas distinciones, en primer lugar, deben contar con el necesario consenso de todos los grupos y, sobre todo, no recaer en ning\u00fan caso en personas que se hayan podido caracterizar por actitudes racistas, enaltecedoras de la violencia, la intolerancia o cualesquiera otras relacionadas con el menosprecio\u2026","rel":"","context":"En \u00abAyuntamiento\u00bb","block_context":{"text":"Ayuntamiento","link":"https:\/\/iumotril.org\/sitio\/category\/ayuntamiento\/"},"img":{"alt_text":"Luisa Chamorro y Fulgencio Spa","src":"https:\/\/i0.wp.com\/iumotril.org\/sitio\/wp-content\/uploads\/2015\/06\/Luisa-y-Spa.jpg?resize=350%2C200","width":350,"height":200,"srcset":"https:\/\/i0.wp.com\/iumotril.org\/sitio\/wp-content\/uploads\/2015\/06\/Luisa-y-Spa.jpg?resize=350%2C200 1x, https:\/\/i0.wp.com\/iumotril.org\/sitio\/wp-content\/uploads\/2015\/06\/Luisa-y-Spa.jpg?resize=525%2C300 1.5x"},"classes":[]},{"id":6768,"url":"https:\/\/iumotril.org\/sitio\/apoya-la-retirada-de-la-medalla-de-oro-de-motril-al-dictador\/","url_meta":{"origin":9451,"position":4},"title":"Apoya la retirada de la medalla de oro de Motril al Dictador","author":"Izquierda Unida Motril","date":"20 octubre, 2020","format":false,"excerpt":"No podemos permitir que el fascismo avance en nuestros pueblos, en nuestras ciudades y en nuestro pa\u00eds, negando el horror de la dictadura franquista y justificando su barbarie. Contar con el m\u00e1ximo apoyo posible a esta denuncia, es fundamental para el objetivo que pretendemos: retirar la m\u00e1xima distinci\u00f3n de la\u2026","rel":"","context":"En \u00abEST\u00c1 PASANDO\u00bb","block_context":{"text":"EST\u00c1 PASANDO","link":"https:\/\/iumotril.org\/sitio\/category\/esta-pasando\/"},"img":{"alt_text":"","src":"https:\/\/i0.wp.com\/iumotril.org\/sitio\/wp-content\/uploads\/2020\/08\/porfranciscofranco-176x176.jpg?resize=350%2C200","width":350,"height":200},"classes":[]},{"id":2673,"url":"https:\/\/iumotril.org\/sitio\/izquierda-unida-recomienda-a-flor-almon-viajar-menos-y-trabajar-mas-en-motril\/","url_meta":{"origin":9451,"position":5},"title":"IZQUIERDA UNIDA RECOMIENDA A FLOR ALM\u00d3N VIAJAR MENOS Y TRABAJAR M\u00c1S EN MOTRIL","author":"Izquierda Unida Motril","date":"29 enero, 2017","format":false,"excerpt":"Izquierda Unida reclama a la alcaldesa viajera, Flor Alm\u00f3n, a su s\u00e9quito y al Partido Socialista que trabajen para dinamizar la ciudad y contribuir a su crecimiento y desarrollo econ\u00f3mico y social a trav\u00e9s de la puesta en marcha de estrategias de empleo local, con oportunidades de empleo y formaci\u00f3n\u2026","rel":"","context":"En \u00abEST\u00c1 PASANDO\u00bb","block_context":{"text":"EST\u00c1 PASANDO","link":"https:\/\/iumotril.org\/sitio\/category\/esta-pasando\/"},"img":{"alt_text":"","src":"https:\/\/i0.wp.com\/iumotril.org\/sitio\/wp-content\/uploads\/2017\/01\/FITUR-MOTRIL-22-ENERO-1024x613-1024x613.jpg?resize=350%2C200","width":350,"height":200,"srcset":"https:\/\/i0.wp.com\/iumotril.org\/sitio\/wp-content\/uploads\/2017\/01\/FITUR-MOTRIL-22-ENERO-1024x613-1024x613.jpg?resize=350%2C200 1x, https:\/\/i0.wp.com\/iumotril.org\/sitio\/wp-content\/uploads\/2017\/01\/FITUR-MOTRIL-22-ENERO-1024x613-1024x613.jpg?resize=525%2C300 1.5x"},"classes":[]}],"jetpack_likes_enabled":true,"_links":{"self":[{"href":"https:\/\/iumotril.org\/sitio\/wp-json\/wp\/v2\/posts\/9451","targetHints":{"allow":["GET"]}}],"collection":[{"href":"https:\/\/iumotril.org\/sitio\/wp-json\/wp\/v2\/posts"}],"about":[{"href":"https:\/\/iumotril.org\/sitio\/wp-json\/wp\/v2\/types\/post"}],"author":[{"embeddable":true,"href":"https:\/\/iumotril.org\/sitio\/wp-json\/wp\/v2\/users\/1"}],"replies":[{"embeddable":true,"href":"https:\/\/iumotril.org\/sitio\/wp-json\/wp\/v2\/comments?post=9451"}],"version-history":[{"count":7,"href":"https:\/\/iumotril.org\/sitio\/wp-json\/wp\/v2\/posts\/9451\/revisions"}],"predecessor-version":[{"id":9459,"href":"https:\/\/iumotril.org\/sitio\/wp-json\/wp\/v2\/posts\/9451\/revisions\/9459"}],"wp:featuredmedia":[{"embeddable":true,"href":"https:\/\/iumotril.org\/sitio\/wp-json\/wp\/v2\/media\/9456"}],"wp:attachment":[{"href":"https:\/\/iumotril.org\/sitio\/wp-json\/wp\/v2\/media?parent=9451"}],"wp:term":[{"taxonomy":"category","embeddable":true,"href":"https:\/\/iumotril.org\/sitio\/wp-json\/wp\/v2\/categories?post=9451"},{"taxonomy":"post_tag","embeddable":true,"href":"https:\/\/iumotril.org\/sitio\/wp-json\/wp\/v2\/tags?post=9451"}],"curies":[{"name":"wp","href":"https:\/\/api.w.org\/{rel}","templated":true}]}}