{"id":9364,"date":"2023-05-26T13:28:43","date_gmt":"2023-05-26T11:28:43","guid":{"rendered":"https:\/\/iumotril.org\/sitio\/?p=9364"},"modified":"2023-05-26T13:28:43","modified_gmt":"2023-05-26T11:28:43","slug":"iu-verdes-equo-apela-a-los-vecinos-y-vecinas-a-votar-el-domingo-para-cambiar-las-cosas-y-por-una-vida-mejor","status":"publish","type":"post","link":"https:\/\/iumotril.org\/sitio\/iu-verdes-equo-apela-a-los-vecinos-y-vecinas-a-votar-el-domingo-para-cambiar-las-cosas-y-por-una-vida-mejor\/","title":{"rendered":"IU-VERDES EQUO apela a los vecinos y vecinas a votar el domingo para cambiar las cosas y por una vida mejor"},"content":{"rendered":"<p style=\"padding-left: 40px;\"><span style=\"font-weight: 400; color: #993300;\">Se postulan como el gobierno del cambio y reivindican la utilidad de la pol\u00edtica cercana, consiguiendo que Motril progrese para que se viva mejor desde los valores de justicia social e igualdad de oportunidades.<\/span><\/p>\n<p style=\"padding-left: 40px;\"><span style=\"font-weight: 400; color: #993300;\">Consideran que el pr\u00f3ximo domingo nos jugamos el futuro de Motril. Somos una mayor\u00eda amplia y diversa los que miramos al futuro y apostamos por iniciar un nuevo camino juntos y juntas. Un futuro que queremos que se construya colectivamente, con la participaci\u00f3n activa de la ciudadan\u00eda, entre todos y todas.<\/span><\/p>\n<p style=\"padding-left: 40px;\"><span style=\"font-weight: 400; color: #993300;\">Han anunciado una plantaci\u00f3n de \u00e1rboles en la ciudad como gesto simb\u00f3lico de compensaci\u00f3n por el deterioro que la utilizaci\u00f3n de papel y de otros materiales propagand\u00edsticos utilizados en su campa\u00f1a electoral hayan podido ocasionar al medio ambiente y al entorno urbano.<\/span><\/p>\n<p><span style=\"font-weight: 400;\">La candidata de IU-Verdes Equo, Inma Omiste,<\/span> <span style=\"font-weight: 400;\">ha interpelado a la ciudadan\u00eda, a la mayor\u00eda social y ciudadana, para que el pr\u00f3ximo domingo participe con su voto para<strong> hacer de Motril una ciudad mejor, que genere empleo y riqueza para el progreso social,<\/strong> que cuide de sus mayores, que conf\u00ede y ofrezca las oportunidades necesarias para sus j\u00f3venes, que crezca y se desarrolle de forma sostenible respetando su entorno natural. Una ciudad para vivir, una ciudad para trabajar que sea el orgullo de su gente.<\/span><\/p>\n<p><span style=\"font-weight: 400;\">Si el domingo logramos concentrar el empuje del cambio, lo conseguiremos \u2013ha enfatizado la candidata de IU-Verdes Equo\u2013.<\/span><\/p>\n<p><span style=\"font-weight: 400;\">Desde el parque de las Provincias, en el barrio de los \u00c1lamos, Inma Omiste ha declarado que su gobierno municipal <strong>cuidar\u00e1 de todos los barrios de la ciudad para hacerlos m\u00e1s habitables<\/strong>, como espacios de convivencia ciudadana. Ha anunciado un plan integral para el arreglo de la rambla de los \u00c1lamos y otras actuaciones en el barrio, que lo rescaten del\u00a0 abandono de\u00a0 los \u00faltimos a\u00f1os.<\/span><\/p>\n<p><span style=\"font-weight: 400;\">Se ha comprometido, asimismo, a intervenir en los barrios marineros de<strong> El Varadero y Santa Adela<\/strong> que est\u00e1n siendo condenados por la falta de atenci\u00f3n y de actuaciones a un deterioro progresivo, que est\u00e1 dando lugar a problemas de seguridad y convivencia ciudadana.<\/span><\/p>\n<figure id=\"attachment_9367\" aria-describedby=\"caption-attachment-9367\" style=\"width: 498px\" class=\"wp-caption alignleft\"><img loading=\"lazy\" decoding=\"async\" data-attachment-id=\"9367\" data-permalink=\"https:\/\/iumotril.org\/sitio\/iu-verdes-equo-apela-a-los-vecinos-y-vecinas-a-votar-el-domingo-para-cambiar-las-cosas-y-por-una-vida-mejor\/foto-inma-2605\/\" data-orig-file=\"https:\/\/iumotril.org\/sitio\/wp-content\/uploads\/2023\/05\/Foto-inma-2605-scaled.jpg\" data-orig-size=\"1920,2560\" data-comments-opened=\"1\" data-image-meta=\"{&quot;aperture&quot;:&quot;2.2&quot;,&quot;credit&quot;:&quot;&quot;,&quot;camera&quot;:&quot;iPhone 6&quot;,&quot;caption&quot;:&quot;&quot;,&quot;created_timestamp&quot;:&quot;1685097471&quot;,&quot;copyright&quot;:&quot;&quot;,&quot;focal_length&quot;:&quot;4.15&quot;,&quot;iso&quot;:&quot;32&quot;,&quot;shutter_speed&quot;:&quot;0.0027548209366391&quot;,&quot;title&quot;:&quot;&quot;,&quot;orientation&quot;:&quot;1&quot;}\" data-image-title=\"Foto inma 2605\" data-image-description=\"\" data-image-caption=\"\" data-large-file=\"https:\/\/iumotril.org\/sitio\/wp-content\/uploads\/2023\/05\/Foto-inma-2605-768x1024.jpg\" class=\"wp-image-9367 \" src=\"https:\/\/iumotril.org\/sitio\/wp-content\/uploads\/2023\/05\/Foto-inma-2605-768x1024.jpg\" alt=\"\" width=\"498\" height=\"664\" srcset=\"https:\/\/iumotril.org\/sitio\/wp-content\/uploads\/2023\/05\/Foto-inma-2605-768x1024.jpg 768w, https:\/\/iumotril.org\/sitio\/wp-content\/uploads\/2023\/05\/Foto-inma-2605-225x300.jpg 225w, https:\/\/iumotril.org\/sitio\/wp-content\/uploads\/2023\/05\/Foto-inma-2605-1152x1536.jpg 1152w, https:\/\/iumotril.org\/sitio\/wp-content\/uploads\/2023\/05\/Foto-inma-2605-1536x2048.jpg 1536w, https:\/\/iumotril.org\/sitio\/wp-content\/uploads\/2023\/05\/Foto-inma-2605-scaled.jpg 1920w\" sizes=\"auto, (max-width: 498px) 100vw, 498px\" \/><figcaption id=\"caption-attachment-9367\" class=\"wp-caption-text\">Inma Omiste, candidata a la alcald\u00eda IU Verdes Equo<\/figcaption><\/figure>\n<p><span style=\"font-weight: 400;\">Inma Omiste, ha manifestado que \u201cdefendemos la<\/span> <span style=\"font-weight: 400;\">participaci\u00f3n vecinal y ciudadana<\/span><b>\u201d<\/b><span style=\"font-weight: 400;\"> en la construcci\u00f3n de <strong>un nuevo modelo de ciudad<\/strong>, de manera que vecinos, ciudadanos y comerciantes se vean implicados a trav\u00e9s de la presentaci\u00f3n de propuestas e iniciativas. Planteamos, en consecuencia, la articulaci\u00f3n de mecanismos de participaci\u00f3n efectivos para que los vecinos de Motril decidan acerca de su ciudad, con la creaci\u00f3n de los consejos ciudadanos en los distintos\u00a0 barrios de la ciudad.<\/span><\/p>\n<p><span style=\"font-weight: 400;\">Por su parte, <strong>Juan Luis Valdivieso. portavoz de IU Verdes Equo<\/strong>, candidato n\u00famero 3 de la coalici\u00f3n de izquierdas y ecologista,\u00a0 ha anunciado el compromiso de su candidatura de llevar a cabo en los pr\u00f3ximos d\u00edas <strong>una plantaci\u00f3n de \u00e1rboles en la ciudad<\/strong>, como gesto simb\u00f3lico de compensaci\u00f3n por el deterioro que la utilizaci\u00f3n de papel y de otros materiales propagand\u00edsticos utilizados en su campa\u00f1a electoral hayan podido ocasionar al medio ambiente.<\/span><\/p>\n<p><span style=\"font-weight: 400;\">En este sentido ha criticado que, por los problemas de espacio de la Charca de Su\u00e1rez al no haberse\u00a0 acometido la ampliaci\u00f3n del recinto, en los \u00faltimos cuatro a\u00f1os no se han plantando \u00e1rboles en <\/span><strong><i>el \u201cbosque de la vida<\/i><i>\u201d<\/i><\/strong><span style=\"font-weight: 400;\"><strong>,<\/strong> una iniciativa de sensibilizaci\u00f3n y compromiso de las familias y de los ni\u00f1os y ni\u00f1as, que la dejadez y desidia del gobierno municipal ha abandonado y que la coalici\u00f3n IU Verdes Equo se compromete\u00a0 a recuperar desde el gobierno municipal.<\/span><\/p>\n","protected":false},"excerpt":{"rendered":"<p>El pr\u00f3ximo domingo nos jugamos el futuro de Motril. Somos una mayor\u00eda amplia y diversa los que miramos al futuro y apostamos por iniciar un nuevo camino juntos y juntas. Un futuro que queremos que se construya colectivamente, con la participaci\u00f3n activa de la ciudadan\u00eda, entre todos y todas.<br \/>\nLa candidata de IU-Verdes Equo, Inma Omiste, ha interpelado a la ciudadan\u00eda, a la mayor\u00eda social y ciudadana, para que el pr\u00f3ximo domingo participe con su voto para hacer de Motril una ciudad mejor, que genere empleo y riqueza para el progreso social, que cuide de sus mayores, que conf\u00ede y ofrezca las oportunidades necesarias para sus j\u00f3venes, que crezca y se desarrolle de forma sostenible respetando su entorno natural. Una ciudad para vivir, una ciudad para trabajar que sea el orgullo de su gente.<br \/>\nSi el domingo logramos concentrar el empuje del cambio, lo conseguiremos \u2013ha enfatizado la candidata de IU-Verdes Equo\u2013.<\/p>\n","protected":false},"author":1,"featured_media":9210,"comment_status":"open","ping_status":"open","sticky":false,"template":"","format":"standard","meta":{"cybocfi_hide_featured_image":"","_jetpack_newsletter_access":"","_jetpack_dont_email_post_to_subs":false,"_jetpack_newsletter_tier_id":0,"_jetpack_memberships_contains_paywalled_content":false,"_jetpack_memberships_contains_paid_content":false,"footnotes":""},"categories":[1179,265,1934],"tags":[1974,1973,1263,111],"class_list":["post-9364","post","type-post","status-publish","format-standard","has-post-thumbnail","hentry","category-elecciones","category-esta-pasando","category-municipales-2023","tag-cambio","tag-movilizacion-28m","tag-para-la-gente","tag-participacion"],"jetpack_featured_media_url":"https:\/\/iumotril.org\/sitio\/wp-content\/uploads\/2023\/05\/536d18df-8b91-4404-93c9-e39dee902232.jpg","jetpack_sharing_enabled":true,"jetpack_shortlink":"https:\/\/wp.me\/p4QsU5-2r2","jetpack-related-posts":[{"id":5097,"url":"https:\/\/iumotril.org\/sitio\/inma-omiste-pide-el-voto-a-las-mujeres-y-a-los-jovenes-para-iu-equo-verdes\/","url_meta":{"origin":9364,"position":0},"title":"Inma Omiste pide el voto a las mujeres y a los j\u00f3venes para IU-Equo Verdes.","author":"Izquierda Unida Motril","date":"24 mayo, 2019","format":false,"excerpt":"Inma Omiste ha animado, finalmente, a todas las motrile\u00f1os y los motrile\u00f1os a que acudan el pr\u00f3ximo domingo a votar, comprometi\u00e9ndose a trabajar por un Motril mejor, con mayor igualdad entre hombres y mujeres, participaci\u00f3n vecinal y transparencia, en defensa del medio ambiente y del patrimonio natural. El pr\u00f3ximo 26\u2026","rel":"","context":"En \u00abElecciones\u00bb","block_context":{"text":"Elecciones","link":"https:\/\/iumotril.org\/sitio\/category\/elecciones\/"},"img":{"alt_text":"","src":"https:\/\/i0.wp.com\/iumotril.org\/sitio\/wp-content\/uploads\/2019\/05\/Foto-Inma_cierre-campan%CC%83a-1024x683.jpg?resize=350%2C200","width":350,"height":200,"srcset":"https:\/\/i0.wp.com\/iumotril.org\/sitio\/wp-content\/uploads\/2019\/05\/Foto-Inma_cierre-campan%CC%83a-1024x683.jpg?resize=350%2C200 1x, https:\/\/i0.wp.com\/iumotril.org\/sitio\/wp-content\/uploads\/2019\/05\/Foto-Inma_cierre-campan%CC%83a-1024x683.jpg?resize=525%2C300 1.5x"},"classes":[]},{"id":5065,"url":"https:\/\/iumotril.org\/sitio\/motril-no-puede-permanecer-impasible-ante-el-deterioro-medioambiental\/","url_meta":{"origin":9364,"position":1},"title":"Motril no puede permanecer impasible ante el deterioro medioambiental","author":"Izquierda Unida Motril","date":"17 mayo, 2019","format":false,"excerpt":"Inma Omiste ha se\u00f1alado el compromiso medioambiental y de lucha contra el cambio clim\u00e1tico de su proyecto de gobierno para Motril. La preservaci\u00f3n del medio ambiente es uno de los ejes transversales que recorren todas nuestras propuestas de gobierno: el programa de IU-Equo Verdes es un compromiso con la ciudadan\u00eda\u2026","rel":"","context":"En \u00abEST\u00c1 PASANDO\u00bb","block_context":{"text":"EST\u00c1 PASANDO","link":"https:\/\/iumotril.org\/sitio\/category\/esta-pasando\/"},"img":{"alt_text":"","src":"https:\/\/i0.wp.com\/iumotril.org\/sitio\/wp-content\/uploads\/2019\/05\/Juan-Luis-Valdivieso-Inma-Omiste-Christian-Linares-Daniela-Paque%CC%81-Jose-Llorente-1024x767.jpg?resize=350%2C200","width":350,"height":200,"srcset":"https:\/\/i0.wp.com\/iumotril.org\/sitio\/wp-content\/uploads\/2019\/05\/Juan-Luis-Valdivieso-Inma-Omiste-Christian-Linares-Daniela-Paque%CC%81-Jose-Llorente-1024x767.jpg?resize=350%2C200 1x, https:\/\/i0.wp.com\/iumotril.org\/sitio\/wp-content\/uploads\/2019\/05\/Juan-Luis-Valdivieso-Inma-Omiste-Christian-Linares-Daniela-Paque%CC%81-Jose-Llorente-1024x767.jpg?resize=525%2C300 1.5x"},"classes":[]},{"id":3878,"url":"https:\/\/iumotril.org\/sitio\/motril-contigo\/","url_meta":{"origin":9364,"position":2},"title":"Motril Contigo","author":"Izquierda Unida Motril","date":"1 octubre, 2018","format":false,"excerpt":"IZQUIERDA UNIDA Y PODEMOS te convocamos al primer encuentro abierto para abordar la creaci\u00f3n de una confluencia ciudadana en Motril, Motril Contigo. Ser\u00e1 el pr\u00f3ximo d\u00eda 4 de octubre, jueves, en la Nave de los Arcos (barrio de La Fabriquilla) a las 19,00 horas.","rel":"","context":"En \u00abConfluencia electoral\u00bb","block_context":{"text":"Confluencia electoral","link":"https:\/\/iumotril.org\/sitio\/category\/confluencia-electoral\/"},"img":{"alt_text":"","src":"https:\/\/i0.wp.com\/iumotril.org\/sitio\/wp-content\/uploads\/2018\/09\/motril-contigo-3-724x1024.jpg?resize=350%2C200","width":350,"height":200},"classes":[]},{"id":8234,"url":"https:\/\/iumotril.org\/sitio\/izquierda-unida-hace-una-llamamiento-a-la-movilizacion-progresista-en-las-urnas-el-19j-en-motril\/","url_meta":{"origin":9364,"position":3},"title":"Izquierda Unida hace una llamamiento a la movilizaci\u00f3n progresista en las urnas el 19J en Motril","author":"Izquierda Unida Motril","date":"17 junio, 2022","format":false,"excerpt":"Inma Omiste ha afirmado que \u201cno acudir a votar es entregar directamente el voto a las derechas\u201d para que lo utilicen para continuar defendiendo los intereses de los poderosos: bajar impuestos a los ricos y desmantelar los servicios p\u00fablicos como la educaci\u00f3n, la sanidad o las ayudas a la dependencia,\u2026","rel":"","context":"En \u00abAndaluzas 2022\u00bb","block_context":{"text":"Andaluzas 2022","link":"https:\/\/iumotril.org\/sitio\/category\/andaluzas-2022\/"},"img":{"alt_text":"","src":"https:\/\/i0.wp.com\/iumotril.org\/sitio\/wp-content\/uploads\/2022\/06\/Inma-Llamamiento-19J-scaled.jpg?resize=350%2C200","width":350,"height":200,"srcset":"https:\/\/i0.wp.com\/iumotril.org\/sitio\/wp-content\/uploads\/2022\/06\/Inma-Llamamiento-19J-scaled.jpg?resize=350%2C200 1x, https:\/\/i0.wp.com\/iumotril.org\/sitio\/wp-content\/uploads\/2022\/06\/Inma-Llamamiento-19J-scaled.jpg?resize=525%2C300 1.5x, https:\/\/i0.wp.com\/iumotril.org\/sitio\/wp-content\/uploads\/2022\/06\/Inma-Llamamiento-19J-scaled.jpg?resize=700%2C400 2x, https:\/\/i0.wp.com\/iumotril.org\/sitio\/wp-content\/uploads\/2022\/06\/Inma-Llamamiento-19J-scaled.jpg?resize=1050%2C600 3x, https:\/\/i0.wp.com\/iumotril.org\/sitio\/wp-content\/uploads\/2022\/06\/Inma-Llamamiento-19J-scaled.jpg?resize=1400%2C800 4x"},"classes":[]},{"id":4900,"url":"https:\/\/iumotril.org\/sitio\/un-compromiso-para-mejorar-motril-y-la-vida-de-su-gente\/","url_meta":{"origin":9364,"position":4},"title":"Hagamos Futuro, un compromiso para mejorar Motril y la vida de su gente","author":"Izquierda Unida Motril","date":"8 mayo, 2019","format":false,"excerpt":"Las propuestas que recoge el programa de gobierno est\u00e1n integradas en cinco ejes tem\u00e1ticos que sintetizan un planteamiento progresista y de izquierdas para dar respuesta a las necesidades de la ciudad y de sus vecinos: empleo y derechos sociales, ciudad habitable y sostenible, servicios p\u00fablicos municipales, democracia real y participativa\u2026","rel":"","context":"En \u00abElecciones\u00bb","block_context":{"text":"Elecciones","link":"https:\/\/iumotril.org\/sitio\/category\/elecciones\/"},"img":{"alt_text":"","src":"https:\/\/i0.wp.com\/iumotril.org\/sitio\/wp-content\/uploads\/2019\/05\/IU-EQUO-%E2%80%93-Di%CC%81ptico-Pliego-A4-722x1024.jpg?resize=350%2C200","width":350,"height":200},"classes":[]},{"id":5398,"url":"https:\/\/iumotril.org\/sitio\/izquierda-unida-pide-el-voto-en-motril-para-unidas-podemos\/","url_meta":{"origin":9364,"position":5},"title":"Izquierda Unida pide el voto en Motril para Unidas Podemos","author":"Izquierda Unida Motril","date":"8 noviembre, 2019","format":false,"excerpt":"Es de vital importancia para Motril y para la Costa de Granada que el pr\u00f3ximo sea un gobierno de izquierdas, progresista, que garantice las inversiones necesarias para dar respuesta a las necesidades de infraestructuras y comunicaciones que se vienen reclamando, comprometi\u00e9ndose a llevarlas a cabo desde un modelo de desarrollo\u2026","rel":"","context":"En \u00abElecciones\u00bb","block_context":{"text":"Elecciones","link":"https:\/\/iumotril.org\/sitio\/category\/elecciones\/"},"img":{"alt_text":"","src":"https:\/\/i0.wp.com\/iumotril.org\/sitio\/wp-content\/uploads\/2019\/11\/Llorente-y-Omiste-vota-10N.jpg?resize=350%2C200","width":350,"height":200,"srcset":"https:\/\/i0.wp.com\/iumotril.org\/sitio\/wp-content\/uploads\/2019\/11\/Llorente-y-Omiste-vota-10N.jpg?resize=350%2C200 1x, https:\/\/i0.wp.com\/iumotril.org\/sitio\/wp-content\/uploads\/2019\/11\/Llorente-y-Omiste-vota-10N.jpg?resize=525%2C300 1.5x"},"classes":[]}],"jetpack_likes_enabled":true,"_links":{"self":[{"href":"https:\/\/iumotril.org\/sitio\/wp-json\/wp\/v2\/posts\/9364","targetHints":{"allow":["GET"]}}],"collection":[{"href":"https:\/\/iumotril.org\/sitio\/wp-json\/wp\/v2\/posts"}],"about":[{"href":"https:\/\/iumotril.org\/sitio\/wp-json\/wp\/v2\/types\/post"}],"author":[{"embeddable":true,"href":"https:\/\/iumotril.org\/sitio\/wp-json\/wp\/v2\/users\/1"}],"replies":[{"embeddable":true,"href":"https:\/\/iumotril.org\/sitio\/wp-json\/wp\/v2\/comments?post=9364"}],"version-history":[{"count":3,"href":"https:\/\/iumotril.org\/sitio\/wp-json\/wp\/v2\/posts\/9364\/revisions"}],"predecessor-version":[{"id":9368,"href":"https:\/\/iumotril.org\/sitio\/wp-json\/wp\/v2\/posts\/9364\/revisions\/9368"}],"wp:featuredmedia":[{"embeddable":true,"href":"https:\/\/iumotril.org\/sitio\/wp-json\/wp\/v2\/media\/9210"}],"wp:attachment":[{"href":"https:\/\/iumotril.org\/sitio\/wp-json\/wp\/v2\/media?parent=9364"}],"wp:term":[{"taxonomy":"category","embeddable":true,"href":"https:\/\/iumotril.org\/sitio\/wp-json\/wp\/v2\/categories?post=9364"},{"taxonomy":"post_tag","embeddable":true,"href":"https:\/\/iumotril.org\/sitio\/wp-json\/wp\/v2\/tags?post=9364"}],"curies":[{"name":"wp","href":"https:\/\/api.w.org\/{rel}","templated":true}]}}