{"id":9331,"date":"2023-05-24T15:21:38","date_gmt":"2023-05-24T13:21:38","guid":{"rendered":"https:\/\/iumotril.org\/sitio\/?p=9331"},"modified":"2023-05-24T19:09:57","modified_gmt":"2023-05-24T17:09:57","slug":"iu-verdes-equo-ampliara-las-instalaciones-de-la-residencia-de-san-luis-para-ofrecer-mayores-prestaciones-a-la-poblacion-mayor-y-a-sus-familias","status":"publish","type":"post","link":"https:\/\/iumotril.org\/sitio\/iu-verdes-equo-ampliara-las-instalaciones-de-la-residencia-de-san-luis-para-ofrecer-mayores-prestaciones-a-la-poblacion-mayor-y-a-sus-familias\/","title":{"rendered":"IU-Verdes Equo ampliar\u00e1 las instalaciones de la Residencia de San Luis para ofrecer mayores prestaciones a la poblaci\u00f3n mayor y a sus familias"},"content":{"rendered":"<p style=\"padding-left: 40px;\"><span style=\"color: #993300;\">La coalici\u00f3n IU-Verdes Equo, que cuenta con el apoyo de M\u00e1s Pa\u00eds Andaluc\u00eda, ha informado esta ma\u00f1ana de sus propuestas en materia de protecci\u00f3n social, detallando las pol\u00edticas municipales que pretende llevar a cabo en Motril. Se compromete a poner en funcionamiento servicios sociales p\u00fablicos y comunitarios para personas mayores, agilizar los tr\u00e1mites para el reconocimiento de las ayudas a la\u00a0 dependencia y a la gesti\u00f3n directa de la ayuda a domicilio.\u00a0<\/span><\/p>\n<p>Jose G. Llorente, candidato n\u00famero 2 de la lista encabezada por Inma Omiste, ha se\u00f1alado que desde IU-Verdes Equo se defiende la creaci\u00f3n de\u00a0 una <strong>red de servicios sociales<\/strong> que proteja a los ciudadanos, incrementando el presupuesto municipal en servicios sociales y reorganizando el \u00c1rea Municipal de Acci\u00f3n social.<\/p>\n<p>Garc\u00eda Llorente ha declarado que su candidatura se compromete a <strong>\u201ccuidar de los que nos cuidaron\u201d<\/strong> y reivindica <strong>la \u201csabidur\u00eda de nuestros mayores\u201d.<\/strong><\/p>\n<figure id=\"attachment_9329\" aria-describedby=\"caption-attachment-9329\" style=\"width: 431px\" class=\"wp-caption alignleft\"><img loading=\"lazy\" decoding=\"async\" data-attachment-id=\"9329\" data-permalink=\"https:\/\/iumotril.org\/sitio\/iu-verdes-equo-ampliara-las-instalaciones-de-la-residencia-de-san-luis-para-ofrecer-mayores-prestaciones-a-la-poblacion-mayor-y-a-sus-familias\/rp-poblacion-mayor-24-mayo\/\" data-orig-file=\"https:\/\/iumotril.org\/sitio\/wp-content\/uploads\/2023\/05\/RP-Poblacion-mayor-24-mayo.jpg\" data-orig-size=\"768,1024\" data-comments-opened=\"1\" data-image-meta=\"{&quot;aperture&quot;:&quot;0&quot;,&quot;credit&quot;:&quot;&quot;,&quot;camera&quot;:&quot;&quot;,&quot;caption&quot;:&quot;&quot;,&quot;created_timestamp&quot;:&quot;0&quot;,&quot;copyright&quot;:&quot;&quot;,&quot;focal_length&quot;:&quot;0&quot;,&quot;iso&quot;:&quot;0&quot;,&quot;shutter_speed&quot;:&quot;0&quot;,&quot;title&quot;:&quot;&quot;,&quot;orientation&quot;:&quot;0&quot;}\" data-image-title=\"RP Poblaci\u00f3n mayor 24 mayo\" data-image-description=\"\" data-image-caption=\"\" data-large-file=\"https:\/\/iumotril.org\/sitio\/wp-content\/uploads\/2023\/05\/RP-Poblacion-mayor-24-mayo.jpg\" class=\"wp-image-9329 \" src=\"https:\/\/iumotril.org\/sitio\/wp-content\/uploads\/2023\/05\/RP-Poblacion-mayor-24-mayo.jpg\" alt=\"\" width=\"431\" height=\"575\" srcset=\"https:\/\/iumotril.org\/sitio\/wp-content\/uploads\/2023\/05\/RP-Poblacion-mayor-24-mayo.jpg 768w, https:\/\/iumotril.org\/sitio\/wp-content\/uploads\/2023\/05\/RP-Poblacion-mayor-24-mayo-225x300.jpg 225w\" sizes=\"auto, (max-width: 431px) 100vw, 431px\" \/><figcaption id=\"caption-attachment-9329\" class=\"wp-caption-text\">Jose G.. Llorente, candidato de IU-Verdes Equo<\/figcaption><\/figure>\n<p>El candidato de IU-Equo ha criticado la gesti\u00f3n en asuntos sociales del gobierno del PP con Luisa Garc\u00eda Chamorro al frente, denunciado que su paso por el gobierno de Motril ha tenido consecuencias muy negativas para la ciudad y para sus vecinos. Especialmente en todo lo que tiene que ver con las pol\u00edticas sociales, a las que ha destinado un esfuerzo y un presupuesto insuficiente a la vista de las necesidades sociales de una ciudad como Motril, con casi 60 mil habitantes, cada vez m\u00e1s mayores, con todo lo que ello supone.<\/p>\n<p>Llorente ha apuntado que la <strong>Residencia de personas mayores San Luis<\/strong> debe ser el centro de las pol\u00edticas p\u00fablicas de cuidados en la ciudad y que, lamentablemente, ha sido <a href=\"https:\/\/iumotril.org\/sitio\/iu-equo-deplora-que-el-gobierno-local-rechace-medidas-para-asegurar-el-adecuado-funcionamiento-de-la-residencia-de-personas-mayores-de-san-luis\/\">descuidada<\/a> durante estos cuatro a\u00f1os por la se\u00f1ora Garc\u00eda Chamorro, <strong>privatizando alguno de sus servicios<\/strong> y no reconociendo los <strong>compromisos adquiridos con sus trabajadoras<\/strong> para la mejora de las condiciones laborales.<\/p>\n<p>El edil de IU-Verdes Equo y candidato de la coalici\u00f3n ha hecho un <strong>reconocimiento p\u00fablico de las trabajadoras de la residencia<\/strong> y de la encomiable labor que vienen realizando, a pesar de las dif\u00edciles condiciones a las que se enfrentan en su d\u00eda a d\u00eda.<\/p>\n<p>Garc\u00eda Llorente ha declarado que el gobierno de Inma Omiste como alcaldesa de Motril reforzar\u00e1 el car\u00e1cter p\u00fablico de la Residencia y ampliar\u00e1 la oferta de prestaciones con una <strong>unidad de Centro de D\u00eda<\/strong> y con programas de <i>respiro familiar<\/i>, apostando por reforzar su estructura organizativa y <strong>ampliando sus actuales instalaciones<\/strong>.<\/p>\n<p>Asimismo, ha anunciado que su candidatura desarrollar\u00e1 un <strong>Plan municipal de actuaci\u00f3n integral con diversidad funcional,<\/strong> la <strong>gratuidad del transporte p\u00fablico municipal<\/strong> para personas mayores y con diversidad y la dotaci\u00f3n de recursos humanos y materiales suficientes en los centros perif\u00e9ricos de las zonas Este y Puerto para asegurar su adecuado funcionamiento.<\/p>\n<p>&nbsp;<\/p>\n<p>&nbsp;<\/p>\n<p>&nbsp;<\/p>\n<p>&nbsp;<\/p>\n<div style=\"width: 640px;\" class=\"wp-video\"><video class=\"wp-video-shortcode\" id=\"video-9331-1\" width=\"640\" height=\"360\" preload=\"metadata\" controls=\"controls\"><source type=\"video\/mp4\" src=\"https:\/\/iumotril.org\/sitio\/wp-content\/uploads\/2023\/05\/IU-2405.mp4?_=1\" \/><a href=\"https:\/\/iumotril.org\/sitio\/wp-content\/uploads\/2023\/05\/IU-2405.mp4\">https:\/\/iumotril.org\/sitio\/wp-content\/uploads\/2023\/05\/IU-2405.mp4<\/a><\/video><\/div>\n<p>&nbsp;<\/p>\n<div style=\"width: 640px;\" class=\"wp-video\"><video class=\"wp-video-shortcode\" id=\"video-9331-2\" width=\"640\" height=\"640\" preload=\"metadata\" controls=\"controls\"><source type=\"video\/mp4\" src=\"https:\/\/iumotril.org\/sitio\/wp-content\/uploads\/2023\/05\/VIDEO-2023-05-24-15-31-46.mp4?_=2\" \/><a href=\"https:\/\/iumotril.org\/sitio\/wp-content\/uploads\/2023\/05\/VIDEO-2023-05-24-15-31-46.mp4\">https:\/\/iumotril.org\/sitio\/wp-content\/uploads\/2023\/05\/VIDEO-2023-05-24-15-31-46.mp4<\/a><\/video><\/div>\n","protected":false},"excerpt":{"rendered":"<p>Jose G. Llorente, candidato n\u00famero 2 de la lista encabezada por Inma Omiste, ha se\u00f1alado que desde IU-Verdes Equo se defiende la creaci\u00f3n de\u00a0 una red de servicios sociales que proteja a los ciudadanos, incrementando el presupuesto municipal en servicios sociales y reorganizando el \u00c1rea Municipal de Acci\u00f3n social.<br \/>\nGarc\u00eda Llorente ha declarado que su candidatura se compromete a \u201ccuidar de los que nos cuidaron\u201d y reivindica la \u201csabidur\u00eda de nuestros mayores\u201d.<br \/>\nEl candidato de IU-Equo ha criticado la gesti\u00f3n en asuntos sociales del gobierno del PP con Luisa Garc\u00eda Chamorro al frente, denunciado que su paso por el gobierno de Motril ha tenido consecuencias muy negativas para la ciudad y para sus vecinos. Especialmente en todo lo que tiene que ver con las pol\u00edticas sociales, a las que ha destinado un esfuerzo y un presupuesto insuficiente a la vista de las necesidades sociales de una ciudad como Motril, con casi 60 mil habitantes, cada vez m\u00e1s mayores, con todo lo que ello supone.<br \/>\nLlorente ha apuntado que la Residencia de personas mayores San Luis debe ser el centro de las pol\u00edticas p\u00fablicas de cuidados en la ciudad y que, lamentablemente, ha sido descuidada durante estos cuatro a\u00f1os por la se\u00f1ora Garc\u00eda Chamorro, privatizando alguno de sus servicios y no reconociendo los compromisos adquiridos con sus trabajadoras para la mejora de las condiciones laborales.\u00a0<br \/>\nEl edil de IU-Verdes Equo y candidato de la coalici\u00f3n ha hecho un reconocimiento p\u00fablico de las trabajadoras de la residencia y de la encomiable labor que vienen realizando, a pesar de las dif\u00edciles condiciones a las que se enfrentan en su d\u00eda a d\u00eda.<br \/>\nGarc\u00eda Llorente ha declarado que el gobierno de Inma Omiste como alcaldesa de Motril reforzar\u00e1 el car\u00e1cter p\u00fablico de la Residencia y ampliar\u00e1 la oferta de prestaciones con una unidad de Centro de D\u00eda y con programas de respiro familiar, apostando por reforzar su estructura organizativa y ampliando sus actuales instalaciones.<\/p>\n","protected":false},"author":1,"featured_media":9333,"comment_status":"open","ping_status":"open","sticky":false,"template":"","format":"standard","meta":{"cybocfi_hide_featured_image":"","_jetpack_newsletter_access":"","_jetpack_dont_email_post_to_subs":false,"_jetpack_newsletter_tier_id":0,"_jetpack_memberships_contains_paywalled_content":false,"_jetpack_memberships_contains_paid_content":false,"footnotes":""},"categories":[1179,265,1934],"tags":[511,1971,1638,1465],"class_list":["post-9331","post","type-post","status-publish","format-standard","has-post-thumbnail","hentry","category-elecciones","category-esta-pasando","category-municipales-2023","tag-personas-mayores","tag-proteccion-social","tag-residencia-san-luis","tag-servicios-sociales"],"jetpack_featured_media_url":"https:\/\/iumotril.org\/sitio\/wp-content\/uploads\/2023\/05\/RESIDENCIA-SAN-LUIS-MOTRIL.jpg","jetpack_sharing_enabled":true,"jetpack_shortlink":"https:\/\/wp.me\/p4QsU5-2qv","jetpack-related-posts":[{"id":8926,"url":"https:\/\/iumotril.org\/sitio\/iu-equo-denuncia-la-cobertura-de-vacantes-y-sustituciones-en-la-residencia-de-san-luis-a-traves-de-una-empresa-privada-a-pesar-de-existir-una-bolsa-de-empleo-vigente\/","url_meta":{"origin":9331,"position":0},"title":"IU-Equo denuncia la cobertura de vacantes y sustituciones en la Residencia de San Luis a trav\u00e9s de una empresa privada, a pesar de existir una bolsa de empleo vigente","author":"Izquierda Unida Motril","date":"7 marzo, 2023","format":false,"excerpt":"Los 57 profesionales que integran la bolsa, tras superar las pruebas selectivas, no han recibido ninguna informaci\u00f3n sobre la falta de operatividad de la misma, a pesar de su vigencia ni de los motivos por los que no se est\u00e1 recurriendo a ellos, frustrando de este modo sus expectativas e\u2026","rel":"","context":"En \u00abAyuntamiento\u00bb","block_context":{"text":"Ayuntamiento","link":"https:\/\/iumotril.org\/sitio\/category\/ayuntamiento\/"},"img":{"alt_text":"","src":"https:\/\/i0.wp.com\/iumotril.org\/sitio\/wp-content\/uploads\/2023\/03\/rp-RSL-1024x768.jpg?resize=350%2C200&ssl=1","width":350,"height":200,"srcset":"https:\/\/i0.wp.com\/iumotril.org\/sitio\/wp-content\/uploads\/2023\/03\/rp-RSL-1024x768.jpg?resize=350%2C200&ssl=1 1x, https:\/\/i0.wp.com\/iumotril.org\/sitio\/wp-content\/uploads\/2023\/03\/rp-RSL-1024x768.jpg?resize=525%2C300&ssl=1 1.5x"},"classes":[]},{"id":9511,"url":"https:\/\/iumotril.org\/sitio\/iu-equo-verdes-critica-el-mal-estado-de-mantenimiento-y-conservacion-de-calles-en-el-entorno-de-la-residencia-santa-amelia\/","url_meta":{"origin":9331,"position":1},"title":"IU Verdes Equo critica el mal estado de mantenimiento y conservaci\u00f3n de calles en el entorno de la Residencia\u00a0 Santa Amelia","author":"Izquierda Unida Motril","date":"24 octubre, 2023","format":false,"excerpt":"A los problemas e inconvenientes que ocasiona en el barrio la situaci\u00f3n de abandono, de deterioro\u00a0 y la suciedad de las instalaciones de la antigua residencia Santa Amelia, se le suma este problema de embalsamamiento de aguas e inundaciones en diversas calles que, en algunos casos, est\u00e1n provocando da\u00f1os en\u2026","rel":"","context":"En \u00abcritica\u00bb","block_context":{"text":"critica","link":"https:\/\/iumotril.org\/sitio\/category\/critica\/"},"img":{"alt_text":"","src":"https:\/\/i0.wp.com\/iumotril.org\/sitio\/wp-content\/uploads\/2023\/10\/IMG_0338-scaled.jpg?resize=350%2C200&ssl=1","width":350,"height":200,"srcset":"https:\/\/i0.wp.com\/iumotril.org\/sitio\/wp-content\/uploads\/2023\/10\/IMG_0338-scaled.jpg?resize=350%2C200&ssl=1 1x, https:\/\/i0.wp.com\/iumotril.org\/sitio\/wp-content\/uploads\/2023\/10\/IMG_0338-scaled.jpg?resize=525%2C300&ssl=1 1.5x, https:\/\/i0.wp.com\/iumotril.org\/sitio\/wp-content\/uploads\/2023\/10\/IMG_0338-scaled.jpg?resize=700%2C400&ssl=1 2x, https:\/\/i0.wp.com\/iumotril.org\/sitio\/wp-content\/uploads\/2023\/10\/IMG_0338-scaled.jpg?resize=1050%2C600&ssl=1 3x, https:\/\/i0.wp.com\/iumotril.org\/sitio\/wp-content\/uploads\/2023\/10\/IMG_0338-scaled.jpg?resize=1400%2C800&ssl=1 4x"},"classes":[]},{"id":8982,"url":"https:\/\/iumotril.org\/sitio\/iu-equo-propone-mejoras-en-la-gestion-y-funcionamiento-de-la-residencia-de-personas-mayores-san-luis-para-garantizar-su-caracter-de-servicio-publico\/","url_meta":{"origin":9331,"position":2},"title":"IU-Equo propone mejoras en la gesti\u00f3n y funcionamiento de la Residencia de Personas Mayores San Luis para garantizar su car\u00e1cter de servicio p\u00fablico","author":"Izquierda Unida Motril","date":"30 marzo, 2023","format":false,"excerpt":"Desde IU-Equo se considera que la gesti\u00f3n que est\u00e1 llevando a cabo el gobierno municipal est\u00e1 poniendo en serio riesgo el car\u00e1cter p\u00fablico de San Luis, teniendo en cuenta que a lo largo de estos \u00faltimos cuatro a\u00f1os se han externalizado servicios de modo que, actualmente, el 45% de las\u2026","rel":"","context":"En \u00abAyuntamiento\u00bb","block_context":{"text":"Ayuntamiento","link":"https:\/\/iumotril.org\/sitio\/category\/ayuntamiento\/"},"img":{"alt_text":"","src":"https:\/\/i0.wp.com\/iumotril.org\/sitio\/wp-content\/uploads\/2023\/03\/IMG-8565-1024x768.jpg?resize=350%2C200&ssl=1","width":350,"height":200,"srcset":"https:\/\/i0.wp.com\/iumotril.org\/sitio\/wp-content\/uploads\/2023\/03\/IMG-8565-1024x768.jpg?resize=350%2C200&ssl=1 1x, https:\/\/i0.wp.com\/iumotril.org\/sitio\/wp-content\/uploads\/2023\/03\/IMG-8565-1024x768.jpg?resize=525%2C300&ssl=1 1.5x"},"classes":[]},{"id":9677,"url":"https:\/\/iumotril.org\/sitio\/iu-verdes-equo-rechaza-el-presupuesto-municipal-al-considerar-que-se-trata-de-unas-cuentas-partidistas\/","url_meta":{"origin":9331,"position":3},"title":"IU Verdes Equo rechaza el presupuesto municipal al considerar que se trata de unas cuentas partidistas","author":"Izquierda Unida Motril","date":"26 diciembre, 2023","format":false,"excerpt":"Para el portavoz del Grupo municipal, Jose G. Llorente, los presupuestos del gobierno de Garc\u00eda Chamorro no responden a las prioridades y preocupaciones de la mayor\u00eda de los motrile\u00f1os, ya que son unas cuentas a la medida del gobierno local, lo que se evidencia al comprobar la desproporcionada subida de\u2026","rel":"","context":"En \u00abAyuntamiento\u00bb","block_context":{"text":"Ayuntamiento","link":"https:\/\/iumotril.org\/sitio\/category\/ayuntamiento\/"},"img":{"alt_text":"","src":"https:\/\/i0.wp.com\/iumotril.org\/sitio\/wp-content\/uploads\/2023\/11\/Motril-presupuestos-inversion-historica-municipal_1850525710_197611744_667x375.jpg?resize=350%2C200&ssl=1","width":350,"height":200,"srcset":"https:\/\/i0.wp.com\/iumotril.org\/sitio\/wp-content\/uploads\/2023\/11\/Motril-presupuestos-inversion-historica-municipal_1850525710_197611744_667x375.jpg?resize=350%2C200&ssl=1 1x, https:\/\/i0.wp.com\/iumotril.org\/sitio\/wp-content\/uploads\/2023\/11\/Motril-presupuestos-inversion-historica-municipal_1850525710_197611744_667x375.jpg?resize=525%2C300&ssl=1 1.5x"},"classes":[]},{"id":7448,"url":"https:\/\/iumotril.org\/sitio\/iu-equo-denuncia-la-privatizacion-encubierta-de-la-residencia-de-mayores-san-luis\/","url_meta":{"origin":9331,"position":4},"title":"IU-Equo denuncia la privatizaci\u00f3n encubierta de la Residencia de Mayores San Luis","author":"Izquierda Unida Motril","date":"18 mayo, 2021","format":false,"excerpt":"el gobierno del PP y Ciudadanos est\u00e1 dejando caer el car\u00e1cter p\u00fablico de la Residencia San Luis deteriorando las condiciones laborales de las trabajadoras y externalizando progresivamente el servicio que ven\u00edan prestando las empleadas p\u00fablicas. Se trata de una estrategia de manual, en la que el Parido Popular es un\u2026","rel":"","context":"En \u00abEST\u00c1 PASANDO\u00bb","block_context":{"text":"EST\u00c1 PASANDO","link":"https:\/\/iumotril.org\/sitio\/category\/esta-pasando\/"},"img":{"alt_text":"","src":"https:\/\/i0.wp.com\/iumotril.org\/sitio\/wp-content\/uploads\/2021\/05\/Jose-Llorente_-28-mayo-1024x768.jpg?resize=350%2C200","width":350,"height":200,"srcset":"https:\/\/i0.wp.com\/iumotril.org\/sitio\/wp-content\/uploads\/2021\/05\/Jose-Llorente_-28-mayo-1024x768.jpg?resize=350%2C200 1x, https:\/\/i0.wp.com\/iumotril.org\/sitio\/wp-content\/uploads\/2021\/05\/Jose-Llorente_-28-mayo-1024x768.jpg?resize=525%2C300 1.5x"},"classes":[]},{"id":9008,"url":"https:\/\/iumotril.org\/sitio\/iu-equo-deplora-que-el-gobierno-local-rechace-medidas-para-asegurar-el-adecuado-funcionamiento-de-la-residencia-de-personas-mayores-de-san-luis\/","url_meta":{"origin":9331,"position":5},"title":"IU-Equo deplora que el gobierno local rechace medidas para asegurar el adecuado funcionamiento de la Residencia de Personas Mayores de San Luis","author":"Izquierda Unida Motril","date":"4 abril, 2023","format":false,"excerpt":"El gobierno de la se\u00f1ora Garc\u00eda Chamorro se ha desentendido interesadamente de la Residencia para avanzar en la privatizaci\u00f3n del servicio, lo que supondr\u00e1 una merma en la atenci\u00f3n a los residentes y una p\u00e9rdida de derechos para los trabajadores y trabajadoras. IU-Equo rechaza rotundamente la mercantilizaci\u00f3n de los cuidados,\u2026","rel":"","context":"En \u00abAyuntamiento\u00bb","block_context":{"text":"Ayuntamiento","link":"https:\/\/iumotril.org\/sitio\/category\/ayuntamiento\/"},"img":{"alt_text":"","src":"https:\/\/i0.wp.com\/iumotril.org\/sitio\/wp-content\/uploads\/2023\/04\/Inmna-Torres-y-Luisa-Imagen-de-Ahora-Costa.jpg?resize=350%2C200&ssl=1","width":350,"height":200,"srcset":"https:\/\/i0.wp.com\/iumotril.org\/sitio\/wp-content\/uploads\/2023\/04\/Inmna-Torres-y-Luisa-Imagen-de-Ahora-Costa.jpg?resize=350%2C200&ssl=1 1x, https:\/\/i0.wp.com\/iumotril.org\/sitio\/wp-content\/uploads\/2023\/04\/Inmna-Torres-y-Luisa-Imagen-de-Ahora-Costa.jpg?resize=525%2C300&ssl=1 1.5x, https:\/\/i0.wp.com\/iumotril.org\/sitio\/wp-content\/uploads\/2023\/04\/Inmna-Torres-y-Luisa-Imagen-de-Ahora-Costa.jpg?resize=700%2C400&ssl=1 2x, https:\/\/i0.wp.com\/iumotril.org\/sitio\/wp-content\/uploads\/2023\/04\/Inmna-Torres-y-Luisa-Imagen-de-Ahora-Costa.jpg?resize=1050%2C600&ssl=1 3x, https:\/\/i0.wp.com\/iumotril.org\/sitio\/wp-content\/uploads\/2023\/04\/Inmna-Torres-y-Luisa-Imagen-de-Ahora-Costa.jpg?resize=1400%2C800&ssl=1 4x"},"classes":[]}],"jetpack_likes_enabled":true,"_links":{"self":[{"href":"https:\/\/iumotril.org\/sitio\/wp-json\/wp\/v2\/posts\/9331","targetHints":{"allow":["GET"]}}],"collection":[{"href":"https:\/\/iumotril.org\/sitio\/wp-json\/wp\/v2\/posts"}],"about":[{"href":"https:\/\/iumotril.org\/sitio\/wp-json\/wp\/v2\/types\/post"}],"author":[{"embeddable":true,"href":"https:\/\/iumotril.org\/sitio\/wp-json\/wp\/v2\/users\/1"}],"replies":[{"embeddable":true,"href":"https:\/\/iumotril.org\/sitio\/wp-json\/wp\/v2\/comments?post=9331"}],"version-history":[{"count":7,"href":"https:\/\/iumotril.org\/sitio\/wp-json\/wp\/v2\/posts\/9331\/revisions"}],"predecessor-version":[{"id":9348,"href":"https:\/\/iumotril.org\/sitio\/wp-json\/wp\/v2\/posts\/9331\/revisions\/9348"}],"wp:featuredmedia":[{"embeddable":true,"href":"https:\/\/iumotril.org\/sitio\/wp-json\/wp\/v2\/media\/9333"}],"wp:attachment":[{"href":"https:\/\/iumotril.org\/sitio\/wp-json\/wp\/v2\/media?parent=9331"}],"wp:term":[{"taxonomy":"category","embeddable":true,"href":"https:\/\/iumotril.org\/sitio\/wp-json\/wp\/v2\/categories?post=9331"},{"taxonomy":"post_tag","embeddable":true,"href":"https:\/\/iumotril.org\/sitio\/wp-json\/wp\/v2\/tags?post=9331"}],"curies":[{"name":"wp","href":"https:\/\/api.w.org\/{rel}","templated":true}]}}