{"id":929,"date":"2015-06-14T10:26:57","date_gmt":"2015-06-14T08:26:57","guid":{"rendered":"http:\/\/iumotril.org\/sitio\/?p=929"},"modified":"2015-06-14T10:26:57","modified_gmt":"2015-06-14T08:26:57","slug":"orgullosos-de-haber-contribuido-a-entregarles-su-carta-de-despido","status":"publish","type":"post","link":"https:\/\/iumotril.org\/sitio\/orgullosos-de-haber-contribuido-a-entregarles-su-carta-de-despido\/","title":{"rendered":"Orgullosos de haber contribuido a entregarles su carta de despido"},"content":{"rendered":"<p>&nbsp;<\/p>\n<table class=\" aligncenter\" style=\"height: 156px;\" width=\"472\">\n<tbody>\n<tr>\n<td><a href=\"https:\/\/iumotril.org\/sitio\/wp-content\/uploads\/2015\/06\/Christian_5634.jpg\"><img loading=\"lazy\" decoding=\"async\" data-attachment-id=\"941\" data-permalink=\"https:\/\/iumotril.org\/sitio\/orgullosos-de-haber-contribuido-a-entregarles-su-carta-de-despido\/christian_5634\/\" data-orig-file=\"https:\/\/iumotril.org\/sitio\/wp-content\/uploads\/2015\/06\/Christian_5634.jpg\" data-orig-size=\"1280,852\" data-comments-opened=\"1\" data-image-meta=\"{&quot;aperture&quot;:&quot;0&quot;,&quot;credit&quot;:&quot;&quot;,&quot;camera&quot;:&quot;&quot;,&quot;caption&quot;:&quot;&quot;,&quot;created_timestamp&quot;:&quot;0&quot;,&quot;copyright&quot;:&quot;&quot;,&quot;focal_length&quot;:&quot;0&quot;,&quot;iso&quot;:&quot;0&quot;,&quot;shutter_speed&quot;:&quot;0&quot;,&quot;title&quot;:&quot;&quot;,&quot;orientation&quot;:&quot;1&quot;}\" data-image-title=\"Christian_5634\" data-image-description=\"\" data-image-caption=\"\" data-large-file=\"https:\/\/iumotril.org\/sitio\/wp-content\/uploads\/2015\/06\/Christian_5634-1024x682.jpg\" class=\"aligncenter wp-image-941 \" src=\"https:\/\/iumotril.org\/sitio\/wp-content\/uploads\/2015\/06\/Christian_5634-150x150.jpg\" alt=\"Christian Linares promete su cargo como Concejal del Ayuntamiento de Motril\" width=\"150\" height=\"150\" srcset=\"https:\/\/iumotril.org\/sitio\/wp-content\/uploads\/2015\/06\/Christian_5634-150x150.jpg 150w, https:\/\/iumotril.org\/sitio\/wp-content\/uploads\/2015\/06\/Christian_5634-36x36.jpg 36w, https:\/\/iumotril.org\/sitio\/wp-content\/uploads\/2015\/06\/Christian_5634-115x115.jpg 115w\" sizes=\"auto, (max-width: 150px) 100vw, 150px\" \/><\/a><\/td>\n<td><a href=\"https:\/\/iumotril.org\/sitio\/wp-content\/uploads\/2015\/06\/Inma_5637.jpg\"><img loading=\"lazy\" decoding=\"async\" data-attachment-id=\"943\" data-permalink=\"https:\/\/iumotril.org\/sitio\/orgullosos-de-haber-contribuido-a-entregarles-su-carta-de-despido\/inma_5637\/\" data-orig-file=\"https:\/\/iumotril.org\/sitio\/wp-content\/uploads\/2015\/06\/Inma_5637.jpg\" data-orig-size=\"1280,852\" data-comments-opened=\"1\" data-image-meta=\"{&quot;aperture&quot;:&quot;0&quot;,&quot;credit&quot;:&quot;&quot;,&quot;camera&quot;:&quot;&quot;,&quot;caption&quot;:&quot;&quot;,&quot;created_timestamp&quot;:&quot;0&quot;,&quot;copyright&quot;:&quot;&quot;,&quot;focal_length&quot;:&quot;0&quot;,&quot;iso&quot;:&quot;0&quot;,&quot;shutter_speed&quot;:&quot;0&quot;,&quot;title&quot;:&quot;&quot;,&quot;orientation&quot;:&quot;1&quot;}\" data-image-title=\"Inma_5637\" data-image-description=\"\" data-image-caption=\"\" data-large-file=\"https:\/\/iumotril.org\/sitio\/wp-content\/uploads\/2015\/06\/Inma_5637-1024x682.jpg\" class=\"aligncenter wp-image-943 size-thumbnail\" src=\"https:\/\/iumotril.org\/sitio\/wp-content\/uploads\/2015\/06\/Inma_5637-150x150.jpg\" alt=\"Inma Omsite promete su cargo de Concejala Ayuntamiento Motril\" width=\"150\" height=\"150\" srcset=\"https:\/\/iumotril.org\/sitio\/wp-content\/uploads\/2015\/06\/Inma_5637-150x150.jpg 150w, https:\/\/iumotril.org\/sitio\/wp-content\/uploads\/2015\/06\/Inma_5637-36x36.jpg 36w, https:\/\/iumotril.org\/sitio\/wp-content\/uploads\/2015\/06\/Inma_5637-115x115.jpg 115w\" sizes=\"auto, (max-width: 150px) 100vw, 150px\" \/><\/a><\/td>\n<td style=\"text-align: center;\"><a href=\"https:\/\/iumotril.org\/sitio\/wp-content\/uploads\/2015\/06\/Daniela_5635.jpg\"><img loading=\"lazy\" decoding=\"async\" data-attachment-id=\"942\" data-permalink=\"https:\/\/iumotril.org\/sitio\/orgullosos-de-haber-contribuido-a-entregarles-su-carta-de-despido\/daniela_5635\/\" data-orig-file=\"https:\/\/iumotril.org\/sitio\/wp-content\/uploads\/2015\/06\/Daniela_5635.jpg\" data-orig-size=\"1280,852\" data-comments-opened=\"1\" data-image-meta=\"{&quot;aperture&quot;:&quot;0&quot;,&quot;credit&quot;:&quot;&quot;,&quot;camera&quot;:&quot;&quot;,&quot;caption&quot;:&quot;&quot;,&quot;created_timestamp&quot;:&quot;0&quot;,&quot;copyright&quot;:&quot;&quot;,&quot;focal_length&quot;:&quot;0&quot;,&quot;iso&quot;:&quot;0&quot;,&quot;shutter_speed&quot;:&quot;0&quot;,&quot;title&quot;:&quot;&quot;,&quot;orientation&quot;:&quot;1&quot;}\" data-image-title=\"Daniela_5635\" data-image-description=\"\" data-image-caption=\"\" data-large-file=\"https:\/\/iumotril.org\/sitio\/wp-content\/uploads\/2015\/06\/Daniela_5635-1024x682.jpg\" class=\"aligncenter wp-image-942 size-thumbnail\" src=\"https:\/\/iumotril.org\/sitio\/wp-content\/uploads\/2015\/06\/Daniela_5635-150x150.jpg\" alt=\"Daniela Paqu\u00e9 promete su cargo como Concejalal del Ayuntamiento de Motril\" width=\"150\" height=\"150\" srcset=\"https:\/\/iumotril.org\/sitio\/wp-content\/uploads\/2015\/06\/Daniela_5635-150x150.jpg 150w, https:\/\/iumotril.org\/sitio\/wp-content\/uploads\/2015\/06\/Daniela_5635-36x36.jpg 36w, https:\/\/iumotril.org\/sitio\/wp-content\/uploads\/2015\/06\/Daniela_5635-115x115.jpg 115w\" sizes=\"auto, (max-width: 150px) 100vw, 150px\" \/><\/a><\/td>\n<\/tr>\n<\/tbody>\n<\/table>\n<p style=\"text-align: left;\">Ayer, en el Pleno de composici\u00f3n de la nueva Corporaci\u00f3n Municipal as\u00ed se expres\u00f3 Daniela en la primera parte de su intervenci\u00f3n:<\/p>\n<p style=\"padding-left: 30px; text-align: left;\"><span style=\"color: #993300;\"><em>Nos congratulamos de haber contribuido a que hoy podamos entregarles la carta de despido, la misma que ustedes notificaron a los trabajadores\/as de la Banda Municipal de M\u00fasica, casi todos j\u00f3venes m\u00fasicos con estudios superiores en el conservatorio; similar a la que entregaron a los profesores de la Escuela Municipal de M\u00fasica y Danza; igual que la que trasladaron a los trabajadores\/as de la Empresa Municipal de Vivienda de Motril. Semejantes de aquella otras que, con su apoyo y desde la Diputaci\u00f3n Provincial, comunicaron a los trabajadores\/as del Centro de Desarrollo Pesquero y a\u00a0 los trabajadores de los servicios sociales; misivas de despido que tambi\u00e9n pusieron en conocimiento de los\/as secretarios\/as de los grupos municipales de Izquierda Unida y Convergencia Ciudadana.<\/em><\/span><\/p>\n<p>En su intervenci\u00f3n, Daniela explic\u00f3 los motivos de nuestra decisi\u00f3n y el sentido de nuestro voto:<\/p>\n<p style=\"padding-left: 30px; text-align: left;\"><span style=\"color: #993300;\"><em>Esa prioridad democr\u00e1tica nos ha llevado a considerar\u00a0 la oportunidad de prestar nuestro apoyo a la alternativa liderada por el PSOE de Andaluc\u00eda. Un apoyo condicionado, en cualquier caso, al compromiso de llevar adelante pol\u00edticas en favor de la mayor\u00eda social y medidas de regeneraci\u00f3n democr\u00e1tica y transparencia, justicia social y desarrollo sostenible. Todo ello, en base a tres ejes program\u00e1ticos irrenunciables:<\/em><\/span><\/p>\n<ul>\n<li style=\"text-align: left;\"><span style=\"color: #993300;\"><em>Transparencia y Lucha contra la corrupci\u00f3n<\/em><\/span><\/li>\n<li style=\"text-align: left;\"><span style=\"color: #993300;\"><em>Defensa de los servicios p\u00fablicos y<\/em><\/span><\/li>\n<li style=\"text-align: left;\"><span style=\"color: #993300;\"><em>Fomento de la econom\u00eda local y creaci\u00f3n de empleo.<\/em><\/span><\/li>\n<\/ul>\n<p style=\"padding-left: 30px;\"><span style=\"color: #993300;\"><em>En esa direcci\u00f3n hemos trabajado para buscar un entendimiento con quien en su programa incluyera\u00a0 medidas que permitan el rescate ciudadano y que defienda, en todo caso, los intereses populares frente a los especulativos y financieros.<\/em><\/span><\/p>\n<p>Tambi\u00e9n se refiri\u00f3 al alcance del Acuerdo alcanzado para la investidura de la candidata del PSOE:<\/p>\n<p style=\"padding-left: 30px; text-align: left;\"><span style=\"color: #993300;\"><em>Hemos negociado en base a pol\u00edticas y no a cargos o sillones. Hemos apostado por el qu\u00e9 y no por el qui\u00e9n o qui\u00e9nes.No queremos ocupar ning\u00fan sill\u00f3n, no queremos pisar moquetas ni tener ning\u00fan peso institucional. Nuestro sitio estar\u00e1 en los barrios, en las calles, en las plazas, con la gente que no tiene voz, con los que pasan dificultades, con los que no han contado hasta ahora.<\/em><\/span><\/p>\n<p style=\"padding-left: 30px;\"><span style=\"color: #993300;\"><em>\u00a0Pretendemos hacer posible que se devuelva la voz al pueblo, servir de conexi\u00f3n con las demandas populares, con las propuestas y la sensibilidad de los movimientos sociales.La oposici\u00f3n es el mejor instrumento de control de los compromisos que hemos alcanzado con el partido socialista. Una oposici\u00f3n que ejerceremos desde la firmeza y desde la coherencia.<\/em><\/span><\/p>\n<p>Con uno de los votos de Izquierda Unida, el Pleno eligi\u00f3 a Flor Alm\u00f3n coma nueva Alcaldesa de Motril:<\/p>\n<p style=\"padding-left: 30px; text-align: left;\"><span style=\"color: #993300;\"><em>En consecuencia, Izquierda Unida da su apoyo afirmativo a la candidatura del PSOE de Andaluc\u00eda para la investidura de la Sra. Alm\u00f3n como Alcaldesa de Motril, a la que saludamos y felicitamos sinceramente por ser la primera mujer elegida en las urnas para ostentar este cargo en nuestra ciudad.<\/em><\/span><\/p>\n<p style=\"padding-left: 30px; text-align: left;\"><span style=\"color: #993300;\"><em>\u00a0Y aprovecho para mostrar mi satisfacci\u00f3n porque sea una mujer la nueva alcaldesa y seamos mujeres mayoritariamente las portavoces de los diferentes grupos municipales, un reflejo del necesario avance en la igualdad que no debe dejar de cesar.<\/em><\/span><\/p>\n<h4 style=\"padding-left: 30px; text-align: left;\"><a title=\"Intervenci\u00f3n de Daniela\" href=\"https:\/\/iumotril.org\/sitio\/wp-content\/uploads\/2015\/06\/Microsoft-Word-Investidura.IntervencionDaniela.docx-_1_.pdf\" target=\"_blank\">Intervenci\u00f3n de Daniela Paqu\u00e9 ante el Pleno (pdf)<\/a><\/h4>\n<p>A partir de ahora toca seguir trabajando, d\u00eda a d\u00eda, para lograr el cumplimiento de compromisos y acuerdos alcanzados para llevar a cabo pol\u00edticas y medidas de transformaci\u00f3n social para Motril. En eso estaremos decididamente.<\/p>\n","protected":false},"excerpt":{"rendered":"<p>Nos congratulamos de haber contribuido a que hoy podamos entregarles la carta de despido, la misma que ustedes notificaron a los trabajadores\/as de la Banda Municipal de M\u00fasica, casi todos j\u00f3venes m\u00fasicos con estudios superiores en el conservatorio; similar a la que entregaron a los profesores de la Escuela Municipal de M\u00fasica y Danza; igual que la que trasladaron a los trabajadores\/as de la Empresa Municipal de Vivienda de Motril. Semejantes de aquella otras que, con su apoyo y desde la Diputaci\u00f3n Provincial, comunicaron a los trabajadores\/as del Centro de Desarrollo Pesquero y a  los trabajadores de los servicios sociales; misivas de despido que tambi\u00e9n pusieron en conocimiento de los\/as secretarios\/as de los grupos municipales de Izquierda Unida y Convergencia Ciudadana.<\/p>\n","protected":false},"author":1,"featured_media":0,"comment_status":"open","ping_status":"open","sticky":false,"template":"","format":"standard","meta":{"cybocfi_hide_featured_image":"","_jetpack_newsletter_access":"","_jetpack_dont_email_post_to_subs":false,"_jetpack_newsletter_tier_id":0,"_jetpack_memberships_contains_paywalled_content":false,"_jetpack_memberships_contains_paid_content":false,"footnotes":""},"categories":[7,56],"tags":[112,136,102,84,59,117,115],"class_list":["post-929","post","type-post","status-publish","format-standard","hentry","category-ayuntamiento","category-municipales-2015","tag-acuerdos","tag-alcaldesa-motril","tag-christian-linares","tag-daniela-paque","tag-es-tiempo-de-izquierda","tag-flor-almon","tag-inma-omiste"],"jetpack_featured_media_url":"","jetpack_sharing_enabled":true,"jetpack_shortlink":"https:\/\/wp.me\/p4QsU5-eZ","jetpack-related-posts":[{"id":1258,"url":"https:\/\/iumotril.org\/sitio\/izquierda-unida-denuncia-el-despido-del-sindicalista-francisco-morata-de-torraspapel\/","url_meta":{"origin":929,"position":0},"title":"IZQUIERDA UNIDA DENUNCIA EL DESPIDO DEL SINDICALISTA FRANCISCO MORATA DE TORRASPAPEL","author":"Izquierda Unida Motril","date":"21 agosto, 2015","format":false,"excerpt":"Izquierda Unida quiere denunciar, una vez m\u00e1s, la estrategia empresarial del grupo Torraspapel que no cesa en la imposici\u00f3n de medidas y actuaciones que suponen una precarizaci\u00f3n cada vez mayor de las condiciones laborales. Pol\u00edticas todas ellas que est\u00e1n en consonancia con los intereses del capitalismo m\u00e1s feroz, del que\u2026","rel":"","context":"En \u00abSin categor\u00eda\u00bb","block_context":{"text":"Sin categor\u00eda","link":"https:\/\/iumotril.org\/sitio\/category\/sin-categoria\/"},"img":{"alt_text":"Torras","src":"https:\/\/i0.wp.com\/iumotril.org\/sitio\/wp-content\/uploads\/2015\/08\/Torras.jpg?resize=350%2C200","width":350,"height":200},"classes":[]},{"id":1480,"url":"https:\/\/iumotril.org\/sitio\/izquierda-unida-denuncia-los-despidos-en-limpiezas-del-sur-y-en-torras-papel\/","url_meta":{"origin":929,"position":1},"title":"IZQUIERDA UNIDA DENUNCIA LOS DESPIDOS EN LIMPIEZAS DEL SUR Y EN TORRAS PAPEL","author":"Izquierda Unida Motril","date":"14 octubre, 2015","format":false,"excerpt":"A la vista de estas situaciones en la que se pone de manifiesto la falta de responsabilidad social de las empresas y, sobre todo, la codicia empresarial que s\u00f3lo persigue la maximizaci\u00f3n de los beneficios empresariales por encima de los derechos de las personas y de los trabajadores, Izquierda Unida\u2026","rel":"","context":"En \u00abEST\u00c1 PASANDO\u00bb","block_context":{"text":"EST\u00c1 PASANDO","link":"https:\/\/iumotril.org\/sitio\/category\/esta-pasando\/"},"img":{"alt_text":"Trabajadores limpieza","src":"https:\/\/i0.wp.com\/iumotril.org\/sitio\/wp-content\/uploads\/2015\/10\/Trabajadores-limpieza.jpg?resize=350%2C200","width":350,"height":200},"classes":[]},{"id":2938,"url":"https:\/\/iumotril.org\/sitio\/nuestro-apoyo-a-los-estibadores-de-motril\/","url_meta":{"origin":929,"position":2},"title":"Nuestro apoyo a los estibadores de Motril","author":"Izquierda Unida Motril","date":"7 junio, 2017","format":false,"excerpt":"El Grupo Municipal de IU presentar\u00e1 una Moci\u00f3n al pr\u00f3ximo Pleno en apoyo al sector de la Estiba en Motril, instando al Ministerio de Fomento y a la Patronal del sector a consensuar las medidas que permitan superar las incertidumbres que genera la situaci\u00f3n actual, tras la sentencia del Tribunal\u2026","rel":"","context":"En \u00abEST\u00c1 PASANDO\u00bb","block_context":{"text":"EST\u00c1 PASANDO","link":"https:\/\/iumotril.org\/sitio\/category\/esta-pasando\/"},"img":{"alt_text":"","src":"https:\/\/i0.wp.com\/iumotril.org\/sitio\/wp-content\/uploads\/2017\/06\/Estibadores_junio-1024x768.jpg?resize=350%2C200","width":350,"height":200,"srcset":"https:\/\/i0.wp.com\/iumotril.org\/sitio\/wp-content\/uploads\/2017\/06\/Estibadores_junio-1024x768.jpg?resize=350%2C200 1x, https:\/\/i0.wp.com\/iumotril.org\/sitio\/wp-content\/uploads\/2017\/06\/Estibadores_junio-1024x768.jpg?resize=525%2C300 1.5x"},"classes":[]},{"id":9857,"url":"https:\/\/iumotril.org\/sitio\/por-los-derechos-laborales-y-en-defensa-de-los-servicios-publicos-municipales\/","url_meta":{"origin":929,"position":3},"title":"Por los derechos laborales y en defensa de los servicios p\u00fablicos municipales","author":"Izquierda Unida Motril","date":"12 marzo, 2024","format":false,"excerpt":"Se hace necesario que la ciudadan\u00eda motrile\u00f1a salga a la calle en defensa de los intereses de los trabajadores dando una respuesta rotunda a la actuaci\u00f3n de Aguas y Servicios que mantiene bloqueada de facto la negociaci\u00f3n del convenio colectivo y a la decisi\u00f3n adoptada por el gobierno municipal de\u2026","rel":"","context":"En \u00abAyuntamiento\u00bb","block_context":{"text":"Ayuntamiento","link":"https:\/\/iumotril.org\/sitio\/category\/ayuntamiento\/"},"img":{"alt_text":"","src":"https:\/\/i0.wp.com\/iumotril.org\/sitio\/wp-content\/uploads\/2024\/03\/d9efe014-f783-40bb-a21e-1c388f223118.jpg?resize=350%2C200&ssl=1","width":350,"height":200,"srcset":"https:\/\/i0.wp.com\/iumotril.org\/sitio\/wp-content\/uploads\/2024\/03\/d9efe014-f783-40bb-a21e-1c388f223118.jpg?resize=350%2C200&ssl=1 1x, https:\/\/i0.wp.com\/iumotril.org\/sitio\/wp-content\/uploads\/2024\/03\/d9efe014-f783-40bb-a21e-1c388f223118.jpg?resize=525%2C300&ssl=1 1.5x"},"classes":[]},{"id":4686,"url":"https:\/\/iumotril.org\/sitio\/izquierda-unida-propone-mejoras-en-el-area-de-deportes-municipal\/","url_meta":{"origin":929,"position":4},"title":"Izquierda Unida propone mejoras en el \u00c1rea de Deportes municipal","author":"Izquierda Unida Motril","date":"13 febrero, 2019","format":false,"excerpt":"La candidata de IU se ha comprometido con la representaci\u00f3n de los trabajadores del \u00c1rea a tener en cuenta sus demandas e incorporar sus propuestas al programa de Deportes que su formaci\u00f3n presentar\u00e1 en las pr\u00f3ximas elecciones municipales con el objetivo de profesionalizar la gesti\u00f3n del \u00c1rea y trabajar en\u2026","rel":"","context":"En \u00abAyuntamiento\u00bb","block_context":{"text":"Ayuntamiento","link":"https:\/\/iumotril.org\/sitio\/category\/ayuntamiento\/"},"img":{"alt_text":"","src":"https:\/\/i0.wp.com\/iumotril.org\/sitio\/wp-content\/uploads\/2019\/01\/Inma_2_Balance-2018_4-enero.jpg?resize=350%2C200","width":350,"height":200},"classes":[]},{"id":4861,"url":"https:\/\/iumotril.org\/sitio\/izquierda-unida-reclama-a-flor-almon-que-exija-al-chiringuito-oleaje-el-pago-de-la-deuda-que-mantiene-con-sus-trabajadores-y-proveedores\/","url_meta":{"origin":929,"position":5},"title":"Izquierda Unida reclama a Flor Alm\u00f3n que exija al Chiringuito Oleaje el pago de la deuda que mantiene con sus trabajadores y proveedores","author":"Izquierda Unida Motril","date":"25 abril, 2019","format":false,"excerpt":"Inma Omiste, candidata de IU-Equo a la Alcald\u00eda de Motril, ha reprochado a Flor Alm\u00f3n que mantenga reuniones con la direcci\u00f3n de la empresa mientras que \u00e9sta sigue sin pagar su deuda con los trabajadores y proveedores. En este sentido le ha reclamado que, antes que nada, exija a la\u2026","rel":"","context":"En \u00abEST\u00c1 PASANDO\u00bb","block_context":{"text":"EST\u00c1 PASANDO","link":"https:\/\/iumotril.org\/sitio\/category\/esta-pasando\/"},"img":{"alt_text":"Chringuito Oleaje. Motril","src":"https:\/\/i0.wp.com\/iumotril.org\/sitio\/wp-content\/uploads\/2019\/04\/Oleaje-1024x684.jpg?resize=350%2C200","width":350,"height":200},"classes":[]}],"jetpack_likes_enabled":true,"_links":{"self":[{"href":"https:\/\/iumotril.org\/sitio\/wp-json\/wp\/v2\/posts\/929","targetHints":{"allow":["GET"]}}],"collection":[{"href":"https:\/\/iumotril.org\/sitio\/wp-json\/wp\/v2\/posts"}],"about":[{"href":"https:\/\/iumotril.org\/sitio\/wp-json\/wp\/v2\/types\/post"}],"author":[{"embeddable":true,"href":"https:\/\/iumotril.org\/sitio\/wp-json\/wp\/v2\/users\/1"}],"replies":[{"embeddable":true,"href":"https:\/\/iumotril.org\/sitio\/wp-json\/wp\/v2\/comments?post=929"}],"version-history":[{"count":11,"href":"https:\/\/iumotril.org\/sitio\/wp-json\/wp\/v2\/posts\/929\/revisions"}],"predecessor-version":[{"id":952,"href":"https:\/\/iumotril.org\/sitio\/wp-json\/wp\/v2\/posts\/929\/revisions\/952"}],"wp:attachment":[{"href":"https:\/\/iumotril.org\/sitio\/wp-json\/wp\/v2\/media?parent=929"}],"wp:term":[{"taxonomy":"category","embeddable":true,"href":"https:\/\/iumotril.org\/sitio\/wp-json\/wp\/v2\/categories?post=929"},{"taxonomy":"post_tag","embeddable":true,"href":"https:\/\/iumotril.org\/sitio\/wp-json\/wp\/v2\/tags?post=929"}],"curies":[{"name":"wp","href":"https:\/\/api.w.org\/{rel}","templated":true}]}}