{"id":9264,"date":"2023-05-18T12:52:08","date_gmt":"2023-05-18T10:52:08","guid":{"rendered":"https:\/\/iumotril.org\/sitio\/?p=9264"},"modified":"2023-05-18T12:52:08","modified_gmt":"2023-05-18T10:52:08","slug":"iu-verdes-equo-pide-al-ayuntamiento-la-retirada-de-los-carteles-y-propaganda-electoral-colocados-indebidamente","status":"publish","type":"post","link":"https:\/\/iumotril.org\/sitio\/iu-verdes-equo-pide-al-ayuntamiento-la-retirada-de-los-carteles-y-propaganda-electoral-colocados-indebidamente\/","title":{"rendered":"IU-Verdes Equo pide al Ayuntamiento la retirada de los carteles y propaganda electoral colocados indebidamente"},"content":{"rendered":"<p style=\"padding-left: 40px;\"><span style=\"color: #993300;\">El Grupo Municipal de IU-Verdes Equo ha pedido a la Alcald\u00eda que retire o inste a la retirada de la propaganda electoral colocada de manera inadecuada en calles y plazas de la ciudad, fundamentalmente carteles y pancartas fijados en \u00e1rboles, se\u00f1alizaci\u00f3n vial o se\u00f1al\u00e9tica informativa y en otros soportes no destinados a esta finalidad.<\/span><\/p>\n<p>El portavoz de IU-Verdes Equo, Jose G. Llorente, ha informado esta ma\u00f1ana de las actuaciones que est\u00e1 llevando a cabo su Grupo ante el deplorable estado de deterioro del <strong>paisaje urbano<\/strong> y de la imagen de la ciudad\u00a0 por la <strong>colocaci\u00f3n indiscriminada de propaganda electoral<\/strong> por parte de determinadas formaciones pol\u00edticas, que est\u00e1n llevando a cabo una <strong>ocupaci\u00f3n excesiva<\/strong> de cualquier soporte que consideran que se puede utilizar para sus lonas, carteles y afiches con sus im\u00e1genes y mensajes propagand\u00edsticos.<\/p>\n<p>En este sentido, ha informado de que ha solicitado al Ayuntamiento que adopte las medidas necesarias, en virtud de sus competencias,\u00a0 para <strong>poner freno a esta desastrosa situaci\u00f3n<\/strong> ocasionada por la <strong>falta de responsabilidad c\u00edvica<\/strong> de formaciones pol\u00edticas y candidaturas que anteponen sus intereses pol\u00edticos y electorales al necesario cuidado de la ciudad, alterando el bienestar de los vecinos y de las vecinas y la normal convivencia ciudadana.<\/p>\n<figure id=\"attachment_9267\" aria-describedby=\"caption-attachment-9267\" style=\"width: 431px\" class=\"wp-caption alignleft\"><img loading=\"lazy\" decoding=\"async\" data-attachment-id=\"9267\" data-permalink=\"https:\/\/iumotril.org\/sitio\/iu-verdes-equo-pide-al-ayuntamiento-la-retirada-de-los-carteles-y-propaganda-electoral-colocados-indebidamente\/foto-jose-17-de-mayo\/\" data-orig-file=\"https:\/\/iumotril.org\/sitio\/wp-content\/uploads\/2023\/05\/foto-jose-17-de-mayo-scaled.jpg\" data-orig-size=\"2560,1920\" data-comments-opened=\"1\" data-image-meta=\"{&quot;aperture&quot;:&quot;2.2&quot;,&quot;credit&quot;:&quot;&quot;,&quot;camera&quot;:&quot;iPhone 6&quot;,&quot;caption&quot;:&quot;&quot;,&quot;created_timestamp&quot;:&quot;1684317378&quot;,&quot;copyright&quot;:&quot;&quot;,&quot;focal_length&quot;:&quot;4.15&quot;,&quot;iso&quot;:&quot;32&quot;,&quot;shutter_speed&quot;:&quot;0.03030303030303&quot;,&quot;title&quot;:&quot;&quot;,&quot;orientation&quot;:&quot;1&quot;}\" data-image-title=\"foto jose 17 de mayo\" data-image-description=\"\" data-image-caption=\"\" data-large-file=\"https:\/\/iumotril.org\/sitio\/wp-content\/uploads\/2023\/05\/foto-jose-17-de-mayo-1024x768.jpg\" class=\"wp-image-9267 \" src=\"https:\/\/iumotril.org\/sitio\/wp-content\/uploads\/2023\/05\/foto-jose-17-de-mayo-1024x768.jpg\" alt=\"\" width=\"431\" height=\"323\" srcset=\"https:\/\/iumotril.org\/sitio\/wp-content\/uploads\/2023\/05\/foto-jose-17-de-mayo-1024x768.jpg 1024w, https:\/\/iumotril.org\/sitio\/wp-content\/uploads\/2023\/05\/foto-jose-17-de-mayo-300x225.jpg 300w, https:\/\/iumotril.org\/sitio\/wp-content\/uploads\/2023\/05\/foto-jose-17-de-mayo-768x576.jpg 768w, https:\/\/iumotril.org\/sitio\/wp-content\/uploads\/2023\/05\/foto-jose-17-de-mayo-1536x1152.jpg 1536w, https:\/\/iumotril.org\/sitio\/wp-content\/uploads\/2023\/05\/foto-jose-17-de-mayo-2048x1536.jpg 2048w\" sizes=\"auto, (max-width: 431px) 100vw, 431px\" \/><figcaption id=\"caption-attachment-9267\" class=\"wp-caption-text\">Jose G. Llorente, concejal de IU-Verdes Equo<\/figcaption><\/figure>\n<p>Llorente ha reiterado el compromiso de su formaci\u00f3n por realizar <strong>una \u201ccampa\u00f1a limpia,\u00a0 responsable y transparente\u201d<\/strong> en todos los sentidos, es decir, no s\u00f3lo cuidando las formas en el debate pol\u00edtico sino, tambi\u00e9n, actuando con responsabilidad en la utilizaci\u00f3n de carteler\u00eda y materiales elaborados con cart\u00f3n y papel para \u201cno empapelar la ciudad\u201d para evitar un d<strong>espilfarro ambiental y econ\u00f3mico innecesario<\/strong> que, a su juicio, carece de sentido.<\/p>\n<p>La coalici\u00f3n IU-Verdes Equo \u2013\u2013ha insistido\u2013\u2013 est\u00e1 realizando <strong>una campa\u00f1a sobria y austera,<\/strong> basada en la difusi\u00f3n de sus propuestas para mejorar Motril a trav\u00e9s de actos de proximidad con los vecinos y vecinas con participaci\u00f3n de su candidata a la Alcald\u00eda, Inma Omiste, y la utilizaci\u00f3n de los medios de comunicaci\u00f3n social, de Internet y de las redes sociales. Llorente, ha declarado el compromiso de su formaci\u00f3n de <strong>no colocar m\u00e1s de 55 carteles electorales<\/strong> en los soportes destinados a este fin en las calles de la ciudad, respetando los criterios de la Junta Electoral.<\/p>\n<p>Llorente ha informado tambi\u00e9n de que su coalici\u00f3n ha trasladado a la <strong>Junta Electoral de Zona de Motril<\/strong> una reclamaci\u00f3n escrita en la que considera que, en Motril, se est\u00e1 dando una \u201cutilizaci\u00f3n abusiva de espacios urbanos\u201d y soportes destinados a colocaci\u00f3n de carteler\u00eda electoral por parte de determinadas formaciones pol\u00edticas que es contraria a los criterios acordados por la Junta Electoral en relaci\u00f3n con la difusi\u00f3n de propaganda electoral, por lo que solicita la adopci\u00f3n de medidas dirigidas a esas formaciones pol\u00edticas para que corrijan sus actuaciones.<\/p>\n","protected":false},"excerpt":{"rendered":"<p>Ha solicitado al Ayuntamiento que adopte las medidas necesarias, en virtud de sus competencias,\u00a0 para poner freno a esta desastrosa situaci\u00f3n ocasionada por la falta de responsabilidad c\u00edvica de formaciones pol\u00edticas y candidaturas que anteponen sus intereses pol\u00edticos y electorales al necesario cuidado de la ciudad, despreciando de este modo a la ciudadan\u00eda y perjudicando el bienestar de los vecinos y de las vecinas.<br \/>\nLlorente ha reiterado el compromiso de su formaci\u00f3n por realizar una \u201ccampa\u00f1a limpia,\u00a0 responsable y transparente\u201d en todos los sentidos, es decir, no s\u00f3lo cuidando las formas en el debate pol\u00edtico sino, tambi\u00e9n, actuando con responsabilidad en la utilizaci\u00f3n de carteler\u00eda y materiales elaborados con cart\u00f3n y papel para \u201cno empapelar la ciudad\u201d para evitar un derroche ambiental y econ\u00f3mico innecesario que, a su juicio, carece de sentido.<br \/>\nLa coalici\u00f3n IU-Verdes Equo \u2013\u2013ha insistido\u2013\u2013 est\u00e1 realizando una campa\u00f1a sobria y austera, basada en la difusi\u00f3n de la informaci\u00f3n de sus propuestas para mejorar Motril a trav\u00e9s de actos de proximidad con los vecinos y vecinas con participaci\u00f3n de su candidata a la Alcald\u00eda, Inma Omiste, y la utilizaci\u00f3n de los medios de comunicaci\u00f3n social, de Internet y de las redes sociales. Llorente, ha declarado el compromiso de su formaci\u00f3n de no colocar m\u00e1s de 55 carteles electorales en los soportes destinados a este fin en las calles de la ciudad, respetando los criterios de la Junta Electoral.<\/p>\n<p>Llorente ha informado tambi\u00e9n de que su coalici\u00f3n ha trasladado a la Junta Electoral de Zona de Motril una reclamaci\u00f3n escrita en la que considera que, en Motril, se est\u00e1 dando una \u201cutilizaci\u00f3n abusiva de espacios urbanos\u201d y soportes destinados a colocaci\u00f3n de carteler\u00eda electoral por parte de determinadas formaciones pol\u00edticas que es contraria a los criterios acordados por la Junta Electoral en relaci\u00f3n con la difusi\u00f3n de propaganda electoral, por lo que solicita la adopci\u00f3n de medidas dirigidas a esas formaciones pol\u00edticas para que corrijan sus actuaciones.<\/p>\n","protected":false},"author":1,"featured_media":9266,"comment_status":"open","ping_status":"open","sticky":false,"template":"","format":"standard","meta":{"cybocfi_hide_featured_image":"","_jetpack_newsletter_access":"","_jetpack_dont_email_post_to_subs":false,"_jetpack_newsletter_tier_id":0,"_jetpack_memberships_contains_paywalled_content":false,"_jetpack_memberships_contains_paid_content":false,"footnotes":""},"categories":[1179,265,1934],"tags":[],"class_list":["post-9264","post","type-post","status-publish","format-standard","has-post-thumbnail","hentry","category-elecciones","category-esta-pasando","category-municipales-2023"],"jetpack_featured_media_url":"https:\/\/iumotril.org\/sitio\/wp-content\/uploads\/2023\/05\/Carteles-en-plaza-de-Espana.jpg","jetpack_sharing_enabled":true,"jetpack_shortlink":"https:\/\/wp.me\/p4QsU5-2pq","jetpack-related-posts":[{"id":4946,"url":"https:\/\/iumotril.org\/sitio\/iu-equo-reclama-responsabilidad-a-partidos-y-candidaturas-en-la-colocacion-de-propaganda-electoral-en-las-calles-de-motril\/","url_meta":{"origin":9264,"position":0},"title":"IU-Equo reclama responsabilidad a partidos y candidaturas en la colocaci\u00f3n de propaganda electoral en las calles de Motril","author":"Izquierda Unida Motril","date":"12 mayo, 2019","format":false,"excerpt":"IU-Equo ha colocado en lo que va de campa\u00f1a cuatro pancartas y una docena de carteles, todos ellos en barrios y zonas alejadas del centro de la ciudad. Su previsi\u00f3n es colocar cincuenta carteles con la imagen de la candidata en diferentes barrios de Motril, con un criterio no invasivo,\u2026","rel":"","context":"En \u00abElecciones\u00bb","block_context":{"text":"Elecciones","link":"https:\/\/iumotril.org\/sitio\/category\/elecciones\/"},"img":{"alt_text":"","src":"https:\/\/i0.wp.com\/iumotril.org\/sitio\/wp-content\/uploads\/2019\/05\/PHOTO-2019-05-12-11-22-46-e1557681022205-300x170.jpg?resize=350%2C200","width":350,"height":200},"classes":[]},{"id":5080,"url":"https:\/\/iumotril.org\/sitio\/iu-equo-verdes-reclama-un-debate-electoral-en-telemotril\/","url_meta":{"origin":9264,"position":1},"title":"IU-Equo Verdes reclama un debate electoral en Telemotril","author":"Izquierda Unida Motril","date":"20 mayo, 2019","format":false,"excerpt":"Flor Alm\u00f3n y Antonio Esc\u00e1mez tienen miedo a exponer, debatir y contrastar sus propuestas para que los ciudadanos puedan comprobar que, en su mayor\u00eda, se tratan de promesas y mentiras si se contrastan con el programa de gobierno de IU-Equo Motril. Prefieren ensuciar las calles de Motril con propaganda y\u2026","rel":"","context":"En \u00abEST\u00c1 PASANDO\u00bb","block_context":{"text":"EST\u00c1 PASANDO","link":"https:\/\/iumotril.org\/sitio\/category\/esta-pasando\/"},"img":{"alt_text":"","src":"https:\/\/i0.wp.com\/iumotril.org\/sitio\/wp-content\/uploads\/2019\/05\/Jose-Llorente-Inma-Omiste-20-mayo-768x1024.jpg?resize=350%2C200","width":350,"height":200,"srcset":"https:\/\/i0.wp.com\/iumotril.org\/sitio\/wp-content\/uploads\/2019\/05\/Jose-Llorente-Inma-Omiste-20-mayo-768x1024.jpg?resize=350%2C200 1x, https:\/\/i0.wp.com\/iumotril.org\/sitio\/wp-content\/uploads\/2019\/05\/Jose-Llorente-Inma-Omiste-20-mayo-768x1024.jpg?resize=525%2C300 1.5x"},"classes":[]},{"id":5084,"url":"https:\/\/iumotril.org\/sitio\/la-junta-electoral-requiere-a-antonio-escamez-la-retirada-de-propaganda-electoral-de-las-obras-de-la-calle-ancha\/","url_meta":{"origin":9264,"position":2},"title":"La Junta Electoral requiere a Antonio Esc\u00e1mez la retirada de propaganda electoral de las obras de la calle Ancha","author":"Izquierda Unida Motril","date":"21 mayo, 2019","format":false,"excerpt":"El Acta de la Junta Electoral requiere al representante legal del Partido M\u00e1s Costa Tropical y a la empresa contratista Grupo COFER para la retirada inmediata de la publicidad de tipo electoral que pueda estar exhibiendo en cualquiera de las m\u00e1quinas u otros soportes publicitarios ubicados a lo largo de\u2026","rel":"","context":"En \u00abEST\u00c1 PASANDO\u00bb","block_context":{"text":"EST\u00c1 PASANDO","link":"https:\/\/iumotril.org\/sitio\/category\/esta-pasando\/"},"img":{"alt_text":"","src":"https:\/\/i0.wp.com\/iumotril.org\/sitio\/wp-content\/uploads\/2019\/05\/IMG_3155-e1558456069710-768x1024.jpg?resize=350%2C200","width":350,"height":200,"srcset":"https:\/\/i0.wp.com\/iumotril.org\/sitio\/wp-content\/uploads\/2019\/05\/IMG_3155-e1558456069710-768x1024.jpg?resize=350%2C200 1x, https:\/\/i0.wp.com\/iumotril.org\/sitio\/wp-content\/uploads\/2019\/05\/IMG_3155-e1558456069710-768x1024.jpg?resize=525%2C300 1.5x"},"classes":[]},{"id":9787,"url":"https:\/\/iumotril.org\/sitio\/iu-verdes-equo-denuncia-la-precariedad-de-los-servicios-municipales-como-consecuencia-de-la-gestion-de-las-derechas-motrilenas-al-frente-del-ayuntamiento\/","url_meta":{"origin":9264,"position":3},"title":"IU Verdes Equo denuncia la precariedad de los servicios municipales como consecuencia de la gesti\u00f3n de las derechas motrile\u00f1as al frente del Ayuntamiento","author":"Izquierda Unida Motril","date":"12 febrero, 2024","format":false,"excerpt":"El modelo de gesti\u00f3n de las derechas no duda en arrasar con los servicios p\u00fablicos para abrir espacios de negocio para el mercado y los negocios privados, como estamos viendo en Motril en los \u00faltimos a\u00f1os \u2013\u2013ha se\u00f1alado\u2013\u2013, llevando a la ciudad a una situaci\u00f3n de abandono que se pretende\u2026","rel":"","context":"En \u00abAyuntamiento\u00bb","block_context":{"text":"Ayuntamiento","link":"https:\/\/iumotril.org\/sitio\/category\/ayuntamiento\/"},"img":{"alt_text":"","src":"https:\/\/i0.wp.com\/iumotril.org\/sitio\/wp-content\/uploads\/2023\/10\/teatro-calderon-de-la-barca-motril-paulino-martinez-more-1227x675-1.jpg?resize=350%2C200&ssl=1","width":350,"height":200,"srcset":"https:\/\/i0.wp.com\/iumotril.org\/sitio\/wp-content\/uploads\/2023\/10\/teatro-calderon-de-la-barca-motril-paulino-martinez-more-1227x675-1.jpg?resize=350%2C200&ssl=1 1x, https:\/\/i0.wp.com\/iumotril.org\/sitio\/wp-content\/uploads\/2023\/10\/teatro-calderon-de-la-barca-motril-paulino-martinez-more-1227x675-1.jpg?resize=525%2C300&ssl=1 1.5x, https:\/\/i0.wp.com\/iumotril.org\/sitio\/wp-content\/uploads\/2023\/10\/teatro-calderon-de-la-barca-motril-paulino-martinez-more-1227x675-1.jpg?resize=700%2C400&ssl=1 2x, https:\/\/i0.wp.com\/iumotril.org\/sitio\/wp-content\/uploads\/2023\/10\/teatro-calderon-de-la-barca-motril-paulino-martinez-more-1227x675-1.jpg?resize=1050%2C600&ssl=1 3x"},"classes":[]},{"id":10417,"url":"https:\/\/iumotril.org\/sitio\/iu-verdes-equo-denuncia-la-precariedad-de-los-servicios-municipales-de-motril-como-consecuencia-de-la-gestion-de-la-politica-de-privatizaciones-de-las-derechas\/","url_meta":{"origin":9264,"position":4},"title":"IU Verdes Equo denuncia la precariedad de los servicios municipales de Motril como consecuencia de la gesti\u00f3n de la pol\u00edtica de privatizaciones de las derechas","author":"Izquierda Unida Motril","date":"14 febrero, 2025","format":false,"excerpt":"La concejala de IU Verdes Equo ha denunciado que actualmente la limpieza de los centros recae sobre las pocas trabajadoras que hay en el servicio de limpieza de interiores, unas 40 para cubrir 50 centros grandes y unos 60 peque\u00f1os, \u201cpor lo que a la excesiva sobrecarga de trabajo debemos\u2026","rel":"","context":"En \u00abCiudad\u00bb","block_context":{"text":"Ciudad","link":"https:\/\/iumotril.org\/sitio\/category\/ciudad\/"},"img":{"alt_text":"","src":"https:\/\/i0.wp.com\/iumotril.org\/sitio\/wp-content\/uploads\/2025\/02\/22-14.jpg?resize=350%2C200&ssl=1","width":350,"height":200,"srcset":"https:\/\/i0.wp.com\/iumotril.org\/sitio\/wp-content\/uploads\/2025\/02\/22-14.jpg?resize=350%2C200&ssl=1 1x, https:\/\/i0.wp.com\/iumotril.org\/sitio\/wp-content\/uploads\/2025\/02\/22-14.jpg?resize=525%2C300&ssl=1 1.5x, https:\/\/i0.wp.com\/iumotril.org\/sitio\/wp-content\/uploads\/2025\/02\/22-14.jpg?resize=700%2C400&ssl=1 2x, https:\/\/i0.wp.com\/iumotril.org\/sitio\/wp-content\/uploads\/2025\/02\/22-14.jpg?resize=1050%2C600&ssl=1 3x"},"classes":[]},{"id":9187,"url":"https:\/\/iumotril.org\/sitio\/iu-verdes-equo-hara-una-campana-responsable-limpia-e-informativa\/","url_meta":{"origin":9264,"position":5},"title":"IU-Verdes Equo har\u00e1 una campa\u00f1a responsable, limpia e informativa","author":"Izquierda Unida Motril","date":"12 mayo, 2023","format":false,"excerpt":"No haremos promesas para luego incumplirlas ni anunciaremos grandes proyectos para no llevarlos a cabo, sino propuestas concretas, con nombres y apellidos, viables para realizarlas en materia de vivienda, de empleo, educaci\u00f3n, movilidad, sostenibilidad, barrios, playas, deporte, mayores, cultura y tambi\u00e9n para la ELA de Carchuna-Calahonda. El portavoz de IU-Verdes\u2026","rel":"","context":"En \u00abEST\u00c1 PASANDO\u00bb","block_context":{"text":"EST\u00c1 PASANDO","link":"https:\/\/iumotril.org\/sitio\/category\/esta-pasando\/"},"img":{"alt_text":"","src":"https:\/\/i0.wp.com\/iumotril.org\/sitio\/wp-content\/uploads\/2023\/05\/IMG_9173-scaled.jpg?resize=350%2C200&ssl=1","width":350,"height":200,"srcset":"https:\/\/i0.wp.com\/iumotril.org\/sitio\/wp-content\/uploads\/2023\/05\/IMG_9173-scaled.jpg?resize=350%2C200&ssl=1 1x, https:\/\/i0.wp.com\/iumotril.org\/sitio\/wp-content\/uploads\/2023\/05\/IMG_9173-scaled.jpg?resize=525%2C300&ssl=1 1.5x, https:\/\/i0.wp.com\/iumotril.org\/sitio\/wp-content\/uploads\/2023\/05\/IMG_9173-scaled.jpg?resize=700%2C400&ssl=1 2x, https:\/\/i0.wp.com\/iumotril.org\/sitio\/wp-content\/uploads\/2023\/05\/IMG_9173-scaled.jpg?resize=1050%2C600&ssl=1 3x, https:\/\/i0.wp.com\/iumotril.org\/sitio\/wp-content\/uploads\/2023\/05\/IMG_9173-scaled.jpg?resize=1400%2C800&ssl=1 4x"},"classes":[]}],"jetpack_likes_enabled":true,"_links":{"self":[{"href":"https:\/\/iumotril.org\/sitio\/wp-json\/wp\/v2\/posts\/9264","targetHints":{"allow":["GET"]}}],"collection":[{"href":"https:\/\/iumotril.org\/sitio\/wp-json\/wp\/v2\/posts"}],"about":[{"href":"https:\/\/iumotril.org\/sitio\/wp-json\/wp\/v2\/types\/post"}],"author":[{"embeddable":true,"href":"https:\/\/iumotril.org\/sitio\/wp-json\/wp\/v2\/users\/1"}],"replies":[{"embeddable":true,"href":"https:\/\/iumotril.org\/sitio\/wp-json\/wp\/v2\/comments?post=9264"}],"version-history":[{"count":2,"href":"https:\/\/iumotril.org\/sitio\/wp-json\/wp\/v2\/posts\/9264\/revisions"}],"predecessor-version":[{"id":9268,"href":"https:\/\/iumotril.org\/sitio\/wp-json\/wp\/v2\/posts\/9264\/revisions\/9268"}],"wp:featuredmedia":[{"embeddable":true,"href":"https:\/\/iumotril.org\/sitio\/wp-json\/wp\/v2\/media\/9266"}],"wp:attachment":[{"href":"https:\/\/iumotril.org\/sitio\/wp-json\/wp\/v2\/media?parent=9264"}],"wp:term":[{"taxonomy":"category","embeddable":true,"href":"https:\/\/iumotril.org\/sitio\/wp-json\/wp\/v2\/categories?post=9264"},{"taxonomy":"post_tag","embeddable":true,"href":"https:\/\/iumotril.org\/sitio\/wp-json\/wp\/v2\/tags?post=9264"}],"curies":[{"name":"wp","href":"https:\/\/api.w.org\/{rel}","templated":true}]}}