{"id":9253,"date":"2023-05-16T15:06:51","date_gmt":"2023-05-16T13:06:51","guid":{"rendered":"https:\/\/iumotril.org\/sitio\/?p=9253"},"modified":"2023-05-16T21:15:06","modified_gmt":"2023-05-16T19:15:06","slug":"iu-verdes-equo-llevara-actuaciones-integrales-de-mejora-en-el-barrio-de-los-alamos-y-en-otros-barrios-de-la-ciudad","status":"publish","type":"post","link":"https:\/\/iumotril.org\/sitio\/iu-verdes-equo-llevara-actuaciones-integrales-de-mejora-en-el-barrio-de-los-alamos-y-en-otros-barrios-de-la-ciudad\/","title":{"rendered":"IU-Verdes Equo desarrollar\u00e1 actuaciones integrales de mejora en el barrio de los \u00c1lamos y en otros barrios de la ciudad"},"content":{"rendered":"<p style=\"padding-left: 40px;\"><span style=\"font-weight: 400; color: #993300;\">La candidata de la coalici\u00f3n IU-Verdes Equo, Inma Omiste, ha anunciado hoy que su formaci\u00f3n llevar\u00e1 a cabo desde el gobierno de la ciudad un plan integral de mejora de los barrios de la ciudad y de sus anejos, detallando las propuestas que se recogen en su programa de gobierno que incluye, adem\u00e1s, el Plan Centro de protecci\u00f3n del Casco Hist\u00f3rico de Motril.<\/span><\/p>\n<p><span style=\"font-weight: 400;\">Inma Omiste ha anunciado en el barrio de los \u00c1lamos que pondr\u00e1 en marcha desde su gobierno municipal un <strong>plan integral de mejora y adecentamiento del barrio<\/strong> que pal\u00ede el estado de abandono en el que le ha sumido el gobierno local de Luisa Garc\u00eda Chamorro tras sus cuatro largos a\u00f1os de gesti\u00f3n municipal.<\/span><\/p>\n<p><span style=\"font-weight: 400;\">La gesti\u00f3n del PP con Garc\u00eda Chamorro al frente est\u00e1 teniendo muchas consecuencias negativas para la ciudad y para sus vecinos y vecinas \u2013ha denunciado\u2013 y una de las principales es el <strong>deterioro de los barrios de la ciudad<\/strong>, de un modo especial de los barrios populares.<\/span><\/p>\n<figure id=\"attachment_9251\" aria-describedby=\"caption-attachment-9251\" style=\"width: 510px\" class=\"wp-caption alignleft\"><img loading=\"lazy\" decoding=\"async\" data-attachment-id=\"9251\" data-permalink=\"https:\/\/iumotril.org\/sitio\/iu-verdes-equo-llevara-actuaciones-integrales-de-mejora-en-el-barrio-de-los-alamos-y-en-otros-barrios-de-la-ciudad\/los-alamos\/\" data-orig-file=\"https:\/\/iumotril.org\/sitio\/wp-content\/uploads\/2023\/05\/Los-alamos-scaled.jpg\" data-orig-size=\"1920,2560\" data-comments-opened=\"1\" data-image-meta=\"{&quot;aperture&quot;:&quot;2.2&quot;,&quot;credit&quot;:&quot;&quot;,&quot;camera&quot;:&quot;iPhone 6&quot;,&quot;caption&quot;:&quot;&quot;,&quot;created_timestamp&quot;:&quot;1684231827&quot;,&quot;copyright&quot;:&quot;&quot;,&quot;focal_length&quot;:&quot;4.15&quot;,&quot;iso&quot;:&quot;32&quot;,&quot;shutter_speed&quot;:&quot;0.00053106744556559&quot;,&quot;title&quot;:&quot;&quot;,&quot;orientation&quot;:&quot;1&quot;}\" data-image-title=\"Los alamos\" data-image-description=\"\" data-image-caption=\"\" data-large-file=\"https:\/\/iumotril.org\/sitio\/wp-content\/uploads\/2023\/05\/Los-alamos-768x1024.jpg\" class=\"wp-image-9251 \" src=\"https:\/\/iumotril.org\/sitio\/wp-content\/uploads\/2023\/05\/Los-alamos-768x1024.jpg\" alt=\"\" width=\"510\" height=\"680\" srcset=\"https:\/\/iumotril.org\/sitio\/wp-content\/uploads\/2023\/05\/Los-alamos-768x1024.jpg 768w, https:\/\/iumotril.org\/sitio\/wp-content\/uploads\/2023\/05\/Los-alamos-225x300.jpg 225w, https:\/\/iumotril.org\/sitio\/wp-content\/uploads\/2023\/05\/Los-alamos-1152x1536.jpg 1152w, https:\/\/iumotril.org\/sitio\/wp-content\/uploads\/2023\/05\/Los-alamos-1536x2048.jpg 1536w, https:\/\/iumotril.org\/sitio\/wp-content\/uploads\/2023\/05\/Los-alamos-scaled.jpg 1920w\" sizes=\"auto, (max-width: 510px) 100vw, 510px\" \/><figcaption id=\"caption-attachment-9251\" class=\"wp-caption-text\">Inma Omiste, candidata a la alcald\u00eda de Motril<\/figcaption><\/figure>\n<p><span style=\"font-weight: 400;\">La candidata de la coalici\u00f3n de izquierdas y ecologista ha informado de las actuaciones que llevar\u00e1 a cabo, adem\u00e1s de en el barrio de los \u00c1lamos, en el de <strong>Las Angustias,<\/strong> en <strong>Varadero<\/strong>, <strong>Santa Adela<\/strong> y en el barrio de <strong>Aviaci\u00f3n<\/strong>, as\u00ed como en los anejos de <strong>Carchuna-Calahonda<\/strong>, <strong>La Garnatilla<\/strong> y el <strong>Puntal\u00f3n<\/strong>. Las propuestas detalladas pueden verse en el <strong>programa de gobierno,<\/strong> en la<\/span><a href=\"https:\/\/iumotril.org\/sitio\/comprometidos-contigo\/\"><span style=\"font-weight: 400;\"> p\u00e1gina web<\/span><\/a><span style=\"font-weight: 400;\"> de la coalici\u00f3n<\/span><\/p>\n<p><span style=\"font-weight: 400;\">Unas propuestas de mejora \u2013ha enfatizado\u2013 que proceden directamente de la <strong>participaci\u00f3n de los vecinos y vecinas<\/strong> de esos barrios en el Programa de Gobierno de su coalici\u00f3n, por lo que responden a la realidad y a las necesidades concretas que tienen los barrios y los anejos de Motril.<\/span><\/p>\n<p><span style=\"font-weight: 400;\">Omiste ha insistido en que desde su candidatura no se van a hacer promesas ni a anunciar grandes proyectos, sino que se presentar\u00e1n <strong>propuestas concretas relativas a lo m\u00e1s cercano a la ciudadan\u00eda<\/strong> con el \u00fanico objetivo de mejorar Motril y contribuir al mayor <strong>bienestar de los vecinos.<\/strong><\/span><\/p>\n<p><span style=\"font-weight: 400;\">La candidata de IU-Verdes Equo ha reivindicado la <strong>participaci\u00f3n vecinal<\/strong> como uno de los ejes de su modelo de gesti\u00f3n municipal, dando voz a los vecinos a trav\u00e9s de canales de comunicaci\u00f3n adecuados en todo aquello que les pueda afectar directamente, para tener en cuenta sus criterios y sus preferencias. \u201cQueremos que se deje de gobernar a espaldas de los vecinos y de las vecinas y devolver el Ayuntamiento a la gente para ponerlo a su servicio\u201d -ha anunciado\u2013.<\/span><\/p>\n<p><span style=\"font-weight: 400;\">Omiste ha hecho un llamamiento a los vecinos y vecinas para que reviertan esta situaci\u00f3n con su participaci\u00f3n en la pr\u00f3xima jornada electoral <strong>dando su voto a la coalici\u00f3n que lidera<\/strong>,\u00a0 que se compromete a llevar a cabo desde el primer momento actuaciones de mejora integral de los barrios de Motril y de sus anejos, contando con su participaci\u00f3n, gobernando para la gente, para las capas populares.<\/span><\/p>\n<div style=\"width: 640px;\" class=\"wp-video\"><video class=\"wp-video-shortcode\" id=\"video-9253-1\" width=\"640\" height=\"640\" preload=\"metadata\" controls=\"controls\"><source type=\"video\/mp4\" src=\"https:\/\/iumotril.org\/sitio\/wp-content\/uploads\/2023\/05\/VIDEO-2023-05-13-20-35-48.mp4?_=1\" \/><a href=\"https:\/\/iumotril.org\/sitio\/wp-content\/uploads\/2023\/05\/VIDEO-2023-05-13-20-35-48.mp4\">https:\/\/iumotril.org\/sitio\/wp-content\/uploads\/2023\/05\/VIDEO-2023-05-13-20-35-48.mp4<\/a><\/video><\/div>\n","protected":false},"excerpt":{"rendered":"<p>La candidata de la coalici\u00f3n de izquierdas y ecologista ha informado de las actuaciones que llevar\u00e1 a cabo, adem\u00e1s de en el barrio de los \u00c1lamos, en el de Las Angustias, en Varadero, Santa Adela y en el barrio de Aviaci\u00f3n, as\u00ed como en los anejos de Carchuna-Calahonda, La Garnatilla y el Puntal\u00f3n. Las propuestas detalladas pueden verse en el programa de gobierno, en la p\u00e1gina web de la coalici\u00f3n<\/p>\n<p>Unas propuestas de mejora \u2013ha enfatizado\u2013 que proceden directamente de la participaci\u00f3n de los vecinos y vecinas de esos barrios en el Programa de Gobierno de su coalici\u00f3n, por lo que responden a la realidad y a las necesidades concretas que tienen los barrios y los anejos de Motril.<br \/>\nOmiste ha hecho un llamamiento a los vecinos y vecinas para que reviertan esta situaci\u00f3n con su participaci\u00f3n en la pr\u00f3xima jornada electoral dando su voto a la coalici\u00f3n que lidera,\u00a0 que se compromete a llevar a cabo desde el primer momento actuaciones de mejora integral de los barrios de Motril y de sus anejos, contando con su participaci\u00f3n, gobernando para la gente, para las capas populares.<\/p>\n","protected":false},"author":1,"featured_media":9255,"comment_status":"open","ping_status":"open","sticky":false,"template":"","format":"standard","meta":{"cybocfi_hide_featured_image":"","_jetpack_newsletter_access":"","_jetpack_dont_email_post_to_subs":false,"_jetpack_newsletter_tier_id":0,"_jetpack_memberships_contains_paywalled_content":false,"_jetpack_memberships_contains_paid_content":false,"footnotes":""},"categories":[1179,265],"tags":[1955,1956,90,1954,115,94,63],"class_list":["post-9253","post","type-post","status-publish","format-standard","has-post-thumbnail","hentry","category-elecciones","category-esta-pasando","tag-28m","tag-anejos","tag-barrios","tag-elecciones-municipales-2023","tag-inma-omiste","tag-programa","tag-propuestas"],"jetpack_featured_media_url":"https:\/\/iumotril.org\/sitio\/wp-content\/uploads\/2023\/05\/Los-alamos-1.jpg","jetpack_sharing_enabled":true,"jetpack_shortlink":"https:\/\/wp.me\/p4QsU5-2pf","jetpack-related-posts":[{"id":5020,"url":"https:\/\/iumotril.org\/sitio\/inma-omiste-impulsaremos-el-desarrollo-de-un-puerto-abierto-e-integrado-en-la-ciudad\/","url_meta":{"origin":9253,"position":0},"title":"Inma Omiste: Impulsaremos el desarrollo de un Puerto abierto e integrado en la ciudad","author":"Izquierda Unida Motril","date":"15 mayo, 2019","format":false,"excerpt":"El programa de gobierno de IU-Equo propone la apertura progresiva de las instalaciones del Puerto pesquero a la ciudadan\u00eda y la rehabilitaci\u00f3n integral de los barrios de Santa Adela y Varadero para dotarlos de actividad comercial y de atractivo tur\u00edstico y atajar, de ese modo, la brecha de exclusi\u00f3n social\u2026","rel":"","context":"En \u00abElecciones\u00bb","block_context":{"text":"Elecciones","link":"https:\/\/iumotril.org\/sitio\/category\/elecciones\/"},"img":{"alt_text":"","src":"https:\/\/i0.wp.com\/iumotril.org\/sitio\/wp-content\/uploads\/2019\/05\/Jose-Llorente-Daniela-Paque%CC%81-Inma-Omiste-y-Juan-Luis-Valdivieso-candidatas-IU-Equo_15-mayo-1024x683.jpg?resize=350%2C200","width":350,"height":200},"classes":[]},{"id":9364,"url":"https:\/\/iumotril.org\/sitio\/iu-verdes-equo-apela-a-los-vecinos-y-vecinas-a-votar-el-domingo-para-cambiar-las-cosas-y-por-una-vida-mejor\/","url_meta":{"origin":9253,"position":1},"title":"IU-VERDES EQUO apela a los vecinos y vecinas a votar el domingo para cambiar las cosas y por una vida mejor","author":"Izquierda Unida Motril","date":"26 mayo, 2023","format":false,"excerpt":"El pr\u00f3ximo domingo nos jugamos el futuro de Motril. Somos una mayor\u00eda amplia y diversa los que miramos al futuro y apostamos por iniciar un nuevo camino juntos y juntas. Un futuro que queremos que se construya colectivamente, con la participaci\u00f3n activa de la ciudadan\u00eda, entre todos y todas. La\u2026","rel":"","context":"En \u00abElecciones\u00bb","block_context":{"text":"Elecciones","link":"https:\/\/iumotril.org\/sitio\/category\/elecciones\/"},"img":{"alt_text":"","src":"https:\/\/i0.wp.com\/iumotril.org\/sitio\/wp-content\/uploads\/2023\/05\/536d18df-8b91-4404-93c9-e39dee902232.jpg?resize=350%2C200&ssl=1","width":350,"height":200,"srcset":"https:\/\/i0.wp.com\/iumotril.org\/sitio\/wp-content\/uploads\/2023\/05\/536d18df-8b91-4404-93c9-e39dee902232.jpg?resize=350%2C200&ssl=1 1x, https:\/\/i0.wp.com\/iumotril.org\/sitio\/wp-content\/uploads\/2023\/05\/536d18df-8b91-4404-93c9-e39dee902232.jpg?resize=525%2C300&ssl=1 1.5x, https:\/\/i0.wp.com\/iumotril.org\/sitio\/wp-content\/uploads\/2023\/05\/536d18df-8b91-4404-93c9-e39dee902232.jpg?resize=700%2C400&ssl=1 2x, https:\/\/i0.wp.com\/iumotril.org\/sitio\/wp-content\/uploads\/2023\/05\/536d18df-8b91-4404-93c9-e39dee902232.jpg?resize=1050%2C600&ssl=1 3x"},"classes":[]},{"id":7473,"url":"https:\/\/iumotril.org\/sitio\/iu-equo-reclama-al-gobierno-local-actuaciones-de-mejora-en-el-barrio-de-los-alamos\/","url_meta":{"origin":9253,"position":2},"title":"IU-Equo reclama al gobierno local actuaciones de mejora en el barrio de los \u00c1lamos","author":"Izquierda Unida Motril","date":"26 mayo, 2021","format":false,"excerpt":"La portavoz de IU-Equo, Inma Omiste, ha se\u00f1alado que, a pesar de ser uno de los barrios m\u00e1s poblados de Motril, el barrio de los \u00c1lamos no est\u00e1 mereciendo de parte del Ayuntamiento la atenci\u00f3n necesaria para su conservaci\u00f3n, mantenimiento y, en definitiva, para su mejora. Una falta de actuaciones\u2026","rel":"","context":"En \u00abEST\u00c1 PASANDO\u00bb","block_context":{"text":"EST\u00c1 PASANDO","link":"https:\/\/iumotril.org\/sitio\/category\/esta-pasando\/"},"img":{"alt_text":"","src":"https:\/\/i0.wp.com\/iumotril.org\/sitio\/wp-content\/uploads\/2021\/05\/iNMA-oMISTE-26-MAYO-1024x768.jpg?resize=350%2C200","width":350,"height":200,"srcset":"https:\/\/i0.wp.com\/iumotril.org\/sitio\/wp-content\/uploads\/2021\/05\/iNMA-oMISTE-26-MAYO-1024x768.jpg?resize=350%2C200 1x, https:\/\/i0.wp.com\/iumotril.org\/sitio\/wp-content\/uploads\/2021\/05\/iNMA-oMISTE-26-MAYO-1024x768.jpg?resize=525%2C300 1.5x"},"classes":[]},{"id":8145,"url":"https:\/\/iumotril.org\/sitio\/iu-equo-propone-diversas-mejoras-en-el-parque-de-las-provincias\/","url_meta":{"origin":9253,"position":3},"title":"IU-Equo propone diversas  mejoras en el parque de las Provincias","author":"Izquierda Unida Motril","date":"27 abril, 2022","format":false,"excerpt":"La portavoz de IU-Equo ha criticado \u201cel desinter\u00e9s y la desidia\u201d del gobierno de la se\u00f1ora Garc\u00eda Chamorro para la ejecuci\u00f3n de actuaciones que supongan mejoras en los barrios y contribuyan al mayor bienestar de los vecinos y vecinas. A la vista est\u00e1 \u2013ha declarado\u2013 que apuesta por los grandes\u2026","rel":"","context":"En \u00abEST\u00c1 PASANDO\u00bb","block_context":{"text":"EST\u00c1 PASANDO","link":"https:\/\/iumotril.org\/sitio\/category\/esta-pasando\/"},"img":{"alt_text":"","src":"https:\/\/i0.wp.com\/iumotril.org\/sitio\/wp-content\/uploads\/2022\/04\/Inma-27-abril.jpg?resize=350%2C200","width":350,"height":200,"srcset":"https:\/\/i0.wp.com\/iumotril.org\/sitio\/wp-content\/uploads\/2022\/04\/Inma-27-abril.jpg?resize=350%2C200 1x, https:\/\/i0.wp.com\/iumotril.org\/sitio\/wp-content\/uploads\/2022\/04\/Inma-27-abril.jpg?resize=525%2C300 1.5x, https:\/\/i0.wp.com\/iumotril.org\/sitio\/wp-content\/uploads\/2022\/04\/Inma-27-abril.jpg?resize=700%2C400 2x, https:\/\/i0.wp.com\/iumotril.org\/sitio\/wp-content\/uploads\/2022\/04\/Inma-27-abril.jpg?resize=1050%2C600 3x, https:\/\/i0.wp.com\/iumotril.org\/sitio\/wp-content\/uploads\/2022\/04\/Inma-27-abril.jpg?resize=1400%2C800 4x"},"classes":[]},{"id":9294,"url":"https:\/\/iumotril.org\/sitio\/iu-verdes-equo-llevara-a-cabo-anualmente-un-plan-local-de-instalaciones-y-equipamientos-deportivos-que-garantice-su-utilizacion\/","url_meta":{"origin":9253,"position":4},"title":"IU-Verdes Equo llevar\u00e1 a cabo anualmente un Plan Local de Instalaciones y equipamientos deportivos que garantice su utilizaci\u00f3n","author":"Izquierda Unida Motril","date":"22 mayo, 2023","format":false,"excerpt":"La propuesta de IU-Verdes Equo en materia de Deportes se plantea como objetivo central extender a toda la ciudadan\u00eda los servicios deportivos a trav\u00e9s de entornos de proximidad, de manera que la pr\u00e1ctica deportiva llegue a todos los barrios de la ciudad y d\u00e9 cabida a todas las motrile\u00f1os y\u2026","rel":"","context":"En \u00abElecciones\u00bb","block_context":{"text":"Elecciones","link":"https:\/\/iumotril.org\/sitio\/category\/elecciones\/"},"img":{"alt_text":"","src":"https:\/\/i0.wp.com\/iumotril.org\/sitio\/wp-content\/uploads\/2023\/05\/estadio-municipal-de-atletismo-emilio-hidalgo-perez.jpg?resize=350%2C200&ssl=1","width":350,"height":200,"srcset":"https:\/\/i0.wp.com\/iumotril.org\/sitio\/wp-content\/uploads\/2023\/05\/estadio-municipal-de-atletismo-emilio-hidalgo-perez.jpg?resize=350%2C200&ssl=1 1x, https:\/\/i0.wp.com\/iumotril.org\/sitio\/wp-content\/uploads\/2023\/05\/estadio-municipal-de-atletismo-emilio-hidalgo-perez.jpg?resize=525%2C300&ssl=1 1.5x, https:\/\/i0.wp.com\/iumotril.org\/sitio\/wp-content\/uploads\/2023\/05\/estadio-municipal-de-atletismo-emilio-hidalgo-perez.jpg?resize=700%2C400&ssl=1 2x"},"classes":[]},{"id":9028,"url":"https:\/\/iumotril.org\/sitio\/iu-equo-denuncia-el-mal-estado-de-los-parques-infantiles-de-la-ciudad\/","url_meta":{"origin":9253,"position":5},"title":"IU-Equo denuncia el mal estado de los parques infantiles de la ciudad","author":"Izquierda Unida Motril","date":"12 abril, 2023","format":false,"excerpt":"Inma Omiste ha reclamado un compromiso econ\u00f3mico y material del Ayuntamiento para los parques y zonas infantiles de la ciudad, que aseguren su buen estado de utilizaci\u00f3n por parte de los vecinos y vecinas de los barrios. Consideramos que los parques y las zonas verdes deben ser entendidos como espacios\u2026","rel":"","context":"En \u00abdenuncia\u00bb","block_context":{"text":"denuncia","link":"https:\/\/iumotril.org\/sitio\/category\/denuncia\/"},"img":{"alt_text":"","src":"https:\/\/i0.wp.com\/iumotril.org\/sitio\/wp-content\/uploads\/2023\/04\/Columpio-parque-scaled.jpg?resize=350%2C200&ssl=1","width":350,"height":200,"srcset":"https:\/\/i0.wp.com\/iumotril.org\/sitio\/wp-content\/uploads\/2023\/04\/Columpio-parque-scaled.jpg?resize=350%2C200&ssl=1 1x, https:\/\/i0.wp.com\/iumotril.org\/sitio\/wp-content\/uploads\/2023\/04\/Columpio-parque-scaled.jpg?resize=525%2C300&ssl=1 1.5x, https:\/\/i0.wp.com\/iumotril.org\/sitio\/wp-content\/uploads\/2023\/04\/Columpio-parque-scaled.jpg?resize=700%2C400&ssl=1 2x, https:\/\/i0.wp.com\/iumotril.org\/sitio\/wp-content\/uploads\/2023\/04\/Columpio-parque-scaled.jpg?resize=1050%2C600&ssl=1 3x, https:\/\/i0.wp.com\/iumotril.org\/sitio\/wp-content\/uploads\/2023\/04\/Columpio-parque-scaled.jpg?resize=1400%2C800&ssl=1 4x"},"classes":[]}],"jetpack_likes_enabled":true,"_links":{"self":[{"href":"https:\/\/iumotril.org\/sitio\/wp-json\/wp\/v2\/posts\/9253","targetHints":{"allow":["GET"]}}],"collection":[{"href":"https:\/\/iumotril.org\/sitio\/wp-json\/wp\/v2\/posts"}],"about":[{"href":"https:\/\/iumotril.org\/sitio\/wp-json\/wp\/v2\/types\/post"}],"author":[{"embeddable":true,"href":"https:\/\/iumotril.org\/sitio\/wp-json\/wp\/v2\/users\/1"}],"replies":[{"embeddable":true,"href":"https:\/\/iumotril.org\/sitio\/wp-json\/wp\/v2\/comments?post=9253"}],"version-history":[{"count":6,"href":"https:\/\/iumotril.org\/sitio\/wp-json\/wp\/v2\/posts\/9253\/revisions"}],"predecessor-version":[{"id":9263,"href":"https:\/\/iumotril.org\/sitio\/wp-json\/wp\/v2\/posts\/9253\/revisions\/9263"}],"wp:featuredmedia":[{"embeddable":true,"href":"https:\/\/iumotril.org\/sitio\/wp-json\/wp\/v2\/media\/9255"}],"wp:attachment":[{"href":"https:\/\/iumotril.org\/sitio\/wp-json\/wp\/v2\/media?parent=9253"}],"wp:term":[{"taxonomy":"category","embeddable":true,"href":"https:\/\/iumotril.org\/sitio\/wp-json\/wp\/v2\/categories?post=9253"},{"taxonomy":"post_tag","embeddable":true,"href":"https:\/\/iumotril.org\/sitio\/wp-json\/wp\/v2\/tags?post=9253"}],"curies":[{"name":"wp","href":"https:\/\/api.w.org\/{rel}","templated":true}]}}