{"id":9028,"date":"2023-04-12T12:24:41","date_gmt":"2023-04-12T10:24:41","guid":{"rendered":"https:\/\/iumotril.org\/sitio\/?p=9028"},"modified":"2023-04-12T12:24:41","modified_gmt":"2023-04-12T10:24:41","slug":"iu-equo-denuncia-el-mal-estado-de-los-parques-infantiles-de-la-ciudad","status":"publish","type":"post","link":"https:\/\/iumotril.org\/sitio\/iu-equo-denuncia-el-mal-estado-de-los-parques-infantiles-de-la-ciudad\/","title":{"rendered":"IU-Equo denuncia el mal estado de los parques infantiles de la ciudad"},"content":{"rendered":"<p style=\"padding-left: 80px;\"><span style=\"font-weight: 400; color: #993300;\">Reclama un plan de actuaciones e inversiones en las zonas infantiles y los parques de la ciudad en el marco de una estrategia permanente de limpieza y mantenimiento.<\/span><\/p>\n<p style=\"padding-left: 80px;\"><span style=\"font-weight: 400; color: #993300;\">Demanda la instalaci\u00f3n de elementos adaptados para las ni\u00f1as y las ni\u00f1as con diversidad funcional y diferentes capacidades.<\/span><\/p>\n<p><span style=\"font-weight: 400;\">La portavoz de IU-Equo y candidata a la Alcald\u00eda, Inma Omiste, ha atendido a los medios de comunicaci\u00f3n esta ma\u00f1ana en la zona infantil de la<strong> plaza de la regi\u00f3n murciana<\/strong>, en el barrio de los \u00c1lamos, como escenario que ilustra perfectamente el estado de abandono de los parques y zonas infantiles de la ciudad.<\/span><\/p>\n<p><span style=\"font-weight: 400;\">En esta zona infantil, rodeada de desperdicios, desechos de todo tipo y de vallas de obra de trabajos que all\u00ed est\u00e1 realizando el ayuntamiento, los columpios no tienen uno de los columpios y los balancines y el\u00a0 resto de elementos est\u00e1n claramente deteriorados, por lo que su utilizaci\u00f3n puede suponer un riesgo para los menores.<\/span><\/p>\n<figure id=\"attachment_9025\" aria-describedby=\"caption-attachment-9025\" style=\"width: 439px\" class=\"wp-caption alignleft\"><img loading=\"lazy\" decoding=\"async\" data-attachment-id=\"9025\" data-permalink=\"https:\/\/iumotril.org\/sitio\/iu-equo-denuncia-el-mal-estado-de-los-parques-infantiles-de-la-ciudad\/inma-parque-infantil-12-abril\/\" data-orig-file=\"https:\/\/iumotril.org\/sitio\/wp-content\/uploads\/2023\/04\/Inma-Parque-infantil-12-abril-scaled.jpg\" data-orig-size=\"1920,2560\" data-comments-opened=\"1\" data-image-meta=\"{&quot;aperture&quot;:&quot;2.2&quot;,&quot;credit&quot;:&quot;&quot;,&quot;camera&quot;:&quot;iPhone 6&quot;,&quot;caption&quot;:&quot;&quot;,&quot;created_timestamp&quot;:&quot;1681294097&quot;,&quot;copyright&quot;:&quot;&quot;,&quot;focal_length&quot;:&quot;4.15&quot;,&quot;iso&quot;:&quot;32&quot;,&quot;shutter_speed&quot;:&quot;0.0053191489361702&quot;,&quot;title&quot;:&quot;&quot;,&quot;orientation&quot;:&quot;1&quot;}\" data-image-title=\"Inma Parque infantil 12 abril\" data-image-description=\"\" data-image-caption=\"\" data-large-file=\"https:\/\/iumotril.org\/sitio\/wp-content\/uploads\/2023\/04\/Inma-Parque-infantil-12-abril-768x1024.jpg\" class=\"wp-image-9025 \" src=\"https:\/\/iumotril.org\/sitio\/wp-content\/uploads\/2023\/04\/Inma-Parque-infantil-12-abril-768x1024.jpg\" alt=\"\" width=\"439\" height=\"585\" srcset=\"https:\/\/iumotril.org\/sitio\/wp-content\/uploads\/2023\/04\/Inma-Parque-infantil-12-abril-768x1024.jpg 768w, https:\/\/iumotril.org\/sitio\/wp-content\/uploads\/2023\/04\/Inma-Parque-infantil-12-abril-225x300.jpg 225w, https:\/\/iumotril.org\/sitio\/wp-content\/uploads\/2023\/04\/Inma-Parque-infantil-12-abril-1152x1536.jpg 1152w, https:\/\/iumotril.org\/sitio\/wp-content\/uploads\/2023\/04\/Inma-Parque-infantil-12-abril-1536x2048.jpg 1536w, https:\/\/iumotril.org\/sitio\/wp-content\/uploads\/2023\/04\/Inma-Parque-infantil-12-abril-scaled.jpg 1920w\" sizes=\"auto, (max-width: 439px) 100vw, 439px\" \/><figcaption id=\"caption-attachment-9025\" class=\"wp-caption-text\">Inma Omiste, portavoz de IU-Equo. Candidata a la alcald\u00eda de Motril<\/figcaption><\/figure>\n<p><span style=\"font-weight: 400;\">No son suficientes las intervenciones puntuales de mejora de algunas zonas infantiles que, ocasionalmente, presenta la alcaldesa porque se trata de actuaciones aisladas que buscan, fundamentalmente, la foto de la primera edil con su s\u00e9quito habitual, ha declarado la portavoz de Izquierda Unida-Equo.<\/span><\/p>\n<p><span style=\"font-weight: 400;\">Inma Omiste ha reclamado un <strong>compromiso econ\u00f3mico y material<\/strong> del Ayuntamiento para los parques y zonas infantiles de la ciudad, que aseguren su buen estado de utilizaci\u00f3n por parte de los vecinos y vecinas de los barrios. Consideramos que los parques y las zonas verdes deben ser entendidos como espacios p\u00fablicos para la convivencia ciudadana \u2013ha afirmado\u2013.<\/span><\/p>\n<p><span style=\"font-weight: 400;\">La portavoz de IU-Equo ha manifestado que el mal estado de esta zona infantil de la plaza de la Regi\u00f3n Murciana no es una excepci\u00f3n, ya que una situaci\u00f3n similar se da en <strong>otros parques y zonas infantiles<\/strong> de la ciudad, que presentan m\u00faltiples deficiencias, como es el caso del parque de Las Provincias, el situado en la ronda de Poniente, el que est\u00e1 detr\u00e1s de la avenida Europa o, incluso en la misma plaza del Moma, cuya parque infantil no tiene ninguna zona de sombra, a pesar de ser una demanda un\u00e1nime de usuarios y vecinos.\u00a0<\/span><\/p>\n<p><span style=\"font-weight: 400;\">A estos se pueden a\u00f1adir las zonas infantiles en Varadero y Santa Adela donde, adem\u00e1s,\u00a0 el gobierno local ha eliminado la zona infantil ubicada en el paseo junto al chiringuito Alonso, creando un enorme malestar entre los vecinos del barrio.<\/span><\/p>\n<p><span style=\"font-weight: 400;\">Inma Omiste ha criticado que la alcaldesa y su equipo no presten la atenci\u00f3n necesaria a estos parques infantiles y s\u00ed lo hagan en otros barrios y otras zonas, como es el entorno de la plaza de Espa\u00f1a y otras zonas nobles de la ciudad.<\/span><\/p>\n<p><span style=\"font-weight: 400;\"><strong>La alcaldesa<\/strong>, como sabemos, \u2013ha manifestado\u2013 <strong>est\u00e1 en otras cosas pol\u00edticas y personales<\/strong>, que son las que la ocupan y la preocupan.<\/span><\/p>\n<p><span style=\"font-weight: 400;\">La portavoz de IU-Equo y<strong> candidata a la Alcald\u00eda<\/strong> por la coalici\u00f3n progresista ha adelantado que en el programa de gobierno con el que se presentan a las pr\u00f3ximas elecciones municipales se incluyen actuaciones para aumentar las zonas verdes de la ciudad, mejorar sus equipamientos, as\u00ed como la dotaci\u00f3n de mobiliario urbano y columpios en los distintos parques y zonas de juego infantil, dentro de su <strong>compromiso para cuidar de Motril para una vida mejor<\/strong>.<\/span><\/p>\n","protected":false},"excerpt":{"rendered":"<p>Inma Omiste ha reclamado un compromiso econ\u00f3mico y material del Ayuntamiento para los parques y zonas infantiles de la ciudad, que aseguren su buen estado de utilizaci\u00f3n por parte de los vecinos y vecinas de los barrios. Consideramos que los parques y las zonas verdes deben ser entendidos como espacios p\u00fablicos para la convivencia ciudadana \u2013ha afirmado\u2013.<br \/>\nLa portavoz de IU-Equo ha manifestado que el mal estado de esta zona infantil de la plaza de la Regi\u00f3n Murciana no es una excepci\u00f3n, ya que una situaci\u00f3n similar se da en otros parques y zonas infantiles de la ciudad, que presentan m\u00faltiples deficiencias, como es el caso del parque de Las Provincias, el situado en la ronda de Poniente, el que est\u00e1 detr\u00e1s de la avenida Europa o, incluso en la misma plaza del Moma, cuya parque infantil no tiene ninguna zona de sombra, a pesar de ser una demanda un\u00e1nime de usuarios y vecinos.\u00a0<br \/>\nA estos se pueden a\u00f1adir las zonas infantiles en Varadero y Santa Adela donde, adem\u00e1s,\u00a0 el gobierno local ha eliminado la zona infantil ubicada en el paseo junto al chiringuito Alonso, creando un enorme malestar entre los vecinos del barrio.<br \/>\nInma Omiste ha criticado que la alcaldesa y su equipo no presten la atenci\u00f3n necesaria a estos parques infantiles y s\u00ed lo hagan en otros barrios y otras zonas, como es el entorno de la plaza de Espa\u00f1a y otras zonas nobles de la ciudad.<br \/>\nLa alcaldesa, como sabemos, \u2013ha manifestado\u2013 est\u00e1 en otras cosas pol\u00edticas y personales, que son las que la ocupan y la preocupan.<\/p>\n","protected":false},"author":1,"featured_media":9026,"comment_status":"open","ping_status":"open","sticky":false,"template":"","format":"standard","meta":{"cybocfi_hide_featured_image":"","_jetpack_newsletter_access":"","_jetpack_dont_email_post_to_subs":false,"_jetpack_newsletter_tier_id":0,"_jetpack_memberships_contains_paywalled_content":false,"_jetpack_memberships_contains_paid_content":false,"footnotes":""},"categories":[375,265],"tags":[1924,1444,1013,8,538,1209],"class_list":["post-9028","post","type-post","status-publish","format-standard","has-post-thumbnail","hentry","category-denuncia","category-esta-pasando","tag-cuidamosmotril","tag-inversiones","tag-mantenimiento","tag-parques","tag-suciedad","tag-zonas-infantiles"],"jetpack_featured_media_url":"https:\/\/iumotril.org\/sitio\/wp-content\/uploads\/2023\/04\/Columpio-parque-scaled.jpg","jetpack_sharing_enabled":true,"jetpack_shortlink":"https:\/\/wp.me\/p4QsU5-2lC","jetpack-related-posts":[{"id":10659,"url":"https:\/\/iumotril.org\/sitio\/izquierda-unida-verdes-equo-denuncia-el-pesimo-estado-de-los-parques-infantiles-del-barrio-de-los-alamos\/","url_meta":{"origin":9028,"position":0},"title":"Izquierda Unida Verdes Equo denuncia el p\u00e9simo estado de los Parques Infantiles del barrio de los \u00c1lamos","author":"Izquierda Unida Motril","date":"12 junio, 2025","format":false,"excerpt":"En la Rambla de los \u00c1lamos en general el estado de conservaci\u00f3n, limpieza y mantenimiento es nefasto y los vecinos tienen razones m\u00e1s que suficientes para sentirse abandonados, esto no lo va a tapar el gobierno de las derechas ni con fotos ni con publirreportajes, porque estos barrios viven en\u2026","rel":"","context":"En \u00abBarrios\u00bb","block_context":{"text":"Barrios","link":"https:\/\/iumotril.org\/sitio\/category\/barrios\/"},"img":{"alt_text":"","src":"https:\/\/i0.wp.com\/iumotril.org\/sitio\/wp-content\/uploads\/2025\/06\/IMG_2791-scaled.jpg?resize=350%2C200&ssl=1","width":350,"height":200,"srcset":"https:\/\/i0.wp.com\/iumotril.org\/sitio\/wp-content\/uploads\/2025\/06\/IMG_2791-scaled.jpg?resize=350%2C200&ssl=1 1x, https:\/\/i0.wp.com\/iumotril.org\/sitio\/wp-content\/uploads\/2025\/06\/IMG_2791-scaled.jpg?resize=525%2C300&ssl=1 1.5x, https:\/\/i0.wp.com\/iumotril.org\/sitio\/wp-content\/uploads\/2025\/06\/IMG_2791-scaled.jpg?resize=700%2C400&ssl=1 2x, https:\/\/i0.wp.com\/iumotril.org\/sitio\/wp-content\/uploads\/2025\/06\/IMG_2791-scaled.jpg?resize=1050%2C600&ssl=1 3x, https:\/\/i0.wp.com\/iumotril.org\/sitio\/wp-content\/uploads\/2025\/06\/IMG_2791-scaled.jpg?resize=1400%2C800&ssl=1 4x"},"classes":[]},{"id":4658,"url":"https:\/\/iumotril.org\/sitio\/presentamos-mocion-al-pleno-para-la-mejora-de-las-zonas-infantiles-de-parques-y-espacios-publicos\/","url_meta":{"origin":9028,"position":1},"title":"Presentamos Moci\u00f3n al Pleno para la mejora de las zonas infantiles de parques y espacios p\u00fablicos","author":"Izquierda Unida Motril","date":"31 enero, 2019","format":false,"excerpt":"La moci\u00f3n presentada por Izquierda Unida propone, adem\u00e1s de la elaboraci\u00f3n de un inventario con el estado actual de las diferentes zonas infantiles de juego de la ciudad, de sus instalaciones y de su equipamiento, la elaboraci\u00f3n de un plan de choque de limpieza integral de todas las zonas infantiles\u2026","rel":"","context":"En \u00abCiudad\u00bb","block_context":{"text":"Ciudad","link":"https:\/\/iumotril.org\/sitio\/category\/ciudad\/"},"img":{"alt_text":"","src":"https:\/\/i0.wp.com\/iumotril.org\/sitio\/wp-content\/uploads\/2019\/01\/Daniela-e-Inma_mociones_30-enero.jpg?resize=350%2C200","width":350,"height":200},"classes":[]},{"id":9957,"url":"https:\/\/iumotril.org\/sitio\/iu-verdes-equo-propone-la-habilitacion-de-zonas-de-sombra-en-espacios-publicos-y-parques-infantiles\/","url_meta":{"origin":9028,"position":2},"title":"IU Verdes Equo propone la habilitaci\u00f3n de zonas de sombra en espacios p\u00fablicos y parques infantiles","author":"Izquierda Unida Motril","date":"30 mayo, 2024","format":false,"excerpt":"Se\u00f1alan algunas localizaciones para que se proceda a la instalaci\u00f3n de espacios de sombra de forma prioritaria, como son la plaza de la Coronaci\u00f3n, la plaza de la Aurora, los espacios infantiles del parque de los Pueblos de Am\u00e9rica y la plaza de las Hermanas Mercedarias. Adem\u00e1s a\u00f1aden a esta\u2026","rel":"","context":"En \u00abAyuntamiento\u00bb","block_context":{"text":"Ayuntamiento","link":"https:\/\/iumotril.org\/sitio\/category\/ayuntamiento\/"},"img":{"alt_text":"","src":"https:\/\/i0.wp.com\/iumotril.org\/sitio\/wp-content\/uploads\/2024\/05\/plaza-coronacion.jpg?resize=350%2C200&ssl=1","width":350,"height":200},"classes":[]},{"id":8255,"url":"https:\/\/iumotril.org\/sitio\/iu-equo-solicita-al-ayuntamiento-la-habilitacion-de-zonas-de-sombra-en-parques-infantiles-y-espacios-publicos-de-la-ciudad\/","url_meta":{"origin":9028,"position":3},"title":"IU Equo solicita al Ayuntamiento la habilitaci\u00f3n de zonas de sombra en parques infantiles y espacios p\u00fablicos de la ciudad","author":"Izquierda Unida Motril","date":"30 junio, 2022","format":false,"excerpt":"En una moci\u00f3n que presenta IU-Equo para su debate en el pr\u00f3ximo pleno, pide que se habiliten zonas de sombra en determinados parques infantiles y otros espacios p\u00fablicos, en concreto en la plaza de la Aurora, en la plaza de la Coronaci\u00f3n (Moma), en el parque de los pueblos de\u2026","rel":"","context":"En \u00abAyuntamiento\u00bb","block_context":{"text":"Ayuntamiento","link":"https:\/\/iumotril.org\/sitio\/category\/ayuntamiento\/"},"img":{"alt_text":"","src":"https:\/\/i0.wp.com\/iumotril.org\/sitio\/wp-content\/uploads\/2021\/10\/Inma-27-octubre-scaled.jpg?resize=350%2C200","width":350,"height":200,"srcset":"https:\/\/i0.wp.com\/iumotril.org\/sitio\/wp-content\/uploads\/2021\/10\/Inma-27-octubre-scaled.jpg?resize=350%2C200 1x, https:\/\/i0.wp.com\/iumotril.org\/sitio\/wp-content\/uploads\/2021\/10\/Inma-27-octubre-scaled.jpg?resize=525%2C300 1.5x, https:\/\/i0.wp.com\/iumotril.org\/sitio\/wp-content\/uploads\/2021\/10\/Inma-27-octubre-scaled.jpg?resize=700%2C400 2x, https:\/\/i0.wp.com\/iumotril.org\/sitio\/wp-content\/uploads\/2021\/10\/Inma-27-octubre-scaled.jpg?resize=1050%2C600 3x, https:\/\/i0.wp.com\/iumotril.org\/sitio\/wp-content\/uploads\/2021\/10\/Inma-27-octubre-scaled.jpg?resize=1400%2C800 4x"},"classes":[]},{"id":11036,"url":"https:\/\/iumotril.org\/sitio\/iu-denuncia-el-estado-de-abandono-de-la-plaza-e-la-coronacion\/","url_meta":{"origin":9028,"position":4},"title":"IU denuncia el estado de abandono de la plaza e la Coronaci\u00f3n.","author":"Izquierda Unida Motril","date":"14 abril, 2026","format":false,"excerpt":"IU ha denunciado el estado de abandono en el que se encuentra la Plaza de la Coronaci\u00f3n, un espacio especialmente sensible al tratarse del acceso a la Escuela de Idiomas de Motril as\u00ed como la Conservatorio de M\u00fasica y punto de encuentro habitual de numerosos ni\u00f1os y ni\u00f1as, tanto en\u2026","rel":"","context":"En \u00abCiudad\u00bb","block_context":{"text":"Ciudad","link":"https:\/\/iumotril.org\/sitio\/category\/ciudad\/"},"img":{"alt_text":"","src":"https:\/\/i0.wp.com\/iumotril.org\/sitio\/wp-content\/uploads\/2026\/04\/inma-plaza-moma-scaled-e1776162405244.jpeg?resize=350%2C200&ssl=1","width":350,"height":200,"srcset":"https:\/\/i0.wp.com\/iumotril.org\/sitio\/wp-content\/uploads\/2026\/04\/inma-plaza-moma-scaled-e1776162405244.jpeg?resize=350%2C200&ssl=1 1x, https:\/\/i0.wp.com\/iumotril.org\/sitio\/wp-content\/uploads\/2026\/04\/inma-plaza-moma-scaled-e1776162405244.jpeg?resize=525%2C300&ssl=1 1.5x"},"classes":[]},{"id":8145,"url":"https:\/\/iumotril.org\/sitio\/iu-equo-propone-diversas-mejoras-en-el-parque-de-las-provincias\/","url_meta":{"origin":9028,"position":5},"title":"IU-Equo propone diversas  mejoras en el parque de las Provincias","author":"Izquierda Unida Motril","date":"27 abril, 2022","format":false,"excerpt":"La portavoz de IU-Equo ha criticado \u201cel desinter\u00e9s y la desidia\u201d del gobierno de la se\u00f1ora Garc\u00eda Chamorro para la ejecuci\u00f3n de actuaciones que supongan mejoras en los barrios y contribuyan al mayor bienestar de los vecinos y vecinas. A la vista est\u00e1 \u2013ha declarado\u2013 que apuesta por los grandes\u2026","rel":"","context":"En \u00abEST\u00c1 PASANDO\u00bb","block_context":{"text":"EST\u00c1 PASANDO","link":"https:\/\/iumotril.org\/sitio\/category\/esta-pasando\/"},"img":{"alt_text":"","src":"https:\/\/i0.wp.com\/iumotril.org\/sitio\/wp-content\/uploads\/2022\/04\/Inma-27-abril.jpg?resize=350%2C200","width":350,"height":200,"srcset":"https:\/\/i0.wp.com\/iumotril.org\/sitio\/wp-content\/uploads\/2022\/04\/Inma-27-abril.jpg?resize=350%2C200 1x, https:\/\/i0.wp.com\/iumotril.org\/sitio\/wp-content\/uploads\/2022\/04\/Inma-27-abril.jpg?resize=525%2C300 1.5x, https:\/\/i0.wp.com\/iumotril.org\/sitio\/wp-content\/uploads\/2022\/04\/Inma-27-abril.jpg?resize=700%2C400 2x, https:\/\/i0.wp.com\/iumotril.org\/sitio\/wp-content\/uploads\/2022\/04\/Inma-27-abril.jpg?resize=1050%2C600 3x, https:\/\/i0.wp.com\/iumotril.org\/sitio\/wp-content\/uploads\/2022\/04\/Inma-27-abril.jpg?resize=1400%2C800 4x"},"classes":[]}],"jetpack_likes_enabled":true,"_links":{"self":[{"href":"https:\/\/iumotril.org\/sitio\/wp-json\/wp\/v2\/posts\/9028","targetHints":{"allow":["GET"]}}],"collection":[{"href":"https:\/\/iumotril.org\/sitio\/wp-json\/wp\/v2\/posts"}],"about":[{"href":"https:\/\/iumotril.org\/sitio\/wp-json\/wp\/v2\/types\/post"}],"author":[{"embeddable":true,"href":"https:\/\/iumotril.org\/sitio\/wp-json\/wp\/v2\/users\/1"}],"replies":[{"embeddable":true,"href":"https:\/\/iumotril.org\/sitio\/wp-json\/wp\/v2\/comments?post=9028"}],"version-history":[{"count":3,"href":"https:\/\/iumotril.org\/sitio\/wp-json\/wp\/v2\/posts\/9028\/revisions"}],"predecessor-version":[{"id":9031,"href":"https:\/\/iumotril.org\/sitio\/wp-json\/wp\/v2\/posts\/9028\/revisions\/9031"}],"wp:featuredmedia":[{"embeddable":true,"href":"https:\/\/iumotril.org\/sitio\/wp-json\/wp\/v2\/media\/9026"}],"wp:attachment":[{"href":"https:\/\/iumotril.org\/sitio\/wp-json\/wp\/v2\/media?parent=9028"}],"wp:term":[{"taxonomy":"category","embeddable":true,"href":"https:\/\/iumotril.org\/sitio\/wp-json\/wp\/v2\/categories?post=9028"},{"taxonomy":"post_tag","embeddable":true,"href":"https:\/\/iumotril.org\/sitio\/wp-json\/wp\/v2\/tags?post=9028"}],"curies":[{"name":"wp","href":"https:\/\/api.w.org\/{rel}","templated":true}]}}