{"id":9008,"date":"2023-04-04T14:31:07","date_gmt":"2023-04-04T12:31:07","guid":{"rendered":"https:\/\/iumotril.org\/sitio\/?p=9008"},"modified":"2023-04-04T14:31:07","modified_gmt":"2023-04-04T12:31:07","slug":"iu-equo-deplora-que-el-gobierno-local-rechace-medidas-para-asegurar-el-adecuado-funcionamiento-de-la-residencia-de-personas-mayores-de-san-luis","status":"publish","type":"post","link":"https:\/\/iumotril.org\/sitio\/iu-equo-deplora-que-el-gobierno-local-rechace-medidas-para-asegurar-el-adecuado-funcionamiento-de-la-residencia-de-personas-mayores-de-san-luis\/","title":{"rendered":"IU-Equo deplora que el gobierno local rechace medidas para asegurar el adecuado funcionamiento de la Residencia de Personas Mayores de San Luis"},"content":{"rendered":"<p style=\"padding-left: 80px;\"><span style=\"color: #993300;\">El PP y sus socios se opusieron en el \u00faltimo pleno a una moci\u00f3n para la mejora de la gesti\u00f3n de la Residencia de Personas Mayores de San Luis y para garantizar su car\u00e1cter de servicio p\u00fablico.<\/span><\/p>\n<p style=\"padding-left: 80px;\"><span style=\"color: #993300;\">A pesar de sus dificultades para cumplir con los procedimientos legales establecidos y a estar recurriendo a una empresa externa para cubrir bajas y sustituciones, la concejala del \u00c1rea, Inmaculada Torres, sostiene que la gesti\u00f3n llevada a cabo es acertada.<\/span><\/p>\n<p>Desde IU-Equo se considera que la gesti\u00f3n del PP est\u00e1 poniendo en riesgo el <strong>car\u00e1cter p\u00fablico de la Residencia<\/strong> y se est\u00e1 avanzando de forma decidida hacia su <strong>privatizaci\u00f3n<\/strong>.<\/p>\n<p>Seg\u00fan ha informado su representante en la Junta Rectora, el edil Jose G. Llorente, en la actualidad de las 42 trabajadoras que prestan sus servicios en la residencia, 19 pertenecen a <a href=\"https:\/\/iumotril.org\/sitio\/iu-equo-denuncia-la-cobertura-de-vacantes-y-sustituciones-en-la-residencia-de-san-luis-a-traves-de-una-empresa-privada-a-pesar-de-existir-una-bolsa-de-empleo-vigente\/\">empresas privadas<\/a> frente a los 23 trabajadores de plantilla. Es decir, el <strong>46% de las trabajadoras no mantiene relaci\u00f3n laboral con la entidad<\/strong>, una circunstancia cuanto menos an\u00f3mala para una agencia p\u00fablica, sujeta al derecho administrativo.<\/p>\n<figure id=\"attachment_9013\" aria-describedby=\"caption-attachment-9013\" style=\"width: 440px\" class=\"wp-caption alignleft\"><img loading=\"lazy\" decoding=\"async\" data-attachment-id=\"9013\" data-permalink=\"https:\/\/iumotril.org\/sitio\/iu-equo-deplora-que-el-gobierno-local-rechace-medidas-para-asegurar-el-adecuado-funcionamiento-de-la-residencia-de-personas-mayores-de-san-luis\/jose-e-inma-mociones\/\" data-orig-file=\"https:\/\/iumotril.org\/sitio\/wp-content\/uploads\/2023\/04\/Jose-e-Inma-mociones-scaled.jpg\" data-orig-size=\"2560,1920\" data-comments-opened=\"1\" data-image-meta=\"{&quot;aperture&quot;:&quot;2.2&quot;,&quot;credit&quot;:&quot;&quot;,&quot;camera&quot;:&quot;iPhone 6&quot;,&quot;caption&quot;:&quot;&quot;,&quot;created_timestamp&quot;:&quot;1680084436&quot;,&quot;copyright&quot;:&quot;&quot;,&quot;focal_length&quot;:&quot;4.15&quot;,&quot;iso&quot;:&quot;40&quot;,&quot;shutter_speed&quot;:&quot;0.03030303030303&quot;,&quot;title&quot;:&quot;&quot;,&quot;orientation&quot;:&quot;1&quot;}\" data-image-title=\"Jose e Inma mociones\" data-image-description=\"\" data-image-caption=\"\" data-large-file=\"https:\/\/iumotril.org\/sitio\/wp-content\/uploads\/2023\/04\/Jose-e-Inma-mociones-1024x768.jpg\" class=\"wp-image-9013\" src=\"https:\/\/iumotril.org\/sitio\/wp-content\/uploads\/2023\/04\/Jose-e-Inma-mociones-1024x768.jpg\" alt=\"\" width=\"440\" height=\"330\" srcset=\"https:\/\/iumotril.org\/sitio\/wp-content\/uploads\/2023\/04\/Jose-e-Inma-mociones-1024x768.jpg 1024w, https:\/\/iumotril.org\/sitio\/wp-content\/uploads\/2023\/04\/Jose-e-Inma-mociones-300x225.jpg 300w, https:\/\/iumotril.org\/sitio\/wp-content\/uploads\/2023\/04\/Jose-e-Inma-mociones-768x576.jpg 768w, https:\/\/iumotril.org\/sitio\/wp-content\/uploads\/2023\/04\/Jose-e-Inma-mociones-1536x1152.jpg 1536w, https:\/\/iumotril.org\/sitio\/wp-content\/uploads\/2023\/04\/Jose-e-Inma-mociones-2048x1536.jpg 2048w\" sizes=\"auto, (max-width: 440px) 100vw, 440px\" \/><figcaption id=\"caption-attachment-9013\" class=\"wp-caption-text\">Jose Garc\u00eda Llorente e Inma Omiste, Grupo Municipal IU-Equo<\/figcaption><\/figure>\n<p>A juicio de Garc\u00eda Llorente, el gobierno de la se\u00f1ora Garc\u00eda Chamorro se ha desentendido interesadamente de la Residencia para <strong>avanzar en la privatizaci\u00f3n del servicio<\/strong>, lo que supondr\u00e1 una merma en la atenci\u00f3n a los residentes y una p\u00e9rdida de derechos para los trabajadores y trabajadoras. IU-Equo rechaza rotundamente la mercantilizaci\u00f3n de los cuidados, un derecho que entiende que es esencial para el bienestar de la ciudadan\u00eda<\/p>\n<p>La gesti\u00f3n de la se\u00f1ora Garc\u00eda Chamorro y de su partido\u00a0 est\u00e1 deteriorando gravemente los <strong>servicios p\u00fablicos municipales<\/strong> \u2013ha denunciado\u2013 y tambi\u00e9n el funcionamiento y la gesti\u00f3n de la residencia, a pesar del cometido esencial que desempe\u00f1a en el cuidado de la poblaci\u00f3n mayor.<\/p>\n<p>Para IU-Equo la posici\u00f3n del gobierno local es<strong> vergonzante<\/strong> porque la realidad de este deterioro es objetiva y comprobable por la ciudadan\u00eda, por los y las residentes y los y las trabajadoras de la Residencia en su d\u00eda a d\u00eda.<\/p>\n<p>Consideran desde la formaci\u00f3n de izquierdas que el deterioro de los servicios p\u00fablicos es un asunto especialmente preocupante y grave ya que su recuperaci\u00f3n siempre resulta ardua y costosa, como bien saben quienes aplican\u00a0 las <strong>pol\u00edticas privatizadoras.<\/strong><\/p>\n","protected":false},"excerpt":{"rendered":"<p>El gobierno de la se\u00f1ora Garc\u00eda Chamorro se ha desentendido interesadamente de la Residencia para avanzar en la privatizaci\u00f3n del servicio, lo que supondr\u00e1 una merma en la atenci\u00f3n a los residentes y una p\u00e9rdida de derechos para los trabajadores y trabajadoras. IU-Equo rechaza rotundamente la mercantilizaci\u00f3n de los cuidados, un derecho que entiende que es esencial para el bienestar de la ciudadan\u00eda<br \/>\nLa gesti\u00f3n de la se\u00f1ora Garc\u00eda Chamorro y de su partido\u00a0 est\u00e1 deteriorando gravemente los servicios p\u00fablicos municipales \u2013ha denunciado\u2013 y tambi\u00e9n el funcionamiento y la gesti\u00f3n de la residencia, a pesar del cometido esencial que desempe\u00f1a en el cuidado de la poblaci\u00f3n mayor.<br \/>\nPara IU-Equo la posici\u00f3n del gobierno local es vergonzante porque la realidad de este deterioro es objetiva y comprobable por la ciudadan\u00eda, por los y las residentes y los y las trabajadoras de la Residencia en su d\u00eda a d\u00eda.<br \/>\nConsideran desde la formaci\u00f3n de izquierdas que el deterioro de los servicios p\u00fablicos es un asunto especialmente preocupante y grave ya que su recuperaci\u00f3n siempre resulta ardua y costosa, como bien saben quienes aplican\u00a0 las pol\u00edticas privatizadoras.<\/p>\n","protected":false},"author":1,"featured_media":9012,"comment_status":"open","ping_status":"open","sticky":false,"template":"","format":"standard","meta":{"cybocfi_hide_featured_image":"","_jetpack_newsletter_access":"","_jetpack_dont_email_post_to_subs":false,"_jetpack_newsletter_tier_id":0,"_jetpack_memberships_contains_paywalled_content":false,"_jetpack_memberships_contains_paid_content":false,"footnotes":""},"categories":[7,265,36],"tags":[],"class_list":["post-9008","post","type-post","status-publish","format-standard","has-post-thumbnail","hentry","category-ayuntamiento","category-esta-pasando","category-mociones-pleno"],"jetpack_featured_media_url":"https:\/\/iumotril.org\/sitio\/wp-content\/uploads\/2023\/04\/Inmna-Torres-y-Luisa-Imagen-de-Ahora-Costa.jpg","jetpack_sharing_enabled":true,"jetpack_shortlink":"https:\/\/wp.me\/p4QsU5-2li","jetpack-related-posts":[{"id":8982,"url":"https:\/\/iumotril.org\/sitio\/iu-equo-propone-mejoras-en-la-gestion-y-funcionamiento-de-la-residencia-de-personas-mayores-san-luis-para-garantizar-su-caracter-de-servicio-publico\/","url_meta":{"origin":9008,"position":0},"title":"IU-Equo propone mejoras en la gesti\u00f3n y funcionamiento de la Residencia de Personas Mayores San Luis para garantizar su car\u00e1cter de servicio p\u00fablico","author":"Izquierda Unida Motril","date":"30 marzo, 2023","format":false,"excerpt":"Desde IU-Equo se considera que la gesti\u00f3n que est\u00e1 llevando a cabo el gobierno municipal est\u00e1 poniendo en serio riesgo el car\u00e1cter p\u00fablico de San Luis, teniendo en cuenta que a lo largo de estos \u00faltimos cuatro a\u00f1os se han externalizado servicios de modo que, actualmente, el 45% de las\u2026","rel":"","context":"En \u00abAyuntamiento\u00bb","block_context":{"text":"Ayuntamiento","link":"https:\/\/iumotril.org\/sitio\/category\/ayuntamiento\/"},"img":{"alt_text":"","src":"https:\/\/i0.wp.com\/iumotril.org\/sitio\/wp-content\/uploads\/2023\/03\/IMG-8565-1024x768.jpg?resize=350%2C200&ssl=1","width":350,"height":200,"srcset":"https:\/\/i0.wp.com\/iumotril.org\/sitio\/wp-content\/uploads\/2023\/03\/IMG-8565-1024x768.jpg?resize=350%2C200&ssl=1 1x, https:\/\/i0.wp.com\/iumotril.org\/sitio\/wp-content\/uploads\/2023\/03\/IMG-8565-1024x768.jpg?resize=525%2C300&ssl=1 1.5x"},"classes":[]},{"id":9331,"url":"https:\/\/iumotril.org\/sitio\/iu-verdes-equo-ampliara-las-instalaciones-de-la-residencia-de-san-luis-para-ofrecer-mayores-prestaciones-a-la-poblacion-mayor-y-a-sus-familias\/","url_meta":{"origin":9008,"position":1},"title":"IU-Verdes Equo ampliar\u00e1 las instalaciones de la Residencia de San Luis para ofrecer mayores prestaciones a la poblaci\u00f3n mayor y a sus familias","author":"Izquierda Unida Motril","date":"24 mayo, 2023","format":false,"excerpt":"Jose G. Llorente, candidato n\u00famero 2 de la lista encabezada por Inma Omiste, ha se\u00f1alado que desde IU-Verdes Equo se defiende la creaci\u00f3n de\u00a0 una red de servicios sociales que proteja a los ciudadanos, incrementando el presupuesto municipal en servicios sociales y reorganizando el \u00c1rea Municipal de Acci\u00f3n social. Garc\u00eda\u2026","rel":"","context":"En \u00abElecciones\u00bb","block_context":{"text":"Elecciones","link":"https:\/\/iumotril.org\/sitio\/category\/elecciones\/"},"img":{"alt_text":"","src":"https:\/\/i0.wp.com\/iumotril.org\/sitio\/wp-content\/uploads\/2023\/05\/RESIDENCIA-SAN-LUIS-MOTRIL.jpg?resize=350%2C200&ssl=1","width":350,"height":200,"srcset":"https:\/\/i0.wp.com\/iumotril.org\/sitio\/wp-content\/uploads\/2023\/05\/RESIDENCIA-SAN-LUIS-MOTRIL.jpg?resize=350%2C200&ssl=1 1x, https:\/\/i0.wp.com\/iumotril.org\/sitio\/wp-content\/uploads\/2023\/05\/RESIDENCIA-SAN-LUIS-MOTRIL.jpg?resize=525%2C300&ssl=1 1.5x"},"classes":[]},{"id":7448,"url":"https:\/\/iumotril.org\/sitio\/iu-equo-denuncia-la-privatizacion-encubierta-de-la-residencia-de-mayores-san-luis\/","url_meta":{"origin":9008,"position":2},"title":"IU-Equo denuncia la privatizaci\u00f3n encubierta de la Residencia de Mayores San Luis","author":"Izquierda Unida Motril","date":"18 mayo, 2021","format":false,"excerpt":"el gobierno del PP y Ciudadanos est\u00e1 dejando caer el car\u00e1cter p\u00fablico de la Residencia San Luis deteriorando las condiciones laborales de las trabajadoras y externalizando progresivamente el servicio que ven\u00edan prestando las empleadas p\u00fablicas. Se trata de una estrategia de manual, en la que el Parido Popular es un\u2026","rel":"","context":"En \u00abEST\u00c1 PASANDO\u00bb","block_context":{"text":"EST\u00c1 PASANDO","link":"https:\/\/iumotril.org\/sitio\/category\/esta-pasando\/"},"img":{"alt_text":"","src":"https:\/\/i0.wp.com\/iumotril.org\/sitio\/wp-content\/uploads\/2021\/05\/Jose-Llorente_-28-mayo-1024x768.jpg?resize=350%2C200","width":350,"height":200,"srcset":"https:\/\/i0.wp.com\/iumotril.org\/sitio\/wp-content\/uploads\/2021\/05\/Jose-Llorente_-28-mayo-1024x768.jpg?resize=350%2C200 1x, https:\/\/i0.wp.com\/iumotril.org\/sitio\/wp-content\/uploads\/2021\/05\/Jose-Llorente_-28-mayo-1024x768.jpg?resize=525%2C300 1.5x"},"classes":[]},{"id":8926,"url":"https:\/\/iumotril.org\/sitio\/iu-equo-denuncia-la-cobertura-de-vacantes-y-sustituciones-en-la-residencia-de-san-luis-a-traves-de-una-empresa-privada-a-pesar-de-existir-una-bolsa-de-empleo-vigente\/","url_meta":{"origin":9008,"position":3},"title":"IU-Equo denuncia la cobertura de vacantes y sustituciones en la Residencia de San Luis a trav\u00e9s de una empresa privada, a pesar de existir una bolsa de empleo vigente","author":"Izquierda Unida Motril","date":"7 marzo, 2023","format":false,"excerpt":"Los 57 profesionales que integran la bolsa, tras superar las pruebas selectivas, no han recibido ninguna informaci\u00f3n sobre la falta de operatividad de la misma, a pesar de su vigencia ni de los motivos por los que no se est\u00e1 recurriendo a ellos, frustrando de este modo sus expectativas e\u2026","rel":"","context":"En \u00abAyuntamiento\u00bb","block_context":{"text":"Ayuntamiento","link":"https:\/\/iumotril.org\/sitio\/category\/ayuntamiento\/"},"img":{"alt_text":"","src":"https:\/\/i0.wp.com\/iumotril.org\/sitio\/wp-content\/uploads\/2023\/03\/rp-RSL-1024x768.jpg?resize=350%2C200&ssl=1","width":350,"height":200,"srcset":"https:\/\/i0.wp.com\/iumotril.org\/sitio\/wp-content\/uploads\/2023\/03\/rp-RSL-1024x768.jpg?resize=350%2C200&ssl=1 1x, https:\/\/i0.wp.com\/iumotril.org\/sitio\/wp-content\/uploads\/2023\/03\/rp-RSL-1024x768.jpg?resize=525%2C300&ssl=1 1.5x"},"classes":[]},{"id":7523,"url":"https:\/\/iumotril.org\/sitio\/iu-equo-pide-a-la-alcaldesa-que-acabe-con-el-desprecio-municipal-hacia-las-trabajadoras-de-la-residencia-de-mayores-san-luis\/","url_meta":{"origin":9008,"position":4},"title":"IU-Equo pide a la alcaldesa que acabe con el desprecio municipal hacia las trabajadoras de la Residencia de Mayores San Luis","author":"Izquierda Unida Motril","date":"16 junio, 2021","format":false,"excerpt":"Manteniendo la precariedad de las condiciones laborales de la plantilla se pretende, de alg\u00fan modo, el desmantelamiento de la Residencia como servicio p\u00fablico, su desprestigio y, finalmente, su privatizaci\u00f3n, una estrategia en la que el Partido Popular es un verdadero especialista. Para IU-Equo estamos ante otro ejemplo evidente de gesti\u00f3n\u2026","rel":"","context":"En \u00abdenuncia\u00bb","block_context":{"text":"denuncia","link":"https:\/\/iumotril.org\/sitio\/category\/denuncia\/"},"img":{"alt_text":"","src":"https:\/\/i0.wp.com\/iumotril.org\/sitio\/wp-content\/uploads\/2021\/06\/Jose-16-junio-768x1024.jpg?resize=350%2C200","width":350,"height":200,"srcset":"https:\/\/i0.wp.com\/iumotril.org\/sitio\/wp-content\/uploads\/2021\/06\/Jose-16-junio-768x1024.jpg?resize=350%2C200 1x, https:\/\/i0.wp.com\/iumotril.org\/sitio\/wp-content\/uploads\/2021\/06\/Jose-16-junio-768x1024.jpg?resize=525%2C300 1.5x"},"classes":[]},{"id":7590,"url":"https:\/\/iumotril.org\/sitio\/iu-equo-denuncia-que-el-gobierno-local-lleva-dos-anos-malgastando-el-dinero-de-los-motrilenos-y-motrilenas\/","url_meta":{"origin":9008,"position":5},"title":"IU-Equo denuncia que el gobierno local lleva dos a\u00f1os malgastando el dinero de los motrile\u00f1os y motrile\u00f1as","author":"Izquierda Unida Motril","date":"19 julio, 2021","format":false,"excerpt":"Todos los esfuerzos de la se\u00f1ora Chamorro se est\u00e1n dedicando a crear una realidad paralela acerca de \u201cun Motril id\u00edlico\u201d que m\u00e1s tiene que ver con sus mundos de Yupi que con la realidad cotidiana que viven vecinos y vecinas de la ciudad. El gobierno local est\u00e1 utilizando el dinero\u2026","rel":"","context":"En \u00abEST\u00c1 PASANDO\u00bb","block_context":{"text":"EST\u00c1 PASANDO","link":"https:\/\/iumotril.org\/sitio\/category\/esta-pasando\/"},"img":{"alt_text":"","src":"https:\/\/i0.wp.com\/iumotril.org\/sitio\/wp-content\/uploads\/2021\/07\/Inma-2-19-julio-1024x768.jpg?resize=350%2C200","width":350,"height":200,"srcset":"https:\/\/i0.wp.com\/iumotril.org\/sitio\/wp-content\/uploads\/2021\/07\/Inma-2-19-julio-1024x768.jpg?resize=350%2C200 1x, https:\/\/i0.wp.com\/iumotril.org\/sitio\/wp-content\/uploads\/2021\/07\/Inma-2-19-julio-1024x768.jpg?resize=525%2C300 1.5x"},"classes":[]}],"jetpack_likes_enabled":true,"_links":{"self":[{"href":"https:\/\/iumotril.org\/sitio\/wp-json\/wp\/v2\/posts\/9008","targetHints":{"allow":["GET"]}}],"collection":[{"href":"https:\/\/iumotril.org\/sitio\/wp-json\/wp\/v2\/posts"}],"about":[{"href":"https:\/\/iumotril.org\/sitio\/wp-json\/wp\/v2\/types\/post"}],"author":[{"embeddable":true,"href":"https:\/\/iumotril.org\/sitio\/wp-json\/wp\/v2\/users\/1"}],"replies":[{"embeddable":true,"href":"https:\/\/iumotril.org\/sitio\/wp-json\/wp\/v2\/comments?post=9008"}],"version-history":[{"count":5,"href":"https:\/\/iumotril.org\/sitio\/wp-json\/wp\/v2\/posts\/9008\/revisions"}],"predecessor-version":[{"id":9015,"href":"https:\/\/iumotril.org\/sitio\/wp-json\/wp\/v2\/posts\/9008\/revisions\/9015"}],"wp:featuredmedia":[{"embeddable":true,"href":"https:\/\/iumotril.org\/sitio\/wp-json\/wp\/v2\/media\/9012"}],"wp:attachment":[{"href":"https:\/\/iumotril.org\/sitio\/wp-json\/wp\/v2\/media?parent=9008"}],"wp:term":[{"taxonomy":"category","embeddable":true,"href":"https:\/\/iumotril.org\/sitio\/wp-json\/wp\/v2\/categories?post=9008"},{"taxonomy":"post_tag","embeddable":true,"href":"https:\/\/iumotril.org\/sitio\/wp-json\/wp\/v2\/tags?post=9008"}],"curies":[{"name":"wp","href":"https:\/\/api.w.org\/{rel}","templated":true}]}}