{"id":8982,"date":"2023-03-30T16:20:19","date_gmt":"2023-03-30T14:20:19","guid":{"rendered":"https:\/\/iumotril.org\/sitio\/?p=8982"},"modified":"2023-03-30T16:20:19","modified_gmt":"2023-03-30T14:20:19","slug":"iu-equo-propone-mejoras-en-la-gestion-y-funcionamiento-de-la-residencia-de-personas-mayores-san-luis-para-garantizar-su-caracter-de-servicio-publico","status":"publish","type":"post","link":"https:\/\/iumotril.org\/sitio\/iu-equo-propone-mejoras-en-la-gestion-y-funcionamiento-de-la-residencia-de-personas-mayores-san-luis-para-garantizar-su-caracter-de-servicio-publico\/","title":{"rendered":"IU-Equo propone mejoras en la gesti\u00f3n y funcionamiento de la Residencia de Personas Mayores San Luis para garantizar su car\u00e1cter de servicio p\u00fablico"},"content":{"rendered":"<p><span style=\"color: #993300;\">Propone dotar a la Agencia P\u00fablica de una estructura administrativa adecuada y de los recursos materiales y humanos necesarios para que asuma y desarrolle las competencias, funciones y compromisos que tiene atribuidas conforme a su car\u00e1cter p\u00fablico y personalidad jur\u00eddica.<\/span><\/p>\n<p><span style=\"color: #993300;\">Cr\u00edtica que se recurra a los servicios de una empresa privada de manera irregular para cubrir bajas y sustituciones en la plantilla en vez de realizarlas a trav\u00e9s la bolsa de empleo existente con 57 aspirantes. La contrataci\u00f3n de esta empresa supuso en 2022 un gasto de 330 mil euros.<\/span><\/p>\n<p>&nbsp;<\/p>\n<p>El Grupo municipal de IU-Equo ha informado de las diferentes carencias que, en su opini\u00f3n, est\u00e1n afectando al <strong>adecuado funcionamiento de la Residencia de Personas Mayores San Luis<\/strong>, la Agencia P\u00fablica dependiente del Ayuntamiento.<\/p>\n<p>Entre otras, la falta de una <strong>estructura administrativa adecuada<\/strong> que posibilite el cumplimiento de los procedimientos administrativos propios de las agencias p\u00fablicas, como son la transparencia administrativa y el cumplimiento de la normativa de contrataci\u00f3n del sector p\u00fablico.<\/p>\n<p>El portavoz de IU-Equo, Jose G. Llorente, ha se\u00f1alado asimismo otras circunstancias que confirman que el gobierno local no est\u00e1 llevando a cabo una gesti\u00f3n eficaz y eficiente de la entidad, como la falta de operatividad de su<strong> sede electr\u00f3nica<\/strong> y las <strong>condiciones laborales de las trabajadoras<\/strong> de la Residencia.<\/p>\n<figure id=\"attachment_8984\" aria-describedby=\"caption-attachment-8984\" style=\"width: 640px\" class=\"wp-caption alignleft\"><img loading=\"lazy\" decoding=\"async\" data-attachment-id=\"8984\" data-permalink=\"https:\/\/iumotril.org\/sitio\/iu-equo-propone-mejoras-en-la-gestion-y-funcionamiento-de-la-residencia-de-personas-mayores-san-luis-para-garantizar-su-caracter-de-servicio-publico\/img-8565\/\" data-orig-file=\"https:\/\/iumotril.org\/sitio\/wp-content\/uploads\/2023\/03\/IMG-8565-scaled.jpg\" data-orig-size=\"2560,1920\" data-comments-opened=\"1\" data-image-meta=\"{&quot;aperture&quot;:&quot;2.2&quot;,&quot;credit&quot;:&quot;&quot;,&quot;camera&quot;:&quot;iPhone 6&quot;,&quot;caption&quot;:&quot;&quot;,&quot;created_timestamp&quot;:&quot;1680084436&quot;,&quot;copyright&quot;:&quot;&quot;,&quot;focal_length&quot;:&quot;4.15&quot;,&quot;iso&quot;:&quot;40&quot;,&quot;shutter_speed&quot;:&quot;0.03030303030303&quot;,&quot;title&quot;:&quot;&quot;,&quot;orientation&quot;:&quot;1&quot;}\" data-image-title=\"IMG-8565\" data-image-description=\"\" data-image-caption=\"\" data-large-file=\"https:\/\/iumotril.org\/sitio\/wp-content\/uploads\/2023\/03\/IMG-8565-1024x768.jpg\" class=\"wp-image-8984 size-large\" src=\"https:\/\/iumotril.org\/sitio\/wp-content\/uploads\/2023\/03\/IMG-8565-1024x768.jpg\" alt=\"\" width=\"640\" height=\"480\" srcset=\"https:\/\/iumotril.org\/sitio\/wp-content\/uploads\/2023\/03\/IMG-8565-1024x768.jpg 1024w, https:\/\/iumotril.org\/sitio\/wp-content\/uploads\/2023\/03\/IMG-8565-300x225.jpg 300w, https:\/\/iumotril.org\/sitio\/wp-content\/uploads\/2023\/03\/IMG-8565-768x576.jpg 768w, https:\/\/iumotril.org\/sitio\/wp-content\/uploads\/2023\/03\/IMG-8565-1536x1152.jpg 1536w, https:\/\/iumotril.org\/sitio\/wp-content\/uploads\/2023\/03\/IMG-8565-2048x1536.jpg 2048w\" sizes=\"auto, (max-width: 640px) 100vw, 640px\" \/><figcaption id=\"caption-attachment-8984\" class=\"wp-caption-text\">Jose G. Llorente e Inma Omiste, representantes del Grupo Municipal de IU-Equo<\/figcaption><\/figure>\n<p>Seg\u00fan ha informado el edil de IU-Equo, son estas deficiencias las que se pretenden afrontar con la moci\u00f3n que su Grupo municipal ha presentado al pr\u00f3ximo Pleno para su debate y consideraci\u00f3n, con el objetivo \u00faltimo de que la Corporaci\u00f3n se comprometa a <strong>mantener el car\u00e1cter p\u00fablico de la Residencia de Personas Mayores<\/strong>.<\/p>\n<p>Este <strong>mal funcionamiento de la entidad,<\/strong> se evidencia en la relaci\u00f3n que se mantiene durante los \u00faltimos a\u00f1os fuera de cualquier \u201cprocedimiento establecido\u201d con una <strong>empresa externa<\/strong> para la cobertura de las vacantes que se producen en la plantilla, que ha supuesto en 2022 un <strong>gasto aproximado de 330.000 euros<\/strong>, a pesar de la existencia de una <strong><a href=\"https:\/\/iumotril.org\/sitio\/iu-equo-denuncia-la-cobertura-de-vacantes-y-sustituciones-en-la-residencia-de-san-luis-a-traves-de-una-empresa-privada-a-pesar-de-existir-una-bolsa-de-empleo-vigente\/\">bolsa de empleo<\/a> vigente con 57 profesionales<\/strong> seleccionados a la que no se ha recurrido en ning\u00fan caso durante este per\u00edodo por motivos que se desconocen.<\/p>\n<p>Tambi\u00e9n se refleja en las dificultades de la entidad para el c<strong>umplimiento del procedimiento administrativo<\/strong> correspondiente en materia de contrataci\u00f3n, lo que supuso que, en 2022 se tramitaron facturas fuera de ese procedimiento por importe de <strong>79.407 euros<\/strong>, facturas que han merecido el \u201creparo\u201d de la intervenci\u00f3n municipal.<\/p>\n<p>Desde IU-Equo se considera que la gesti\u00f3n que est\u00e1 llevando a cabo el gobierno municipal <strong>est\u00e1 poniendo en serio riesgo el car\u00e1cter p\u00fablico de San Luis<\/strong>, teniendo en cuenta que a lo largo de estos \u00faltimos cuatro a\u00f1os se han externalizado servicios de modo que, actualmente, el <strong>45% de las trabajadoras<\/strong> que desempe\u00f1an funciones en la Residencia pertenecen a empresas privadas. Es decir, n<strong>o est\u00e1n integradas en la plantilla de la entidad.<\/strong><\/p>\n<p>Una plantilla, ha informado Garc\u00eda Llorente, que reclama <strong>mejoras en sus condiciones laborales<\/strong> y que est\u00e1 siendo descuidada, tambi\u00e9n, por los\u00a0 responsables municipales a pesar del enorme esfuerzo que se les reclama constantemente y de la profesionalidad que han demostrado especialmente en el cuidado de las personas mayores en los momentos m\u00e1s dif\u00edciles.<\/p>\n<p>A juicio del concejal de IU-Equo, resulta evidente que la gesti\u00f3n de la se\u00f1ora Garc\u00eda Chamorro, de su partido y de sus socios de gobierno, est\u00e1 deteriorando gravemente los servicios p\u00fablicos municipales y tambi\u00e9n el funcionamiento y la gesti\u00f3n de la Residencia.<\/p>\n<p>Desde IU-Equo se apuesta por r<strong>eforzar la estructura de la Agencia<\/strong> y explorar todas sus potencialidades, para colocarla en el centro de las pol\u00edticas p\u00fablicas de cuidados en la ciudad.<\/p>\n<p>En este sentido IU-EQuo, propone <strong>aumentar la oferta de prestaciones en San Luis<\/strong> para poder atender a una poblaci\u00f3n tanto de mayores como a sus familias como unidad de centro de d\u00eda, programas de respiro familiar, cobertura de actuaciones de emergencia social. La Residencia oferta <strong>48 plazas<\/strong>, de las que 45 est\u00e1n ocupadas actualmente.<\/p>\n","protected":false},"excerpt":{"rendered":"<p>Desde IU-Equo se considera que la gesti\u00f3n que est\u00e1 llevando a cabo el gobierno municipal est\u00e1 poniendo en serio riesgo el car\u00e1cter p\u00fablico de San Luis, teniendo en cuenta que a lo largo de estos \u00faltimos cuatro a\u00f1os se han externalizado servicios de modo que, actualmente, el 45% de las trabajadoras que desempe\u00f1an funciones en la Residencia pertenecen a empresas privadas. Es decir, no est\u00e1n integradas en la plantilla de la entidad.<br \/>\nUna plantilla, ha informado Garc\u00eda Llorente, que reclama mejoras en sus condiciones laborales y que est\u00e1 siendo descuidada, tambi\u00e9n, por los\u00a0 responsables municipales a pesar del enorme esfuerzo que se les reclama constantemente y de la profesionalidad que han demostrado especialmente en el cuidado de las personas mayores en los momentos m\u00e1s dif\u00edciles.<br \/>\nA juicio del concejal de IU-Equo, resulta evidente que la gesti\u00f3n de la se\u00f1ora Garc\u00eda Chamorro, de su partido y de sus socios de gobierno, est\u00e1 deteriorando gravemente los servicios p\u00fablicos municipales y tambi\u00e9n el funcionamiento y la gesti\u00f3n de la Residencia.\u00a0<br \/>\nDesde IU-Equo se apuesta por reforzar la estructura de la Agencia y explorar todas sus potencialidades, para colocarla en el centro de las pol\u00edticas p\u00fablicas de cuidados en la ciudad.\u00a0<br \/>\nEn este sentido IU-EQuo, propone aumentar la oferta de prestaciones en San Luis para poder atender a una poblaci\u00f3n tanto de mayores como a sus familias como unidad de centro de d\u00eda, programas de respiro familiar, cobertura de actuaciones de emergencia social. La Residencia oferta 48 plazas, de las que 45 est\u00e1n ocupadas actualmente.<\/p>\n","protected":false},"author":1,"featured_media":8925,"comment_status":"open","ping_status":"open","sticky":false,"template":"","format":"standard","meta":{"cybocfi_hide_featured_image":"","_jetpack_newsletter_access":"","_jetpack_dont_email_post_to_subs":false,"_jetpack_newsletter_tier_id":0,"_jetpack_memberships_contains_paywalled_content":false,"_jetpack_memberships_contains_paid_content":false,"footnotes":""},"categories":[7,265,36],"tags":[1916,1918,1495,464,1919,1917],"class_list":["post-8982","post","type-post","status-publish","format-standard","has-post-thumbnail","hentry","category-ayuntamiento","category-esta-pasando","category-mociones-pleno","tag-apal-san-luis","tag-cuidadoras","tag-cuidados","tag-gestion-publica","tag-politica-publica-de-cuidados","tag-residencia-de-mayores"],"jetpack_featured_media_url":"https:\/\/iumotril.org\/sitio\/wp-content\/uploads\/2023\/03\/San-Luis.jpg","jetpack_sharing_enabled":true,"jetpack_shortlink":"https:\/\/wp.me\/p4QsU5-2kS","jetpack-related-posts":[{"id":9008,"url":"https:\/\/iumotril.org\/sitio\/iu-equo-deplora-que-el-gobierno-local-rechace-medidas-para-asegurar-el-adecuado-funcionamiento-de-la-residencia-de-personas-mayores-de-san-luis\/","url_meta":{"origin":8982,"position":0},"title":"IU-Equo deplora que el gobierno local rechace medidas para asegurar el adecuado funcionamiento de la Residencia de Personas Mayores de San Luis","author":"Izquierda Unida Motril","date":"4 abril, 2023","format":false,"excerpt":"El gobierno de la se\u00f1ora Garc\u00eda Chamorro se ha desentendido interesadamente de la Residencia para avanzar en la privatizaci\u00f3n del servicio, lo que supondr\u00e1 una merma en la atenci\u00f3n a los residentes y una p\u00e9rdida de derechos para los trabajadores y trabajadoras. IU-Equo rechaza rotundamente la mercantilizaci\u00f3n de los cuidados,\u2026","rel":"","context":"En \u00abAyuntamiento\u00bb","block_context":{"text":"Ayuntamiento","link":"https:\/\/iumotril.org\/sitio\/category\/ayuntamiento\/"},"img":{"alt_text":"","src":"https:\/\/i0.wp.com\/iumotril.org\/sitio\/wp-content\/uploads\/2023\/04\/Inmna-Torres-y-Luisa-Imagen-de-Ahora-Costa.jpg?resize=350%2C200&ssl=1","width":350,"height":200,"srcset":"https:\/\/i0.wp.com\/iumotril.org\/sitio\/wp-content\/uploads\/2023\/04\/Inmna-Torres-y-Luisa-Imagen-de-Ahora-Costa.jpg?resize=350%2C200&ssl=1 1x, https:\/\/i0.wp.com\/iumotril.org\/sitio\/wp-content\/uploads\/2023\/04\/Inmna-Torres-y-Luisa-Imagen-de-Ahora-Costa.jpg?resize=525%2C300&ssl=1 1.5x, https:\/\/i0.wp.com\/iumotril.org\/sitio\/wp-content\/uploads\/2023\/04\/Inmna-Torres-y-Luisa-Imagen-de-Ahora-Costa.jpg?resize=700%2C400&ssl=1 2x, https:\/\/i0.wp.com\/iumotril.org\/sitio\/wp-content\/uploads\/2023\/04\/Inmna-Torres-y-Luisa-Imagen-de-Ahora-Costa.jpg?resize=1050%2C600&ssl=1 3x, https:\/\/i0.wp.com\/iumotril.org\/sitio\/wp-content\/uploads\/2023\/04\/Inmna-Torres-y-Luisa-Imagen-de-Ahora-Costa.jpg?resize=1400%2C800&ssl=1 4x"},"classes":[]},{"id":7448,"url":"https:\/\/iumotril.org\/sitio\/iu-equo-denuncia-la-privatizacion-encubierta-de-la-residencia-de-mayores-san-luis\/","url_meta":{"origin":8982,"position":1},"title":"IU-Equo denuncia la privatizaci\u00f3n encubierta de la Residencia de Mayores San Luis","author":"Izquierda Unida Motril","date":"18 mayo, 2021","format":false,"excerpt":"el gobierno del PP y Ciudadanos est\u00e1 dejando caer el car\u00e1cter p\u00fablico de la Residencia San Luis deteriorando las condiciones laborales de las trabajadoras y externalizando progresivamente el servicio que ven\u00edan prestando las empleadas p\u00fablicas. Se trata de una estrategia de manual, en la que el Parido Popular es un\u2026","rel":"","context":"En \u00abEST\u00c1 PASANDO\u00bb","block_context":{"text":"EST\u00c1 PASANDO","link":"https:\/\/iumotril.org\/sitio\/category\/esta-pasando\/"},"img":{"alt_text":"","src":"https:\/\/i0.wp.com\/iumotril.org\/sitio\/wp-content\/uploads\/2021\/05\/Jose-Llorente_-28-mayo-1024x768.jpg?resize=350%2C200","width":350,"height":200,"srcset":"https:\/\/i0.wp.com\/iumotril.org\/sitio\/wp-content\/uploads\/2021\/05\/Jose-Llorente_-28-mayo-1024x768.jpg?resize=350%2C200 1x, https:\/\/i0.wp.com\/iumotril.org\/sitio\/wp-content\/uploads\/2021\/05\/Jose-Llorente_-28-mayo-1024x768.jpg?resize=525%2C300 1.5x"},"classes":[]},{"id":9331,"url":"https:\/\/iumotril.org\/sitio\/iu-verdes-equo-ampliara-las-instalaciones-de-la-residencia-de-san-luis-para-ofrecer-mayores-prestaciones-a-la-poblacion-mayor-y-a-sus-familias\/","url_meta":{"origin":8982,"position":2},"title":"IU-Verdes Equo ampliar\u00e1 las instalaciones de la Residencia de San Luis para ofrecer mayores prestaciones a la poblaci\u00f3n mayor y a sus familias","author":"Izquierda Unida Motril","date":"24 mayo, 2023","format":false,"excerpt":"Jose G. Llorente, candidato n\u00famero 2 de la lista encabezada por Inma Omiste, ha se\u00f1alado que desde IU-Verdes Equo se defiende la creaci\u00f3n de\u00a0 una red de servicios sociales que proteja a los ciudadanos, incrementando el presupuesto municipal en servicios sociales y reorganizando el \u00c1rea Municipal de Acci\u00f3n social. Garc\u00eda\u2026","rel":"","context":"En \u00abElecciones\u00bb","block_context":{"text":"Elecciones","link":"https:\/\/iumotril.org\/sitio\/category\/elecciones\/"},"img":{"alt_text":"","src":"https:\/\/i0.wp.com\/iumotril.org\/sitio\/wp-content\/uploads\/2023\/05\/RESIDENCIA-SAN-LUIS-MOTRIL.jpg?resize=350%2C200&ssl=1","width":350,"height":200,"srcset":"https:\/\/i0.wp.com\/iumotril.org\/sitio\/wp-content\/uploads\/2023\/05\/RESIDENCIA-SAN-LUIS-MOTRIL.jpg?resize=350%2C200&ssl=1 1x, https:\/\/i0.wp.com\/iumotril.org\/sitio\/wp-content\/uploads\/2023\/05\/RESIDENCIA-SAN-LUIS-MOTRIL.jpg?resize=525%2C300&ssl=1 1.5x"},"classes":[]},{"id":8926,"url":"https:\/\/iumotril.org\/sitio\/iu-equo-denuncia-la-cobertura-de-vacantes-y-sustituciones-en-la-residencia-de-san-luis-a-traves-de-una-empresa-privada-a-pesar-de-existir-una-bolsa-de-empleo-vigente\/","url_meta":{"origin":8982,"position":3},"title":"IU-Equo denuncia la cobertura de vacantes y sustituciones en la Residencia de San Luis a trav\u00e9s de una empresa privada, a pesar de existir una bolsa de empleo vigente","author":"Izquierda Unida Motril","date":"7 marzo, 2023","format":false,"excerpt":"Los 57 profesionales que integran la bolsa, tras superar las pruebas selectivas, no han recibido ninguna informaci\u00f3n sobre la falta de operatividad de la misma, a pesar de su vigencia ni de los motivos por los que no se est\u00e1 recurriendo a ellos, frustrando de este modo sus expectativas e\u2026","rel":"","context":"En \u00abAyuntamiento\u00bb","block_context":{"text":"Ayuntamiento","link":"https:\/\/iumotril.org\/sitio\/category\/ayuntamiento\/"},"img":{"alt_text":"","src":"https:\/\/i0.wp.com\/iumotril.org\/sitio\/wp-content\/uploads\/2023\/03\/rp-RSL-1024x768.jpg?resize=350%2C200&ssl=1","width":350,"height":200,"srcset":"https:\/\/i0.wp.com\/iumotril.org\/sitio\/wp-content\/uploads\/2023\/03\/rp-RSL-1024x768.jpg?resize=350%2C200&ssl=1 1x, https:\/\/i0.wp.com\/iumotril.org\/sitio\/wp-content\/uploads\/2023\/03\/rp-RSL-1024x768.jpg?resize=525%2C300&ssl=1 1.5x"},"classes":[]},{"id":7523,"url":"https:\/\/iumotril.org\/sitio\/iu-equo-pide-a-la-alcaldesa-que-acabe-con-el-desprecio-municipal-hacia-las-trabajadoras-de-la-residencia-de-mayores-san-luis\/","url_meta":{"origin":8982,"position":4},"title":"IU-Equo pide a la alcaldesa que acabe con el desprecio municipal hacia las trabajadoras de la Residencia de Mayores San Luis","author":"Izquierda Unida Motril","date":"16 junio, 2021","format":false,"excerpt":"Manteniendo la precariedad de las condiciones laborales de la plantilla se pretende, de alg\u00fan modo, el desmantelamiento de la Residencia como servicio p\u00fablico, su desprestigio y, finalmente, su privatizaci\u00f3n, una estrategia en la que el Partido Popular es un verdadero especialista. Para IU-Equo estamos ante otro ejemplo evidente de gesti\u00f3n\u2026","rel":"","context":"En \u00abdenuncia\u00bb","block_context":{"text":"denuncia","link":"https:\/\/iumotril.org\/sitio\/category\/denuncia\/"},"img":{"alt_text":"","src":"https:\/\/i0.wp.com\/iumotril.org\/sitio\/wp-content\/uploads\/2021\/06\/Jose-16-junio-768x1024.jpg?resize=350%2C200","width":350,"height":200,"srcset":"https:\/\/i0.wp.com\/iumotril.org\/sitio\/wp-content\/uploads\/2021\/06\/Jose-16-junio-768x1024.jpg?resize=350%2C200 1x, https:\/\/i0.wp.com\/iumotril.org\/sitio\/wp-content\/uploads\/2021\/06\/Jose-16-junio-768x1024.jpg?resize=525%2C300 1.5x"},"classes":[]},{"id":6684,"url":"https:\/\/iumotril.org\/sitio\/iu-equo-propone-que-el-ayuntamiento-gestione-directamente-el-servicio-de-ayuda-a-domicilio-2\/","url_meta":{"origin":8982,"position":5},"title":"IU-Equo propone que el ayuntamiento gestione directamente el Servicio de Ayuda a Domicilio","author":"Izquierda Unida Motril","date":"22 septiembre, 2020","format":false,"excerpt":"La gesti\u00f3n de la ayuda a domicilio es competencia directa de los ayuntamientos, ya que forma parte de los servicios sociales comunitarios. Son los ayuntamientos los que lo organizan y lo gestionan directa o indirectamente, por lo que es una decisi\u00f3n que puede adoptar el pleno de la Corporaci\u00f3n en\u2026","rel":"","context":"En \u00abEST\u00c1 PASANDO\u00bb","block_context":{"text":"EST\u00c1 PASANDO","link":"https:\/\/iumotril.org\/sitio\/category\/esta-pasando\/"},"img":{"alt_text":"","src":"https:\/\/i0.wp.com\/iumotril.org\/sitio\/wp-content\/uploads\/2020\/09\/Jose_16-junio-1024x768.jpg?resize=350%2C200","width":350,"height":200,"srcset":"https:\/\/i0.wp.com\/iumotril.org\/sitio\/wp-content\/uploads\/2020\/09\/Jose_16-junio-1024x768.jpg?resize=350%2C200 1x, https:\/\/i0.wp.com\/iumotril.org\/sitio\/wp-content\/uploads\/2020\/09\/Jose_16-junio-1024x768.jpg?resize=525%2C300 1.5x"},"classes":[]}],"jetpack_likes_enabled":true,"_links":{"self":[{"href":"https:\/\/iumotril.org\/sitio\/wp-json\/wp\/v2\/posts\/8982","targetHints":{"allow":["GET"]}}],"collection":[{"href":"https:\/\/iumotril.org\/sitio\/wp-json\/wp\/v2\/posts"}],"about":[{"href":"https:\/\/iumotril.org\/sitio\/wp-json\/wp\/v2\/types\/post"}],"author":[{"embeddable":true,"href":"https:\/\/iumotril.org\/sitio\/wp-json\/wp\/v2\/users\/1"}],"replies":[{"embeddable":true,"href":"https:\/\/iumotril.org\/sitio\/wp-json\/wp\/v2\/comments?post=8982"}],"version-history":[{"count":2,"href":"https:\/\/iumotril.org\/sitio\/wp-json\/wp\/v2\/posts\/8982\/revisions"}],"predecessor-version":[{"id":8985,"href":"https:\/\/iumotril.org\/sitio\/wp-json\/wp\/v2\/posts\/8982\/revisions\/8985"}],"wp:featuredmedia":[{"embeddable":true,"href":"https:\/\/iumotril.org\/sitio\/wp-json\/wp\/v2\/media\/8925"}],"wp:attachment":[{"href":"https:\/\/iumotril.org\/sitio\/wp-json\/wp\/v2\/media?parent=8982"}],"wp:term":[{"taxonomy":"category","embeddable":true,"href":"https:\/\/iumotril.org\/sitio\/wp-json\/wp\/v2\/categories?post=8982"},{"taxonomy":"post_tag","embeddable":true,"href":"https:\/\/iumotril.org\/sitio\/wp-json\/wp\/v2\/tags?post=8982"}],"curies":[{"name":"wp","href":"https:\/\/api.w.org\/{rel}","templated":true}]}}