{"id":8935,"date":"2023-03-08T11:22:57","date_gmt":"2023-03-08T10:22:57","guid":{"rendered":"https:\/\/iumotril.org\/sitio\/?p=8935"},"modified":"2023-03-08T11:22:57","modified_gmt":"2023-03-08T10:22:57","slug":"iu-equo-hace-un-llamamiento-a-la-participacion-en-la-manifestacion-del-8m-en-motril-en-apoyo-a-la-lucha-de-las-mujeres","status":"publish","type":"post","link":"https:\/\/iumotril.org\/sitio\/iu-equo-hace-un-llamamiento-a-la-participacion-en-la-manifestacion-del-8m-en-motril-en-apoyo-a-la-lucha-de-las-mujeres\/","title":{"rendered":"IU-Equo hace un llamamiento a la participaci\u00f3n en la manifestaci\u00f3n del 8M en Motril en apoyo a la lucha de las mujeres"},"content":{"rendered":"<p><span style=\"color: #993300;\">IU-Equo apuesta por la movilizaci\u00f3n para reivindicar la lucha de las mujeres por su participaci\u00f3n y reconocimiento, en pie de igualdad con los hombres y por su desarrollo \u00edntegro como personas.<\/span><\/p>\n<p><span style=\"color: #993300;\">Cr\u00edtica la convocatoria de un acto institucional por parte del \u00c1rea de Igualdad que se solapa en su horario con el desarrollo de la manifestaci\u00f3n convocada por el colectivo <i>Motril Feminista<\/i>, que partir\u00e1 de la plaza de las Mercedarias a las 18,30 horas.<\/span><\/p>\n<p>&nbsp;<\/p>\n<p>Desde IU-Equo se quiere mostrar un <strong>apoyo decidido y rotundo al movimiento feminista<\/strong> y a sus reivindicaciones, porque supone un camino transformador de primera magnitud con una fuerza imparable. Por eso, hace un llamamiento a toda la ciudadan\u00eda para que se sume a la manifestaci\u00f3n, que recorrer\u00e1 las calles de Motril.<\/p>\n<p>La desigualdad que denuncia el feminismo es estructural y global, asentado y sostenido por un sistema capitalista y patriarcal, cuyo objetivo es obtener beneficios para unos pocos a costa de las personas m\u00e1s vulnerables y oprimidas, que terminan siendo las mujeres en toda su diversidad.<\/p>\n<p><strong>Un sistema que normaliza la violencia contra las mujeres<\/strong>, las personas racializadas y las migrantes, que para seguir manteni\u00e9ndose necesita que las mujeres cuiden de manera gratuita y sigan criando para aportar mano de obra.<\/p>\n<p>La <strong>organizaci\u00f3n oficial de los cuidados<\/strong> sigue recayendo sobre los hogares y de manera principal sobre las mujeres, de manera gratuita y \u201cpor amor\u201d, una trabajo de cuidados basado en la desigualdad de g\u00e9nero, etnia y clase social.<\/p>\n<p>Desde IU-Equo se considera que el \u201cPlan corresponsables\u201d puesto en marcha por el <strong>gobierno de coalici\u00f3n<\/strong> es una nueva pol\u00edtica p\u00fablica destinada a iniciar un camino que consolide el cuidado como un derecho, favoreciendo que el Estado sea corresponsable de los cuidados de forma decidida, apoyando el derecho a la conciliaci\u00f3n y a la corresponsabilidad.<\/p>\n<figure id=\"attachment_8852\" aria-describedby=\"caption-attachment-8852\" style=\"width: 391px\" class=\"wp-caption alignleft\"><img loading=\"lazy\" decoding=\"async\" data-attachment-id=\"8852\" data-permalink=\"https:\/\/iumotril.org\/sitio\/iu-equo-reclama-un-plan-especial-de-limpieza-en-plazascalles-barrios-y-parques-de-la-ciudad-y-de-sus-anejos\/foto-inma-rp-limpieza\/\" data-orig-file=\"https:\/\/iumotril.org\/sitio\/wp-content\/uploads\/2023\/01\/Foto-Inma-RP-Limpieza.jpg\" data-orig-size=\"1024,768\" data-comments-opened=\"1\" data-image-meta=\"{&quot;aperture&quot;:&quot;0&quot;,&quot;credit&quot;:&quot;&quot;,&quot;camera&quot;:&quot;&quot;,&quot;caption&quot;:&quot;&quot;,&quot;created_timestamp&quot;:&quot;0&quot;,&quot;copyright&quot;:&quot;&quot;,&quot;focal_length&quot;:&quot;0&quot;,&quot;iso&quot;:&quot;0&quot;,&quot;shutter_speed&quot;:&quot;0&quot;,&quot;title&quot;:&quot;&quot;,&quot;orientation&quot;:&quot;0&quot;}\" data-image-title=\"Foto Inma RP Limpieza\" data-image-description=\"\" data-image-caption=\"\" data-large-file=\"https:\/\/iumotril.org\/sitio\/wp-content\/uploads\/2023\/01\/Foto-Inma-RP-Limpieza.jpg\" class=\"wp-image-8852\" src=\"https:\/\/iumotril.org\/sitio\/wp-content\/uploads\/2023\/01\/Foto-Inma-RP-Limpieza-300x225.jpg\" alt=\"\" width=\"391\" height=\"293\" srcset=\"https:\/\/iumotril.org\/sitio\/wp-content\/uploads\/2023\/01\/Foto-Inma-RP-Limpieza-300x225.jpg 300w, https:\/\/iumotril.org\/sitio\/wp-content\/uploads\/2023\/01\/Foto-Inma-RP-Limpieza-768x576.jpg 768w, https:\/\/iumotril.org\/sitio\/wp-content\/uploads\/2023\/01\/Foto-Inma-RP-Limpieza.jpg 1024w\" sizes=\"auto, (max-width: 391px) 100vw, 391px\" \/><figcaption id=\"caption-attachment-8852\" class=\"wp-caption-text\">Inma Omiste Fern\u00e1ndez, portavoz de IU-Equo<\/figcaption><\/figure>\n<p>En este sentido, su portavoz Inma Omiste, ha reclamado al gobierno local de Motril el despliegue de <strong>pol\u00edticas activas de cuidados en la ciudad<\/strong>, en el \u00e1mbito de sus competencias.<\/p>\n<p>Igualmente, ha manifestado su apoyo al derecho del movimiento feminista a ser consultado y\u00a0 ha reclamado transparencia en la acci\u00f3n del gobierno municipal\u00a0 para facilitar una intervenci\u00f3n lo m\u00e1s activa posible de las mujeres en las pol\u00edticas que se pongan en marcha.<\/p>\n<p><span style=\"font-weight: 400;\"><strong>H<\/strong>emos avanzado pero \u00abqueda mucho por hacer\u00bb, ha declarado, y no podemos dejar de luchar para conseguirlo. Siguen siendo muchas m\u00e1s las mujeres que est\u00e1n en situaci\u00f3n de desempleo en nuestra ciudad, con tasas de paro muy superiores a las de los hombres (3.166 mujeres paradas en nuestro municipio) y la brecha salarial es una realidad incuestionable por lo que no podemos dejar de luchar por lo obvio: <strong>a igual trabajo igual salario<\/strong>.<\/span><\/p>\n<p><span style=\"font-weight: 400;\">Hay que insistir \u2013\u2013ha continuado\u2013\u2013 en que las pol\u00edticas a favor de la igualdad producen efectos positivos en t\u00e9rminos de bienestar social, y contribuyen a generar un sistema econ\u00f3mico m\u00e1s favorable para el aprendizaje, la innovaci\u00f3n y la protecci\u00f3n social. <\/span><\/p>\n<p><span style=\"font-weight: 400;\">La<strong> paridad plena<\/strong> y la <strong>visibilidad efectiva<\/strong> son otros de los objetivos en los que se debe avanzar, en el d\u00eda a d\u00eda tambi\u00e9n en nuestra ciudad.<\/span><\/p>\n<p>La portavoz de IU-Equo ha reclamado a la alcaldesa y al gobierno local de Motril que comprometan al menos el 5% de los presupuestos municipales a pol\u00edticas para alcanzar la igualdad efectiva entre mujeres y hombres y a que se haga un an\u00e1lisis con perspectiva de g\u00e9nero que permita identificar desigualdades.<\/p>\n<p>Por \u00faltimo, ha solicitado la evaluaci\u00f3n y actualizaci\u00f3n del <strong>plan de igualdad de empleados y empleadas<\/strong> p\u00fablicas para que establezca medidas concretas para revertir la brecha salarial entre mujeres y hombres, as\u00ed como trabajar de manera directa y transversal el <strong>lenguaje inclusivo<\/strong> en la Administraci\u00f3n local.<\/p>\n","protected":false},"excerpt":{"rendered":"<p>Desde IU-Equo se quiere mostrar un apoyo decidido y rotundo al movimiento feminista y a sus reivindicaciones, porque supone un camino transformador de primera magnitud con una fuerza imparable. Por eso, hace un llamamiento a toda la ciudadan\u00eda para que se sume a la manifestaci\u00f3n, que recorrer\u00e1 las calles de Motril.<br \/>\nInma Omiste, ha reclamado al gobierno local de Motril el despliegue de pol\u00edticas activas de cuidados en la ciudad, en el \u00e1mbito de sus competencias.<\/p>\n<p>Igualmente, ha manifestado su apoyo al derecho del movimiento feminista a ser consultado y a la transparencia en la acci\u00f3n del gobierno municipal\u00a0 para facilitar una intervenci\u00f3n lo m\u00e1s activa posible de las mujeres en las pol\u00edticas que se pongan en marcha.<\/p>\n<p>Hemos avanzado pero queda mucho por hacer, ha declarado, y no podemos dejar de luchar para conseguirlo. Hay que insistir \u2013\u2013ha continuado\u2013\u2013 en que las pol\u00edticas a favor de la igualdad producen efectos positivos en t\u00e9rminos de bienestar social, y contribuyen a generar un sistema econ\u00f3mico m\u00e1s favorable para el aprendizaje, la innovaci\u00f3n y la protecci\u00f3n social.<\/p>\n<p>La portavoz de IU-Equo ha reclamado a la alcaldesa y al gobierno local de Motril que comprometan al menos el 5% de los presupuestos municipales a pol\u00edticas para alcanzar la igualdad efectiva entre mujeres y hombres y a que se haga un an\u00e1lisis con perspectiva de g\u00e9nero que permita identificar desigualdades.<\/p>\n<p>Por \u00faltimo, ha solicitado la evaluaci\u00f3n y actualizaci\u00f3n del plan de igualdad de empleados y empleadas p\u00fablicas para que establezca medidas concretas para revertir la brecha salarial entre mujeres y hombres, as\u00ed como trabajar de manera directa y transversal el lenguaje inclusivo en la Administraci\u00f3n local.<\/p>\n","protected":false},"author":1,"featured_media":8937,"comment_status":"open","ping_status":"open","sticky":false,"template":"","format":"standard","meta":{"cybocfi_hide_featured_image":"","_jetpack_newsletter_access":"","_jetpack_dont_email_post_to_subs":false,"_jetpack_newsletter_tier_id":0,"_jetpack_memberships_contains_paywalled_content":false,"_jetpack_memberships_contains_paid_content":false,"footnotes":""},"categories":[265,997],"tags":[442,1495,693,350,915,349],"class_list":["post-8935","post","type-post","status-publish","format-standard","has-post-thumbnail","hentry","category-esta-pasando","category-feminismo","tag-8m","tag-cuidados","tag-feminismo","tag-igualdad","tag-manifestacion","tag-mujeres"],"jetpack_featured_media_url":"https:\/\/iumotril.org\/sitio\/wp-content\/uploads\/2023\/03\/PHOTO-2023-03-06-13-02-43.jpg","jetpack_sharing_enabled":true,"jetpack_shortlink":"https:\/\/wp.me\/p4QsU5-2k7","jetpack-related-posts":[{"id":9848,"url":"https:\/\/iumotril.org\/sitio\/este-8-de-marzo-paz-feminismo-y-revolucion\/","url_meta":{"origin":8935,"position":0},"title":"Este 8 de marzo PAZ, FEMINISMO Y REVOLUCI\u00d3N","author":"Izquierda Unida Motril","date":"7 marzo, 2024","format":false,"excerpt":"Herrera ha declarado que este 8 de marzo estaremos junto a miles de mujeres y hombres en las calles de Motril, reivindicando feminismo para vivir y reivindicando la necesidad de que continuemos avanzando en derechos y apostando por un reparto justo y democr\u00e1tico de todos los trabajos, especialmente los trabajos\u2026","rel":"","context":"En \u00abEST\u00c1 PASANDO\u00bb","block_context":{"text":"EST\u00c1 PASANDO","link":"https:\/\/iumotril.org\/sitio\/category\/esta-pasando\/"},"img":{"alt_text":"","src":"https:\/\/i0.wp.com\/iumotril.org\/sitio\/wp-content\/uploads\/2024\/03\/8M-2024.jpg?resize=350%2C200&ssl=1","width":350,"height":200,"srcset":"https:\/\/i0.wp.com\/iumotril.org\/sitio\/wp-content\/uploads\/2024\/03\/8M-2024.jpg?resize=350%2C200&ssl=1 1x, https:\/\/i0.wp.com\/iumotril.org\/sitio\/wp-content\/uploads\/2024\/03\/8M-2024.jpg?resize=525%2C300&ssl=1 1.5x, https:\/\/i0.wp.com\/iumotril.org\/sitio\/wp-content\/uploads\/2024\/03\/8M-2024.jpg?resize=700%2C400&ssl=1 2x"},"classes":[]},{"id":2715,"url":"https:\/\/iumotril.org\/sitio\/izquierda-unida-llama-a-secundar-el-paro-internacional-feminista-el-8-de-marzo\/","url_meta":{"origin":8935,"position":1},"title":"IZQUIERDA UNIDA LLAMA A SECUNDAR EL PARO INTERNACIONAL FEMINISTA EL 8 DE MARZO","author":"Izquierda Unida Motril","date":"7 marzo, 2017","format":false,"excerpt":"Izquierda Unida de Motril hace un llamamiento a tomar las calles el pr\u00f3ximo #8M en respuesta al aumento de la mercantilizaci\u00f3n de la mujer, a la feminizaci\u00f3n de la pobreza y al terrorismo machista que asola a nuestra sociedad.","rel":"","context":"En \u00abEST\u00c1 PASANDO\u00bb","block_context":{"text":"EST\u00c1 PASANDO","link":"https:\/\/iumotril.org\/sitio\/category\/esta-pasando\/"},"img":{"alt_text":"","src":"https:\/\/i0.wp.com\/iumotril.org\/sitio\/wp-content\/uploads\/2017\/03\/8M-724x1024.jpg?resize=350%2C200","width":350,"height":200},"classes":[]},{"id":8077,"url":"https:\/\/iumotril.org\/sitio\/iu-equo-anima-a-las-mujeres-a-sumarse-a-las-movilizaciones-del-8m-en-motril-en-defensa-de-la-igualdad-y-para-el-logro-de-nuevos-derechos\/","url_meta":{"origin":8935,"position":2},"title":"IU-Equo anima a las mujeres a sumarse a las movilizaciones del 8M en Motril, en defensa de la Igualdad y para el logro de nuevos derechos","author":"Izquierda Unida Motril","date":"8 marzo, 2022","format":false,"excerpt":"Con motivo de la celebraci\u00f3n de este D\u00eda, desde Izquierda Unida se ha criticado la \u201chipocres\u00eda\u201d del gobierno local del PP y Ciudadanos que suscribe declaraciones a favor de la Igualdad y la dignidad de las mujeres, al tiempo que no desarrolla pol\u00edticas a favor de ellas y que, incluso\u2026","rel":"","context":"En \u00abAyuntamiento\u00bb","block_context":{"text":"Ayuntamiento","link":"https:\/\/iumotril.org\/sitio\/category\/ayuntamiento\/"},"img":{"alt_text":"","src":"https:\/\/i0.wp.com\/iumotril.org\/sitio\/wp-content\/uploads\/2022\/03\/Fotos-RP-8M-scaled.jpg?resize=350%2C200","width":350,"height":200,"srcset":"https:\/\/i0.wp.com\/iumotril.org\/sitio\/wp-content\/uploads\/2022\/03\/Fotos-RP-8M-scaled.jpg?resize=350%2C200 1x, https:\/\/i0.wp.com\/iumotril.org\/sitio\/wp-content\/uploads\/2022\/03\/Fotos-RP-8M-scaled.jpg?resize=525%2C300 1.5x, https:\/\/i0.wp.com\/iumotril.org\/sitio\/wp-content\/uploads\/2022\/03\/Fotos-RP-8M-scaled.jpg?resize=700%2C400 2x, https:\/\/i0.wp.com\/iumotril.org\/sitio\/wp-content\/uploads\/2022\/03\/Fotos-RP-8M-scaled.jpg?resize=1050%2C600 3x, https:\/\/i0.wp.com\/iumotril.org\/sitio\/wp-content\/uploads\/2022\/03\/Fotos-RP-8M-scaled.jpg?resize=1400%2C800 4x"},"classes":[]},{"id":5097,"url":"https:\/\/iumotril.org\/sitio\/inma-omiste-pide-el-voto-a-las-mujeres-y-a-los-jovenes-para-iu-equo-verdes\/","url_meta":{"origin":8935,"position":3},"title":"Inma Omiste pide el voto a las mujeres y a los j\u00f3venes para IU-Equo Verdes.","author":"Izquierda Unida Motril","date":"24 mayo, 2019","format":false,"excerpt":"Inma Omiste ha animado, finalmente, a todas las motrile\u00f1os y los motrile\u00f1os a que acudan el pr\u00f3ximo domingo a votar, comprometi\u00e9ndose a trabajar por un Motril mejor, con mayor igualdad entre hombres y mujeres, participaci\u00f3n vecinal y transparencia, en defensa del medio ambiente y del patrimonio natural. El pr\u00f3ximo 26\u2026","rel":"","context":"En \u00abElecciones\u00bb","block_context":{"text":"Elecciones","link":"https:\/\/iumotril.org\/sitio\/category\/elecciones\/"},"img":{"alt_text":"","src":"https:\/\/i0.wp.com\/iumotril.org\/sitio\/wp-content\/uploads\/2019\/05\/Foto-Inma_cierre-campan%CC%83a-1024x683.jpg?resize=350%2C200","width":350,"height":200,"srcset":"https:\/\/i0.wp.com\/iumotril.org\/sitio\/wp-content\/uploads\/2019\/05\/Foto-Inma_cierre-campan%CC%83a-1024x683.jpg?resize=350%2C200 1x, https:\/\/i0.wp.com\/iumotril.org\/sitio\/wp-content\/uploads\/2019\/05\/Foto-Inma_cierre-campan%CC%83a-1024x683.jpg?resize=525%2C300 1.5x"},"classes":[]},{"id":9930,"url":"https:\/\/iumotril.org\/sitio\/izquierda-unida-y-verdes-equo-hacen-un-llamamiento-a-la-movilizacion-ciudadana-el-1o-de-mayo-en-defensa-de-los-derechos-laborales-y-en-apoyo-del-proyecto-progresista\/","url_meta":{"origin":8935,"position":4},"title":"Izquierda Unida y Verdes Equo hacen un llamamiento a la movilizaci\u00f3n ciudadana el 1\u00ba de mayo en defensa de los derechos laborales y en apoyo del proyecto progresista","author":"Izquierda Unida Motril","date":"30 abril, 2024","format":false,"excerpt":"La manifestaci\u00f3n del 1\u00ba de mayo ser\u00e1 una primera oportunidad para iniciar un proceso de movilizaci\u00f3n social que empuje y acompa\u00f1e, desde abajo, un nuevo tiempo pol\u00edtico e institucional. Izquierda Unida y Verdes Equo hacen un llamamiento a la ciudadan\u00eda para que manifieste su apoyo al proyecto pol\u00edtico de izquierdas\u2026","rel":"","context":"En \u00abEST\u00c1 PASANDO\u00bb","block_context":{"text":"EST\u00c1 PASANDO","link":"https:\/\/iumotril.org\/sitio\/category\/esta-pasando\/"},"img":{"alt_text":"","src":"https:\/\/i0.wp.com\/iumotril.org\/sitio\/wp-content\/uploads\/2024\/04\/1-mayo-2024.jpg?resize=350%2C200&ssl=1","width":350,"height":200,"srcset":"https:\/\/i0.wp.com\/iumotril.org\/sitio\/wp-content\/uploads\/2024\/04\/1-mayo-2024.jpg?resize=350%2C200&ssl=1 1x, https:\/\/i0.wp.com\/iumotril.org\/sitio\/wp-content\/uploads\/2024\/04\/1-mayo-2024.jpg?resize=525%2C300&ssl=1 1.5x, https:\/\/i0.wp.com\/iumotril.org\/sitio\/wp-content\/uploads\/2024\/04\/1-mayo-2024.jpg?resize=700%2C400&ssl=1 2x, https:\/\/i0.wp.com\/iumotril.org\/sitio\/wp-content\/uploads\/2024\/04\/1-mayo-2024.jpg?resize=1050%2C600&ssl=1 3x, https:\/\/i0.wp.com\/iumotril.org\/sitio\/wp-content\/uploads\/2024\/04\/1-mayo-2024.jpg?resize=1400%2C800&ssl=1 4x"},"classes":[]},{"id":5116,"url":"https:\/\/iumotril.org\/sitio\/inma-omiste-garantizaremos-la-participacion-y-representacion-de-las-mujeres-en-el-gobierno-de-la-ciudad\/","url_meta":{"origin":8935,"position":5},"title":"Inma Omiste: Garantizaremos la participaci\u00f3n y representaci\u00f3n de las mujeres en el gobierno de la ciudad","author":"Izquierda Unida Motril","date":"24 mayo, 2019","format":false,"excerpt":"La candidata de IU-Equo ha destacado, entre sus diferentes medidas, la programaci\u00f3n de acciones de empleo para la formaci\u00f3n dirigidas espec\u00edficamente a mujeres, la creaci\u00f3n de Puntos de Informaci\u00f3n Sanitarios en los distritos, la constituci\u00f3n de la Casa de las Mujeres, como espacio de participaci\u00f3n de las Asociaciones de mujeres,\u2026","rel":"","context":"En \u00abElecciones\u00bb","block_context":{"text":"Elecciones","link":"https:\/\/iumotril.org\/sitio\/category\/elecciones\/"},"img":{"alt_text":"","src":"https:\/\/i0.wp.com\/iumotril.org\/sitio\/wp-content\/uploads\/2019\/05\/campa%C3%B1a-3-1024x683.jpg?resize=350%2C200","width":350,"height":200},"classes":[]}],"jetpack_likes_enabled":true,"_links":{"self":[{"href":"https:\/\/iumotril.org\/sitio\/wp-json\/wp\/v2\/posts\/8935","targetHints":{"allow":["GET"]}}],"collection":[{"href":"https:\/\/iumotril.org\/sitio\/wp-json\/wp\/v2\/posts"}],"about":[{"href":"https:\/\/iumotril.org\/sitio\/wp-json\/wp\/v2\/types\/post"}],"author":[{"embeddable":true,"href":"https:\/\/iumotril.org\/sitio\/wp-json\/wp\/v2\/users\/1"}],"replies":[{"embeddable":true,"href":"https:\/\/iumotril.org\/sitio\/wp-json\/wp\/v2\/comments?post=8935"}],"version-history":[{"count":4,"href":"https:\/\/iumotril.org\/sitio\/wp-json\/wp\/v2\/posts\/8935\/revisions"}],"predecessor-version":[{"id":8940,"href":"https:\/\/iumotril.org\/sitio\/wp-json\/wp\/v2\/posts\/8935\/revisions\/8940"}],"wp:featuredmedia":[{"embeddable":true,"href":"https:\/\/iumotril.org\/sitio\/wp-json\/wp\/v2\/media\/8937"}],"wp:attachment":[{"href":"https:\/\/iumotril.org\/sitio\/wp-json\/wp\/v2\/media?parent=8935"}],"wp:term":[{"taxonomy":"category","embeddable":true,"href":"https:\/\/iumotril.org\/sitio\/wp-json\/wp\/v2\/categories?post=8935"},{"taxonomy":"post_tag","embeddable":true,"href":"https:\/\/iumotril.org\/sitio\/wp-json\/wp\/v2\/tags?post=8935"}],"curies":[{"name":"wp","href":"https:\/\/api.w.org\/{rel}","templated":true}]}}