{"id":8896,"date":"2023-02-22T11:56:38","date_gmt":"2023-02-22T10:56:38","guid":{"rendered":"https:\/\/iumotril.org\/sitio\/?p=8896"},"modified":"2023-02-22T11:56:38","modified_gmt":"2023-02-22T10:56:38","slug":"iu-equo-reitera-al-gobierno-local-su-exigencia-del-cumplimiento-de-la-ley-de-memoria-democratica","status":"publish","type":"post","link":"https:\/\/iumotril.org\/sitio\/iu-equo-reitera-al-gobierno-local-su-exigencia-del-cumplimiento-de-la-ley-de-memoria-democratica\/","title":{"rendered":"IU-Equo reitera al gobierno local su exigencia del cumplimiento de la Ley de Memoria Democr\u00e1tica"},"content":{"rendered":"<p style=\"padding-left: 40px;\"><span style=\"color: #993300;\">M\u00e1s de cuatro meses despu\u00e9s de su entrada en vigor, el Ayuntamiento de Motril se ha desentendido de su aplicaci\u00f3n en todos sus aspectos, a pesar de los requerimientos que, en este sentido, se le han realizado.<\/span><\/p>\n<p style=\"padding-left: 40px;\"><span style=\"color: #993300;\">En una moci\u00f3n que su Grupo Municipal presenta para su debate al pr\u00f3ximo pleno exige al gobierno local la retirada de distinciones a personas relacionadas con la dictadura franquista y de los s\u00edmbolos y elementos contrarios a la memoria democr\u00e1tica que a\u00fan permanecen en la ciudad.<\/span><\/p>\n<p>Tras la entrada en vigor de la Ley, IU-Equo denunci\u00f3 que el Ayuntamiento de Motril a\u00fan mantiene diversos reconocimientos, honores y distinciones que comportan exaltaci\u00f3n o enaltecimiento de la sublevaci\u00f3n militar, de la guerra o de la dictadura, entre otros la concesi\u00f3n de la <strong>medalla de oro de la ciudad al dictador Francisco Franco<\/strong>, que la actual Corporaci\u00f3n presidida por el <a href=\"https:\/\/iumotril.org\/sitio\/iu-equo-pide-a-la-alcaldesa-que-retire-la-medalla-de-oro-de-la-ciudad-al-dictador-francisco-franco-para-conmemorar-el-dia-de-la-constitucion\/\">Partido Popular<\/a>, se niega\u00a0 a retirar.<\/p>\n<p>En el escrito que su portavoz municipal dirigi\u00f3 a la Alcald\u00eda y a la secretar\u00eda municipal se instaba al Ayuntamiento de Motril a que, en cumplimiento de la Ley, se procediera de oficio a la retirada de esas distinciones y a la eliminaci\u00f3n de los <a href=\"https:\/\/iumotril.org\/sitio\/iu-equo-insta-al-gobierno-local-a-que-retire-las-distinciones-a-personas-y-entidades-relacionadas-con-la-dictadura-franquista\/\">elementos contrarios a la memoria democr\u00e1tica<\/a> que permanecen en la ciudad, como diversas denominaciones de v\u00edas p\u00fablicas y varios \u201cmonumentos a los ca\u00eddos\u201d.<\/p>\n<figure id=\"attachment_8900\" aria-describedby=\"caption-attachment-8900\" style=\"width: 455px\" class=\"wp-caption alignleft\"><img loading=\"lazy\" decoding=\"async\" data-attachment-id=\"8900\" data-permalink=\"https:\/\/iumotril.org\/sitio\/iu-equo-reitera-al-gobierno-local-su-exigencia-del-cumplimiento-de-la-ley-de-memoria-democratica\/rp-22-febrero\/\" data-orig-file=\"https:\/\/iumotril.org\/sitio\/wp-content\/uploads\/2023\/02\/Rp-22-febrero-scaled.jpg\" data-orig-size=\"2560,1920\" data-comments-opened=\"1\" data-image-meta=\"{&quot;aperture&quot;:&quot;2.2&quot;,&quot;credit&quot;:&quot;&quot;,&quot;camera&quot;:&quot;iPhone 6&quot;,&quot;caption&quot;:&quot;&quot;,&quot;created_timestamp&quot;:&quot;1677058745&quot;,&quot;copyright&quot;:&quot;&quot;,&quot;focal_length&quot;:&quot;4.15&quot;,&quot;iso&quot;:&quot;40&quot;,&quot;shutter_speed&quot;:&quot;0.03030303030303&quot;,&quot;title&quot;:&quot;&quot;,&quot;orientation&quot;:&quot;1&quot;}\" data-image-title=\"Rp 22 febrero\" data-image-description=\"\" data-image-caption=\"\" data-large-file=\"https:\/\/iumotril.org\/sitio\/wp-content\/uploads\/2023\/02\/Rp-22-febrero-1024x768.jpg\" class=\"wp-image-8900\" src=\"https:\/\/iumotril.org\/sitio\/wp-content\/uploads\/2023\/02\/Rp-22-febrero-300x225.jpg\" alt=\"\" width=\"455\" height=\"341\" srcset=\"https:\/\/iumotril.org\/sitio\/wp-content\/uploads\/2023\/02\/Rp-22-febrero-300x225.jpg 300w, https:\/\/iumotril.org\/sitio\/wp-content\/uploads\/2023\/02\/Rp-22-febrero-1024x768.jpg 1024w, https:\/\/iumotril.org\/sitio\/wp-content\/uploads\/2023\/02\/Rp-22-febrero-768x576.jpg 768w, https:\/\/iumotril.org\/sitio\/wp-content\/uploads\/2023\/02\/Rp-22-febrero-1536x1152.jpg 1536w, https:\/\/iumotril.org\/sitio\/wp-content\/uploads\/2023\/02\/Rp-22-febrero-2048x1536.jpg 2048w\" sizes=\"auto, (max-width: 455px) 100vw, 455px\" \/><figcaption id=\"caption-attachment-8900\" class=\"wp-caption-text\">Jose G. llorente e Inma Omiste, ediles de IU-Equo<\/figcaption><\/figure>\n<p>Dada la falta de actuaciones del gobierno local desde IU-Equo se ha registrado una moci\u00f3n para que el Ayuntamiento de Motril se comprometa al cumplimiento y aplicaci\u00f3n de la <a href=\"https:\/\/www.boe.es\/buscar\/act.php?id=BOE-A-2022-17099\">Ley de Memoria<\/a> Democr\u00e1tica en su \u00e1mbito competencial, al considerar que esta falta de actuaciones supone una <strong>omisi\u00f3n de las obligaciones establecidas en la Ley<\/strong>.<\/p>\n<p>La Ley est\u00e1 para cumplirla y para hacerla cumplir \u2013enfatizan desde IU-Equo\u2013 y cualquier actuaci\u00f3n u omisi\u00f3n dolosa o negligente puede ser considerada como una infracci\u00f3n al ordenamiento jur\u00eddico por lo que, desde IU-Equo, no se descarta emprender las actuaciones legales necesarias, conforme al procedimiento sancionador previsto en la Ley, para obligar a su cumplimiento.<\/p>\n<p>Jose G. Llorente, edil de IU-Equo, ha informado de que, adem\u00e1s de la <strong>retirada de la medalla de oro al dictador y de los \u201cMonumentos a los ca\u00eddos\u201d<\/strong>, ubicados en el patio central del cementerio de Motril y en el entorno de la iglesia del cerro de la Virgen, en la moci\u00f3n se identifican veintisiete denominaciones de calles o v\u00edas p\u00fablicas dedicadas a militares golpistas y a\u00a0 otros episodios relacionados con el golpe militar y con la dictadura franquista, entre otras, la calle Crucero Baleares.<\/p>\n<p>En la moci\u00f3n se insta a la Junta de Andaluc\u00eda a que adopte las medidas necesarias para eliminar elementos contrarios a la memoria democr\u00e1tica en las denominaciones de centros p\u00fablicos educativos, en particular de los institutos J<strong>ulio Rodr\u00edguez y Antonio Garvayo Dinelli<\/strong>.<\/p>\n<p>El portavoz de IU-Equo ha criticado la <strong>posici\u00f3n del Partido Popular y de la derecha motrile\u00f1a<\/strong> por su negativa a condenar, de una vez por todas, el golpe militar contra la legalidad democr\u00e1tica y el rechazo de los cr\u00edmenes cometidos durante la terrible\u00a0 represi\u00f3n de la dictadura franquista, asumiendo que la sociedad espa\u00f1ola tiene un <strong><a href=\"https:\/\/asociacion14deabril.es\/la-asociacion-14-de-abril-reivindica-el-recuerdo-y-rinde-homenaje-a-las-victimas-de-la-guerra-y-la-dictadura-en-la-costa-de-granada\/\">deber de memoria<\/a> con las personas que fueron perseguidas<\/strong>, encarceladas, torturadas e incluso perdieron sus bienes y hasta su propia vida en defensa de la democracia y la libertad.<\/p>\n<p>Una posici\u00f3n incompatible \u2013a juicio de Garc\u00eda Llorente\u2013 con el fervor con el que los populares se arrogan la defensa de la Constituci\u00f3n\u00a0 ya que, finalmente, lo que practican es un \u201cconstitucionalismo\u00a0 a la carta\u201d, a la medida de sus intereses pol\u00edticos, lo que hace recordar que, en su momento, en el refer\u00e9ndum constitucional de diciembre de 1978, no apoyaron su aprobaci\u00f3n.<\/p>\n<p>Con esta moci\u00f3n, Izquierda Unida-Equo pretende contribuir a <strong>cerrar la deuda que la democracia espa\u00f1ola tiene con su pasado<\/strong> y fomentar en Motril\u00a0 el discurso com\u00fan basado en la defensa de la paz, el pluralismo y la condena de toda forma de totalitarismo pol\u00edtico que ponga en riesgo el efectivo disfrute de los derechos y libertades inherentes a la libertad humana.<\/p>\n","protected":false},"excerpt":{"rendered":"<p>La Ley est\u00e1 para cumplirla y para hacerla cumplir \u2013enfatizan desde IU-Equo\u2013 y cualquier actuaci\u00f3n u omisi\u00f3n dolosa o negligente puede ser considerada como una infracci\u00f3n al ordenamiento jur\u00eddico por lo que, desde IU-Equo, no se descarta emprender las actuaciones legales necesarias, conforme al procedimiento sancionador previsto en la Ley, para obligar a su cumplimiento.<\/p>\n<p>Jose G. Llorente, edil de IU-Equo, ha informado de que, adem\u00e1s de la retirada de la medalla de oro al dictador y de los \u201cMonumentos a los ca\u00eddos\u201d, ubicados en el patio central del cementerio de Motril y en el entorno de la iglesia del cerro de la Virgen, en la moci\u00f3n se identifican veintisiete denominaciones de calles o v\u00edas p\u00fablicas dedicadas a militares golpistas y a\u00a0 otros episodios relacionados con el golpe militar y con la dictadura franquista, entre otras, la calle Crucero Baleares.<\/p>\n<p>En la moci\u00f3n se insta a la Junta de Andaluc\u00eda a que adopte las medidas necesarias para eliminar elementos contrarios a la memoria democr\u00e1tica en las denominaciones de centros p\u00fablicos educativos, en particular de los institutos Julio Rodr\u00edguez y Antonio Garvayo Dinelli.<\/p>\n<p>El portavoz de IU-Equo ha criticado la posici\u00f3n del Partido Popular y de la derecha motrile\u00f1a por su negativa a condenar, de una vez por todas, el golpe militar contra la legalidad democr\u00e1tica y el rechazo de los cr\u00edmenes cometidos durante la terrible\u00a0 represi\u00f3n de la dictadura franquista, asumiendo que la sociedad espa\u00f1ola tiene un deber de memoria con las personas que fueron perseguidas, encarceladas, torturadas e incluso perdieron sus bienes y hasta su propia vida en defensa de la democracia y la libertad.<\/p>\n<p>Una posici\u00f3n incompatible \u2013a juicio de Garc\u00eda Llorente\u2013 con el fervor con el que los populares se arrogan la defensa de la Constituci\u00f3n\u00a0 ya que, finalmente, lo que practican es un \u201cconstitucionalismo\u00a0 a la carta\u201d, a la medida de sus intereses, lo que hace recordar que, en su momento, en el refer\u00e9ndum constitucional de diciembre de 1978, no apoyaron su aprobaci\u00f3n.<\/p>\n","protected":false},"author":1,"featured_media":8894,"comment_status":"open","ping_status":"open","sticky":false,"template":"","format":"standard","meta":{"cybocfi_hide_featured_image":"","_jetpack_newsletter_access":"","_jetpack_dont_email_post_to_subs":false,"_jetpack_newsletter_tier_id":0,"_jetpack_memberships_contains_paywalled_content":false,"_jetpack_memberships_contains_paid_content":false,"footnotes":""},"categories":[7,265,36],"tags":[1900,1901,1481,1899,1898,197],"class_list":["post-8896","post","type-post","status-publish","format-standard","has-post-thumbnail","hentry","category-ayuntamiento","category-esta-pasando","category-mociones-pleno","tag-condena-franquismo","tag-dictadura-franquista","tag-honores-y-distinciones","tag-incumplimiento-ley","tag-ley-de-memoria","tag-memoria-democratica"],"jetpack_featured_media_url":"https:\/\/iumotril.org\/sitio\/wp-content\/uploads\/2023\/02\/Crucero-Baleares.jpg","jetpack_sharing_enabled":true,"jetpack_shortlink":"https:\/\/wp.me\/p4QsU5-2ju","jetpack-related-posts":[{"id":8469,"url":"https:\/\/iumotril.org\/sitio\/iu-equo-insta-al-gobierno-local-a-que-retire-las-distinciones-a-personas-y-entidades-relacionadas-con-la-dictadura-franquista\/","url_meta":{"origin":8896,"position":0},"title":"IU-EQUO insta al gobierno local a que retire las distinciones a personas y entidades relacionadas con la Dictadura franquista","author":"Izquierda Unida Motril","date":"25 octubre, 2022","format":false,"excerpt":"Desde el Grupo municipal de IU-Equo se solicita que el Ayuntamiento de Motril proceda en el menor breve plazo de tiempo posible, y con la \u201cdiligencia necesaria\u201d, a adoptar las medidas oportunas para revisar o retirar la concesi\u00f3n de los reconocimientos, honores o las distinciones que hayan sido otorgadas a\u2026","rel":"","context":"En \u00abEST\u00c1 PASANDO\u00bb","block_context":{"text":"EST\u00c1 PASANDO","link":"https:\/\/iumotril.org\/sitio\/category\/esta-pasando\/"},"img":{"alt_text":"","src":"https:\/\/i0.wp.com\/iumotril.org\/sitio\/wp-content\/uploads\/2022\/10\/69cfc708-2f2b-4cb9-a619-e5fce22748cd.jpg?resize=350%2C200","width":350,"height":200,"srcset":"https:\/\/i0.wp.com\/iumotril.org\/sitio\/wp-content\/uploads\/2022\/10\/69cfc708-2f2b-4cb9-a619-e5fce22748cd.jpg?resize=350%2C200 1x, https:\/\/i0.wp.com\/iumotril.org\/sitio\/wp-content\/uploads\/2022\/10\/69cfc708-2f2b-4cb9-a619-e5fce22748cd.jpg?resize=525%2C300 1.5x, https:\/\/i0.wp.com\/iumotril.org\/sitio\/wp-content\/uploads\/2022\/10\/69cfc708-2f2b-4cb9-a619-e5fce22748cd.jpg?resize=700%2C400 2x"},"classes":[]},{"id":6566,"url":"https:\/\/iumotril.org\/sitio\/iu-equo-pide-la-retirada-de-la-medalla-de-oro-de-motril-concedida-a-franco\/","url_meta":{"origin":8896,"position":1},"title":"IU-Equo pide la retirada de la medalla de oro de Motril concedida a Franco","author":"Izquierda Unida Motril","date":"30 julio, 2020","format":false,"excerpt":"Proponemos la retirada de la medalla al dictador como un homenaje a todas las v\u00edctimas y represaliados por la dictadura en nuestro municipio y en nuestra comarca y como un compromiso con la justicia y la libertad que debemos a nuestros mayores y que hemos de transmitir a nuestras hijas\u2026","rel":"","context":"En \u00abEST\u00c1 PASANDO\u00bb","block_context":{"text":"EST\u00c1 PASANDO","link":"https:\/\/iumotril.org\/sitio\/category\/esta-pasando\/"},"img":{"alt_text":"","src":"https:\/\/i0.wp.com\/iumotril.org\/sitio\/wp-content\/uploads\/2020\/07\/PHOTO-2020-07-01-11-18-54.jpg?resize=350%2C200","width":350,"height":200},"classes":[]},{"id":7078,"url":"https:\/\/iumotril.org\/sitio\/iu-equo-critica-que-la-fiscalia-provincial-rechace-su-denuncia-contra-la-decision-del-ayuntamiento-de-motril-de-mantener-la-medalla-oro-de-la-ciudad-a-franco\/","url_meta":{"origin":8896,"position":2},"title":"IU-EQUO critica que la Fiscal\u00eda Provincial rechace su denuncia contra la decisi\u00f3n del Ayuntamiento de Motril de mantener la medalla oro de la ciudad a Franco","author":"Izquierda Unida Motril","date":"21 enero, 2021","format":false,"excerpt":"se trata de una interpretaci\u00f3n contraria a la Ley 52\/2007, que en su art\u00edculo 15.1 establece que \u201cLas Administraciones P\u00fablicas tomar\u00e1n las medidas oportunas para la retirada de escudos, insignias, placas y otros objetos o menciones conmemorativas de exaltaci\u00f3n personal o colectiva de la sublevaci\u00f3n militar, de la guerra civil\u2026","rel":"","context":"En \u00abdenuncia\u00bb","block_context":{"text":"denuncia","link":"https:\/\/iumotril.org\/sitio\/category\/denuncia\/"},"img":{"alt_text":"","src":"https:\/\/i0.wp.com\/iumotril.org\/sitio\/wp-content\/uploads\/2021\/01\/franco-hitler-490x578-1.jpg?resize=350%2C200","width":350,"height":200},"classes":[]},{"id":9985,"url":"https:\/\/iumotril.org\/sitio\/exigimos-al-gobierno-local-su-compromiso-con-la-memoria-democratica-en-motril\/","url_meta":{"origin":8896,"position":3},"title":"Exigimos al gobierno local su compromiso con la Memoria Democr\u00e1tica en Motril","author":"Izquierda Unida Motril","date":"13 junio, 2024","format":false,"excerpt":"Denunciamos el comportamiento antidemocr\u00e1tico y contrario a la Constituci\u00f3n del Teniente de Alcalde, Antonio Esc\u00e1mez, que ha rechazado con su voto en el Pleno la retirada de la medalla de oro de la ciudad al dictador y el cambio de denominaci\u00f3n de la calle Crucero Baleares, convirti\u00e9ndose en el valedor\u2026","rel":"","context":"En \u00abAyuntamiento\u00bb","block_context":{"text":"Ayuntamiento","link":"https:\/\/iumotril.org\/sitio\/category\/ayuntamiento\/"},"img":{"alt_text":"","src":"https:\/\/i0.wp.com\/iumotril.org\/sitio\/wp-content\/uploads\/2024\/06\/Escamez-en-pleno.jpeg?resize=350%2C200&ssl=1","width":350,"height":200,"srcset":"https:\/\/i0.wp.com\/iumotril.org\/sitio\/wp-content\/uploads\/2024\/06\/Escamez-en-pleno.jpeg?resize=350%2C200&ssl=1 1x, https:\/\/i0.wp.com\/iumotril.org\/sitio\/wp-content\/uploads\/2024\/06\/Escamez-en-pleno.jpeg?resize=525%2C300&ssl=1 1.5x, https:\/\/i0.wp.com\/iumotril.org\/sitio\/wp-content\/uploads\/2024\/06\/Escamez-en-pleno.jpeg?resize=700%2C400&ssl=1 2x, https:\/\/i0.wp.com\/iumotril.org\/sitio\/wp-content\/uploads\/2024\/06\/Escamez-en-pleno.jpeg?resize=1050%2C600&ssl=1 3x, https:\/\/i0.wp.com\/iumotril.org\/sitio\/wp-content\/uploads\/2024\/06\/Escamez-en-pleno.jpeg?resize=1400%2C800&ssl=1 4x"},"classes":[]},{"id":10288,"url":"https:\/\/iumotril.org\/sitio\/reiteramos-nuestra-exigencia-de-la-retirada-de-la-simbologia-franquista-de-la-ciudad\/","url_meta":{"origin":8896,"position":4},"title":"Reiteramos nuestra exigencia de la retirada de la simbolog\u00eda franquista de la ciudad","author":"Izquierda Unida Motril","date":"26 noviembre, 2024","format":false,"excerpt":"Desde 2018 se viene reclamando formalmente al Ayuntamiento de Motril para la retirada de los espacios p\u00fablicos de la ciudad de elementos contrarios a la memoria democr\u00e1tica. As\u00ed lo hizo con una moci\u00f3n inicial en ese a\u00f1o que fue presentada en el mes de marzo y, posteriormente, en 2022 con\u2026","rel":"","context":"En \u00abAyuntamiento\u00bb","block_context":{"text":"Ayuntamiento","link":"https:\/\/iumotril.org\/sitio\/category\/ayuntamiento\/"},"img":{"alt_text":"","src":"https:\/\/i0.wp.com\/iumotril.org\/sitio\/wp-content\/uploads\/2024\/11\/357dcf86-2932-487a-b2e3-7bd23b0b0be7.jpg?resize=350%2C200&ssl=1","width":350,"height":200,"srcset":"https:\/\/i0.wp.com\/iumotril.org\/sitio\/wp-content\/uploads\/2024\/11\/357dcf86-2932-487a-b2e3-7bd23b0b0be7.jpg?resize=350%2C200&ssl=1 1x, https:\/\/i0.wp.com\/iumotril.org\/sitio\/wp-content\/uploads\/2024\/11\/357dcf86-2932-487a-b2e3-7bd23b0b0be7.jpg?resize=525%2C300&ssl=1 1.5x, https:\/\/i0.wp.com\/iumotril.org\/sitio\/wp-content\/uploads\/2024\/11\/357dcf86-2932-487a-b2e3-7bd23b0b0be7.jpg?resize=700%2C400&ssl=1 2x, https:\/\/i0.wp.com\/iumotril.org\/sitio\/wp-content\/uploads\/2024\/11\/357dcf86-2932-487a-b2e3-7bd23b0b0be7.jpg?resize=1050%2C600&ssl=1 3x"},"classes":[]},{"id":10322,"url":"https:\/\/iumotril.org\/sitio\/iu-verdes-equo-denuncia-la-inadmisible-defensa-del-franquismo-por-parte-del-gobierno-local\/","url_meta":{"origin":8896,"position":5},"title":"IU Verdes Equo denuncia la inadmisible defensa del franquismo por parte del gobierno local","author":"Izquierda Unida Motril","date":"4 diciembre, 2024","format":false,"excerpt":"Las manifestaciones realizadas p\u00fablicamente durante el pleno por los portavoces del PP y del PMAS alientan interesadamente el negacionismo y cuestionan el sistema democr\u00e1tico de derechos y libertades. Son propias de franquistas en lo pol\u00edtico y de integristas en lo moral.\u00a0 A juicio del portavoz de la coalici\u00f3n de izquierdas,\u2026","rel":"","context":"En \u00abAyuntamiento\u00bb","block_context":{"text":"Ayuntamiento","link":"https:\/\/iumotril.org\/sitio\/category\/ayuntamiento\/"},"img":{"alt_text":"","src":"https:\/\/i0.wp.com\/iumotril.org\/sitio\/wp-content\/uploads\/2024\/12\/Fachas-.jpg?resize=350%2C200&ssl=1","width":350,"height":200,"srcset":"https:\/\/i0.wp.com\/iumotril.org\/sitio\/wp-content\/uploads\/2024\/12\/Fachas-.jpg?resize=350%2C200&ssl=1 1x, https:\/\/i0.wp.com\/iumotril.org\/sitio\/wp-content\/uploads\/2024\/12\/Fachas-.jpg?resize=525%2C300&ssl=1 1.5x, https:\/\/i0.wp.com\/iumotril.org\/sitio\/wp-content\/uploads\/2024\/12\/Fachas-.jpg?resize=700%2C400&ssl=1 2x, https:\/\/i0.wp.com\/iumotril.org\/sitio\/wp-content\/uploads\/2024\/12\/Fachas-.jpg?resize=1050%2C600&ssl=1 3x, https:\/\/i0.wp.com\/iumotril.org\/sitio\/wp-content\/uploads\/2024\/12\/Fachas-.jpg?resize=1400%2C800&ssl=1 4x"},"classes":[]}],"jetpack_likes_enabled":true,"_links":{"self":[{"href":"https:\/\/iumotril.org\/sitio\/wp-json\/wp\/v2\/posts\/8896","targetHints":{"allow":["GET"]}}],"collection":[{"href":"https:\/\/iumotril.org\/sitio\/wp-json\/wp\/v2\/posts"}],"about":[{"href":"https:\/\/iumotril.org\/sitio\/wp-json\/wp\/v2\/types\/post"}],"author":[{"embeddable":true,"href":"https:\/\/iumotril.org\/sitio\/wp-json\/wp\/v2\/users\/1"}],"replies":[{"embeddable":true,"href":"https:\/\/iumotril.org\/sitio\/wp-json\/wp\/v2\/comments?post=8896"}],"version-history":[{"count":5,"href":"https:\/\/iumotril.org\/sitio\/wp-json\/wp\/v2\/posts\/8896\/revisions"}],"predecessor-version":[{"id":8902,"href":"https:\/\/iumotril.org\/sitio\/wp-json\/wp\/v2\/posts\/8896\/revisions\/8902"}],"wp:featuredmedia":[{"embeddable":true,"href":"https:\/\/iumotril.org\/sitio\/wp-json\/wp\/v2\/media\/8894"}],"wp:attachment":[{"href":"https:\/\/iumotril.org\/sitio\/wp-json\/wp\/v2\/media?parent=8896"}],"wp:term":[{"taxonomy":"category","embeddable":true,"href":"https:\/\/iumotril.org\/sitio\/wp-json\/wp\/v2\/categories?post=8896"},{"taxonomy":"post_tag","embeddable":true,"href":"https:\/\/iumotril.org\/sitio\/wp-json\/wp\/v2\/tags?post=8896"}],"curies":[{"name":"wp","href":"https:\/\/api.w.org\/{rel}","templated":true}]}}