{"id":8828,"date":"2023-01-19T12:35:34","date_gmt":"2023-01-19T11:35:34","guid":{"rendered":"https:\/\/iumotril.org\/sitio\/?p=8828"},"modified":"2023-01-20T19:46:58","modified_gmt":"2023-01-20T18:46:58","slug":"iu-equo-denuncia-la-utilizacion-abusiva-de-telemotril-por-parte-de-la-alcaldesa-y-su-equipo-de-gobierno","status":"publish","type":"post","link":"https:\/\/iumotril.org\/sitio\/iu-equo-denuncia-la-utilizacion-abusiva-de-telemotril-por-parte-de-la-alcaldesa-y-su-equipo-de-gobierno\/","title":{"rendered":"IU-EQUO denuncia la utilizaci\u00f3n abusiva de Telemotril por parte de la alcaldesa y su equipo de gobierno"},"content":{"rendered":"<p><span style=\"color: #993300;\">Manifiesta su preocupaci\u00f3n por la desmedida presencia del gobierno local en los espacios informativos de Telemotril, en l\u00ednea con la Decisi\u00f3n del Consejo Audiovisual de Andaluc\u00eda, que se\u00f1ala una utilizaci\u00f3n desproporcionada de la televisi\u00f3n motrile\u00f1a por parte de los partidos que integran el gobierno municipal.<\/span><\/p>\n<p><span style=\"color: #993300;\">Reclama a la direcci\u00f3n de Telemotril que tome medidas urgentes y eficaces para equilibrar la presencia de los grupos municipales de la oposici\u00f3n en los contenidos informativos, garantizando el derecho de los ciudadanos y ciudadanas a tener una informaci\u00f3n plural en virtud del ordenamiento jur\u00eddico existente.<\/span><\/p>\n<p>El <a href=\"https:\/\/consejoaudiovisualdeandalucia.es\/2023\/01\/16\/decision-39-2022-del-consejo-audiovisual-de-andalucia-sobre-el-pluralismo-politico-en-las-televisiones-publicas-locales-de-andalucia-2021-2022\/\"><strong>Consejo Audiovisual de Andaluc\u00eda<\/strong><\/a> ha constatado el desequilibrio en la presencia de actores pol\u00edticos en los informativos diarios de Telemotril, se\u00f1alando que los partidos del gobierno local ocupan el <strong>86,90% del tiempo de palabra<\/strong> frente al 6,90% de los partidos de la oposici\u00f3n. De cada hora de informaci\u00f3n en Telemotril, Luisa y su gente aparecen <strong>52 min. en pantalla.<\/strong> Los grupos de la oposici\u00f3n, 4,2 minutos. Con respecto al per\u00edodo anterior (2020-21) ese desequilibrio se ha incrementado un 4,50%.<\/p>\n<p>El Informe del Consejo Audiovisual, aprobado en diciembre de 2022, se\u00f1ala la escasa o nula presencia (6,20%) de otras organizaciones pol\u00edticas que no forman parte de los plenos municipales. Adem\u00e1s, analiza en esta ocasi\u00f3n la presencia de actores pol\u00edticos en programas diferentes a los informativos diarios.<\/p>\n<figure id=\"attachment_8832\" aria-describedby=\"caption-attachment-8832\" style=\"width: 186px\" class=\"wp-caption alignleft\"><img loading=\"lazy\" decoding=\"async\" data-attachment-id=\"8832\" data-permalink=\"https:\/\/iumotril.org\/sitio\/iu-equo-denuncia-la-utilizacion-abusiva-de-telemotril-por-parte-de-la-alcaldesa-y-su-equipo-de-gobierno\/jose-g-llorente\/\" data-orig-file=\"https:\/\/iumotril.org\/sitio\/wp-content\/uploads\/2023\/01\/Jose-G-Llorente.jpg\" data-orig-size=\"1544,2390\" data-comments-opened=\"1\" data-image-meta=\"{&quot;aperture&quot;:&quot;2.2&quot;,&quot;credit&quot;:&quot;&quot;,&quot;camera&quot;:&quot;iPhone 6&quot;,&quot;caption&quot;:&quot;&quot;,&quot;created_timestamp&quot;:&quot;1668073508&quot;,&quot;copyright&quot;:&quot;&quot;,&quot;focal_length&quot;:&quot;4.15&quot;,&quot;iso&quot;:&quot;32&quot;,&quot;shutter_speed&quot;:&quot;0.03030303030303&quot;,&quot;title&quot;:&quot;&quot;,&quot;orientation&quot;:&quot;1&quot;}\" data-image-title=\"Jose G Llorente\" data-image-description=\"\" data-image-caption=\"\" data-large-file=\"https:\/\/iumotril.org\/sitio\/wp-content\/uploads\/2023\/01\/Jose-G-Llorente-662x1024.jpg\" class=\"wp-image-8832 \" src=\"https:\/\/iumotril.org\/sitio\/wp-content\/uploads\/2023\/01\/Jose-G-Llorente-662x1024.jpg\" alt=\"\" width=\"186\" height=\"287\" srcset=\"https:\/\/iumotril.org\/sitio\/wp-content\/uploads\/2023\/01\/Jose-G-Llorente-662x1024.jpg 662w, https:\/\/iumotril.org\/sitio\/wp-content\/uploads\/2023\/01\/Jose-G-Llorente-194x300.jpg 194w, https:\/\/iumotril.org\/sitio\/wp-content\/uploads\/2023\/01\/Jose-G-Llorente-768x1189.jpg 768w, https:\/\/iumotril.org\/sitio\/wp-content\/uploads\/2023\/01\/Jose-G-Llorente-992x1536.jpg 992w, https:\/\/iumotril.org\/sitio\/wp-content\/uploads\/2023\/01\/Jose-G-Llorente-1323x2048.jpg 1323w, https:\/\/iumotril.org\/sitio\/wp-content\/uploads\/2023\/01\/Jose-G-Llorente.jpg 1544w\" sizes=\"auto, (max-width: 186px) 100vw, 186px\" \/><figcaption id=\"caption-attachment-8832\" class=\"wp-caption-text\">Jose G. Llorente, concejal de IU-Equo<\/figcaption><\/figure>\n<p>El Informe se refiere a todas las televisiones locales p\u00fablicas de Andaluc\u00eda y constata la tendencia al alza en 11 de las televisiones analizadas \u2013entre ellas Telemotril\u2013 de una mayor presencia de los gobiernos municipales en los programas informativos.<\/p>\n<p>Asimismo, recuerda a las televisiones locales que est\u00e1n incrementando la presencia en pantalla de los gobiernos municipales de turno, como es el caso de Telemotril, que el Consejo Audiovisual act\u00faa como autoridad independiente encargada de velar por el pluralismo pol\u00edtico de las televisiones de Andaluc\u00eda, inst\u00e1ndolas a <strong>garantizar la pluralidad informativa.<\/strong><\/p>\n<p>Desde IU-Equo se\u00f1alan que no es la primera vez que el Consejo Audiovisual de Andaluc\u00eda <strong>cuestiona la falta de pluralidad informativa en la televisi\u00f3n p\u00fablica local<\/strong> y que, a pesar de los reiterados requerimientos de su formaci\u00f3n la direcci\u00f3n de la Televisi\u00f3n no ha modificado sus criterios para ofrecer una \u201cinformaci\u00f3n m\u00e1s plural y objetiva\u201d.<\/p>\n<p>El concejal de IU-Equo, y miembro del consejo de Radiotelevisi\u00f3n Motril en representaci\u00f3n de su formaci\u00f3n, Jose G. Llorente, ha declarado que en los \u00faltimos cuatro a\u00f1os, Telemotril se ha convertido en \u201c<strong>el NO-DO de la alcaldesa y del Partido Popular en Motri<\/strong>l\u201d, por su <strong>\u201cescandalosa presencia\u201d<\/strong> en su programaci\u00f3n, de un modo especial de Luisa Garc\u00eda Chamorro, alcaldesa y presidenta del Partido Popular en motril.<\/p>\n<div style=\"width: 640px;\" class=\"wp-video\"><video class=\"wp-video-shortcode\" id=\"video-8828-1\" width=\"640\" height=\"427\" preload=\"metadata\" controls=\"controls\"><source type=\"video\/mp4\" src=\"https:\/\/iumotril.org\/sitio\/wp-content\/uploads\/2023\/01\/VIDEO-2023-01-20-16-12-06.mp4?_=1\" \/><a href=\"https:\/\/iumotril.org\/sitio\/wp-content\/uploads\/2023\/01\/VIDEO-2023-01-20-16-12-06.mp4\">https:\/\/iumotril.org\/sitio\/wp-content\/uploads\/2023\/01\/VIDEO-2023-01-20-16-12-06.mp4<\/a><\/video><\/div>\n<p>La informaci\u00f3n en 1:09 minutos, en Telemotril<\/p>\n","protected":false},"excerpt":{"rendered":"<p>El Consejo Audiovisual de Andaluc\u00eda ha constatado el desequilibrio en la presencia de actores pol\u00edticos en los informativos diarios de Telemotril, se\u00f1alando que los partidos del gobierno local ocupan el 86,90% del tiempo de palabra frente al 6,90% de los partidos de la oposici\u00f3n. Con respecto al per\u00edodo anterior (2020-21) ese desequilibrio se ha incrementado un 4,50%.<br \/>\nDesde IU-Equo se\u00f1alan que no es la primera vez que el Consejo Audiovisual de Andaluc\u00eda cuestiona la falta de pluralidad informativa en la televisi\u00f3n p\u00fablica local y que, a pesar de los reiterados requerimientos de su formaci\u00f3n la direcci\u00f3n de la Televisi\u00f3n no ha modificado sus criterios para ofrecer una \u201cinformaci\u00f3n m\u00e1s plural y objetiva\u201d.<\/p>\n<p>El concejal de IU-Equo, y miembro del consejo de Radiotelevisi\u00f3n Motril en representaci\u00f3n de su formaci\u00f3n, Jose G. Llorente, ha declarado que en los \u00faltimos cuatro a\u00f1os, Telemotril se ha convertido en \u201cel NO-DO de la alcaldesa y del Partido Popular en Motril\u201d, por su \u201cescandalosa presencia\u201d en su programaci\u00f3n, de un modo especial de Luisa Garc\u00eda Chamorro, alcaldesa y presidenta del Partido Popular en motril.<\/p>\n","protected":false},"author":1,"featured_media":8834,"comment_status":"open","ping_status":"open","sticky":false,"template":"","format":"standard","meta":{"cybocfi_hide_featured_image":"","_jetpack_newsletter_access":"","_jetpack_dont_email_post_to_subs":false,"_jetpack_newsletter_tier_id":0,"_jetpack_memberships_contains_paywalled_content":false,"_jetpack_memberships_contains_paid_content":false,"footnotes":""},"categories":[7,265],"tags":[319,1721,1885,1400,1886,225,1887],"class_list":["post-8828","post","type-post","status-publish","format-standard","has-post-thumbnail","hentry","category-ayuntamiento","category-esta-pasando","tag-consejo-audiovisual-andalucia","tag-luisa-g-chamorro","tag-no-do","tag-pluralidad-informativa","tag-presencia-en-pantalla","tag-telemotril","tag-tiempo-de-pantalla"],"jetpack_featured_media_url":"https:\/\/iumotril.org\/sitio\/wp-content\/uploads\/2023\/01\/Captura-Luisa-en-Telemotril.png","jetpack_sharing_enabled":true,"jetpack_shortlink":"https:\/\/wp.me\/p4QsU5-2io","jetpack-related-posts":[{"id":9700,"url":"https:\/\/iumotril.org\/sitio\/telemotril-dedica-52-minutos-de-cada-hora-de-programacion-informativa-a-la-alcaldesa-y-su-equipo-de-gobierno\/","url_meta":{"origin":8828,"position":0},"title":"Telemotril dedica 52 minutos de cada hora de programaci\u00f3n informativa a la alcaldesa y su equipo de gobierno","author":"Izquierda Unida Motril","date":"16 enero, 2024","format":false,"excerpt":"Desde IU Verdes Equo se considera que \u201cllueve sobre mojado\u201d al ser habituales en los \u00faltimos a\u00f1os las llamadas de atenci\u00f3n del Consejo a la televisi\u00f3n p\u00fablica motrile\u00f1a por su utilizaci\u00f3n abusiva en favor del gobierno local. Su portavoz municipal, Jose G. Llorente, ha criticado la utilizaci\u00f3n de la televisi\u00f3n\u2026","rel":"","context":"En \u00abEST\u00c1 PASANDO\u00bb","block_context":{"text":"EST\u00c1 PASANDO","link":"https:\/\/iumotril.org\/sitio\/category\/esta-pasando\/"},"img":{"alt_text":"","src":"https:\/\/i0.wp.com\/iumotril.org\/sitio\/wp-content\/uploads\/2024\/01\/RP-16-enero-1024x768.jpg?resize=350%2C200&ssl=1","width":350,"height":200},"classes":[]},{"id":1565,"url":"https:\/\/iumotril.org\/sitio\/telemotril-una-vez-mas-entre-las-televisiones-mas-manipuladas-de-andalucia\/","url_meta":{"origin":8828,"position":1},"title":"TELEMOTRIL UNA VEZ M\u00c1S ENTRE LAS TELEVISIONES M\u00c1S MANIPULADAS DE ANDALUC\u00cdA","author":"Izquierda Unida Motril","date":"2 noviembre, 2015","format":false,"excerpt":"A pesar de esta situaci\u00f3n, cuatro meses despu\u00e9s de su llegada al Ayuntamiento, Flor Alm\u00f3n no ha nombrado a\u00fan un nueva Direcci\u00f3n manteniendo en sus funciones al anterior Director Gerente, el instrumento del Partido Popular para llevar a cabo esa funci\u00f3n y responsable directo de su nefasta gesti\u00f3n. Izquierda Unida\u2026","rel":"","context":"En \u00abEmpresas municipales\u00bb","block_context":{"text":"Empresas municipales","link":"https:\/\/iumotril.org\/sitio\/category\/empresas-municipales\/"},"img":{"alt_text":"consejo audiovisual","src":"https:\/\/i0.wp.com\/iumotril.org\/sitio\/wp-content\/uploads\/2015\/11\/consejo-audiovisual.jpg?resize=350%2C200","width":350,"height":200,"srcset":"https:\/\/i0.wp.com\/iumotril.org\/sitio\/wp-content\/uploads\/2015\/11\/consejo-audiovisual.jpg?resize=350%2C200 1x, https:\/\/i0.wp.com\/iumotril.org\/sitio\/wp-content\/uploads\/2015\/11\/consejo-audiovisual.jpg?resize=525%2C300 1.5x"},"classes":[]},{"id":7605,"url":"https:\/\/iumotril.org\/sitio\/iu-equo-denuncia-una-vez-mas-la-manipulacion-propagandistica-de-telemotril\/","url_meta":{"origin":8828,"position":2},"title":"IU-Equo denuncia una vez m\u00e1s la manipulaci\u00f3n propagand\u00edstica de Telemotril","author":"Izquierda Unida Motril","date":"21 julio, 2021","format":false,"excerpt":"El representante de IU-Equo en el consejo de administraci\u00f3n de Telemotril ha denunciado que la actual direcci\u00f3n est\u00e1 al servicio exclusivo de los intereses partidistas del gobierno local y que est\u00e1 llevando a cabo una gesti\u00f3n pol\u00edtica a su medida y no profesional. Telemotril es la \u201cpunta de lanza de\u2026","rel":"","context":"En \u00abEST\u00c1 PASANDO\u00bb","block_context":{"text":"EST\u00c1 PASANDO","link":"https:\/\/iumotril.org\/sitio\/category\/esta-pasando\/"},"img":{"alt_text":"","src":"https:\/\/i0.wp.com\/iumotril.org\/sitio\/wp-content\/uploads\/2021\/07\/Jose-20-julio-300x292.jpg?resize=350%2C200","width":350,"height":200},"classes":[]},{"id":6741,"url":"https:\/\/iumotril.org\/sitio\/el-consejo-audiovisual-de-andalucia-certifica-la-falta-de-pluralidad-politica-en-los-informativos-de-telemotril\/","url_meta":{"origin":8828,"position":3},"title":"El Consejo Audiovisual de Andaluc\u00eda certifica la falta de pluralidad pol\u00edtica en los informativos de Telemotril","author":"Izquierda Unida Motril","date":"15 octubre, 2020","format":false,"excerpt":"Poco m\u00e1s de un a\u00f1o de gesti\u00f3n le ha bastado al Partido Popular y a sus socios de derechas para recuperar los niveles de manipulaci\u00f3n informativa en Telemotril que alcanz\u00f3 en sus per\u00edodos anteriores de mandato. La direcci\u00f3n pol\u00edtica impuesta por el PP ha puesto a Telemotril al servicio de\u2026","rel":"","context":"En \u00abAyuntamiento\u00bb","block_context":{"text":"Ayuntamiento","link":"https:\/\/iumotril.org\/sitio\/category\/ayuntamiento\/"},"img":{"alt_text":"","src":"https:\/\/i0.wp.com\/iumotril.org\/sitio\/wp-content\/uploads\/2020\/10\/jose-e-Inma-15-oct-176x176.jpg?resize=350%2C200","width":350,"height":200,"srcset":"https:\/\/i0.wp.com\/iumotril.org\/sitio\/wp-content\/uploads\/2020\/10\/jose-e-Inma-15-oct-176x176.jpg?resize=350%2C200 1x, https:\/\/i0.wp.com\/iumotril.org\/sitio\/wp-content\/uploads\/2020\/10\/jose-e-Inma-15-oct-176x176.jpg?resize=525%2C300 1.5x"},"classes":[]},{"id":10363,"url":"https:\/\/iumotril.org\/sitio\/el-gobierno-municipal-de-garcia-chamorro-incrementa-la-utilizacion-abusiva-y-partidista-de-telemotril\/","url_meta":{"origin":8828,"position":4},"title":"El gobierno municipal de Garc\u00eda Chamorro incrementa la utilizaci\u00f3n abusiva y partidista de Telemotril","author":"Izquierda Unida Motril","date":"14 enero, 2025","format":false,"excerpt":"Sostienen desde IU Verdes Equo que Telemotril es la punta del iceberg de una estrategia de desinformaci\u00f3n y manipulaci\u00f3n informativa que ejecuta con firmeza la direcci\u00f3n el ente, con su director al frente que por ello percibe una contraprestaci\u00f3n en forma de retribuci\u00f3n anual de 62.614 euros,\u00a0 asistido por sus\u2026","rel":"","context":"En \u00abcritica\u00bb","block_context":{"text":"critica","link":"https:\/\/iumotril.org\/sitio\/category\/critica\/"},"img":{"alt_text":"","src":"https:\/\/i0.wp.com\/iumotril.org\/sitio\/wp-content\/uploads\/2024\/11\/Telemotril-visita-alcaldesa.jpg?resize=350%2C200&ssl=1","width":350,"height":200,"srcset":"https:\/\/i0.wp.com\/iumotril.org\/sitio\/wp-content\/uploads\/2024\/11\/Telemotril-visita-alcaldesa.jpg?resize=350%2C200&ssl=1 1x, https:\/\/i0.wp.com\/iumotril.org\/sitio\/wp-content\/uploads\/2024\/11\/Telemotril-visita-alcaldesa.jpg?resize=525%2C300&ssl=1 1.5x, https:\/\/i0.wp.com\/iumotril.org\/sitio\/wp-content\/uploads\/2024\/11\/Telemotril-visita-alcaldesa.jpg?resize=700%2C400&ssl=1 2x"},"classes":[]},{"id":7853,"url":"https:\/\/iumotril.org\/sitio\/iu-equo-exige-la-constitucion-del-consejo-profesional-de-radio-television-motril\/","url_meta":{"origin":8828,"position":5},"title":"IU-EQUO exige la constituci\u00f3n del Consejo Profesional de Radio Televisi\u00f3n Motril","author":"Izquierda Unida Motril","date":"24 noviembre, 2021","format":false,"excerpt":"Desde IU-Equo se considera que el incumplimiento de este acuerdo del Consejo de Administraci\u00f3n en 2020 est\u00e1 convirtiendo en papel mojado el compromiso adquirido mayoritariamente por todos los Grupos municipales, excepto el PP, desaprovechando una ocasi\u00f3n inmejorable para reforzar el papel de servicio p\u00fablico de la radio televisi\u00f3n motrile\u00f1a. la\u2026","rel":"","context":"En \u00abAyuntamiento\u00bb","block_context":{"text":"Ayuntamiento","link":"https:\/\/iumotril.org\/sitio\/category\/ayuntamiento\/"},"img":{"alt_text":"","src":"https:\/\/i0.wp.com\/iumotril.org\/sitio\/wp-content\/uploads\/2021\/11\/Jose-24-noviembre-1024x768.jpg?resize=350%2C200","width":350,"height":200,"srcset":"https:\/\/i0.wp.com\/iumotril.org\/sitio\/wp-content\/uploads\/2021\/11\/Jose-24-noviembre-1024x768.jpg?resize=350%2C200 1x, https:\/\/i0.wp.com\/iumotril.org\/sitio\/wp-content\/uploads\/2021\/11\/Jose-24-noviembre-1024x768.jpg?resize=525%2C300 1.5x"},"classes":[]}],"jetpack_likes_enabled":true,"_links":{"self":[{"href":"https:\/\/iumotril.org\/sitio\/wp-json\/wp\/v2\/posts\/8828","targetHints":{"allow":["GET"]}}],"collection":[{"href":"https:\/\/iumotril.org\/sitio\/wp-json\/wp\/v2\/posts"}],"about":[{"href":"https:\/\/iumotril.org\/sitio\/wp-json\/wp\/v2\/types\/post"}],"author":[{"embeddable":true,"href":"https:\/\/iumotril.org\/sitio\/wp-json\/wp\/v2\/users\/1"}],"replies":[{"embeddable":true,"href":"https:\/\/iumotril.org\/sitio\/wp-json\/wp\/v2\/comments?post=8828"}],"version-history":[{"count":10,"href":"https:\/\/iumotril.org\/sitio\/wp-json\/wp\/v2\/posts\/8828\/revisions"}],"predecessor-version":[{"id":8843,"href":"https:\/\/iumotril.org\/sitio\/wp-json\/wp\/v2\/posts\/8828\/revisions\/8843"}],"wp:featuredmedia":[{"embeddable":true,"href":"https:\/\/iumotril.org\/sitio\/wp-json\/wp\/v2\/media\/8834"}],"wp:attachment":[{"href":"https:\/\/iumotril.org\/sitio\/wp-json\/wp\/v2\/media?parent=8828"}],"wp:term":[{"taxonomy":"category","embeddable":true,"href":"https:\/\/iumotril.org\/sitio\/wp-json\/wp\/v2\/categories?post=8828"},{"taxonomy":"post_tag","embeddable":true,"href":"https:\/\/iumotril.org\/sitio\/wp-json\/wp\/v2\/tags?post=8828"}],"curies":[{"name":"wp","href":"https:\/\/api.w.org\/{rel}","templated":true}]}}