{"id":8774,"date":"2022-12-21T12:14:56","date_gmt":"2022-12-21T11:14:56","guid":{"rendered":"https:\/\/iumotril.org\/sitio\/?p=8774"},"modified":"2022-12-21T19:17:18","modified_gmt":"2022-12-21T18:17:18","slug":"iu-equo-reclama-modificaciones-en-el-presupuesto-municipal-inicialmente-aprobado","status":"publish","type":"post","link":"https:\/\/iumotril.org\/sitio\/iu-equo-reclama-modificaciones-en-el-presupuesto-municipal-inicialmente-aprobado\/","title":{"rendered":"IU-Equo reclama modificaciones en el presupuesto municipal inicialmente aprobado"},"content":{"rendered":"<h4 style=\"padding-left: 80px;\"><span style=\"color: #993300;\"><strong>Considera que su elaboraci\u00f3n y aprobaci\u00f3n no se ha ajustado al procedimiento establecido en la Ley reguladora de las Haciendas Locales, incumpliendo diferentes aspectos, tanto en el estado de gastos como en el de ingresos.<\/strong><\/span><\/h4>\n<h4 style=\"padding-left: 80px;\"><span style=\"color: #993300;\"><strong>En las reclamaciones presentadas IU-Equo solicita la reformulaci\u00f3n del proyecto del presupuesto municipal por sus defectos formales y sustanciales.<\/strong><\/span><\/h4>\n<p><span style=\"font-weight: 400;\">Para IU-Equo, el <\/span><b>equilibrio presupuestario<\/b><span style=\"font-weight: 400;\"> que el gobierno local proclama del presupuesto inicialmente aprobado es, una vez m\u00e1s, pura propaganda, ya que no se corresponde con la documentaci\u00f3n presentada que acompa\u00f1an las cuentas. Las cuentas no est\u00e1n equilibradas, a juicio del Grupo municipal de IU-Equo.<\/span><\/p>\n<p><span style=\"font-weight: 400;\">A juicio de su portavoz, Inma Omiste, son unas <\/span><b>cuentas sesgadas<\/b><span style=\"font-weight: 400;\"> que no responden a las necesidades reales de la ciudad ni a las de sus vecinos y vecinas.<\/span><\/p>\n<p><span style=\"font-weight: 400;\">En sus alegaciones, IU-Equo reclama que sean\u00a0 los servicios t\u00e9cnicos municipales del \u00c1rea de Gesti\u00f3n Presupuestaria los que elaboren y suscriban el<\/span><b> Informe econ\u00f3mico financiero<\/b><span style=\"font-weight: 400;\"> preceptivo que asegure la efectiva nivelaci\u00f3n de las cuentas.<\/span><\/p>\n<p><span style=\"font-weight: 400;\">El Informe que avala esta circunstancia y acompa\u00f1a al presupuesto inicialmente aprobado, viene suscrito por el teniente de alcalde de Econom\u00eda y Hacienda, una anomal\u00eda que ha se\u00f1alado la Intervenci\u00f3n municipal. Una actuaci\u00f3n tramposa que condiciona interesadamente la elaboraci\u00f3n de las cuentas municipales dado que es a partir de este Informe del que se determinan los gastos y se estiman los ingresos del presupuesto municipal. En este caso, el teniente de alcalde, Nicol\u00e1s Navarro, act\u00faa como juez y parte a la vez.<\/span><\/p>\n<figure id=\"attachment_8786\" aria-describedby=\"caption-attachment-8786\" style=\"width: 461px\" class=\"wp-caption alignleft\"><img loading=\"lazy\" decoding=\"async\" data-attachment-id=\"8786\" data-permalink=\"https:\/\/iumotril.org\/sitio\/iu-equo-reclama-modificaciones-en-el-presupuesto-municipal-inicialmente-aprobado\/inma-21-diciembre\/\" data-orig-file=\"https:\/\/iumotril.org\/sitio\/wp-content\/uploads\/2022\/12\/Inma-21-diciembre-scaled.jpg\" data-orig-size=\"2560,1920\" data-comments-opened=\"1\" data-image-meta=\"{&quot;aperture&quot;:&quot;2.2&quot;,&quot;credit&quot;:&quot;&quot;,&quot;camera&quot;:&quot;iPhone 6&quot;,&quot;caption&quot;:&quot;&quot;,&quot;created_timestamp&quot;:&quot;1671615212&quot;,&quot;copyright&quot;:&quot;&quot;,&quot;focal_length&quot;:&quot;4.15&quot;,&quot;iso&quot;:&quot;50&quot;,&quot;shutter_speed&quot;:&quot;0.03030303030303&quot;,&quot;title&quot;:&quot;&quot;,&quot;orientation&quot;:&quot;1&quot;}\" data-image-title=\"Inma 21 diciembre\" data-image-description=\"\" data-image-caption=\"\" data-large-file=\"https:\/\/iumotril.org\/sitio\/wp-content\/uploads\/2022\/12\/Inma-21-diciembre-1024x768.jpg\" class=\"wp-image-8786\" src=\"https:\/\/iumotril.org\/sitio\/wp-content\/uploads\/2022\/12\/Inma-21-diciembre-300x225.jpg\" alt=\"\" width=\"461\" height=\"346\" srcset=\"https:\/\/iumotril.org\/sitio\/wp-content\/uploads\/2022\/12\/Inma-21-diciembre-300x225.jpg 300w, https:\/\/iumotril.org\/sitio\/wp-content\/uploads\/2022\/12\/Inma-21-diciembre-1024x768.jpg 1024w, https:\/\/iumotril.org\/sitio\/wp-content\/uploads\/2022\/12\/Inma-21-diciembre-768x576.jpg 768w, https:\/\/iumotril.org\/sitio\/wp-content\/uploads\/2022\/12\/Inma-21-diciembre-1536x1152.jpg 1536w, https:\/\/iumotril.org\/sitio\/wp-content\/uploads\/2022\/12\/Inma-21-diciembre-2048x1536.jpg 2048w\" sizes=\"auto, (max-width: 461px) 100vw, 461px\" \/><figcaption id=\"caption-attachment-8786\" class=\"wp-caption-text\">Inma Omiste, portavoz de IU-Equo<\/figcaption><\/figure>\n<p><span style=\"font-weight: 400;\">Las cuentas inicialmente aprobadas, a juicio de IU-Equo, est\u00e1n al servicio de un modelo de gesti\u00f3n que supone el desmantelamiento de los<\/span><b> servicios municipales<\/b><span style=\"font-weight: 400;\"> y la hipoteca de la administraci\u00f3n municipal para costear su puesta en manos privadas, la privatizaci\u00f3n de los servicios p\u00fablicos que se prestan. Como ya est\u00e1 sucediendo con las labores de<strong> limpieza<\/strong> y las de <strong>jardiner\u00eda<\/strong> sin que su desarrollo por parte de empresas privadas est\u00e1n suponiendo mejora alguna para el servicio. La principal consecuencia es la obtenci\u00f3n de un beneficio econ\u00f3mico por parte de las empresas concesionarias.<\/span><\/p>\n<p><span style=\"font-weight: 400;\">El <strong>deterioro de los servicios municipales<\/strong> se extiende al servicio de seguridad ciudadana y al \u00c1rea de Deportes, donde cada vez son menos los monitores deportivos, con la consecuencia de la reducci\u00f3n de plazas en las escuelas deportivas. Este deterioro se extiende tambi\u00e9n, como saben por su propia experiencia los motrile\u00f1os y motrile\u00f1as, a los servicios administrativos de la Corporaci\u00f3n de modo que realizar una gesti\u00f3n administrativa en dependencias municipales se puede considerar un logro del que alardear.<\/span><\/p>\n<p>Inma Omiste ha detallado, en cuanto al cap\u00edtulo de <b>Gastos de Personal<\/b><span style=\"font-weight: 400;\">, tal como sostiene el Interventor municipal, no se presupuesta correctamente las vacantes de la plantilla, reduci\u00e9ndose sustancialmente, de este modo, . el gasto real que supondr\u00eda su cobertura.<\/span><\/p>\n<p><span style=\"font-weight: 400;\">En el cap\u00edtulo de gastos IU-Equo reclama la modificaci\u00f3n de la aplicaci\u00f3n presupuestaria de <\/span><b>gratificaciones<\/b><span style=\"font-weight: 400;\">, consignada en el presupuesto inicialmente aprobado con 20 mil euros, cuando los pagos que se han realizado por ese concepto a lo largo del pasado ejercicio ascendieron a <strong>233.357,50<\/strong> euros y la estimaci\u00f3n para el presente ejercicio se sit\u00faa en una cantidad cercana a los 300 mil euros. En sus alegaciones, IU-Equo reclama que se consigne el gasto estimado real de esa partida presupuestaria..<\/span><\/p>\n<p><span style=\"font-weight: 400;\">La formaci\u00f3n de izquierdas cuestiona en las alegaciones presentadas la adecuaci\u00f3n del cr\u00e9dito necesario en el cap\u00edtulo de inversiones para hacer frente a los gastos exigibles en los expedientes en tramitaci\u00f3n de <\/span><b>expropiaci\u00f3n forzosa<\/b><span style=\"font-weight: 400;\"> que ascienden a <strong>2.211.495<\/strong>, cuando en el presupuesto se consigna una cantidad de 1.000 euros en la correspondiente partida presupuestaria para atender estas obligaciones. Una incoherencia dif\u00edcil de justificar que tiene, entre otras consecuencias, la generaci\u00f3n de intereses por las deudas acumuladas.\u00a0<\/span><\/p>\n<p><span style=\"font-weight: 400;\">No comparte la previsi\u00f3n de ingresos presentada en el estado de Ingresos porque realiza una estimaci\u00f3n de los derivados del<\/span><b> Impuesto Incremento del Valor de Terrenos de Naturaleza Urbana<\/b><span style=\"font-weight: 400;\"> que no se ajusta a la realidad, ya que el presupuesto prev\u00e9 unos ingresos de <strong>1.233.961,76\u00a0<\/strong> a pesar de que se encuentran en tramitaci\u00f3n expedientes de devoluciones de ingresos indebidos por importe estimado de <strong>2.016.817,84 euros.<\/strong><\/span><\/p>\n<p><span style=\"font-weight: 400;\">IU-Equo no conf\u00eda en que sus propuestas de modificaci\u00f3n salgan adelante a la vista de los precedentes en la forma de actuaci\u00f3n excluyente del gobierno local, por lo que espera que<\/span><b> el equipo de gobierno aplicar\u00e1 su rodillo <\/b><span style=\"font-weight: 400;\">para desestimar todas las reclamaciones presentadas, tanto por parte de los de los Grupos municipales como de la Representaci\u00f3n Legal de los Trabajadores del Ayuntamiento.<\/span><\/p>\n<p><span style=\"font-weight: 400;\">En cualquier caso, es intenci\u00f3n de IU-Equo propiciar un debate en el que se pueda poner de manifiesto cu\u00e1l es el <\/span><b>modelo de gesti\u00f3n del PP y de su gobierno, y la alternativa que desde IU-Equo se propone a los cuentas municipales<\/b><span style=\"font-weight: 400;\">, un modelo que responde a un proyecto de ciudad social, progresista y verde.<\/span><\/p>\n","protected":false},"excerpt":{"rendered":"<p>Las cuentas inicialmente aprobadas, a juicio de IU-Equo, est\u00e1n al servicio de un modelo de gesti\u00f3n que supone el desmantelamiento de los servicios municipales y la hipoteca de la administraci\u00f3n municipal para costear su puesta en manos privadas, la privatizaci\u00f3n de los servicios p\u00fablicos que se prestan. Como ya est\u00e1 sucediendo con las labores de limpieza y las de jardiner\u00eda sin que su desarrollo por parte de empresas privadas est\u00e1n suponiendo mejora alguna para el servicio. La principal consecuencia es la obtenci\u00f3n de un beneficio econ\u00f3mico por parte de las empresas concesionarias.<br \/>\nPara IU-Equo, el equilibrio presupuestario que el gobierno local proclama del presupuesto inicialmente aprobado es, una vez m\u00e1s, pura propaganda, ya que no se corresponde con la documentaci\u00f3n presentada que acompa\u00f1an las cuentas. Las cuentas no est\u00e1n equilibradas, a juicio del Grupo municipal de IU-Equo.<\/p>\n<p>Son unas cuentas sesgadas que no responden a las necesidades reales de la ciudad ni a las de sus vecinos y vecinas.<\/p>\n<p>En sus alegaciones, IU-Equo reclama que sean\u00a0 los servicios t\u00e9cnicos municipales del \u00c1rea de Gesti\u00f3n Presupuestaria los que elaboren y suscriban el Informe econ\u00f3mico financiero preceptivo que asegure la efectiva nivelaci\u00f3n de las cuentas.<\/p>\n","protected":false},"author":1,"featured_media":8777,"comment_status":"open","ping_status":"open","sticky":false,"template":"","format":"standard","meta":{"cybocfi_hide_featured_image":"","_jetpack_newsletter_access":"","_jetpack_dont_email_post_to_subs":false,"_jetpack_newsletter_tier_id":0,"_jetpack_memberships_contains_paywalled_content":false,"_jetpack_memberships_contains_paid_content":false,"footnotes":""},"categories":[7,265,43],"tags":[581,278,1884,1882,1883,229],"class_list":["post-8774","post","type-post","status-publish","format-standard","has-post-thumbnail","hentry","category-ayuntamiento","category-esta-pasando","category-impuestos-locales","tag-alegaciones","tag-impuestos-locales","tag-modelo-fiscal","tag-presupuesto-municipal-2023","tag-reclamaciones","tag-servicios-publicos"],"jetpack_featured_media_url":"https:\/\/iumotril.org\/sitio\/wp-content\/uploads\/2022\/12\/Motril-sucio.jpg","jetpack_sharing_enabled":true,"jetpack_shortlink":"https:\/\/wp.me\/p4QsU5-2hw","jetpack-related-posts":[{"id":5504,"url":"https:\/\/iumotril.org\/sitio\/iu-equo-rechazara-el-presupuesto-municipal-por-no-defender-los-servicios-publicos-ni-garantizar-los-derechos-sociales-y-por-no-incluir-medidas-para-combatir-el-cambio-climatico\/","url_meta":{"origin":8774,"position":0},"title":"IU-Equo rechazar\u00e1 el presupuesto municipal por no defender los servicios p\u00fablicos ni garantizar los derechos sociales y por no incluir medidas para combatir el cambio clim\u00e1tico","author":"Izquierda Unida Motril","date":"17 diciembre, 2019","format":false,"excerpt":"Ni a gasto social, ni a creaci\u00f3n de empleo, ni a mantenimiento y limpieza de la ciudad, ni a playas o promoci\u00f3n del turismo; los dineros de los motrile\u00f1os y motrile\u00f1as se destinar\u00e1n, fundamentalmente, a seguir manteniendo una Administraci\u00f3n municipal anquilosada que act\u00faa por inercia al servicio de intereses pol\u00edticos\u2026","rel":"","context":"En \u00abEST\u00c1 PASANDO\u00bb","block_context":{"text":"EST\u00c1 PASANDO","link":"https:\/\/iumotril.org\/sitio\/category\/esta-pasando\/"},"img":{"alt_text":"","src":"https:\/\/i0.wp.com\/iumotril.org\/sitio\/wp-content\/uploads\/2019\/12\/Jose-Llorente-e-Inma-Omiste_17-diciembre-1024x768.jpg?resize=350%2C200","width":350,"height":200,"srcset":"https:\/\/i0.wp.com\/iumotril.org\/sitio\/wp-content\/uploads\/2019\/12\/Jose-Llorente-e-Inma-Omiste_17-diciembre-1024x768.jpg?resize=350%2C200 1x, https:\/\/i0.wp.com\/iumotril.org\/sitio\/wp-content\/uploads\/2019\/12\/Jose-Llorente-e-Inma-Omiste_17-diciembre-1024x768.jpg?resize=525%2C300 1.5x"},"classes":[]},{"id":8781,"url":"https:\/\/iumotril.org\/sitio\/izquierda-unida-equo-plantea-una-mejora-de-la-fiscalidad-municipal-para-garantizar-la-prestacion-eficaz-de-los-servicios-publicos\/","url_meta":{"origin":8774,"position":1},"title":"Izquierda Unida-Equo plantea una mejora de la fiscalidad municipal para garantizar la prestaci\u00f3n  eficaz de los servicios p\u00fablicos","author":"Izquierda Unida Motril","date":"22 diciembre, 2022","format":false,"excerpt":"Rechaza el marco fiscal propuesto por el PP y sus socios de gobierno, que tiene como una de sus principales consecuencias las importantes carencias en la prestaci\u00f3n de los servicios p\u00fablicos municipales, sobre todo en lo relacionado con la limpieza y el mantenimiento de la ciudad, la apertura de instalaciones\u2026","rel":"","context":"En \u00abAyuntamiento\u00bb","block_context":{"text":"Ayuntamiento","link":"https:\/\/iumotril.org\/sitio\/category\/ayuntamiento\/"},"img":{"alt_text":"","src":"https:\/\/i0.wp.com\/iumotril.org\/sitio\/wp-content\/uploads\/2022\/12\/Fachada-ayuntameinto.jpg?resize=350%2C200&ssl=1","width":350,"height":200,"srcset":"https:\/\/i0.wp.com\/iumotril.org\/sitio\/wp-content\/uploads\/2022\/12\/Fachada-ayuntameinto.jpg?resize=350%2C200&ssl=1 1x, https:\/\/i0.wp.com\/iumotril.org\/sitio\/wp-content\/uploads\/2022\/12\/Fachada-ayuntameinto.jpg?resize=525%2C300&ssl=1 1.5x, https:\/\/i0.wp.com\/iumotril.org\/sitio\/wp-content\/uploads\/2022\/12\/Fachada-ayuntameinto.jpg?resize=700%2C400&ssl=1 2x, https:\/\/i0.wp.com\/iumotril.org\/sitio\/wp-content\/uploads\/2022\/12\/Fachada-ayuntameinto.jpg?resize=1050%2C600&ssl=1 3x"},"classes":[]},{"id":9677,"url":"https:\/\/iumotril.org\/sitio\/iu-verdes-equo-rechaza-el-presupuesto-municipal-al-considerar-que-se-trata-de-unas-cuentas-partidistas\/","url_meta":{"origin":8774,"position":2},"title":"IU Verdes Equo rechaza el presupuesto municipal al considerar que se trata de unas cuentas partidistas","author":"Izquierda Unida Motril","date":"26 diciembre, 2023","format":false,"excerpt":"Para el portavoz del Grupo municipal, Jose G. Llorente, los presupuestos del gobierno de Garc\u00eda Chamorro no responden a las prioridades y preocupaciones de la mayor\u00eda de los motrile\u00f1os, ya que son unas cuentas a la medida del gobierno local, lo que se evidencia al comprobar la desproporcionada subida de\u2026","rel":"","context":"En \u00abAyuntamiento\u00bb","block_context":{"text":"Ayuntamiento","link":"https:\/\/iumotril.org\/sitio\/category\/ayuntamiento\/"},"img":{"alt_text":"","src":"https:\/\/i0.wp.com\/iumotril.org\/sitio\/wp-content\/uploads\/2023\/11\/Motril-presupuestos-inversion-historica-municipal_1850525710_197611744_667x375.jpg?resize=350%2C200&ssl=1","width":350,"height":200,"srcset":"https:\/\/i0.wp.com\/iumotril.org\/sitio\/wp-content\/uploads\/2023\/11\/Motril-presupuestos-inversion-historica-municipal_1850525710_197611744_667x375.jpg?resize=350%2C200&ssl=1 1x, https:\/\/i0.wp.com\/iumotril.org\/sitio\/wp-content\/uploads\/2023\/11\/Motril-presupuestos-inversion-historica-municipal_1850525710_197611744_667x375.jpg?resize=525%2C300&ssl=1 1.5x"},"classes":[]},{"id":9667,"url":"https:\/\/iumotril.org\/sitio\/iu-verdes-equo-reclama-dejar-sin-efecto-la-subida-de-las-tasas-de-la-basura\/","url_meta":{"origin":8774,"position":3},"title":"IU Verdes Equo reclama dejar sin efecto la subida de las tasas de la basura","author":"Izquierda Unida Motril","date":"20 diciembre, 2023","format":false,"excerpt":"En su escrito de reclamaciones, la coalici\u00f3n de izquierdas ecologista se\u00f1ala que la tramitaci\u00f3n de la modificaci\u00f3n de la ordenanza no se ha ajustado a lo establecido en la Ley reguladora de las Haciendas Locales, ya que se ha aprobado por la v\u00eda de urgencia sin contar con el dictamen\u2026","rel":"","context":"En \u00abAyuntamiento\u00bb","block_context":{"text":"Ayuntamiento","link":"https:\/\/iumotril.org\/sitio\/category\/ayuntamiento\/"},"img":{"alt_text":"","src":"https:\/\/i0.wp.com\/iumotril.org\/sitio\/wp-content\/uploads\/2023\/12\/suciedad-y-escombros-Varadero.jpg?resize=350%2C200&ssl=1","width":350,"height":200,"srcset":"https:\/\/i0.wp.com\/iumotril.org\/sitio\/wp-content\/uploads\/2023\/12\/suciedad-y-escombros-Varadero.jpg?resize=350%2C200&ssl=1 1x, https:\/\/i0.wp.com\/iumotril.org\/sitio\/wp-content\/uploads\/2023\/12\/suciedad-y-escombros-Varadero.jpg?resize=525%2C300&ssl=1 1.5x, https:\/\/i0.wp.com\/iumotril.org\/sitio\/wp-content\/uploads\/2023\/12\/suciedad-y-escombros-Varadero.jpg?resize=700%2C400&ssl=1 2x, https:\/\/i0.wp.com\/iumotril.org\/sitio\/wp-content\/uploads\/2023\/12\/suciedad-y-escombros-Varadero.jpg?resize=1050%2C600&ssl=1 3x, https:\/\/i0.wp.com\/iumotril.org\/sitio\/wp-content\/uploads\/2023\/12\/suciedad-y-escombros-Varadero.jpg?resize=1400%2C800&ssl=1 4x"},"classes":[]},{"id":9642,"url":"https:\/\/iumotril.org\/sitio\/el-gobierno-local-impone-la-aprobacion-inicial-del-presupuesto-municipal-con-el-rechazo-de-los-trabajadores-y-los-grupos-politicos-de-la-oposicion\/","url_meta":{"origin":8774,"position":4},"title":"El gobierno local impone la aprobaci\u00f3n inicial del presupuesto municipal con el rechazo de los trabajadores y los grupos pol\u00edticos de la oposici\u00f3n","author":"Izquierda Unida Motril","date":"29 noviembre, 2023","format":false,"excerpt":"Ha rechazado la aprobaci\u00f3n inicial de las cuentas municipales al entender que se ha eludido el debate y excluido la participaci\u00f3n de los Grupos de la oposici\u00f3n en cuestiones clave del gobierno de la ciudad, que las cuentas presentadas tienen defectos en su\u00a0 elaboraci\u00f3n y que no responden a las\u2026","rel":"","context":"En \u00abAyuntamiento\u00bb","block_context":{"text":"Ayuntamiento","link":"https:\/\/iumotril.org\/sitio\/category\/ayuntamiento\/"},"img":{"alt_text":"","src":"https:\/\/i0.wp.com\/iumotril.org\/sitio\/wp-content\/uploads\/2023\/10\/IMG_0332-scaled-e1698139383512-270x300.jpg?resize=350%2C200&ssl=1","width":350,"height":200},"classes":[]},{"id":7119,"url":"https:\/\/iumotril.org\/sitio\/iu-equo-denuncia-que-el-gobierno-local-se-niegue-a-ejecutar-las-actuaciones-previstas-en-el-plan-municipal-de-vivienda\/","url_meta":{"origin":8774,"position":5},"title":"IU-Equo denuncia que el gobierno local se niegue a ejecutar las actuaciones previstas en el Plan Municipal de Vivienda","author":"Izquierda Unida Motril","date":"6 febrero, 2021","format":false,"excerpt":"Con su rechazo, el gobierno de Motril da la espalda a atender las necesidades de sus vecinos de acceder a una vivienda digna en condiciones econ\u00f3micas proporcionales a sus ingresos. Seg\u00fan el portavoz de IU-Equo, Jose Llorente, el gobierno local deja a las claras sus prioridades: desprecia las necesidades de\u2026","rel":"","context":"En \u00abAyuntamiento\u00bb","block_context":{"text":"Ayuntamiento","link":"https:\/\/iumotril.org\/sitio\/category\/ayuntamiento\/"},"img":{"alt_text":"","src":"https:\/\/i0.wp.com\/iumotril.org\/sitio\/wp-content\/uploads\/2020\/12\/PHOTO-2020-12-16-13-08-24-1024x768.jpg?resize=350%2C200","width":350,"height":200,"srcset":"https:\/\/i0.wp.com\/iumotril.org\/sitio\/wp-content\/uploads\/2020\/12\/PHOTO-2020-12-16-13-08-24-1024x768.jpg?resize=350%2C200 1x, https:\/\/i0.wp.com\/iumotril.org\/sitio\/wp-content\/uploads\/2020\/12\/PHOTO-2020-12-16-13-08-24-1024x768.jpg?resize=525%2C300 1.5x"},"classes":[]}],"jetpack_likes_enabled":true,"_links":{"self":[{"href":"https:\/\/iumotril.org\/sitio\/wp-json\/wp\/v2\/posts\/8774","targetHints":{"allow":["GET"]}}],"collection":[{"href":"https:\/\/iumotril.org\/sitio\/wp-json\/wp\/v2\/posts"}],"about":[{"href":"https:\/\/iumotril.org\/sitio\/wp-json\/wp\/v2\/types\/post"}],"author":[{"embeddable":true,"href":"https:\/\/iumotril.org\/sitio\/wp-json\/wp\/v2\/users\/1"}],"replies":[{"embeddable":true,"href":"https:\/\/iumotril.org\/sitio\/wp-json\/wp\/v2\/comments?post=8774"}],"version-history":[{"count":10,"href":"https:\/\/iumotril.org\/sitio\/wp-json\/wp\/v2\/posts\/8774\/revisions"}],"predecessor-version":[{"id":8794,"href":"https:\/\/iumotril.org\/sitio\/wp-json\/wp\/v2\/posts\/8774\/revisions\/8794"}],"wp:featuredmedia":[{"embeddable":true,"href":"https:\/\/iumotril.org\/sitio\/wp-json\/wp\/v2\/media\/8777"}],"wp:attachment":[{"href":"https:\/\/iumotril.org\/sitio\/wp-json\/wp\/v2\/media?parent=8774"}],"wp:term":[{"taxonomy":"category","embeddable":true,"href":"https:\/\/iumotril.org\/sitio\/wp-json\/wp\/v2\/categories?post=8774"},{"taxonomy":"post_tag","embeddable":true,"href":"https:\/\/iumotril.org\/sitio\/wp-json\/wp\/v2\/tags?post=8774"}],"curies":[{"name":"wp","href":"https:\/\/api.w.org\/{rel}","templated":true}]}}