{"id":8719,"date":"2022-12-01T12:43:14","date_gmt":"2022-12-01T11:43:14","guid":{"rendered":"https:\/\/iumotril.org\/sitio\/?p=8719"},"modified":"2022-12-01T12:43:14","modified_gmt":"2022-12-01T11:43:14","slug":"iu-equo-denuncia-ausencia-de-senalizacion-en-la-ronda-sur","status":"publish","type":"post","link":"https:\/\/iumotril.org\/sitio\/iu-equo-denuncia-ausencia-de-senalizacion-en-la-ronda-sur\/","title":{"rendered":"IU-Equo denuncia ausencia de se\u00f1alizaci\u00f3n en la Ronda Sur"},"content":{"rendered":"\n<p class=\"has-text-align-justify has-white-color has-light-green-cyan-background-color has-text-color has-background\">40 d\u00edas despu\u00e9s de su inauguraci\u00f3n y apertura, la nueva Ronda Sur que conecta la rotonda de las piscinas con el pol\u00edgono industrial de El Vadillo no cuenta con ninguna de la se\u00f1alizaci\u00f3n vial imprescindible en sus accesos, salidas ni a lo largo de todo su&nbsp; recorrido.<\/p>\n\n\n\n<p class=\"has-text-align-justify\">El Grupo municipal de IU-Equo ha denunciado que la <strong>nueva Ronda Sur<\/strong> no est\u00e1 anunciada por ninguna se\u00f1al de car\u00e1cter informativo en su acceso por la rotonda de las piscinas, que s\u00ed cuenta en cambio, con doce barriles como <strong>soportes publicitarios&nbsp; de la marca <a href=\"https:\/\/iumotril.org\/sitio\/iu-equo-critica-la-entrega-a-bodegas-montero-de-la-nueva-rotonda-de-acceso-a-la-ronda-sur\/\" data-type=\"post\" data-id=\"8506\">\u201cMontero\u201d<\/a><\/strong> que ocupan la zona ajardinada de dicha rotonda de acceso.<\/p>\n\n\n\n<p class=\"has-text-align-justify\">Una vez m\u00e1s en las actuaciones del gobierno de Luisa Garc\u00eda Chamorro, ha primado el \u201cespect\u00e1culo de la inauguraci\u00f3n\u201d, la \u201c<strong>propaganda partidista<\/strong>\u201d y el \u201ctrato de favor\u201d a una empresa privada por encima de la finalizaci\u00f3n de la infraestructura en condiciones adecuadas de servicio para los usuarios \u2013ha criticado la portavoz de IU-Equo\u2013.&nbsp;<\/p>\n\n\n<div class=\"wp-block-image\">\n<figure class=\"alignleft size-large is-resized\"><img loading=\"lazy\" decoding=\"async\" data-attachment-id=\"8662\" data-permalink=\"https:\/\/iumotril.org\/sitio\/inma-23-noviembre-2\/\" data-orig-file=\"https:\/\/iumotril.org\/sitio\/wp-content\/uploads\/2022\/11\/Inma-23-noviembre.jpg\" data-orig-size=\"2048,1536\" data-comments-opened=\"1\" data-image-meta=\"{&quot;aperture&quot;:&quot;0&quot;,&quot;credit&quot;:&quot;&quot;,&quot;camera&quot;:&quot;&quot;,&quot;caption&quot;:&quot;&quot;,&quot;created_timestamp&quot;:&quot;0&quot;,&quot;copyright&quot;:&quot;&quot;,&quot;focal_length&quot;:&quot;0&quot;,&quot;iso&quot;:&quot;0&quot;,&quot;shutter_speed&quot;:&quot;0&quot;,&quot;title&quot;:&quot;&quot;,&quot;orientation&quot;:&quot;0&quot;}\" data-image-title=\"Inma 23 noviembre\" data-image-description=\"\" data-image-caption=\"\" data-large-file=\"https:\/\/iumotril.org\/sitio\/wp-content\/uploads\/2022\/11\/Inma-23-noviembre-1024x768.jpg\" src=\"https:\/\/iumotril.org\/sitio\/wp-content\/uploads\/2022\/11\/Inma-23-noviembre-1024x768.jpg\" alt=\"\" class=\"wp-image-8662\" width=\"372\" height=\"279\" srcset=\"https:\/\/iumotril.org\/sitio\/wp-content\/uploads\/2022\/11\/Inma-23-noviembre-1024x768.jpg 1024w, https:\/\/iumotril.org\/sitio\/wp-content\/uploads\/2022\/11\/Inma-23-noviembre-300x225.jpg 300w, https:\/\/iumotril.org\/sitio\/wp-content\/uploads\/2022\/11\/Inma-23-noviembre-768x576.jpg 768w, https:\/\/iumotril.org\/sitio\/wp-content\/uploads\/2022\/11\/Inma-23-noviembre-1536x1152.jpg 1536w, https:\/\/iumotril.org\/sitio\/wp-content\/uploads\/2022\/11\/Inma-23-noviembre.jpg 2048w\" sizes=\"auto, (max-width: 372px) 100vw, 372px\" \/><figcaption class=\"wp-element-caption\">Inma Omiste portavoz IU-Equo<\/figcaption><\/figure>\n<\/div>\n\n\n<p class=\"has-text-align-justify\">La actuaci\u00f3n que, como no pod\u00eda ser de otra manera, ha sido calificada como \u201chist\u00f3rica\u201d por parte del gobierno municipal y del Partido Popular camufla una <strong>gesti\u00f3n chapucera<\/strong> en cuanto a su ejecuci\u00f3n y desarrollo, cuyos detalles se van conociendo poco a poco.<\/p>\n\n\n\n<p class=\"has-text-align-justify\">Inma Omiste ha dirigido un escrito a la alcaldesa para saber cu\u00e1les son los motivos o las razones por los que se ha llevado a cabo la apertura de esta v\u00eda, a pesar de esta carencia de se\u00f1alizaci\u00f3n que, a su juicio, puede afectar a la <strong>seguridad vial <\/strong>de los usuarios.<\/p>\n\n\n\n<p>Desde IU-Equo <strong>se ha reclamado a la alcaldesa<\/strong> que se subsane a la mayor urgencia posible esta carencia, interes\u00e1ndose por la fecha que los servicios municipales tienen prevista para que la v\u00eda cuente con la se\u00f1alizaci\u00f3n vertical y horizontal que resulte necesaria.<\/p>\n","protected":false},"excerpt":{"rendered":"<p>El Grupo municipal de IU-Equo ha denunciado que la nueva Ronda Sur no est\u00e1 anunciada por ninguna se\u00f1al de car\u00e1cter informativo en su acceso por la rotonda de las piscinas, que s\u00ed cuenta en cambio, con doce barriles como soportes publicitarios\u00a0 de la marca \u201cMontero\u201d que ocupan la zona ajardinada de dicha rotonda de acceso.<br \/>\nInma Omiste ha dirigido un escrito a la alcaldesa para saber cu\u00e1les son los motivos o las razones por los que se ha llevado a cabo la apertura de esta v\u00eda, a pesar de esta carencia de se\u00f1alizaci\u00f3n que, a su juicio, puede afectar a la seguridad vial de los usuarios.<\/p>\n<p>Desde IU-Equo se ha reclamado a la alcaldesa que se subsane a la mayor urgencia posible esta carencia, interes\u00e1ndose por la fecha que los servicios municipales tienen prevista para que la v\u00eda cuente con la se\u00f1alizaci\u00f3n vertical y horizontal que resulte necesaria.<\/p>\n","protected":false},"author":1,"featured_media":8716,"comment_status":"open","ping_status":"open","sticky":false,"template":"","format":"standard","meta":{"cybocfi_hide_featured_image":"","_jetpack_newsletter_access":"","_jetpack_dont_email_post_to_subs":false,"_jetpack_newsletter_tier_id":0,"_jetpack_memberships_contains_paywalled_content":false,"_jetpack_memberships_contains_paid_content":false,"footnotes":""},"categories":[375,265],"tags":[512,1861,1874,1875,600],"class_list":["post-8719","post","type-post","status-publish","format-standard","has-post-thumbnail","hentry","category-denuncia","category-esta-pasando","tag-propaganda","tag-ronda-sur","tag-rotonda-piscinas","tag-senalizacion-vial","tag-trato-de-favor"],"jetpack_featured_media_url":"https:\/\/iumotril.org\/sitio\/wp-content\/uploads\/2022\/12\/IMG-7231-scaled.jpg","jetpack_sharing_enabled":true,"jetpack_shortlink":"https:\/\/wp.me\/p4QsU5-2gD","jetpack-related-posts":[{"id":8506,"url":"https:\/\/iumotril.org\/sitio\/iu-equo-critica-la-entrega-a-bodegas-montero-de-la-nueva-rotonda-de-acceso-a-la-ronda-sur\/","url_meta":{"origin":8719,"position":0},"title":"IU-Equo critica la entrega a Bodegas Montero de la nueva rotonda de acceso a la Ronda Sur","author":"Izquierda Unida Motril","date":"10 noviembre, 2022","format":false,"excerpt":"Seg\u00fan Garc\u00eda Chamorro, el Ayuntamiento \u201c\u00fanicamente ha intervenido en labores de coordinaci\u00f3n y en los trabajos habituales de mantenimiento y jardiner\u00eda de dicha rotonda\u201d. El Grupo Municipal de IU-Equo ha pretendido recabar informaci\u00f3n en las diferentes \u00c1reas municipales sobre el procedimiento administrativo seguido para la ejecuci\u00f3n de esta actuaci\u00f3n llevada\u2026","rel":"","context":"En \u00abEST\u00c1 PASANDO\u00bb","block_context":{"text":"EST\u00c1 PASANDO","link":"https:\/\/iumotril.org\/sitio\/category\/esta-pasando\/"},"img":{"alt_text":"","src":"https:\/\/i0.wp.com\/iumotril.org\/sitio\/wp-content\/uploads\/2022\/11\/IMG_7230-scaled.jpg?resize=350%2C200&ssl=1","width":350,"height":200,"srcset":"https:\/\/i0.wp.com\/iumotril.org\/sitio\/wp-content\/uploads\/2022\/11\/IMG_7230-scaled.jpg?resize=350%2C200&ssl=1 1x, https:\/\/i0.wp.com\/iumotril.org\/sitio\/wp-content\/uploads\/2022\/11\/IMG_7230-scaled.jpg?resize=525%2C300&ssl=1 1.5x, https:\/\/i0.wp.com\/iumotril.org\/sitio\/wp-content\/uploads\/2022\/11\/IMG_7230-scaled.jpg?resize=700%2C400&ssl=1 2x, https:\/\/i0.wp.com\/iumotril.org\/sitio\/wp-content\/uploads\/2022\/11\/IMG_7230-scaled.jpg?resize=1050%2C600&ssl=1 3x, https:\/\/i0.wp.com\/iumotril.org\/sitio\/wp-content\/uploads\/2022\/11\/IMG_7230-scaled.jpg?resize=1400%2C800&ssl=1 4x"},"classes":[]},{"id":1989,"url":"https:\/\/iumotril.org\/sitio\/izquierda-unida-denuncia-el-mal-estado-del-pavimento-de-la-ronda-de-poniente\/","url_meta":{"origin":8719,"position":1},"title":"IZQUIERDA UNIDA DENUNCIA EL MAL ESTADO DEL PAVIMENTO DE LA RONDA DE PONIENTE","author":"Izquierda Unida Motril","date":"29 marzo, 2016","format":false,"excerpt":"El Grupo Municipal de Izquierda Unida ha denunciado el estado deplorable del firme de la circunvalaci\u00f3n (Ronda de Poniente) en el tramo que discurre entre la F\u00e1brica del Pilar y la rotonda del Hospital. Reclama que, con car\u00e1cter urgente, se emprendan los trabajos de arreglo y reforma de su pavimento.","rel":"","context":"En \u00abBreves\u00bb","block_context":{"text":"Breves","link":"https:\/\/iumotril.org\/sitio\/category\/breves\/"},"img":{"alt_text":"circunvalacion 4","src":"https:\/\/i0.wp.com\/iumotril.org\/sitio\/wp-content\/uploads\/2016\/03\/circunvalacion-4-e1459251950305.jpg?resize=350%2C200","width":350,"height":200},"classes":[]},{"id":10406,"url":"https:\/\/iumotril.org\/sitio\/apoyamos-las-demandas-de-mejoras-de-los-vecinos-del-barrio-de-las-angustias\/","url_meta":{"origin":8719,"position":2},"title":"Apoyamos las demandas de mejoras de los vecinos del barrio de Las Angustias","author":"Izquierda Unida Motril","date":"30 enero, 2025","format":false,"excerpt":"Su portavoz municipal, Inmaculada Omiste, ha denunciado que siendo uno de los barrios m\u00e1s poblados de Motril, con varios centros docentes y otras instituciones importantes, lleve arrastrando este abandono por parte del Ayuntamiento de Motril. El grupo municipal ha recogido las demandas de los vecinos y vecinas, que van desde\u2026","rel":"","context":"En \u00abCiudad\u00bb","block_context":{"text":"Ciudad","link":"https:\/\/iumotril.org\/sitio\/category\/ciudad\/"},"img":{"alt_text":"","src":"https:\/\/i0.wp.com\/iumotril.org\/sitio\/wp-content\/uploads\/2025\/01\/Las-Anagustias.jpg?resize=350%2C200&ssl=1","width":350,"height":200,"srcset":"https:\/\/i0.wp.com\/iumotril.org\/sitio\/wp-content\/uploads\/2025\/01\/Las-Anagustias.jpg?resize=350%2C200&ssl=1 1x, https:\/\/i0.wp.com\/iumotril.org\/sitio\/wp-content\/uploads\/2025\/01\/Las-Anagustias.jpg?resize=525%2C300&ssl=1 1.5x"},"classes":[]},{"id":4946,"url":"https:\/\/iumotril.org\/sitio\/iu-equo-reclama-responsabilidad-a-partidos-y-candidaturas-en-la-colocacion-de-propaganda-electoral-en-las-calles-de-motril\/","url_meta":{"origin":8719,"position":3},"title":"IU-Equo reclama responsabilidad a partidos y candidaturas en la colocaci\u00f3n de propaganda electoral en las calles de Motril","author":"Izquierda Unida Motril","date":"12 mayo, 2019","format":false,"excerpt":"IU-Equo ha colocado en lo que va de campa\u00f1a cuatro pancartas y una docena de carteles, todos ellos en barrios y zonas alejadas del centro de la ciudad. Su previsi\u00f3n es colocar cincuenta carteles con la imagen de la candidata en diferentes barrios de Motril, con un criterio no invasivo,\u2026","rel":"","context":"En \u00abElecciones\u00bb","block_context":{"text":"Elecciones","link":"https:\/\/iumotril.org\/sitio\/category\/elecciones\/"},"img":{"alt_text":"","src":"https:\/\/i0.wp.com\/iumotril.org\/sitio\/wp-content\/uploads\/2019\/05\/PHOTO-2019-05-12-11-22-46-e1557681022205-300x170.jpg?resize=350%2C200","width":350,"height":200},"classes":[]},{"id":7020,"url":"https:\/\/iumotril.org\/sitio\/iu-equo-pide-mejoras-en-el-entorno-de-la-estacion-de-autobuses\/","url_meta":{"origin":8719,"position":4},"title":"IU-Equo pide mejoras en el entorno de la estaci\u00f3n de autobuses","author":"Izquierda Unida Motril","date":"17 diciembre, 2020","format":false,"excerpt":"Ha denunciado que cinco a\u00f1os despu\u00e9s de la inauguraci\u00f3n de la nueva estaci\u00f3n de autobuses de Motril \u00e9sta sigue presentando las mismas deficiencias que el d\u00eda despu\u00e9s de su apertura y puesta en funcionamiento. En concreto, se ha referido al aparcamiento improvisado, sin pavimentar, sin iluminaci\u00f3n ni se\u00f1alizaci\u00f3n alguna, a\u2026","rel":"","context":"En \u00abAyuntamiento\u00bb","block_context":{"text":"Ayuntamiento","link":"https:\/\/iumotril.org\/sitio\/category\/ayuntamiento\/"},"img":{"alt_text":"","src":"https:\/\/i0.wp.com\/iumotril.org\/sitio\/wp-content\/uploads\/2020\/10\/Jose-e-Inma-27-octubre_3-1024x768.jpg?resize=350%2C200","width":350,"height":200,"srcset":"https:\/\/i0.wp.com\/iumotril.org\/sitio\/wp-content\/uploads\/2020\/10\/Jose-e-Inma-27-octubre_3-1024x768.jpg?resize=350%2C200 1x, https:\/\/i0.wp.com\/iumotril.org\/sitio\/wp-content\/uploads\/2020\/10\/Jose-e-Inma-27-octubre_3-1024x768.jpg?resize=525%2C300 1.5x"},"classes":[]},{"id":8502,"url":"https:\/\/iumotril.org\/sitio\/garcia-chamorro-se-desentiende-de-las-necesidades-reales-de-la-ciudad-y-de-sus-vecinos-y-reafirma-su-apuesta-a-favor-de-los-poderosos\/","url_meta":{"origin":8719,"position":5},"title":"Garc\u00eda Chamorro se desentiende de las necesidades reales de la ciudad y de sus vecinos y reafirma su apuesta a favor de los poderosos","author":"Izquierda Unida Motril","date":"8 noviembre, 2022","format":false,"excerpt":"El gobierno local de Motril confirma de este modo su desinter\u00e9s por los problemas reales de los motrile\u00f1os y motrile\u00f1as y su apuesta por las actuaciones de imagen y propaganda con fines partidistas y en defensa de los intereses de las grandes familias y empresas, de los poderosos. Mientras que\u2026","rel":"","context":"En \u00abEST\u00c1 PASANDO\u00bb","block_context":{"text":"EST\u00c1 PASANDO","link":"https:\/\/iumotril.org\/sitio\/category\/esta-pasando\/"},"img":{"alt_text":"","src":"https:\/\/i0.wp.com\/iumotril.org\/sitio\/wp-content\/uploads\/2022\/11\/Piscina-municipal.jpg?resize=350%2C200&ssl=1","width":350,"height":200,"srcset":"https:\/\/i0.wp.com\/iumotril.org\/sitio\/wp-content\/uploads\/2022\/11\/Piscina-municipal.jpg?resize=350%2C200&ssl=1 1x, https:\/\/i0.wp.com\/iumotril.org\/sitio\/wp-content\/uploads\/2022\/11\/Piscina-municipal.jpg?resize=525%2C300&ssl=1 1.5x, https:\/\/i0.wp.com\/iumotril.org\/sitio\/wp-content\/uploads\/2022\/11\/Piscina-municipal.jpg?resize=700%2C400&ssl=1 2x"},"classes":[]}],"jetpack_likes_enabled":true,"_links":{"self":[{"href":"https:\/\/iumotril.org\/sitio\/wp-json\/wp\/v2\/posts\/8719","targetHints":{"allow":["GET"]}}],"collection":[{"href":"https:\/\/iumotril.org\/sitio\/wp-json\/wp\/v2\/posts"}],"about":[{"href":"https:\/\/iumotril.org\/sitio\/wp-json\/wp\/v2\/types\/post"}],"author":[{"embeddable":true,"href":"https:\/\/iumotril.org\/sitio\/wp-json\/wp\/v2\/users\/1"}],"replies":[{"embeddable":true,"href":"https:\/\/iumotril.org\/sitio\/wp-json\/wp\/v2\/comments?post=8719"}],"version-history":[{"count":5,"href":"https:\/\/iumotril.org\/sitio\/wp-json\/wp\/v2\/posts\/8719\/revisions"}],"predecessor-version":[{"id":8724,"href":"https:\/\/iumotril.org\/sitio\/wp-json\/wp\/v2\/posts\/8719\/revisions\/8724"}],"wp:featuredmedia":[{"embeddable":true,"href":"https:\/\/iumotril.org\/sitio\/wp-json\/wp\/v2\/media\/8716"}],"wp:attachment":[{"href":"https:\/\/iumotril.org\/sitio\/wp-json\/wp\/v2\/media?parent=8719"}],"wp:term":[{"taxonomy":"category","embeddable":true,"href":"https:\/\/iumotril.org\/sitio\/wp-json\/wp\/v2\/categories?post=8719"},{"taxonomy":"post_tag","embeddable":true,"href":"https:\/\/iumotril.org\/sitio\/wp-json\/wp\/v2\/tags?post=8719"}],"curies":[{"name":"wp","href":"https:\/\/api.w.org\/{rel}","templated":true}]}}