{"id":87,"date":"2014-07-31T12:56:18","date_gmt":"2014-07-31T11:56:18","guid":{"rendered":"http:\/\/iumotril.org\/sitio\/?p=87"},"modified":"2014-08-18T15:05:37","modified_gmt":"2014-08-18T14:05:37","slug":"87","status":"publish","type":"post","link":"https:\/\/iumotril.org\/sitio\/87\/","title":{"rendered":"Exigimos a la alcaldesa de Motril que se implique con el cuidado de la playa de Poniente"},"content":{"rendered":"<p>IU lamenta el estado de deterioro de las infraestructuras y equipamientos de esta popular playa motrile\u00f1a que se encuentra abandonada por la alcaldesa del PP<br \/>\n<a href=\"https:\/\/iumotril.org\/sitio\/wp-content\/uploads\/2014\/08\/poniente01.jpg\"><img loading=\"lazy\" decoding=\"async\" data-attachment-id=\"88\" data-permalink=\"https:\/\/iumotril.org\/sitio\/87\/poniente01\/\" data-orig-file=\"https:\/\/iumotril.org\/sitio\/wp-content\/uploads\/2014\/08\/poniente01.jpg\" data-orig-size=\"691,518\" data-comments-opened=\"1\" data-image-meta=\"{&quot;aperture&quot;:&quot;0&quot;,&quot;credit&quot;:&quot;&quot;,&quot;camera&quot;:&quot;&quot;,&quot;caption&quot;:&quot;&quot;,&quot;created_timestamp&quot;:&quot;0&quot;,&quot;copyright&quot;:&quot;&quot;,&quot;focal_length&quot;:&quot;0&quot;,&quot;iso&quot;:&quot;0&quot;,&quot;shutter_speed&quot;:&quot;0&quot;,&quot;title&quot;:&quot;&quot;,&quot;orientation&quot;:&quot;0&quot;}\" data-image-title=\"poniente01\" data-image-description=\"\" data-image-caption=\"\" data-large-file=\"https:\/\/iumotril.org\/sitio\/wp-content\/uploads\/2014\/08\/poniente01.jpg\" class=\"size-medium wp-image-88 aligncenter\" src=\"https:\/\/iumotril.org\/sitio\/wp-content\/uploads\/2014\/08\/poniente01-300x224.jpg\" alt=\"poniente01\" width=\"300\" height=\"224\" \/><\/a><br \/>\n\u201cPasarelas rotas, lavapies que no funcionan, farolas con cables sin protecci\u00f3n, malas hierbas, desperfectos, suciedad, falta de mantenimiento&#8230;.\u00bb. Desgraciadamente este es el estado que presentan los equipamientos de la Playa de Poniente, un espacio visitado diariamente por miles de\u00a0 motrile\u00f1os y turistas y que desgraciadamente no cuenta con el nivel de mantenimiento exigible en un municipio que pretende ser tur\u00edstico.<br \/>\n<a href=\"https:\/\/iumotril.org\/sitio\/wp-content\/uploads\/2014\/08\/poniente02.jpg\"><img loading=\"lazy\" decoding=\"async\" data-attachment-id=\"89\" data-permalink=\"https:\/\/iumotril.org\/sitio\/87\/poniente02\/\" data-orig-file=\"https:\/\/iumotril.org\/sitio\/wp-content\/uploads\/2014\/08\/poniente02.jpg\" data-orig-size=\"691,518\" data-comments-opened=\"1\" data-image-meta=\"{&quot;aperture&quot;:&quot;0&quot;,&quot;credit&quot;:&quot;&quot;,&quot;camera&quot;:&quot;&quot;,&quot;caption&quot;:&quot;&quot;,&quot;created_timestamp&quot;:&quot;0&quot;,&quot;copyright&quot;:&quot;&quot;,&quot;focal_length&quot;:&quot;0&quot;,&quot;iso&quot;:&quot;0&quot;,&quot;shutter_speed&quot;:&quot;0&quot;,&quot;title&quot;:&quot;&quot;,&quot;orientation&quot;:&quot;0&quot;}\" data-image-title=\"poniente02\" data-image-description=\"\" data-image-caption=\"\" data-large-file=\"https:\/\/iumotril.org\/sitio\/wp-content\/uploads\/2014\/08\/poniente02.jpg\" class=\"size-medium wp-image-89 aligncenter\" src=\"https:\/\/iumotril.org\/sitio\/wp-content\/uploads\/2014\/08\/poniente02-300x224.jpg\" alt=\"poniente02\" width=\"300\" height=\"224\" \/><\/a><br \/>\nLas continuas quejas de los visitantes son numerosas y sin embargo el ayuntamiento de\u00a0 Motril no hace nada para remediarlo. Y es que las ri\u00f1as internas del PP motrile\u00f1o nos est\u00e1n pasando factura a todos, ya que la destituci\u00f3n del anterior responsable de Turismo, el Sr. Fuentes, por la alcaldesa y la asunci\u00f3n por parte ella de estas competencias, ha desembocado en el desastre que afecta al cuidado y mantenimiento de las playas motrile\u00f1as.<br \/>\n<a href=\"https:\/\/iumotril.org\/sitio\/wp-content\/uploads\/2014\/08\/poniente03.jpg\"><img loading=\"lazy\" decoding=\"async\" data-attachment-id=\"90\" data-permalink=\"https:\/\/iumotril.org\/sitio\/87\/poniente03\/\" data-orig-file=\"https:\/\/iumotril.org\/sitio\/wp-content\/uploads\/2014\/08\/poniente03.jpg\" data-orig-size=\"691,518\" data-comments-opened=\"1\" data-image-meta=\"{&quot;aperture&quot;:&quot;0&quot;,&quot;credit&quot;:&quot;&quot;,&quot;camera&quot;:&quot;&quot;,&quot;caption&quot;:&quot;&quot;,&quot;created_timestamp&quot;:&quot;0&quot;,&quot;copyright&quot;:&quot;&quot;,&quot;focal_length&quot;:&quot;0&quot;,&quot;iso&quot;:&quot;0&quot;,&quot;shutter_speed&quot;:&quot;0&quot;,&quot;title&quot;:&quot;&quot;,&quot;orientation&quot;:&quot;0&quot;}\" data-image-title=\"poniente03\" data-image-description=\"\" data-image-caption=\"\" data-large-file=\"https:\/\/iumotril.org\/sitio\/wp-content\/uploads\/2014\/08\/poniente03.jpg\" class=\"size-medium wp-image-90 aligncenter\" src=\"https:\/\/iumotril.org\/sitio\/wp-content\/uploads\/2014\/08\/poniente03-300x224.jpg\" alt=\"poniente03\" width=\"300\" height=\"224\" \/><\/a><br \/>\nDenunciamos la pasividad del ayuntamiento con esta playa que contrasta \u201ccon el inter\u00e9s desmedido\u201d del gobierno del PP con la vecina Playa Granada, donde se ha volcado en inversiones y \u201ccari\u00f1o\u201d.<br \/>\n<a href=\"https:\/\/iumotril.org\/sitio\/wp-content\/uploads\/2014\/08\/poniente04.jpg\"><img loading=\"lazy\" decoding=\"async\" data-attachment-id=\"91\" data-permalink=\"https:\/\/iumotril.org\/sitio\/87\/poniente04\/\" data-orig-file=\"https:\/\/iumotril.org\/sitio\/wp-content\/uploads\/2014\/08\/poniente04.jpg\" data-orig-size=\"691,518\" data-comments-opened=\"1\" data-image-meta=\"{&quot;aperture&quot;:&quot;0&quot;,&quot;credit&quot;:&quot;&quot;,&quot;camera&quot;:&quot;&quot;,&quot;caption&quot;:&quot;&quot;,&quot;created_timestamp&quot;:&quot;0&quot;,&quot;copyright&quot;:&quot;&quot;,&quot;focal_length&quot;:&quot;0&quot;,&quot;iso&quot;:&quot;0&quot;,&quot;shutter_speed&quot;:&quot;0&quot;,&quot;title&quot;:&quot;&quot;,&quot;orientation&quot;:&quot;0&quot;}\" data-image-title=\"poniente04\" data-image-description=\"\" data-image-caption=\"\" data-large-file=\"https:\/\/iumotril.org\/sitio\/wp-content\/uploads\/2014\/08\/poniente04.jpg\" class=\"size-medium wp-image-91 aligncenter\" src=\"https:\/\/iumotril.org\/sitio\/wp-content\/uploads\/2014\/08\/poniente04-300x224.jpg\" alt=\"poniente04\" width=\"300\" height=\"224\" \/><\/a><br \/>\nNo todos los motrile\u00f1os merecen la misma preocupaci\u00f3n. Pedimos a la alcaldesa motrile\u00f1a y a su corte de concejales y concejalas que suelen acompa\u00f1arla, \u201cmoderaci\u00f3n en el tiempo dedicado a la fotograf\u00eda publicitaria y algo de dedicaci\u00f3n al trabajo diario en este importante sector de actividad y trabajo de nuestro municipio\u201d.<\/p>\n<p><a href=\"https:\/\/iumotril.org\/sitio\/wp-content\/uploads\/2014\/08\/poniente05.jpg\"><img loading=\"lazy\" decoding=\"async\" data-attachment-id=\"92\" data-permalink=\"https:\/\/iumotril.org\/sitio\/87\/poniente05\/\" data-orig-file=\"https:\/\/iumotril.org\/sitio\/wp-content\/uploads\/2014\/08\/poniente05.jpg\" data-orig-size=\"691,518\" data-comments-opened=\"1\" data-image-meta=\"{&quot;aperture&quot;:&quot;0&quot;,&quot;credit&quot;:&quot;&quot;,&quot;camera&quot;:&quot;&quot;,&quot;caption&quot;:&quot;&quot;,&quot;created_timestamp&quot;:&quot;0&quot;,&quot;copyright&quot;:&quot;&quot;,&quot;focal_length&quot;:&quot;0&quot;,&quot;iso&quot;:&quot;0&quot;,&quot;shutter_speed&quot;:&quot;0&quot;,&quot;title&quot;:&quot;&quot;,&quot;orientation&quot;:&quot;0&quot;}\" data-image-title=\"poniente05\" data-image-description=\"\" data-image-caption=\"\" data-large-file=\"https:\/\/iumotril.org\/sitio\/wp-content\/uploads\/2014\/08\/poniente05.jpg\" class=\"size-medium wp-image-92 aligncenter\" src=\"https:\/\/iumotril.org\/sitio\/wp-content\/uploads\/2014\/08\/poniente05-300x224.jpg\" alt=\"poniente05\" width=\"300\" height=\"224\" \/><\/a><\/p>\n","protected":false},"excerpt":{"rendered":"<p>IU lamenta el estado de deterioro de las infraestructuras y [&hellip;]<\/p>\n","protected":false},"author":1,"featured_media":0,"comment_status":"open","ping_status":"open","sticky":false,"template":"","format":"standard","meta":{"cybocfi_hide_featured_image":"","_jetpack_newsletter_access":"","_jetpack_dont_email_post_to_subs":false,"_jetpack_newsletter_tier_id":0,"_jetpack_memberships_contains_paywalled_content":false,"_jetpack_memberships_contains_paid_content":false,"footnotes":""},"categories":[7,22],"tags":[27,28,29],"class_list":["post-87","post","type-post","status-publish","format-standard","hentry","category-ayuntamiento","category-playas","tag-deterioro","tag-equipamiento","tag-infraestructuras"],"jetpack_featured_media_url":"","jetpack_sharing_enabled":true,"jetpack_shortlink":"https:\/\/wp.me\/s4QsU5-87","jetpack-related-posts":[{"id":6472,"url":"https:\/\/iumotril.org\/sitio\/iu-equo-reclama-la-mejora-de-instalaciones-y-equipamientos-de-la-playa-de-poniente\/","url_meta":{"origin":87,"position":0},"title":"IU-Equo reclama la mejora de instalaciones y equipamientos de la playa de Poniente","author":"Izquierda Unida Motril","date":"23 junio, 2020","format":false,"excerpt":"Seg\u00fan Inma Omiste, todas las playas de Motril necesitan actuaciones de mantenimiento y mejora, y todas las que se lleven a cabo en ese sentido son bienvenidas. Sin embargo, resulta llamativo que la playa m\u00e1s popular del municipio, la m\u00e1s concurrida y utilizada por las familias motrile\u00f1as, presente un aspecto\u2026","rel":"","context":"En \u00abEST\u00c1 PASANDO\u00bb","block_context":{"text":"EST\u00c1 PASANDO","link":"https:\/\/iumotril.org\/sitio\/category\/esta-pasando\/"},"img":{"alt_text":"","src":"https:\/\/i0.wp.com\/iumotril.org\/sitio\/wp-content\/uploads\/2020\/06\/Inma-23-junio-scaled.jpg?resize=350%2C200","width":350,"height":200,"srcset":"https:\/\/i0.wp.com\/iumotril.org\/sitio\/wp-content\/uploads\/2020\/06\/Inma-23-junio-scaled.jpg?resize=350%2C200 1x, https:\/\/i0.wp.com\/iumotril.org\/sitio\/wp-content\/uploads\/2020\/06\/Inma-23-junio-scaled.jpg?resize=525%2C300 1.5x, https:\/\/i0.wp.com\/iumotril.org\/sitio\/wp-content\/uploads\/2020\/06\/Inma-23-junio-scaled.jpg?resize=700%2C400 2x, https:\/\/i0.wp.com\/iumotril.org\/sitio\/wp-content\/uploads\/2020\/06\/Inma-23-junio-scaled.jpg?resize=1050%2C600 3x, https:\/\/i0.wp.com\/iumotril.org\/sitio\/wp-content\/uploads\/2020\/06\/Inma-23-junio-scaled.jpg?resize=1400%2C800 4x"},"classes":[]},{"id":3667,"url":"https:\/\/iumotril.org\/sitio\/son-necesarias-actuaciones-para-mejorar-y-conservar-las-playas-de-motril\/","url_meta":{"origin":87,"position":1},"title":"Son necesarias actuaciones para mejorar y conservar las playas de Motril","author":"Izquierda Unida Motril","date":"22 junio, 2018","format":false,"excerpt":"La portavoz de IU ha criticado la falta de renovaci\u00f3n de los equipamientos de las playas, en especial de playa Poniente, como es el caso de las pasarelas en deficiente estado de conservaci\u00f3n, las duchas, papeleras y contenedores, exigiendo al gobierno local un mayor esfuerzo inversor en las playas de\u2026","rel":"","context":"En \u00abEST\u00c1 PASANDO\u00bb","block_context":{"text":"EST\u00c1 PASANDO","link":"https:\/\/iumotril.org\/sitio\/category\/esta-pasando\/"},"img":{"alt_text":"","src":"https:\/\/i0.wp.com\/iumotril.org\/sitio\/wp-content\/uploads\/2018\/06\/Azucenas.jpg?resize=350%2C200","width":350,"height":200,"srcset":"https:\/\/i0.wp.com\/iumotril.org\/sitio\/wp-content\/uploads\/2018\/06\/Azucenas.jpg?resize=350%2C200 1x, https:\/\/i0.wp.com\/iumotril.org\/sitio\/wp-content\/uploads\/2018\/06\/Azucenas.jpg?resize=525%2C300 1.5x"},"classes":[]},{"id":7574,"url":"https:\/\/iumotril.org\/sitio\/iu-equo-censura-que-se-escatime-en-gastos-de-seguridad-y-vigilancia-en-las-playas-de-motril\/","url_meta":{"origin":87,"position":2},"title":"IU-Equo censura que se escatime en gastos de seguridad y vigilancia en las playas de Motril","author":"Izquierda Unida Motril","date":"1 julio, 2021","format":false,"excerpt":"Se pretende ahorrar a costa de un servicio importante y que siempre aporta un valor a\u00f1adido a las playas, ha declarado Jose Llorente, concejal de IU-Equo, que ha se\u00f1alado que se quiere tener las mejores playas y equipamientos posibles, pero no se apuesta decididamente por ello. Para el Grupo municipal\u2026","rel":"","context":"En \u00abEST\u00c1 PASANDO\u00bb","block_context":{"text":"EST\u00c1 PASANDO","link":"https:\/\/iumotril.org\/sitio\/category\/esta-pasando\/"},"img":{"alt_text":"","src":"https:\/\/i0.wp.com\/iumotril.org\/sitio\/wp-content\/uploads\/2021\/07\/Jose-1-julio-768x1024.jpg?resize=350%2C200","width":350,"height":200,"srcset":"https:\/\/i0.wp.com\/iumotril.org\/sitio\/wp-content\/uploads\/2021\/07\/Jose-1-julio-768x1024.jpg?resize=350%2C200 1x, https:\/\/i0.wp.com\/iumotril.org\/sitio\/wp-content\/uploads\/2021\/07\/Jose-1-julio-768x1024.jpg?resize=525%2C300 1.5x"},"classes":[]},{"id":8089,"url":"https:\/\/iumotril.org\/sitio\/iu-equo-reclama-mejoras-en-las-playas-para-asegurar-que-esten-en-buenas-condiciones-para-las-vacaciones-de-semana-santa\/","url_meta":{"origin":87,"position":3},"title":"IU-Equo reclama mejoras en las playas para asegurar que est\u00e9n en buenas condiciones para las vacaciones de semana santa","author":"Izquierda Unida Motril","date":"23 marzo, 2022","format":false,"excerpt":"Demanda mejoras y actuaciones concretas en zonas de acceso de playa Granada y en instalaciones y equipamientos de la playa de Poniente, El Cable y en la playa de las Azucenas, necesarias para dar el impulso tur\u00edstico que se pretende a las playas de Motril. Desde IU-Equo se se\u00f1ala que,\u2026","rel":"","context":"En \u00abAyuntamiento\u00bb","block_context":{"text":"Ayuntamiento","link":"https:\/\/iumotril.org\/sitio\/category\/ayuntamiento\/"},"img":{"alt_text":"","src":"https:\/\/i0.wp.com\/iumotril.org\/sitio\/wp-content\/uploads\/2022\/03\/Jose-23-marzo_.jpg?resize=350%2C200","width":350,"height":200,"srcset":"https:\/\/i0.wp.com\/iumotril.org\/sitio\/wp-content\/uploads\/2022\/03\/Jose-23-marzo_.jpg?resize=350%2C200 1x, https:\/\/i0.wp.com\/iumotril.org\/sitio\/wp-content\/uploads\/2022\/03\/Jose-23-marzo_.jpg?resize=525%2C300 1.5x, https:\/\/i0.wp.com\/iumotril.org\/sitio\/wp-content\/uploads\/2022\/03\/Jose-23-marzo_.jpg?resize=700%2C400 2x"},"classes":[]},{"id":10698,"url":"https:\/\/iumotril.org\/sitio\/iu-verdes-equo-exige-explicaciones-por-los-retrasos-en-las-obras-de-playa-granada-y-playa-de-poniente\/","url_meta":{"origin":87,"position":4},"title":"IU Verdes Equo exige explicaciones por los retrasos en las obras de Playa Granada y Playa de Poniente","author":"Izquierda Unida Motril","date":"9 julio, 2025","format":false,"excerpt":"Omiste ha se\u00f1alado que, desde el punto de vista de la gesti\u00f3n, la principal carencia de las playas es la limpieza y el mantenimiento, sobre todo fuera de la temporada estival, en las que las playas quedan en situaci\u00f3n de semiabandono: no hay recogida de la basura, no se desarrollan\u2026","rel":"","context":"En \u00abAyuntamiento\u00bb","block_context":{"text":"Ayuntamiento","link":"https:\/\/iumotril.org\/sitio\/category\/ayuntamiento\/"},"img":{"alt_text":"","src":"https:\/\/i0.wp.com\/iumotril.org\/sitio\/wp-content\/uploads\/2025\/07\/a564f30e-afcb-471e-9e44-3c557b18f1ba.jpeg?resize=350%2C200&ssl=1","width":350,"height":200,"srcset":"https:\/\/i0.wp.com\/iumotril.org\/sitio\/wp-content\/uploads\/2025\/07\/a564f30e-afcb-471e-9e44-3c557b18f1ba.jpeg?resize=350%2C200&ssl=1 1x, https:\/\/i0.wp.com\/iumotril.org\/sitio\/wp-content\/uploads\/2025\/07\/a564f30e-afcb-471e-9e44-3c557b18f1ba.jpeg?resize=525%2C300&ssl=1 1.5x, https:\/\/i0.wp.com\/iumotril.org\/sitio\/wp-content\/uploads\/2025\/07\/a564f30e-afcb-471e-9e44-3c557b18f1ba.jpeg?resize=700%2C400&ssl=1 2x, https:\/\/i0.wp.com\/iumotril.org\/sitio\/wp-content\/uploads\/2025\/07\/a564f30e-afcb-471e-9e44-3c557b18f1ba.jpeg?resize=1050%2C600&ssl=1 3x, https:\/\/i0.wp.com\/iumotril.org\/sitio\/wp-content\/uploads\/2025\/07\/a564f30e-afcb-471e-9e44-3c557b18f1ba.jpeg?resize=1400%2C800&ssl=1 4x"},"classes":[]},{"id":8265,"url":"https:\/\/iumotril.org\/sitio\/iu-equo-exige-a-la-alcaldesa-actuaciones-urgentes-para-solucionar-el-deficiente-estado-de-las-playas-de-motril\/","url_meta":{"origin":87,"position":5},"title":"IU-EQUO exige a la alcaldesa actuaciones urgentes para solucionar el deficiente estado de las playas de Motril","author":"Izquierda Unida Motril","date":"7 julio, 2022","format":false,"excerpt":"Seg\u00fan la portavoz de IU-Equo, las playas de Motril llevaban mucho tiempo sin presentar un estado de utilizaci\u00f3n tan lamentable, sin las pasarelas de acceso instaladas, con las duchas inutilizadas y sin papeleras y contenedores de basura adecuados. A ello se le une un entorno en el que las zonas\u2026","rel":"","context":"En \u00abEST\u00c1 PASANDO\u00bb","block_context":{"text":"EST\u00c1 PASANDO","link":"https:\/\/iumotril.org\/sitio\/category\/esta-pasando\/"},"img":{"alt_text":"","src":"https:\/\/i0.wp.com\/iumotril.org\/sitio\/wp-content\/uploads\/2022\/07\/playa-cable-1-176x176.jpg?resize=350%2C200&ssl=1","width":350,"height":200,"srcset":"https:\/\/i0.wp.com\/iumotril.org\/sitio\/wp-content\/uploads\/2022\/07\/playa-cable-1-176x176.jpg?resize=350%2C200&ssl=1 1x, https:\/\/i0.wp.com\/iumotril.org\/sitio\/wp-content\/uploads\/2022\/07\/playa-cable-1-176x176.jpg?resize=525%2C300&ssl=1 1.5x, https:\/\/i0.wp.com\/iumotril.org\/sitio\/wp-content\/uploads\/2022\/07\/playa-cable-1-176x176.jpg?resize=700%2C400&ssl=1 2x, https:\/\/i0.wp.com\/iumotril.org\/sitio\/wp-content\/uploads\/2022\/07\/playa-cable-1-176x176.jpg?resize=1050%2C600&ssl=1 3x, https:\/\/i0.wp.com\/iumotril.org\/sitio\/wp-content\/uploads\/2022\/07\/playa-cable-1-176x176.jpg?resize=1400%2C800&ssl=1 4x"},"classes":[]}],"jetpack_likes_enabled":true,"_links":{"self":[{"href":"https:\/\/iumotril.org\/sitio\/wp-json\/wp\/v2\/posts\/87","targetHints":{"allow":["GET"]}}],"collection":[{"href":"https:\/\/iumotril.org\/sitio\/wp-json\/wp\/v2\/posts"}],"about":[{"href":"https:\/\/iumotril.org\/sitio\/wp-json\/wp\/v2\/types\/post"}],"author":[{"embeddable":true,"href":"https:\/\/iumotril.org\/sitio\/wp-json\/wp\/v2\/users\/1"}],"replies":[{"embeddable":true,"href":"https:\/\/iumotril.org\/sitio\/wp-json\/wp\/v2\/comments?post=87"}],"version-history":[{"count":2,"href":"https:\/\/iumotril.org\/sitio\/wp-json\/wp\/v2\/posts\/87\/revisions"}],"predecessor-version":[{"id":95,"href":"https:\/\/iumotril.org\/sitio\/wp-json\/wp\/v2\/posts\/87\/revisions\/95"}],"wp:attachment":[{"href":"https:\/\/iumotril.org\/sitio\/wp-json\/wp\/v2\/media?parent=87"}],"wp:term":[{"taxonomy":"category","embeddable":true,"href":"https:\/\/iumotril.org\/sitio\/wp-json\/wp\/v2\/categories?post=87"},{"taxonomy":"post_tag","embeddable":true,"href":"https:\/\/iumotril.org\/sitio\/wp-json\/wp\/v2\/tags?post=87"}],"curies":[{"name":"wp","href":"https:\/\/api.w.org\/{rel}","templated":true}]}}