{"id":8647,"date":"2022-11-24T11:05:07","date_gmt":"2022-11-24T10:05:07","guid":{"rendered":"https:\/\/iumotril.org\/sitio\/?p=8647"},"modified":"2022-12-01T10:03:56","modified_gmt":"2022-12-01T09:03:56","slug":"iu-equo-propone-la-gratuidad-de-los-autobuses-urbanos-para-mayores-de-60-anos-y-personas-con-movilidad-reducida","status":"publish","type":"post","link":"https:\/\/iumotril.org\/sitio\/iu-equo-propone-la-gratuidad-de-los-autobuses-urbanos-para-mayores-de-60-anos-y-personas-con-movilidad-reducida\/","title":{"rendered":"IU-EQUO propone la gratuidad de los autobuses urbanos para mayores de 60 a\u00f1os y personas con movilidad reducida"},"content":{"rendered":"\n<div class=\"wp-block-group\"><div class=\"wp-block-group__inner-container is-layout-constrained wp-block-group-is-layout-constrained\">\n<div class=\"wp-block-group\"><div class=\"wp-block-group__inner-container is-layout-constrained wp-block-group-is-layout-constrained\">\n<div class=\"wp-block-group\"><div class=\"wp-block-group__inner-container is-layout-constrained wp-block-group-is-layout-constrained\">\n<p class=\"has-text-align-justify has-white-color has-light-green-cyan-background-color has-text-color has-background\"><strong>Propone la reordenaci\u00f3n del transporte p\u00fablico urbano para ampliar los itinerarios, mejorar la frecuencia de paso entre autobuses y garantizar la informaci\u00f3n sobre el servicio en paradas y marquesinas<\/strong>.<\/p>\n\n\n\n<p class=\"has-text-align-justify has-white-color has-light-green-cyan-background-color has-text-color has-background\"><strong>Reclama la bonificaci\u00f3n del coste de la tarjeta azul (19,32 euros) para extender su utilizaci\u00f3n entre estos colectivos.<\/strong><\/p>\n<\/div><\/div>\n<\/div><\/div>\n<\/div><\/div>\n\n\n\n<div class=\"wp-block-group\"><div class=\"wp-block-group__inner-container is-layout-constrained wp-block-group-is-layout-constrained\">\n<p class=\"has-text-align-justify\">La propuesta de IU-Equo integra diversas medidas para la <strong>mejora y potenciaci\u00f3n del transporte p\u00fablico <\/strong>urbano (l\u00edneas de buses urbanos, autobuses de cercan\u00edas y el servicio de taxis) entre otras, la ampliaci\u00f3n de itinerarios y recorridos, la mejora de la <strong>frecuencia de paso para que no supere los 30 minutos<\/strong> entre autobuses y la adecuaci\u00f3n de paradas y marquesinas para mejorar la accesibilidad de todas las personas al transporte p\u00fablico as\u00ed como garantizar la presencia de elementos de informaci\u00f3n actualizada acerca del servicio (horarios, frecuencia, etc.)<strong>, <\/strong>ha informado el concejal de la formaci\u00f3n, Jose G. Llorente, que ha dado a conocer p\u00fablicamente el texto de la moci\u00f3n. <\/p>\n\n\n\n<figure class=\"wp-block-image size-large\"><img loading=\"lazy\" decoding=\"async\" width=\"1024\" height=\"768\" data-attachment-id=\"8331\" data-permalink=\"https:\/\/iumotril.org\/sitio\/iu-equo-exige-la-inmediata-apertura-del-centro-de-servicios-sociales-del-barrio-de-san-antonio\/jose-e-inma-27-julio\/\" data-orig-file=\"https:\/\/iumotril.org\/sitio\/wp-content\/uploads\/2022\/07\/Jose-e-Inma-27-julio-scaled.jpg\" data-orig-size=\"2560,1920\" data-comments-opened=\"1\" data-image-meta=\"{&quot;aperture&quot;:&quot;2.2&quot;,&quot;credit&quot;:&quot;&quot;,&quot;camera&quot;:&quot;iPhone 6&quot;,&quot;caption&quot;:&quot;&quot;,&quot;created_timestamp&quot;:&quot;1658913046&quot;,&quot;copyright&quot;:&quot;&quot;,&quot;focal_length&quot;:&quot;4.15&quot;,&quot;iso&quot;:&quot;40&quot;,&quot;shutter_speed&quot;:&quot;0.03030303030303&quot;,&quot;title&quot;:&quot;&quot;,&quot;orientation&quot;:&quot;1&quot;}\" data-image-title=\"Jose e Inma 27 julio\" data-image-description=\"\" data-image-caption=\"\" data-large-file=\"https:\/\/iumotril.org\/sitio\/wp-content\/uploads\/2022\/07\/Jose-e-Inma-27-julio-1024x768.jpg\" src=\"https:\/\/iumotril.org\/sitio\/wp-content\/uploads\/2022\/07\/Jose-e-Inma-27-julio-1024x768.jpg\" alt=\"\" class=\"wp-image-8331\" srcset=\"https:\/\/iumotril.org\/sitio\/wp-content\/uploads\/2022\/07\/Jose-e-Inma-27-julio-1024x768.jpg 1024w, https:\/\/iumotril.org\/sitio\/wp-content\/uploads\/2022\/07\/Jose-e-Inma-27-julio-300x225.jpg 300w, https:\/\/iumotril.org\/sitio\/wp-content\/uploads\/2022\/07\/Jose-e-Inma-27-julio-768x576.jpg 768w, https:\/\/iumotril.org\/sitio\/wp-content\/uploads\/2022\/07\/Jose-e-Inma-27-julio-1536x1152.jpg 1536w, https:\/\/iumotril.org\/sitio\/wp-content\/uploads\/2022\/07\/Jose-e-Inma-27-julio-2048x1536.jpg 2048w\" sizes=\"auto, (max-width: 1024px) 100vw, 1024px\" \/><figcaption class=\"wp-element-caption\">Jose G. Llorente e Inma Omiste. Grupo Municipal IU-Equo<\/figcaption><\/figure>\n\n\n\n<p class=\"has-text-align-justify\">Desde IU-Equo se considera que el transporte p\u00fablico es un <strong>elemento esencial para la adecuada movilidad en las ciudades,<\/strong> prestando un servicio necesario para una parte importante de los vecinos, vecinas y visitantes, de manera especial para determinados colectivos de la poblaci\u00f3n. En este sentido entienden \u2013seg\u00fan Llorente\u2013 que una adecuada gesti\u00f3n de la flota de veh\u00edculos y de su funcionamiento pueden contribuir de forma relevante a la mejora de la eficiencia energ\u00e9tica de las ciudades para el cumplimiento de los compromisos adquiridos a nivel internacional para reducir el consumo energ\u00e9tico.<\/p>\n\n\n\n<p class=\"has-text-align-justify\">El concejal de IU-Equo ha criticado que, a pesar de la existencia de un <strong>Plan de Movilidad Urbana Sostenible<\/strong> y de su correspondiente <strong>Programa de actuaci\u00f3n,<\/strong> elaborados en 2019, para afrontar el <strong>reto de la movilidad sostenible en la ciudad<\/strong>, con medidas encaminadas a la eficiencia energ\u00e9tica y otras relativas a la movilidad, ni el Plan ni el Programa han sido desarrollados por el actual gobierno municipal, que los ha dejado \u201centerrados en los cajones\u201d de las dependencias municipales, a pesar de la solidez y rigurosidad del trabajo realizado, del coste que, en su momento, supuso su elaboraci\u00f3n y de&nbsp; la vigencia de muchas de las medidas que contienen.<\/p>\n\n\n\n<p class=\"has-text-align-justify\">Llorente ha destacado que en la moci\u00f3n que presentar\u00e1 al pr\u00f3ximo Pleno municipal, IU-Equo pide la ejecuci\u00f3n del Plan de Movilidad Urbana Sostenible y de su Programa de actuaci\u00f3n, aprobados en 2019, que no se han llevado a t\u00e9rmino.<\/p>\n\n\n\n<p class=\"has-text-align-justify\">La <strong>frecuencia de paso entre autobuses<\/strong> actualmente en las tres l\u00edneas existentes oscila entre los 40 minutos en la l\u00ednea Circular&nbsp; y los <strong>50 minutos<\/strong>&nbsp; de la L\u00ednea 2 (Alcampo-Puntal\u00f3n), los d\u00edas laborables, sin prestar servicio domingos y festivos. El recorrido de las tres l\u00edneas existentes deja fuera el acceso a vecinos y vecinas de diversas zonas y barrios de Motril a los que se excluye en su acceso al transporte p\u00fablico urbano.<\/p>\n\n\n\n<p class=\"has-text-align-justify\">Ha criticado&nbsp; que, como llevan tiempo denunciando los usuarios del transporte p\u00fablico, las paradas y marquesinas adolecen de los <strong>elementos de informaci\u00f3n<\/strong> adecuada que faciliten los horarios o las frecuencias de paso de los autobuses, con los consiguientes inconvenientes a los usuarios.&nbsp;<\/p>\n\n\n\n<p class=\"has-text-align-justify\">No es suficiente, como se mantiene desde el \u00c1rea de movilidad municipal, que dichas informaciones est\u00e9n disponibles en las p\u00e1ginas web de las empresas concesionarias no s\u00f3lo porque no subsana esta deficiencia sino porque, fundamentalmente, buena parte de las personas que utilizan estos autobuses, en general, no son usuarias de estas tecnolog\u00edas, a juicio del edil de la formaci\u00f3n de izquierdas..<\/p>\n\n\n\n<p class=\"has-text-align-justify\">Ha informado, finalmente, de que ,entre sus propuestas de mejora del transporte p\u00fablico, IU-Equo incluye asimismo el <strong>acondicionamiento de las paradas de taxi de la ciudad<\/strong>, una reivindicaci\u00f3n largamente demandada por el colectivo.de trabajadores y trabajadoras del taxi.<\/p>\n<\/div><\/div>\n\n\n\n<figure class=\"wp-block-video\"><video height=\"480\" style=\"aspect-ratio: 720 \/ 480;\" width=\"720\" controls src=\"https:\/\/iumotril.org\/sitio\/wp-content\/uploads\/2022\/11\/a709c011-c2b4-464c-97ff-6047b5189e26.mp4\"><\/video><figcaption class=\"wp-element-caption\">Informaci\u00f3n en el Diario Comarcal de Telemotril<\/figcaption><\/figure>\n","protected":false},"excerpt":{"rendered":"<p>La propuesta de IU-Equo integra diversas medidas para la mejora y potenciaci\u00f3n del transporte p\u00fablico urbano (l\u00edneas de buses urbanos, autobuses de cercan\u00edas y el servicio de taxis) entre otras, la ampliaci\u00f3n de itinerarios y recorridos, la mejora de la frecuencia de paso para que no supere los 30 minutos entre autobuses y la adecuaci\u00f3n de paradas y marquesinas para mejorar la accesibilidad de todas las personas al transporte p\u00fablico as\u00ed como garantizar la presencia de elementos de informaci\u00f3n actualizada acerca del servicio (horarios, frecuencia, etc.), ha informado el concejal de la formaci\u00f3n, Jose G. Llorente, que ha dado a conocer p\u00fablicamente el texto de la moci\u00f3<\/p>\n","protected":false},"author":1,"featured_media":8650,"comment_status":"open","ping_status":"open","sticky":false,"template":"","format":"standard","meta":{"cybocfi_hide_featured_image":"","_jetpack_newsletter_access":"","_jetpack_dont_email_post_to_subs":false,"_jetpack_newsletter_tier_id":0,"_jetpack_memberships_contains_paywalled_content":false,"_jetpack_memberships_contains_paid_content":false,"footnotes":""},"categories":[265],"tags":[1871,1688,857,670,780,1564,671],"class_list":["post-8647","post","type-post","status-publish","format-standard","has-post-thumbnail","hentry","category-esta-pasando","tag-autobuses-urbanos","tag-eficiencia-energetica","tag-mejoras","tag-movilidad","tag-movilidad-sostenible","tag-taxis","tag-transporte-publico"],"jetpack_featured_media_url":"https:\/\/iumotril.org\/sitio\/wp-content\/uploads\/2022\/11\/Bus-urbano.jpg","jetpack_sharing_enabled":true,"jetpack_shortlink":"https:\/\/wp.me\/p4QsU5-2ft","jetpack-related-posts":[{"id":9435,"url":"https:\/\/iumotril.org\/sitio\/iu-verdes-equo-urge-al-gobierno-local-al-establecimiento-de-una-zona-de-bajas-emisiones\/","url_meta":{"origin":8647,"position":0},"title":"IU-Verdes Equo urge al gobierno local al establecimiento de una Zona de Bajas Emisiones","author":"Izquierda Unida Motril","date":"27 septiembre, 2023","format":false,"excerpt":"La portavoz de IU-Equo, Inma Omiste, ha criticado el retraso en la puesta en marcha de esta actuaci\u00f3n que podr\u00eda tener consecuencias sancionadoras, adem\u00e1s de condicionar negativamente su implantaci\u00f3n y puesta en funcionamiento de una manera adecuada para no causar perjuicios indeseables para la ciudad y para sus vecinos y\u2026","rel":"","context":"En \u00abAyuntamiento\u00bb","block_context":{"text":"Ayuntamiento","link":"https:\/\/iumotril.org\/sitio\/category\/ayuntamiento\/"},"img":{"alt_text":"","src":"https:\/\/i0.wp.com\/iumotril.org\/sitio\/wp-content\/uploads\/2023\/09\/ZBE.jpeg?resize=350%2C200&ssl=1","width":350,"height":200},"classes":[]},{"id":10111,"url":"https:\/\/iumotril.org\/sitio\/denunciamos-la-falta-de-compromiso-del-gobierno-local-con-el-medio-ambiente-y-la-salud-publica\/","url_meta":{"origin":8647,"position":1},"title":"Denunciamos la falta de compromiso del gobierno local con el medio ambiente y la salud p\u00fablica","author":"Izquierda Unida Motril","date":"20 septiembre, 2024","format":false,"excerpt":"Omiste ha se\u00f1alado que, a su juicio, es uno de los grandes deberes pendientes que tiene por delante la Corporaci\u00f3n Municipal, por lo que ha merecido el reproche del Defensor del Pueblo al se\u00f1alarla entre las ciudades \u201cm\u00e1s rezagadas\u201d en la implantaci\u00f3n de las ZBE. El Ayuntamiento de Motril se\u2026","rel":"","context":"En \u00abAyuntamiento\u00bb","block_context":{"text":"Ayuntamiento","link":"https:\/\/iumotril.org\/sitio\/category\/ayuntamiento\/"},"img":{"alt_text":"","src":"https:\/\/i0.wp.com\/iumotril.org\/sitio\/wp-content\/uploads\/2024\/09\/semana-europea-desarrollo-sostenible.png?resize=350%2C200&ssl=1","width":350,"height":200,"srcset":"https:\/\/i0.wp.com\/iumotril.org\/sitio\/wp-content\/uploads\/2024\/09\/semana-europea-desarrollo-sostenible.png?resize=350%2C200&ssl=1 1x, https:\/\/i0.wp.com\/iumotril.org\/sitio\/wp-content\/uploads\/2024\/09\/semana-europea-desarrollo-sostenible.png?resize=525%2C300&ssl=1 1.5x, https:\/\/i0.wp.com\/iumotril.org\/sitio\/wp-content\/uploads\/2024\/09\/semana-europea-desarrollo-sostenible.png?resize=700%2C400&ssl=1 2x"},"classes":[]},{"id":2667,"url":"https:\/\/iumotril.org\/sitio\/izquierda-unida-reclama-un-plan-de-movilidad-para-motril\/","url_meta":{"origin":8647,"position":2},"title":"IZQUIERDA UNIDA RECLAMA UN PLAN DE MOVILIDAD PARA MOTRIL","author":"Izquierda Unida Motril","date":"28 enero, 2017","format":false,"excerpt":"Mar\u00eda \u00c1ngeles Esc\u00e1mez, como responsable directa de esta situaci\u00f3n, ha dado muestras, una vez m\u00e1s, de su incompetencia e incapacidad para la gesti\u00f3n de cualquier asunto municipal. Parad\u00f3jicamente, la Teniente de Alcalde, aunque su dedicaci\u00f3n al ayuntamiento es parcial, asume las \u00e1reas de Personal y R\u00e9gimen Interior, Formaci\u00f3n y Empleo,\u2026","rel":"","context":"En \u00abEST\u00c1 PASANDO\u00bb","block_context":{"text":"EST\u00c1 PASANDO","link":"https:\/\/iumotril.org\/sitio\/category\/esta-pasando\/"},"img":{"alt_text":"","src":"https:\/\/i0.wp.com\/iumotril.org\/sitio\/wp-content\/uploads\/2017\/01\/MariaAngelesEscamez-300x300.jpg?resize=350%2C200","width":350,"height":200},"classes":[]},{"id":7020,"url":"https:\/\/iumotril.org\/sitio\/iu-equo-pide-mejoras-en-el-entorno-de-la-estacion-de-autobuses\/","url_meta":{"origin":8647,"position":3},"title":"IU-Equo pide mejoras en el entorno de la estaci\u00f3n de autobuses","author":"Izquierda Unida Motril","date":"17 diciembre, 2020","format":false,"excerpt":"Ha denunciado que cinco a\u00f1os despu\u00e9s de la inauguraci\u00f3n de la nueva estaci\u00f3n de autobuses de Motril \u00e9sta sigue presentando las mismas deficiencias que el d\u00eda despu\u00e9s de su apertura y puesta en funcionamiento. En concreto, se ha referido al aparcamiento improvisado, sin pavimentar, sin iluminaci\u00f3n ni se\u00f1alizaci\u00f3n alguna, a\u2026","rel":"","context":"En \u00abAyuntamiento\u00bb","block_context":{"text":"Ayuntamiento","link":"https:\/\/iumotril.org\/sitio\/category\/ayuntamiento\/"},"img":{"alt_text":"","src":"https:\/\/i0.wp.com\/iumotril.org\/sitio\/wp-content\/uploads\/2020\/10\/Jose-e-Inma-27-octubre_3-1024x768.jpg?resize=350%2C200","width":350,"height":200,"srcset":"https:\/\/i0.wp.com\/iumotril.org\/sitio\/wp-content\/uploads\/2020\/10\/Jose-e-Inma-27-octubre_3-1024x768.jpg?resize=350%2C200 1x, https:\/\/i0.wp.com\/iumotril.org\/sitio\/wp-content\/uploads\/2020\/10\/Jose-e-Inma-27-octubre_3-1024x768.jpg?resize=525%2C300 1.5x"},"classes":[]},{"id":5473,"url":"https:\/\/iumotril.org\/sitio\/iu-equo-propone-adecuar-los-parques-infantiles-para-los-menores-con-diversidad-funcional\/","url_meta":{"origin":8647,"position":4},"title":"IU-Equo propone adecuar los parques infantiles para los menores con diversidad funcional","author":"Izquierda Unida Motril","date":"27 noviembre, 2019","format":false,"excerpt":"El Grupo Municipal de IU-Equo propone llevar a cabo la adecuaci\u00f3n de espacios en los parques infantiles de la ciudad, para que respondan a las necesidades de los ni\u00f1os y ni\u00f1as con diversidad funcional, entre otras medidas que incluye en una moci\u00f3n para la eliminaci\u00f3n de barreras arquitect\u00f3nicas en calles,\u2026","rel":"","context":"En \u00abCiudad\u00bb","block_context":{"text":"Ciudad","link":"https:\/\/iumotril.org\/sitio\/category\/ciudad\/"},"img":{"alt_text":"","src":"https:\/\/i0.wp.com\/iumotril.org\/sitio\/wp-content\/uploads\/2019\/11\/Jose_-barreras-27-noviembre.jpg?resize=350%2C200","width":350,"height":200},"classes":[]},{"id":8217,"url":"https:\/\/iumotril.org\/sitio\/iu-equo-propone-implantar-caminos-escolares-seguros-en-los-desplazamientos-a-los-centros-educativos\/","url_meta":{"origin":8647,"position":5},"title":"IU-Equo propone implantar caminos escolares seguros en los desplazamientos a los centros educativos","author":"Izquierda Unida Motril","date":"2 junio, 2022","format":false,"excerpt":"Pretende que los entornos escolares se conviertan en \u00c1reas de protecci\u00f3n de la salud de la infancia en el entorno escolar, priorizando la movilidad peatonal y ciclista, creando corredores de acceso libres de coches y promoviendo zonas de encuentro y juegos en el espacio p\u00fablico. En la moci\u00f3n que el\u2026","rel":"","context":"En \u00abEST\u00c1 PASANDO\u00bb","block_context":{"text":"EST\u00c1 PASANDO","link":"https:\/\/iumotril.org\/sitio\/category\/esta-pasando\/"},"img":{"alt_text":"","src":"https:\/\/i0.wp.com\/iumotril.org\/sitio\/wp-content\/uploads\/2022\/06\/Jose-Llorente-1-junio.jpg?resize=350%2C200","width":350,"height":200,"srcset":"https:\/\/i0.wp.com\/iumotril.org\/sitio\/wp-content\/uploads\/2022\/06\/Jose-Llorente-1-junio.jpg?resize=350%2C200 1x, https:\/\/i0.wp.com\/iumotril.org\/sitio\/wp-content\/uploads\/2022\/06\/Jose-Llorente-1-junio.jpg?resize=525%2C300 1.5x, https:\/\/i0.wp.com\/iumotril.org\/sitio\/wp-content\/uploads\/2022\/06\/Jose-Llorente-1-junio.jpg?resize=700%2C400 2x, https:\/\/i0.wp.com\/iumotril.org\/sitio\/wp-content\/uploads\/2022\/06\/Jose-Llorente-1-junio.jpg?resize=1050%2C600 3x, https:\/\/i0.wp.com\/iumotril.org\/sitio\/wp-content\/uploads\/2022\/06\/Jose-Llorente-1-junio.jpg?resize=1400%2C800 4x"},"classes":[]}],"jetpack_likes_enabled":true,"_links":{"self":[{"href":"https:\/\/iumotril.org\/sitio\/wp-json\/wp\/v2\/posts\/8647","targetHints":{"allow":["GET"]}}],"collection":[{"href":"https:\/\/iumotril.org\/sitio\/wp-json\/wp\/v2\/posts"}],"about":[{"href":"https:\/\/iumotril.org\/sitio\/wp-json\/wp\/v2\/types\/post"}],"author":[{"embeddable":true,"href":"https:\/\/iumotril.org\/sitio\/wp-json\/wp\/v2\/users\/1"}],"replies":[{"embeddable":true,"href":"https:\/\/iumotril.org\/sitio\/wp-json\/wp\/v2\/comments?post=8647"}],"version-history":[{"count":15,"href":"https:\/\/iumotril.org\/sitio\/wp-json\/wp\/v2\/posts\/8647\/revisions"}],"predecessor-version":[{"id":8712,"href":"https:\/\/iumotril.org\/sitio\/wp-json\/wp\/v2\/posts\/8647\/revisions\/8712"}],"wp:featuredmedia":[{"embeddable":true,"href":"https:\/\/iumotril.org\/sitio\/wp-json\/wp\/v2\/media\/8650"}],"wp:attachment":[{"href":"https:\/\/iumotril.org\/sitio\/wp-json\/wp\/v2\/media?parent=8647"}],"wp:term":[{"taxonomy":"category","embeddable":true,"href":"https:\/\/iumotril.org\/sitio\/wp-json\/wp\/v2\/categories?post=8647"},{"taxonomy":"post_tag","embeddable":true,"href":"https:\/\/iumotril.org\/sitio\/wp-json\/wp\/v2\/tags?post=8647"}],"curies":[{"name":"wp","href":"https:\/\/api.w.org\/{rel}","templated":true}]}}