{"id":8502,"date":"2022-11-08T17:34:30","date_gmt":"2022-11-08T16:34:30","guid":{"rendered":"http:\/\/iumotril.org\/sitio\/?p=8502"},"modified":"2022-11-23T14:15:46","modified_gmt":"2022-11-23T13:15:46","slug":"garcia-chamorro-se-desentiende-de-las-necesidades-reales-de-la-ciudad-y-de-sus-vecinos-y-reafirma-su-apuesta-a-favor-de-los-poderosos","status":"publish","type":"post","link":"https:\/\/iumotril.org\/sitio\/garcia-chamorro-se-desentiende-de-las-necesidades-reales-de-la-ciudad-y-de-sus-vecinos-y-reafirma-su-apuesta-a-favor-de-los-poderosos\/","title":{"rendered":"Garc\u00eda Chamorro se desentiende de las necesidades reales de la ciudad y de sus vecinos y reafirma su apuesta a favor de los poderosos"},"content":{"rendered":"<p style=\"text-align: justify;\"><span style=\"color: #993300;\">Este \u00faltimo fin de semana el gobierno local de Luisa Garc\u00eda Chamorro ha dejado a las claras cu\u00e1les son sus prioridades. Mientras que las instalaciones de la piscina municipal estaban siendo clausuradas por inspectores de la Junta de Andaluc\u00eda debido a sus deficiencias de funcionamiento,&nbsp; a 500 metros la alcaldesa, con su s\u00e9quito, acompa\u00f1ada por un selecto grupo de autoridades, representantes de la bodega, del colectivo empresarial y de la mejor sociedad motrile\u00f1a&nbsp; inauguraba la nueva rotonda que da acceso a la reci\u00e9n estrenada Ronda Sur, que se ha dedicado a la empresa Bodegas Montero S.L, con la bendici\u00f3n por parte de un sacerdote de la instalaci\u00f3n en el acto protocolario.<\/span><\/p>\n<p style=\"text-align: justify;\">El gobierno local de Motril confirma de este modo su <strong>desinter\u00e9s por los problemas reales de los motrile\u00f1os y motrile\u00f1as<\/strong> y su apuesta por las actuaciones de imagen y propaganda con fines partidistas y en defensa de los intereses de las grandes familias y empresas, de los poderosos.<\/p>\n<p style=\"text-align: justify;\">Mientras que la alcaldesa participaba en <strong>un responso<\/strong>, el \u00c1rea de Deportes municipal comunicaba a la federaci\u00f3n que no se podr\u00eda llevar a cabo la competici\u00f3n provincial programada para el d\u00eda siguiente.<\/p>\n<p style=\"text-align: justify;\">De este modo, la desidia del gobierno local dejaba en la estacada el esfuerzo y la ilusi\u00f3n de los <a href=\"https:\/\/www.granadahoy.com\/provincia\/Ayuntamiento-Motril-piscina-municipal-suspendida-competicion-deportiva-problemas-climatizacion_0_1736527297.html\"><strong>200 j\u00f3venes deportistas<\/strong><\/a> que confiaban en competir en dichas pruebas, adem\u00e1s de situar al Ayuntamiento de Motril como una instituci\u00f3n no confiable.<\/p>\n<p style=\"text-align: justify;\">Desde hace tiempo las instalaciones de la piscina municipal reclaman una <strong>intervenci\u00f3n estructural<\/strong> para su mejora y acondicionamiento, como ha venido denunciado este Grupo municipal.<\/p>\n<p style=\"text-align: justify;\">La portavoz de IU-Equo ha se\u00f1alado que, a pesar de que se cuenta con la <strong>financiaci\u00f3n suficiente,<\/strong> procedente de fondos europeos obtenidos por el anterior equipo de gobierno, las actuaciones necesarias no se han llevado a cabo por diversas circunstancias, seg\u00fan los responsables del \u00c1rea. De esta manera, <strong>durante los tres \u00faltimos a\u00f1os<\/strong>, la piscina ha permanecido durante m\u00e1s tiempo cerrada que abierta debido a sus m\u00faltiples incidencias.<\/p>\n<p style=\"text-align: justify;\">Inma Omiste ha criticado el <strong>\u201ccinismo\u201d de la alcaldesa,<\/strong> que pide disculpas apelando a la \u201cherencia recibida\u201d, lo que pone de manifiesto, adem\u00e1s, la incompetencia de su multitudinario gobierno \u2013\u201315 miembros\u2013\u2013 que, seg\u00fan mantiene, lleva trabajando desde el minuto cero para el arreglo de la instalaci\u00f3n, con los resultados que hemos podido comprobar.<\/p>\n<figure id=\"attachment_8501\" aria-describedby=\"caption-attachment-8501\" style=\"width: 1600px\" class=\"wp-caption aligncenter\"><img loading=\"lazy\" decoding=\"async\" data-attachment-id=\"8501\" data-permalink=\"https:\/\/iumotril.org\/sitio\/garcia-chamorro-se-desentiende-de-las-necesidades-reales-de-la-ciudad-y-de-sus-vecinos-y-reafirma-su-apuesta-a-favor-de-los-poderosos\/inma-8-noviembre\/\" data-orig-file=\"https:\/\/iumotril.org\/sitio\/wp-content\/uploads\/2022\/11\/Inma-8-noviembre.jpg\" data-orig-size=\"1600,1200\" data-comments-opened=\"1\" data-image-meta=\"{&quot;aperture&quot;:&quot;0&quot;,&quot;credit&quot;:&quot;&quot;,&quot;camera&quot;:&quot;&quot;,&quot;caption&quot;:&quot;&quot;,&quot;created_timestamp&quot;:&quot;0&quot;,&quot;copyright&quot;:&quot;&quot;,&quot;focal_length&quot;:&quot;0&quot;,&quot;iso&quot;:&quot;0&quot;,&quot;shutter_speed&quot;:&quot;0&quot;,&quot;title&quot;:&quot;&quot;,&quot;orientation&quot;:&quot;0&quot;}\" data-image-title=\"Inma 8 noviembre\" data-image-description=\"\" data-image-caption=\"\" data-large-file=\"https:\/\/iumotril.org\/sitio\/wp-content\/uploads\/2022\/11\/Inma-8-noviembre-1024x768.jpg\" class=\"wp-image-8501 size-full\" src=\"https:\/\/iumotril.org\/sitio\/wp-content\/uploads\/2022\/11\/Inma-8-noviembre.jpg\" alt=\"\" width=\"1600\" height=\"1200\" srcset=\"https:\/\/iumotril.org\/sitio\/wp-content\/uploads\/2022\/11\/Inma-8-noviembre.jpg 1600w, https:\/\/iumotril.org\/sitio\/wp-content\/uploads\/2022\/11\/Inma-8-noviembre-300x225.jpg 300w, https:\/\/iumotril.org\/sitio\/wp-content\/uploads\/2022\/11\/Inma-8-noviembre-1024x768.jpg 1024w, https:\/\/iumotril.org\/sitio\/wp-content\/uploads\/2022\/11\/Inma-8-noviembre-768x576.jpg 768w, https:\/\/iumotril.org\/sitio\/wp-content\/uploads\/2022\/11\/Inma-8-noviembre-1536x1152.jpg 1536w\" sizes=\"auto, (max-width: 1600px) 100vw, 1600px\" \/><figcaption id=\"caption-attachment-8501\" class=\"wp-caption-text\">Inma Omiste, portavoz de IU-Equo<\/figcaption><\/figure>\n<p style=\"text-align: justify;\">\u201cLa principal herencia recibida por Luisa Garc\u00eda Chamorro en este asunto \u2013\u2013ha afirmado Omiste\u2013\u2013 son los <strong>400. 000 euros de financiaci\u00f3n<\/strong> de fondos EDUSI para la climatizaci\u00f3n y acondicionamiento de la piscina municipal que Garc\u00eda Chamorro no ha sabido, o no ha querido ejecutar.<\/p>\n<p style=\"text-align: justify;\">La dirigente de la formaci\u00f3n de izquierdas ha recordado a la alcaldesa que el que fuera responsable del \u00c1rea de Deportes municipal desde 2016, es uno de los miembros de su equipo de gobierno, se\u00f1alando que, de este modo, est\u00e1 desviando hacia su socio preferente, el PMAS, el foco de la responsabilidad de la inacci\u00f3n municipal para solucionar los muchos problemas de la piscina.<\/p>\n<p style=\"text-align: justify;\">Pero, seg\u00fan Inma Omiste,&nbsp; \u201cla \u00fanica y principal responsable de esta situaci\u00f3n y del deterioro de las instalaciones deportivas municipales es Luisa Garc\u00eda Chamorro y el Partido Popular de Motril\u201d.<\/p>\n<p style=\"text-align: justify;\">Desde IU-Equo se viene reclamando reiteradamente desde hace tiempo un <strong>plan de mantenimiento de las instalaciones deportivas municipales<\/strong> real y efectivo, y que se cumpla para que estas situaciones no se vuelvan a producir.<\/p>\n<p style=\"text-align: justify;\">Inma Omiste ha manifestado la \u201cinquietud\u00bb de su formaci\u00f3n por el inexorable <strong>deterioro de las instalaciones deportivas municipales<\/strong> que, al ser el Partido Popular su principal responsable, pueden estar abriendo la hoja de ruta de nuevas <strong>privatizaciones de servicios p\u00fablicos<\/strong> municipales.<\/p>\n<p style=\"text-align: justify;\">Para la la portavoz de IU-Equo es llamativo que sean las actuaciones relacionadas con pol\u00edticas de car\u00e1cter social, m\u00e1s vinculadas a los servicios a la ciudadan\u00eda, las que, a pesar de contar con financiaci\u00f3n, se quedan en el vag\u00f3n de cola de las prioridades del gobierno del Partido Popular y de la alcaldesa Garc\u00eda Chamorro.<\/p>\n<p style=\"text-align: justify;\">Entre otros, adem\u00e1s de las instalaciones deportivas, el <a href=\"https:\/\/iumotril.org\/sitio\/iu-equo-exige-la-inmediata-apertura-del-centro-de-servicios-sociales-del-barrio-de-san-antonio\/\">Centro de Servicios Sociales<\/a> de la zona Norte, la construcci\u00f3n de un nuevo Centro Joven o las actuaciones de mejora de la <strong>Charca de Su\u00e1rez.<\/strong><\/p>\n<p style=\"text-align: justify;\">Sin embargo, los grandes proyectos que tanto gustan a la alcaldesa y que, seg\u00fan ella, todos tienen trascendencia hist\u00f3rica, se acometen y resuelven con diligencia y prontitud. Es el caso de esta <strong>Ronda Sur<\/strong>, una v\u00eda de comunicaci\u00f3n necesaria y bienvenida, pero cuya financiaci\u00f3n est\u00e1 lastrando la realizaci\u00f3n de otro tipo de actuaciones.<\/p>\n","protected":false},"excerpt":{"rendered":"<p>El gobierno local de Motril confirma de este modo su desinter\u00e9s por los problemas reales de los motrile\u00f1os y motrile\u00f1as y su apuesta por las actuaciones de imagen y propaganda con fines partidistas y en defensa de los intereses de las grandes familias y empresas, de los poderosos.<\/p>\n<p>Mientras que la alcaldesa participaba en un responso, el \u00c1rea de Deportes municipal comunicaba a la federaci\u00f3n que no se podr\u00eda llevar a cabo la competici\u00f3n provincial programada para el d\u00eda siguiente.<\/p>\n<p>De este modo, la desidia del gobierno local dejaba en la estacada el esfuerzo y la ilusi\u00f3n de los 200 j\u00f3venes deportistas que confiaban en competir en dichas pruebas, adem\u00e1s de situar al Ayuntamiento de Motril como una instituci\u00f3n no confiable.<\/p>\n<p>Desde hace tiempo las instalaciones de la piscina municipal reclaman una intervenci\u00f3n estructural para su mejora y acondicionamiento, como ha venido denunciado este Grupo municipal.<\/p>\n<p>La portavoz de IU-Equo ha se\u00f1alado que, a pesar de que se cuenta con la financiaci\u00f3n suficiente, procedente de fondos europeos obtenidos por el anterior equipo de gobierno, las actuaciones necesarias no se han llevado a cabo por diversas circunstancias, seg\u00fan los responsables del \u00c1rea. De esta manera, durante los tres \u00faltimos a\u00f1os, la piscina ha permanecido durante m\u00e1s tiempo cerrada que abierta debido a sus m\u00faltiples incidencias.<\/p>\n<p>Inma Omiste ha criticado el \u201ccinismo\u201d de la alcaldesa, que pide disculpas apelando a la \u201cherencia recibida\u201d, lo que pone de manifiesto, adem\u00e1s, la incompetencia de su multitudinario gobierno \u2013\u201315 miembros\u2013\u2013 que, seg\u00fan mantiene, lleva trabajando desde el minuto cero para el arreglo de la instalaci\u00f3n, con los resultados que hemos podido comprobar.<\/p>\n","protected":false},"author":1,"featured_media":8660,"comment_status":"open","ping_status":"open","sticky":false,"template":"","format":"standard","meta":{"cybocfi_hide_featured_image":"","_jetpack_newsletter_access":"","_jetpack_dont_email_post_to_subs":false,"_jetpack_newsletter_tier_id":0,"_jetpack_memberships_contains_paywalled_content":false,"_jetpack_memberships_contains_paid_content":false,"footnotes":""},"categories":[265],"tags":[641,564,1859,1629,1723],"class_list":["post-8502","post","type-post","status-publish","format-standard","has-post-thumbnail","hentry","category-esta-pasando","tag-cinismo-pp","tag-deficiencias","tag-herencia-recibida","tag-instalaciones-deportivas","tag-piscina-municipal"],"jetpack_featured_media_url":"https:\/\/iumotril.org\/sitio\/wp-content\/uploads\/2022\/11\/Piscina-municipal.jpg","jetpack_sharing_enabled":true,"jetpack_shortlink":"https:\/\/wp.me\/p4QsU5-2d8","jetpack-related-posts":[{"id":9780,"url":"https:\/\/iumotril.org\/sitio\/iu-verdes-equo-denuncia-la-desidia-e-incapacidad-del-gobierno-local-para-poner-en-funcionamiento-la-piscina-municipal\/","url_meta":{"origin":8502,"position":0},"title":"IU VERDES EQUO denuncia la desidia e incapacidad del gobierno local para poner en funcionamiento la piscina municipal","author":"Izquierda Unida Motril","date":"9 febrero, 2024","format":false,"excerpt":"Denuncia Inma Omiste que la situaci\u00f3n de la piscina municipal es una muestra m\u00e1s de la \u201cdesastrosa gesti\u00f3n\u201d que est\u00e1n llevando a cabo las derechas motrile\u00f1as de los asuntos municipales, sobre todo de aquellos que m\u00e1s directamente incumben a la ciudadan\u00eda. El \u201cdesmantelamiento de los servicios municipales\u201d es la se\u00f1a\u2026","rel":"","context":"En \u00abAyuntamiento\u00bb","block_context":{"text":"Ayuntamiento","link":"https:\/\/iumotril.org\/sitio\/category\/ayuntamiento\/"},"img":{"alt_text":"","src":"https:\/\/i0.wp.com\/iumotril.org\/sitio\/wp-content\/uploads\/2024\/02\/avanzan-las-obras-de-la-piscina-municipal-de-motril-resolviendo-por-fin-un-problema-historico.jpg?resize=350%2C200&ssl=1","width":350,"height":200,"srcset":"https:\/\/i0.wp.com\/iumotril.org\/sitio\/wp-content\/uploads\/2024\/02\/avanzan-las-obras-de-la-piscina-municipal-de-motril-resolviendo-por-fin-un-problema-historico.jpg?resize=350%2C200&ssl=1 1x, https:\/\/i0.wp.com\/iumotril.org\/sitio\/wp-content\/uploads\/2024\/02\/avanzan-las-obras-de-la-piscina-municipal-de-motril-resolviendo-por-fin-un-problema-historico.jpg?resize=525%2C300&ssl=1 1.5x"},"classes":[]},{"id":8371,"url":"https:\/\/iumotril.org\/sitio\/para-iu-equo-la-oferta-de-escuelas-deportivas-municipales-es-claramente-insuficiente\/","url_meta":{"origin":8502,"position":1},"title":"Para IU-Equo la oferta de escuelas deportivas municipales es claramente insuficiente","author":"Izquierda Unida Motril","date":"16 septiembre, 2022","format":false,"excerpt":"Desde el Grupo Municipal de IU-Equo se considera que la mala gesti\u00f3n de la alcaldesa Luisa Garc\u00eda Chamorro ha alcanzado, tambi\u00e9n, a las actividades del \u00c1rea de Deportes municipal, haci\u00e9ndose notar, fundamentalmente, en los d\u00e9ficits de personal, concretados en falta de monitores deportivos y de conserjes para\u00a0 atender las instalaciones\u2026","rel":"","context":"En \u00abEST\u00c1 PASANDO\u00bb","block_context":{"text":"EST\u00c1 PASANDO","link":"https:\/\/iumotril.org\/sitio\/category\/esta-pasando\/"},"img":{"alt_text":"","src":"https:\/\/i0.wp.com\/iumotril.org\/sitio\/wp-content\/uploads\/2022\/09\/Inma-Escuelas-deportivas-16-septiembre.jpg?resize=350%2C200","width":350,"height":200,"srcset":"https:\/\/i0.wp.com\/iumotril.org\/sitio\/wp-content\/uploads\/2022\/09\/Inma-Escuelas-deportivas-16-septiembre.jpg?resize=350%2C200 1x, https:\/\/i0.wp.com\/iumotril.org\/sitio\/wp-content\/uploads\/2022\/09\/Inma-Escuelas-deportivas-16-septiembre.jpg?resize=525%2C300 1.5x, https:\/\/i0.wp.com\/iumotril.org\/sitio\/wp-content\/uploads\/2022\/09\/Inma-Escuelas-deportivas-16-septiembre.jpg?resize=700%2C400 2x"},"classes":[]},{"id":9038,"url":"https:\/\/iumotril.org\/sitio\/iu-equo-acusa-al-gobierno-local-de-despreciar-oportunidades-para-mejorar-motril-y-la-calidad-de-vida-de-sus-vecinos\/","url_meta":{"origin":8502,"position":2},"title":"IU-Equo acusa al gobierno local de despreciar oportunidades para mejorar Motril y la calidad de vida de sus vecinos","author":"Izquierda Unida Motril","date":"19 abril, 2023","format":false,"excerpt":"El concejal y portavoz de la formaci\u00f3n de izquierdas, Jose Garc\u00eda Llorente, ha reprobado la inacci\u00f3n del gobierno local para abordar proyectos estrat\u00e9gicos en la ciudad, como s\u00ed est\u00e1n haciendo otras localidades, como Salobre\u00f1a, que ha obtenido \u00a0714 mil euros para la mejora y rehabilitaci\u00f3n energ\u00e9tica del edificio del Ayuntamiento.\u2026","rel":"","context":"En \u00abAyuntamiento\u00bb","block_context":{"text":"Ayuntamiento","link":"https:\/\/iumotril.org\/sitio\/category\/ayuntamiento\/"},"img":{"alt_text":"","src":"https:\/\/i0.wp.com\/iumotril.org\/sitio\/wp-content\/uploads\/2023\/04\/Plan-Recuperacion.png?resize=350%2C200&ssl=1","width":350,"height":200,"srcset":"https:\/\/i0.wp.com\/iumotril.org\/sitio\/wp-content\/uploads\/2023\/04\/Plan-Recuperacion.png?resize=350%2C200&ssl=1 1x, https:\/\/i0.wp.com\/iumotril.org\/sitio\/wp-content\/uploads\/2023\/04\/Plan-Recuperacion.png?resize=525%2C300&ssl=1 1.5x, https:\/\/i0.wp.com\/iumotril.org\/sitio\/wp-content\/uploads\/2023\/04\/Plan-Recuperacion.png?resize=700%2C400&ssl=1 2x, https:\/\/i0.wp.com\/iumotril.org\/sitio\/wp-content\/uploads\/2023\/04\/Plan-Recuperacion.png?resize=1050%2C600&ssl=1 3x, https:\/\/i0.wp.com\/iumotril.org\/sitio\/wp-content\/uploads\/2023\/04\/Plan-Recuperacion.png?resize=1400%2C800&ssl=1 4x"},"classes":[]},{"id":10124,"url":"https:\/\/iumotril.org\/sitio\/el-gobierno-de-garcia-chamorro-esta-liquidando-el-area-de-deportes-municipal\/","url_meta":{"origin":8502,"position":3},"title":"El gobierno de Garc\u00eda Chamorro est\u00e1 liquidando el \u00c1rea de municipal de Deportes","author":"Izquierda Unida Motril","date":"24 septiembre, 2024","format":false,"excerpt":"A pesar de los anuncios y compromisos de la alcaldesa y del responsable del \u00c1rea, la piscina sigue cerrada, sin posibilidad de realizar inscripciones obligando a los usuarios a buscar alternativas, principalmente en instalaciones privadas, ya que no existe ninguna alternativa p\u00fablica para esta pr\u00e1ctica deportiva. Asimismo, Omiste ha denunciado\u2026","rel":"","context":"En \u00abAyuntamiento\u00bb","block_context":{"text":"Ayuntamiento","link":"https:\/\/iumotril.org\/sitio\/category\/ayuntamiento\/"},"img":{"alt_text":"","src":"https:\/\/i0.wp.com\/iumotril.org\/sitio\/wp-content\/uploads\/2024\/09\/Area-deportes.-jpeg.jpeg?resize=350%2C200&ssl=1","width":350,"height":200,"srcset":"https:\/\/i0.wp.com\/iumotril.org\/sitio\/wp-content\/uploads\/2024\/09\/Area-deportes.-jpeg.jpeg?resize=350%2C200&ssl=1 1x, https:\/\/i0.wp.com\/iumotril.org\/sitio\/wp-content\/uploads\/2024\/09\/Area-deportes.-jpeg.jpeg?resize=525%2C300&ssl=1 1.5x, https:\/\/i0.wp.com\/iumotril.org\/sitio\/wp-content\/uploads\/2024\/09\/Area-deportes.-jpeg.jpeg?resize=700%2C400&ssl=1 2x, https:\/\/i0.wp.com\/iumotril.org\/sitio\/wp-content\/uploads\/2024\/09\/Area-deportes.-jpeg.jpeg?resize=1050%2C600&ssl=1 3x"},"classes":[]},{"id":9181,"url":"https:\/\/iumotril.org\/sitio\/inma-omiste-iu-equo-denuncia-la-insuficiencia-de-plazas-en-la-escuela-de-verano-municipal\/","url_meta":{"origin":8502,"position":4},"title":"Inma Omiste (IU-Equo) denuncia la insuficiencia de plazas en la Escuela de verano municipal","author":"Izquierda Unida Motril","date":"10 mayo, 2023","format":false,"excerpt":"Omiste ha reivindicado la iniciativa de la Escuela de Verano, puesta en marcha por su formaci\u00f3n hace a\u00f1os, dando respuesta a la importante demanda social existente por parte de las familias para conciliar la vida familiar durante el per\u00edodo estival.\u00a0 Esas Escuelas de verano llegaron a tener, en su momento,\u2026","rel":"","context":"En \u00abEST\u00c1 PASANDO\u00bb","block_context":{"text":"EST\u00c1 PASANDO","link":"https:\/\/iumotril.org\/sitio\/category\/esta-pasando\/"},"img":{"alt_text":"","src":"https:\/\/i0.wp.com\/iumotril.org\/sitio\/wp-content\/uploads\/2023\/05\/Rueda-de-prensa-10-de-mayo.jpg?resize=350%2C200&ssl=1","width":350,"height":200,"srcset":"https:\/\/i0.wp.com\/iumotril.org\/sitio\/wp-content\/uploads\/2023\/05\/Rueda-de-prensa-10-de-mayo.jpg?resize=350%2C200&ssl=1 1x, https:\/\/i0.wp.com\/iumotril.org\/sitio\/wp-content\/uploads\/2023\/05\/Rueda-de-prensa-10-de-mayo.jpg?resize=525%2C300&ssl=1 1.5x, https:\/\/i0.wp.com\/iumotril.org\/sitio\/wp-content\/uploads\/2023\/05\/Rueda-de-prensa-10-de-mayo.jpg?resize=700%2C400&ssl=1 2x"},"classes":[]},{"id":9461,"url":"https:\/\/iumotril.org\/sitio\/el-gobierno-de-garcia-chamorro-se-desentiende-de-las-obras-de-los-nuevos-vestuarios-del-campo-de-futbol-de-el-varadero-despues-de-anunciar-su-finalizacion-para-el-mes-de-junio\/","url_meta":{"origin":8502,"position":5},"title":"El gobierno de Garc\u00eda Chamorro se desentiende de las obras de los nuevos vestuarios del campo de f\u00fatbol de El Varadero, despu\u00e9s de anunciar su finalizaci\u00f3n para el mes de junio","author":"Izquierda Unida Motril","date":"6 octubre, 2023","format":false,"excerpt":"Como siempre, los perjudicados de este desprop\u00f3sito son, una vez m\u00e1s los vecinos del barrio, en este caso los m\u00e1s de 450 personas, en su mayor\u00eda ni\u00f1os y ni\u00f1as que practican deporte en esas instalaciones deportivas, adem\u00e1s de los jugadores del Puerto de Motril CF que utiliza las instalaciones para\u2026","rel":"","context":"En \u00abCiudad\u00bb","block_context":{"text":"Ciudad","link":"https:\/\/iumotril.org\/sitio\/category\/ciudad\/"},"img":{"alt_text":"","src":"https:\/\/i0.wp.com\/iumotril.org\/sitio\/wp-content\/uploads\/2023\/10\/Vestuarios-Varadero.jpg?resize=350%2C200&ssl=1","width":350,"height":200,"srcset":"https:\/\/i0.wp.com\/iumotril.org\/sitio\/wp-content\/uploads\/2023\/10\/Vestuarios-Varadero.jpg?resize=350%2C200&ssl=1 1x, https:\/\/i0.wp.com\/iumotril.org\/sitio\/wp-content\/uploads\/2023\/10\/Vestuarios-Varadero.jpg?resize=525%2C300&ssl=1 1.5x, https:\/\/i0.wp.com\/iumotril.org\/sitio\/wp-content\/uploads\/2023\/10\/Vestuarios-Varadero.jpg?resize=700%2C400&ssl=1 2x, https:\/\/i0.wp.com\/iumotril.org\/sitio\/wp-content\/uploads\/2023\/10\/Vestuarios-Varadero.jpg?resize=1050%2C600&ssl=1 3x, https:\/\/i0.wp.com\/iumotril.org\/sitio\/wp-content\/uploads\/2023\/10\/Vestuarios-Varadero.jpg?resize=1400%2C800&ssl=1 4x"},"classes":[]}],"jetpack_likes_enabled":true,"_links":{"self":[{"href":"https:\/\/iumotril.org\/sitio\/wp-json\/wp\/v2\/posts\/8502","targetHints":{"allow":["GET"]}}],"collection":[{"href":"https:\/\/iumotril.org\/sitio\/wp-json\/wp\/v2\/posts"}],"about":[{"href":"https:\/\/iumotril.org\/sitio\/wp-json\/wp\/v2\/types\/post"}],"author":[{"embeddable":true,"href":"https:\/\/iumotril.org\/sitio\/wp-json\/wp\/v2\/users\/1"}],"replies":[{"embeddable":true,"href":"https:\/\/iumotril.org\/sitio\/wp-json\/wp\/v2\/comments?post=8502"}],"version-history":[{"count":3,"href":"https:\/\/iumotril.org\/sitio\/wp-json\/wp\/v2\/posts\/8502\/revisions"}],"predecessor-version":[{"id":8672,"href":"https:\/\/iumotril.org\/sitio\/wp-json\/wp\/v2\/posts\/8502\/revisions\/8672"}],"wp:featuredmedia":[{"embeddable":true,"href":"https:\/\/iumotril.org\/sitio\/wp-json\/wp\/v2\/media\/8660"}],"wp:attachment":[{"href":"https:\/\/iumotril.org\/sitio\/wp-json\/wp\/v2\/media?parent=8502"}],"wp:term":[{"taxonomy":"category","embeddable":true,"href":"https:\/\/iumotril.org\/sitio\/wp-json\/wp\/v2\/categories?post=8502"},{"taxonomy":"post_tag","embeddable":true,"href":"https:\/\/iumotril.org\/sitio\/wp-json\/wp\/v2\/tags?post=8502"}],"curies":[{"name":"wp","href":"https:\/\/api.w.org\/{rel}","templated":true}]}}