{"id":8456,"date":"2022-10-13T12:04:50","date_gmt":"2022-10-13T10:04:50","guid":{"rendered":"http:\/\/iumotril.org\/sitio\/?p=8456"},"modified":"2022-10-13T18:17:55","modified_gmt":"2022-10-13T16:17:55","slug":"iu-equo-denuncia-que-el-gobierno-local-de-motril-sigue-desmantelando-servicios-publicos-municipales","status":"publish","type":"post","link":"https:\/\/iumotril.org\/sitio\/iu-equo-denuncia-que-el-gobierno-local-de-motril-sigue-desmantelando-servicios-publicos-municipales\/","title":{"rendered":"IU-Equo denuncia que el gobierno local de Motril sigue desmantelando servicios p\u00fablicos municipales"},"content":{"rendered":"<p style=\"text-align: justify; padding-left: 40px;\"><span style=\"font-weight: 400; color: #993300;\">Con la direcci\u00f3n del PP y de su presidenta, Luisa Garc\u00eda Chamorro, el gobierno local sigue en la tarea de acabar con los servicios p\u00fablicos que inici\u00f3 cuando lleg\u00f3 a la alcald\u00eda hace m\u00e1s de tres a\u00f1os.<\/span><\/p>\n<p style=\"text-align: justify; padding-left: 40px;\"><span style=\"font-weight: 400; color: #993300;\">Mientras que la plantilla est\u00e1 bajo m\u00ednimos, con importantes deficiencias en todas las \u00c1reas municipales, el Ayuntamiento saca a licitaci\u00f3n p\u00fablica la contrataci\u00f3n de servicios de limpieza de espacios p\u00fablicos urbanos, el mantenimiento del alumbrado p\u00fablico y la limpieza del mercado municipal, tres contrataciones que suponen un gasto de 394.417 euros.<\/span><\/p>\n<p style=\"text-align: justify;\"><span style=\"font-weight: 400;\">El gobierno de las derechas de Motril da otra vuelta de tuerca a la <strong>privatizaci\u00f3n municipal<\/strong>, poniendo en manos de empresas privadas servicios municipales que deber\u00edan ser prestados de forma directa por el Ayuntamiento.<\/span><\/p>\n<p style=\"text-align: justify;\"><span style=\"font-weight: 400;\">Durante su mandato, Garcia Chamorro <a href=\"https:\/\/iumotril.org\/sitio\/izquierda-unida-reclama-la-recuperacion-de-los-servicios-municipales-privatizados\/\">ha entregado<\/a> a grandes empresas <strong>contratos de limpieza, de parques y jardines y de mantenimiento de la ciudad<\/strong>, entre otros.\u00a0<\/span><\/p>\n<p style=\"text-align: justify;\"><span style=\"font-weight: 400;\">El concejal de la formaci\u00f3n, Jose LLorente, ha advertido de que la pol\u00edtica de externalizaciones llevada a cabo por Garc\u00eda Chamorro est\u00e1 beneficiando a grandes empresas del sector de \u00e1mbito nacional, <strong>excluyendo a las empresas de car\u00e1cter local<\/strong> que dif\u00edcilmente pueden competir con esas corporaciones.<\/span><\/p>\n<figure id=\"attachment_8459\" aria-describedby=\"caption-attachment-8459\" style=\"width: 768px\" class=\"wp-caption aligncenter\"><img loading=\"lazy\" decoding=\"async\" data-attachment-id=\"8459\" data-permalink=\"https:\/\/iumotril.org\/sitio\/iu-equo-denuncia-que-el-gobierno-local-de-motril-sigue-desmantelando-servicios-publicos-municipales\/photo-2022-10-13-10-08-08\/\" data-orig-file=\"https:\/\/iumotril.org\/sitio\/wp-content\/uploads\/2022\/10\/PHOTO-2022-10-13-10-08-08.jpg\" data-orig-size=\"768,1024\" data-comments-opened=\"1\" data-image-meta=\"{&quot;aperture&quot;:&quot;0&quot;,&quot;credit&quot;:&quot;&quot;,&quot;camera&quot;:&quot;&quot;,&quot;caption&quot;:&quot;&quot;,&quot;created_timestamp&quot;:&quot;0&quot;,&quot;copyright&quot;:&quot;&quot;,&quot;focal_length&quot;:&quot;0&quot;,&quot;iso&quot;:&quot;0&quot;,&quot;shutter_speed&quot;:&quot;0&quot;,&quot;title&quot;:&quot;&quot;,&quot;orientation&quot;:&quot;0&quot;}\" data-image-title=\"PHOTO-2022-10-13-10-08-08\" data-image-description=\"\" data-image-caption=\"\" data-large-file=\"https:\/\/iumotril.org\/sitio\/wp-content\/uploads\/2022\/10\/PHOTO-2022-10-13-10-08-08.jpg\" class=\"wp-image-8459 size-full\" src=\"https:\/\/iumotril.org\/sitio\/wp-content\/uploads\/2022\/10\/PHOTO-2022-10-13-10-08-08.jpg\" alt=\"\" width=\"768\" height=\"1024\" srcset=\"https:\/\/iumotril.org\/sitio\/wp-content\/uploads\/2022\/10\/PHOTO-2022-10-13-10-08-08.jpg 768w, https:\/\/iumotril.org\/sitio\/wp-content\/uploads\/2022\/10\/PHOTO-2022-10-13-10-08-08-225x300.jpg 225w\" sizes=\"auto, (max-width: 768px) 100vw, 768px\" \/><figcaption id=\"caption-attachment-8459\" class=\"wp-caption-text\">Jose G. Llorente, concejal de IU-Equo<\/figcaption><\/figure>\n<p style=\"text-align: justify;\"><span style=\"font-weight: 400;\">Seg\u00fan el edil de IU-Equo, resulta parad\u00f3jico que el Ayuntamiento pueda gastar casi <strong>400 mil euros<\/strong> en <a href=\"https:\/\/contrataciondelestado.es\/wps\/portal\/!ut\/p\/b1\/jY_LDoIwEEW_yMzY0gJLLBQwRBAEbTeGhVESHhvj91sJWyqzm8y5OXNBg9p5jHH0HA430GP76Z7tu5vGtv_tmt-DJjoHqU8xLosIyaF0uSNzikgMoAzgRLkQMiHoVTREkoV1zROzxmTOr57ZkmdUOM2xKXiVxohpIsOs3jMT59v8uDIBbvNbgD_-K2i7giyAreIM2DrYv0A4JdPwAGUwdxWLES6gBAy6l1L6aVe8pi_L4gYG\/dl4\/d5\/L2dBISEvZ0FBIS9nQSEh\/pw\/Z7_AVEQAI930GRPE02BR764FO30G0\/act\/id=0\/p=javax.servlet.include.path_info=QCPjspQCPUOEPerfilCompDetalle.jsp\/526906613262\/-\/\">contratar a empresas privadas<\/a> para atender servicios municipales, pero no pueda contratar, a trav\u00e9s de la correspondiente oferta p\u00fablica de empleo, a jardineros, personal de limpieza, electricistas, fontaneros o alba\u00f1iles para gestionar directamente esos servicios.<\/span><\/p>\n<p style=\"text-align: justify;\"><span style=\"font-weight: 400;\">Sostienen desde IU-Equo que los servicios que debe\u00a0 prestar el ayuntamiento, entre otros la limpieza viaria, la de edificios y dependencias municipales y el alumbrado p\u00fablico, tienen car\u00e1cter esencial, porque no se puede prescindir de ellos en la vida diaria. Todos ellos deben ser <strong>gestionados de manera directa<\/strong> por parte de los ayuntamientos.<\/span><\/p>\n<p style=\"text-align: justify;\"><span style=\"font-weight: 400;\">IU-EQuo rechaza radicalmente la pretendida eficacia y rentabilidad de la gesti\u00f3n privada de los servicios p\u00fablicos, en t\u00e9rminos econ\u00f3micos y, a\u00fan m\u00e1s, en t\u00e9rminos sociales.\u00a0<\/span><\/p>\n<p style=\"text-align: justify;\"><span style=\"font-weight: 400;\">Ha reclamado la realizaci\u00f3n de una <strong>auditor\u00eda independiente de costes econ\u00f3micos y sociales<\/strong> de los servicios p\u00fablicos externalizados y de la gesti\u00f3n directa por parte del ayuntamiento de dichos servicios.<\/span><\/p>\n<p style=\"text-align: justify;\"><span style=\"font-weight: 400;\">El concejal de IU_Equo ha manifestado el compromiso p\u00fablico de su formaci\u00f3n, cuando tenga responsabilidades de gobierno, de <strong>no volver a licitar ni sacar a concurso servicios municipales<\/strong> que puedan ser prestados de forma directa.<\/span><\/p>\n<p style=\"text-align: justify;\"><span style=\"font-weight: 400;\">Igualmente, se ha comprometido a la municipalizaci\u00f3n y <strong>gesti\u00f3n directa de los servicios p\u00fablicos externalizados<\/strong> cuyo vencimiento contractual se produzca o cuya viabilidad econ\u00f3mica lo permita.<\/span><\/p>\n<div style=\"width: 640px;\" class=\"wp-video\"><video class=\"wp-video-shortcode\" id=\"video-8456-1\" width=\"640\" height=\"427\" preload=\"metadata\" controls=\"controls\"><source type=\"video\/mp4\" src=\"https:\/\/iumotril.org\/sitio\/wp-content\/uploads\/2022\/10\/VIDEO-2022-10-13-17-52-06.mp4?_=1\" \/><a href=\"https:\/\/iumotril.org\/sitio\/wp-content\/uploads\/2022\/10\/VIDEO-2022-10-13-17-52-06.mp4\">https:\/\/iumotril.org\/sitio\/wp-content\/uploads\/2022\/10\/VIDEO-2022-10-13-17-52-06.mp4<\/a><\/video><\/div>\n","protected":false},"excerpt":{"rendered":"<p>Mientras que la plantilla est\u00e1 bajo m\u00ednimos, con importantes deficiencias en todas las \u00c1reas municipales, el Ayuntamiento saca a licitaci\u00f3n p\u00fablica la contrataci\u00f3n de servicios de limpieza de espacios p\u00fablicos urbanos, el mantenimiento del alumbrado p\u00fablico y la limpieza del mercado municipal, tres contrataciones que suponen un gasto de 394.417 euros.<br \/>\nSeg\u00fan el edil de IU-Equo, resulta parad\u00f3jico que el Ayuntamiento pueda gastar casi 400 mil euros en contratar a empresas privadas para atender servicios municipales, pero no pueda contratar, a trav\u00e9s de la correspondiente oferta p\u00fablica de empleo, a jardineros, personal de limpieza, electricistas, fontaneros o alba\u00f1iles para gestionar directamente esos servicios.<\/p>\n<p>Sostienen desde IU-Equo que los servicios que debe\u00a0 prestar el ayuntamiento, entre otros la limpieza viaria, la de edificios y dependencias municipales y el alumbrado p\u00fablico, tienen car\u00e1cter esencial, porque no se puede prescindir de ellos en la vida diaria. Todos ellos deben ser gestionados de manera directa por parte de los ayuntamientos.<\/p>\n","protected":false},"author":1,"featured_media":0,"comment_status":"open","ping_status":"open","sticky":false,"template":"","format":"standard","meta":{"cybocfi_hide_featured_image":"","_jetpack_newsletter_access":"","_jetpack_dont_email_post_to_subs":false,"_jetpack_newsletter_tier_id":0,"_jetpack_memberships_contains_paywalled_content":false,"_jetpack_memberships_contains_paid_content":false,"footnotes":""},"categories":[1],"tags":[],"class_list":["post-8456","post","type-post","status-publish","format-standard","hentry","category-sin-categoria"],"jetpack_featured_media_url":"","jetpack_sharing_enabled":true,"jetpack_shortlink":"https:\/\/wp.me\/p4QsU5-2co","jetpack-related-posts":[{"id":10389,"url":"https:\/\/iumotril.org\/sitio\/denunciamos-que-el-gobierno-local-de-motril-continua-desmantelando-los-servicios-publicos-municipales\/","url_meta":{"origin":8456,"position":0},"title":"Denunciamos que el gobierno local de Motril contin\u00faa desmantelando los servicios p\u00fablicos municipales.","author":"Izquierda Unida Motril","date":"20 enero, 2025","format":false,"excerpt":"La direcci\u00f3n del PP y de su presidenta, Luisa Garc\u00eda Chamorro, en el gobierno local siguen en la tarea de acabar con los servicios p\u00fablicos que iniciaron cuando llegaron a la alcald\u00eda. Mientras que la plantilla municipal est\u00e1 bajo m\u00ednimos, con importantes deficiencias en todas las \u00c1reas municipales, el Ayuntamiento\u2026","rel":"","context":"En \u00abCiudad\u00bb","block_context":{"text":"Ciudad","link":"https:\/\/iumotril.org\/sitio\/category\/ciudad\/"},"img":{"alt_text":"","src":"https:\/\/i0.wp.com\/iumotril.org\/sitio\/wp-content\/uploads\/2025\/01\/inma-omiste-618x1024.jpg?resize=350%2C200&ssl=1","width":350,"height":200},"classes":[]},{"id":4801,"url":"https:\/\/iumotril.org\/sitio\/izquierda-unida-denuncia-sobrecostes-en-el-servicio-de-limpieza-municipal\/","url_meta":{"origin":8456,"position":1},"title":"Izquierda Unida denuncia sobrecostes en el servicio de limpieza municipal","author":"Izquierda Unida Motril","date":"27 marzo, 2019","format":false,"excerpt":"Rechazamos la privatizaci\u00f3n de los servicios p\u00fablicos municipales. No es la soluci\u00f3n para resolver los problemas de limpieza. Entendemos que la soluci\u00f3n pasa por dotar de los medios y recursos necesarios a las empresas p\u00fablicas para que lleven a cabo su tarea eficazmente y gestionarlas de forma profesional. Carece de\u2026","rel":"","context":"En \u00abCiudad\u00bb","block_context":{"text":"Ciudad","link":"https:\/\/iumotril.org\/sitio\/category\/ciudad\/"},"img":{"alt_text":"","src":"https:\/\/i0.wp.com\/iumotril.org\/sitio\/wp-content\/uploads\/2019\/03\/Inma-y-Jose-2_Marzo.jpg?resize=350%2C200","width":350,"height":200,"srcset":"https:\/\/i0.wp.com\/iumotril.org\/sitio\/wp-content\/uploads\/2019\/03\/Inma-y-Jose-2_Marzo.jpg?resize=350%2C200 1x, https:\/\/i0.wp.com\/iumotril.org\/sitio\/wp-content\/uploads\/2019\/03\/Inma-y-Jose-2_Marzo.jpg?resize=525%2C300 1.5x, https:\/\/i0.wp.com\/iumotril.org\/sitio\/wp-content\/uploads\/2019\/03\/Inma-y-Jose-2_Marzo.jpg?resize=700%2C400 2x, https:\/\/i0.wp.com\/iumotril.org\/sitio\/wp-content\/uploads\/2019\/03\/Inma-y-Jose-2_Marzo.jpg?resize=1050%2C600 3x, https:\/\/i0.wp.com\/iumotril.org\/sitio\/wp-content\/uploads\/2019\/03\/Inma-y-Jose-2_Marzo.jpg?resize=1400%2C800 4x"},"classes":[]},{"id":4661,"url":"https:\/\/iumotril.org\/sitio\/izquierda-unida-reclama-la-recuperacion-de-los-servicios-municipales-privatizados\/","url_meta":{"origin":8456,"position":2},"title":"Izquierda Unida reclama la recuperaci\u00f3n de los servicios municipales privatizados.","author":"Izquierda Unida Motril","date":"30 enero, 2019","format":false,"excerpt":"La portavoz adjunta del Grupo Municipal de Izquierda Unida, Inma Omiste, ha criticado la gesti\u00f3n de Flor Alm\u00f3n al frente del Ayuntamiento de Motril, que se ha desentendido de la defensa de lo p\u00fablico y ha preferido, por incompetencia y comodidad, dejar en manos privadas determinados servicios municipales, lo que\u2026","rel":"","context":"En \u00abAyuntamiento\u00bb","block_context":{"text":"Ayuntamiento","link":"https:\/\/iumotril.org\/sitio\/category\/ayuntamiento\/"},"img":{"alt_text":"","src":"https:\/\/i0.wp.com\/iumotril.org\/sitio\/wp-content\/uploads\/2019\/01\/Inma-Omiste_Servicios-p%C3%BAblicos-30-enero-1024x768.jpg?resize=350%2C200","width":350,"height":200},"classes":[]},{"id":3489,"url":"https:\/\/iumotril.org\/sitio\/el-partido-socialista-decidido-a-acabar-con-la-gestion-publica-de-los-servicios-municipales-en-motril\/","url_meta":{"origin":8456,"position":3},"title":"El Partido Socialista decidido a acabar con la gesti\u00f3n p\u00fablica de los servicios municipales en Motril","author":"Izquierda Unida Motril","date":"19 abril, 2018","format":false,"excerpt":"Daniela Paqu\u00e9 ha declarado que su formaci\u00f3n va a dedicar todos sus esfuerzos a echar democr\u00e1ticamente del Ayuntamiento de Motril a los partidos y a sus colaboradores necesarios que llevan a\u00f1os corrompiendo la instituci\u00f3n. Ello ser\u00e1 posible a trav\u00e9s de un nuevo proyecto pol\u00edtico abierto y participativo, de izquierdas, que\u2026","rel":"","context":"En \u00abEST\u00c1 PASANDO\u00bb","block_context":{"text":"EST\u00c1 PASANDO","link":"https:\/\/iumotril.org\/sitio\/category\/esta-pasando\/"},"img":{"alt_text":"","src":"https:\/\/i0.wp.com\/iumotril.org\/sitio\/wp-content\/uploads\/2018\/04\/Daniela-Paqu%C3%A9-Inma-Omiste-denuncian-privatizacion-servicios-municipales_abril-1024x497.jpg?resize=350%2C200","width":350,"height":200,"srcset":"https:\/\/i0.wp.com\/iumotril.org\/sitio\/wp-content\/uploads\/2018\/04\/Daniela-Paqu%C3%A9-Inma-Omiste-denuncian-privatizacion-servicios-municipales_abril-1024x497.jpg?resize=350%2C200 1x, https:\/\/i0.wp.com\/iumotril.org\/sitio\/wp-content\/uploads\/2018\/04\/Daniela-Paqu%C3%A9-Inma-Omiste-denuncian-privatizacion-servicios-municipales_abril-1024x497.jpg?resize=525%2C300 1.5x"},"classes":[]},{"id":8270,"url":"https:\/\/iumotril.org\/sitio\/inma-omiste-el-gobierno-local-de-garcia-chamorro-se-ha-desentendido-de-los-servicios-municipales-basicos\/","url_meta":{"origin":8456,"position":4},"title":"Inma Omiste: \u00abel gobierno local de Garc\u00eda Chamorro se ha desentendido de  los servicios municipales b\u00e1sicos","author":"Izquierda Unida Motril","date":"15 julio, 2022","format":false,"excerpt":"El deterioro de los servicios p\u00fablicos que tiene que prestar el Ayuntamiento se est\u00e1 extendiendo a diferentes \u00e1mbitos municipales, alcanzando a la limpieza y mantenimiento de la ciudad, a las playas, los parques y jardines, a la apertura de las instalaciones deportivas y dependencias municipales o al normal funcionamiento de\u2026","rel":"","context":"En \u00abCiudad\u00bb","block_context":{"text":"Ciudad","link":"https:\/\/iumotril.org\/sitio\/category\/ciudad\/"},"img":{"alt_text":"","src":"https:\/\/i0.wp.com\/iumotril.org\/sitio\/wp-content\/uploads\/2022\/07\/Inma-RP-2-scaled.jpg?resize=350%2C200","width":350,"height":200,"srcset":"https:\/\/i0.wp.com\/iumotril.org\/sitio\/wp-content\/uploads\/2022\/07\/Inma-RP-2-scaled.jpg?resize=350%2C200 1x, https:\/\/i0.wp.com\/iumotril.org\/sitio\/wp-content\/uploads\/2022\/07\/Inma-RP-2-scaled.jpg?resize=525%2C300 1.5x, https:\/\/i0.wp.com\/iumotril.org\/sitio\/wp-content\/uploads\/2022\/07\/Inma-RP-2-scaled.jpg?resize=700%2C400 2x, https:\/\/i0.wp.com\/iumotril.org\/sitio\/wp-content\/uploads\/2022\/07\/Inma-RP-2-scaled.jpg?resize=1050%2C600 3x, https:\/\/i0.wp.com\/iumotril.org\/sitio\/wp-content\/uploads\/2022\/07\/Inma-RP-2-scaled.jpg?resize=1400%2C800 4x"},"classes":[]},{"id":9857,"url":"https:\/\/iumotril.org\/sitio\/por-los-derechos-laborales-y-en-defensa-de-los-servicios-publicos-municipales\/","url_meta":{"origin":8456,"position":5},"title":"Por los derechos laborales y en defensa de los servicios p\u00fablicos municipales","author":"Izquierda Unida Motril","date":"12 marzo, 2024","format":false,"excerpt":"Se hace necesario que la ciudadan\u00eda motrile\u00f1a salga a la calle en defensa de los intereses de los trabajadores dando una respuesta rotunda a la actuaci\u00f3n de Aguas y Servicios que mantiene bloqueada de facto la negociaci\u00f3n del convenio colectivo y a la decisi\u00f3n adoptada por el gobierno municipal de\u2026","rel":"","context":"En \u00abAyuntamiento\u00bb","block_context":{"text":"Ayuntamiento","link":"https:\/\/iumotril.org\/sitio\/category\/ayuntamiento\/"},"img":{"alt_text":"","src":"https:\/\/i0.wp.com\/iumotril.org\/sitio\/wp-content\/uploads\/2024\/03\/d9efe014-f783-40bb-a21e-1c388f223118.jpg?resize=350%2C200&ssl=1","width":350,"height":200,"srcset":"https:\/\/i0.wp.com\/iumotril.org\/sitio\/wp-content\/uploads\/2024\/03\/d9efe014-f783-40bb-a21e-1c388f223118.jpg?resize=350%2C200&ssl=1 1x, https:\/\/i0.wp.com\/iumotril.org\/sitio\/wp-content\/uploads\/2024\/03\/d9efe014-f783-40bb-a21e-1c388f223118.jpg?resize=525%2C300&ssl=1 1.5x"},"classes":[]}],"jetpack_likes_enabled":true,"_links":{"self":[{"href":"https:\/\/iumotril.org\/sitio\/wp-json\/wp\/v2\/posts\/8456","targetHints":{"allow":["GET"]}}],"collection":[{"href":"https:\/\/iumotril.org\/sitio\/wp-json\/wp\/v2\/posts"}],"about":[{"href":"https:\/\/iumotril.org\/sitio\/wp-json\/wp\/v2\/types\/post"}],"author":[{"embeddable":true,"href":"https:\/\/iumotril.org\/sitio\/wp-json\/wp\/v2\/users\/1"}],"replies":[{"embeddable":true,"href":"https:\/\/iumotril.org\/sitio\/wp-json\/wp\/v2\/comments?post=8456"}],"version-history":[{"count":5,"href":"https:\/\/iumotril.org\/sitio\/wp-json\/wp\/v2\/posts\/8456\/revisions"}],"predecessor-version":[{"id":8464,"href":"https:\/\/iumotril.org\/sitio\/wp-json\/wp\/v2\/posts\/8456\/revisions\/8464"}],"wp:attachment":[{"href":"https:\/\/iumotril.org\/sitio\/wp-json\/wp\/v2\/media?parent=8456"}],"wp:term":[{"taxonomy":"category","embeddable":true,"href":"https:\/\/iumotril.org\/sitio\/wp-json\/wp\/v2\/categories?post=8456"},{"taxonomy":"post_tag","embeddable":true,"href":"https:\/\/iumotril.org\/sitio\/wp-json\/wp\/v2\/tags?post=8456"}],"curies":[{"name":"wp","href":"https:\/\/api.w.org\/{rel}","templated":true}]}}