{"id":8434,"date":"2022-09-30T12:24:40","date_gmt":"2022-09-30T10:24:40","guid":{"rendered":"http:\/\/iumotril.org\/sitio\/?p=8434"},"modified":"2022-09-30T12:24:40","modified_gmt":"2022-09-30T10:24:40","slug":"el-gobierno-local-rechaza-ayudar-economicamente-a-las-familias-motrilenas-para-afrontar-los-gastos-en-material-escolar","status":"publish","type":"post","link":"https:\/\/iumotril.org\/sitio\/el-gobierno-local-rechaza-ayudar-economicamente-a-las-familias-motrilenas-para-afrontar-los-gastos-en-material-escolar\/","title":{"rendered":"El gobierno local rechaza ayudar econ\u00f3micamente a las familias motrile\u00f1as para afrontar los gastos en material escolar"},"content":{"rendered":"<p style=\"text-align: justify;\"><span style=\"font-weight: 400; color: #993300;\">El equipo de gobierno local\u00a0 ha rechazado con su mayor\u00eda la propuesta presentada por IU-Equo para articular una l\u00ednea de ayudas econ\u00f3micas dirigidas a las familias motrile\u00f1as con menos recursos econ\u00f3micos.<\/span><\/p>\n<p style=\"text-align: justify;\"><span style=\"font-weight: 400;\">La portavoz del PP, la concejala de Asuntos Sociales\u00a0 Inma Torres ha justificado este rechazo con el argumento de que desde la Junta de Andaluc\u00eda se van a poner en marcha determinados mecanismos de ayuda que cumplen con este objetivo.<\/span><\/p>\n<p style=\"text-align: justify;\"><span style=\"font-weight: 400;\">Adem\u00e1s sostiene que, desde el Ayuntamiento de Motril ya se presta la ayuda necesaria a las familias en riesgo de exclusi\u00f3n social.<\/span><\/p>\n<figure id=\"attachment_8436\" aria-describedby=\"caption-attachment-8436\" style=\"width: 1920px\" class=\"wp-caption aligncenter\"><img loading=\"lazy\" decoding=\"async\" data-attachment-id=\"8436\" data-permalink=\"https:\/\/iumotril.org\/sitio\/el-gobierno-local-rechaza-ayudar-economicamente-a-las-familias-motrilenas-para-afrontar-los-gastos-en-material-escolar\/inma-30-septiembre\/\" data-orig-file=\"https:\/\/iumotril.org\/sitio\/wp-content\/uploads\/2022\/09\/INma-30-septiembre-scaled.jpg\" data-orig-size=\"1920,2560\" data-comments-opened=\"1\" data-image-meta=\"{&quot;aperture&quot;:&quot;2.2&quot;,&quot;credit&quot;:&quot;&quot;,&quot;camera&quot;:&quot;iPhone 6&quot;,&quot;caption&quot;:&quot;&quot;,&quot;created_timestamp&quot;:&quot;1664441441&quot;,&quot;copyright&quot;:&quot;&quot;,&quot;focal_length&quot;:&quot;4.15&quot;,&quot;iso&quot;:&quot;80&quot;,&quot;shutter_speed&quot;:&quot;0.03030303030303&quot;,&quot;title&quot;:&quot;&quot;,&quot;orientation&quot;:&quot;1&quot;}\" data-image-title=\"INma 30 septiembre\" data-image-description=\"\" data-image-caption=\"\" data-large-file=\"https:\/\/iumotril.org\/sitio\/wp-content\/uploads\/2022\/09\/INma-30-septiembre-768x1024.jpg\" class=\"wp-image-8436 size-full\" src=\"https:\/\/iumotril.org\/sitio\/wp-content\/uploads\/2022\/09\/INma-30-septiembre-scaled.jpg\" alt=\"\" width=\"1920\" height=\"2560\" srcset=\"https:\/\/iumotril.org\/sitio\/wp-content\/uploads\/2022\/09\/INma-30-septiembre-scaled.jpg 1920w, https:\/\/iumotril.org\/sitio\/wp-content\/uploads\/2022\/09\/INma-30-septiembre-225x300.jpg 225w, https:\/\/iumotril.org\/sitio\/wp-content\/uploads\/2022\/09\/INma-30-septiembre-768x1024.jpg 768w, https:\/\/iumotril.org\/sitio\/wp-content\/uploads\/2022\/09\/INma-30-septiembre-1152x1536.jpg 1152w, https:\/\/iumotril.org\/sitio\/wp-content\/uploads\/2022\/09\/INma-30-septiembre-1536x2048.jpg 1536w\" sizes=\"auto, (max-width: 1920px) 100vw, 1920px\" \/><figcaption id=\"caption-attachment-8436\" class=\"wp-caption-text\">Inma Omiste, portavoz de IU-Equo<\/figcaption><\/figure>\n<p style=\"text-align: justify;\"><span style=\"font-weight: 400;\">Desde IU-Equo, su portavoz, Inma Omiste, ha criticado la hipocres\u00eda del gobierno de Garc\u00eda Chamorro por utilizar a las familias con menos recursos a su conveniencia, cuando le va bien a sus intereses, pero, a lo hora de la verdad, los deja de lado, d\u00e1ndoles la espalda.<\/span><\/p>\n<p style=\"text-align: justify;\"><span style=\"font-weight: 400;\">Inma Omiste ha criticado que desde el gobierno de la se\u00f1ora Chamorro se apoye econ\u00f3micamente a diferentes sectores econ\u00f3micos, confesionales y culturales \u2013incluso a la escuela de tauromaqu\u00eda\u2013, pero no tenga la m\u00ednima sensibilidad social para ayudar a las familias motrile\u00f1as trabajadoras con menos recursos econ\u00f3micos para hacer frente con dignidad a los gastos que supone la vuelta al colegio de sus hijas e hijos.<\/span><\/p>\n<p style=\"text-align: justify;\"><span style=\"font-weight: 400;\">Con este rechazo, el Partido Popular y sus socios ponen una vez m\u00e1s de manifiesto que est\u00e1n del lado de los poderosos, defendiendo los intereses de los que m\u00e1s tienen, y despreciando a la mayor\u00eda social, a las familias trabajadoras, a los motrile\u00f1os m\u00e1s humildes,<\/span><\/p>\n<p style=\"text-align: justify;\"><span style=\"font-weight: 400;\">Las ayudas que propone IU-Equo, que ha rechazado el gobierno de Garc\u00eda Chamorro,\u00a0 ir\u00edan dirigidas a familias empadronadas en Motril, con hijos e hijas matriculadas en centros educativos de la localidad con rentas iguales o\u00a0 inferiores a los 24 mil euros.<\/span><\/p>\n","protected":false},"excerpt":{"rendered":"<p>Desde IU-Equo, su portavoz, Inma Omiste, ha criticado la hipocres\u00eda del gobierno de Garc\u00eda Chamorro por utilizar a las familias con menos recursos a su conveniencia, cuando le va bien a sus intereses, pero, a lo hora de la verdad, los deja de lado, d\u00e1ndoles la espalda.<\/p>\n<p>Inma Omiste ha criticado que desde el gobierno de la se\u00f1ora Chamorro se apoye econ\u00f3micamente a diferentes sectores econ\u00f3micos, confesionales y culturales \u2013incluso a la escuela de tauromaqu\u00eda\u2013, pero no tenga la m\u00ednima sensibilidad social para ayudar a las familias motrile\u00f1as trabajadoras con menos recursos econ\u00f3micos para hacer frente con dignidad a los gastos que supone la vuelta al colegio de sus hijas e hijos.<\/p>\n<p>Con este rechazo, el Partido Popular y sus socios ponen una vez m\u00e1s de manifiesto que est\u00e1n del lado de los poderosos, defendiendo los intereses de los que m\u00e1s tienen, y despreciando a la mayor\u00eda social, a las familias trabajadoras, a los motrile\u00f1os m\u00e1s humildes,<\/p>\n<p>Las ayudas que propone IU-Equo, que ha rechazado el gobierno de Garc\u00eda Chamorro,  ir\u00edan dirigidas a familias empadronadas en Motril, con hijos e hijas matriculadas en centros educativos de la localidad con rentas iguales o  inferiores a los 24 mil euros.<\/p>\n","protected":false},"author":1,"featured_media":0,"comment_status":"open","ping_status":"open","sticky":false,"template":"","format":"standard","meta":{"cybocfi_hide_featured_image":"","_jetpack_newsletter_access":"","_jetpack_dont_email_post_to_subs":false,"_jetpack_newsletter_tier_id":0,"_jetpack_memberships_contains_paywalled_content":false,"_jetpack_memberships_contains_paid_content":false,"footnotes":""},"categories":[265],"tags":[395,589,1850,1851,644],"class_list":["post-8434","post","type-post","status-publish","format-standard","hentry","category-esta-pasando","tag-ayudas","tag-cinismo","tag-familias-trabajadoras","tag-hipocresia","tag-subvenciones"],"jetpack_featured_media_url":"","jetpack_sharing_enabled":true,"jetpack_shortlink":"https:\/\/wp.me\/p4QsU5-2c2","jetpack-related-posts":[{"id":8356,"url":"https:\/\/iumotril.org\/sitio\/iu-equo-reclama-ayudas-economicas-directas-a-las-familias-para-la-compra-de-material-escolar\/","url_meta":{"origin":8434,"position":0},"title":"IU-Equo reclama ayudas econ\u00f3micas directas a las familias para la compra de material escolar","author":"Izquierda Unida Motril","date":"9 septiembre, 2022","format":false,"excerpt":"La propuesta de IU-Equo pretende hacer m\u00e1s llevadera la vuelta a las aulas de los hijos e hijas de muchas familias trabajadoras motrile\u00f1as que por su nivel de renta tienen verdaderas dificultades para hacer frente a los cuantiosos gastos que les supone la adquisici\u00f3n del material necesario para afrontar el\u2026","rel":"","context":"En \u00abEST\u00c1 PASANDO\u00bb","block_context":{"text":"EST\u00c1 PASANDO","link":"https:\/\/iumotril.org\/sitio\/category\/esta-pasando\/"},"img":{"alt_text":"","src":"https:\/\/i0.wp.com\/iumotril.org\/sitio\/wp-content\/uploads\/2022\/09\/IMG-6557-scaled.jpg?resize=350%2C200","width":350,"height":200,"srcset":"https:\/\/i0.wp.com\/iumotril.org\/sitio\/wp-content\/uploads\/2022\/09\/IMG-6557-scaled.jpg?resize=350%2C200 1x, https:\/\/i0.wp.com\/iumotril.org\/sitio\/wp-content\/uploads\/2022\/09\/IMG-6557-scaled.jpg?resize=525%2C300 1.5x, https:\/\/i0.wp.com\/iumotril.org\/sitio\/wp-content\/uploads\/2022\/09\/IMG-6557-scaled.jpg?resize=700%2C400 2x, https:\/\/i0.wp.com\/iumotril.org\/sitio\/wp-content\/uploads\/2022\/09\/IMG-6557-scaled.jpg?resize=1050%2C600 3x, https:\/\/i0.wp.com\/iumotril.org\/sitio\/wp-content\/uploads\/2022\/09\/IMG-6557-scaled.jpg?resize=1400%2C800 4x"},"classes":[]},{"id":8477,"url":"https:\/\/iumotril.org\/sitio\/iu-equo-denuncia-que-la-rebaja-masiva-de-impuestos-anunciada-por-el-gobierno-local-es-una-falacia\/","url_meta":{"origin":8434,"position":1},"title":"IU-Equo denuncia que la rebaja \u00abmasiva\u00bb de impuestos anunciada por el gobierno local es una falacia","author":"Izquierda Unida Motril","date":"3 noviembre, 2022","format":false,"excerpt":"La portavoz de IU-Equo, Inma Omiste, ha denunciado que la alcaldesa Garc\u00eda Chamorro y el Teniente de Alcalde, Nicol\u00e1s Navarro, \u201cfaltan a la verdad\u201d al presumir de una bajada \u201cmasiva\u201d de impuestos, ya que \u00fanicamente se llevar\u00e1 a cabo una reducci\u00f3n global de un 5% del Impuesto de Veh\u00edculos de\u2026","rel":"","context":"En \u00abAyuntamiento\u00bb","block_context":{"text":"Ayuntamiento","link":"https:\/\/iumotril.org\/sitio\/category\/ayuntamiento\/"},"img":{"alt_text":"","src":"https:\/\/i0.wp.com\/iumotril.org\/sitio\/wp-content\/uploads\/2022\/11\/coches-Luisa.jpg?resize=350%2C200&ssl=1","width":350,"height":200,"srcset":"https:\/\/i0.wp.com\/iumotril.org\/sitio\/wp-content\/uploads\/2022\/11\/coches-Luisa.jpg?resize=350%2C200&ssl=1 1x, https:\/\/i0.wp.com\/iumotril.org\/sitio\/wp-content\/uploads\/2022\/11\/coches-Luisa.jpg?resize=525%2C300&ssl=1 1.5x, https:\/\/i0.wp.com\/iumotril.org\/sitio\/wp-content\/uploads\/2022\/11\/coches-Luisa.jpg?resize=700%2C400&ssl=1 2x"},"classes":[]},{"id":7302,"url":"https:\/\/iumotril.org\/sitio\/la-situacion-de-desempleo-en-motril-es-inaceptable-y-exige-actuaciones-urgentes\/","url_meta":{"origin":8434,"position":2},"title":"La situaci\u00f3n de desempleo en Motril es inaceptable y exige actuaciones urgentes","author":"Izquierda Unida Motril","date":"8 abril, 2021","format":false,"excerpt":"El gobierno de Garc\u00eda Chamorro ha apostado por la realizaci\u00f3n de grandes proyectos en el medio y largo plazo y por el \u201cembellecimiento\u201d de la ciudad, confiando la creaci\u00f3n de empleo a estas actuaciones. Se pretende vender a los vecinos una ciudad de colores que no se corresponde con la\u2026","rel":"","context":"En \u00abEST\u00c1 PASANDO\u00bb","block_context":{"text":"EST\u00c1 PASANDO","link":"https:\/\/iumotril.org\/sitio\/category\/esta-pasando\/"},"img":{"alt_text":"","src":"https:\/\/i0.wp.com\/iumotril.org\/sitio\/wp-content\/uploads\/2021\/04\/Inma-Omiste-8-de-abril-2021-768x1024.jpg?resize=350%2C200","width":350,"height":200,"srcset":"https:\/\/i0.wp.com\/iumotril.org\/sitio\/wp-content\/uploads\/2021\/04\/Inma-Omiste-8-de-abril-2021-768x1024.jpg?resize=350%2C200 1x, https:\/\/i0.wp.com\/iumotril.org\/sitio\/wp-content\/uploads\/2021\/04\/Inma-Omiste-8-de-abril-2021-768x1024.jpg?resize=525%2C300 1.5x"},"classes":[]},{"id":6892,"url":"https:\/\/iumotril.org\/sitio\/el-gobierno-local-rechaza-la-apertura-de-la-escuela-de-artes-escenicas-en-motril\/","url_meta":{"origin":8434,"position":3},"title":"El gobierno local rechaza la apertura de la Escuela de Artes Esc\u00e9nicas en Motril","author":"Izquierda Unida Motril","date":"18 noviembre, 2020","format":false,"excerpt":"Para la derecha motrile\u00f1a siempre es un buen momento para recortar en servicios p\u00fablicos de los que se benefician las familias m\u00e1s desfavorecidas, pero nunca toca recuperarlos para devolverlos a la ciudadan\u00eda. La creaci\u00f3n de la Escuela dar\u00eda respuesta a la demanda de muchas familias motrile\u00f1as que no disponen de\u2026","rel":"","context":"En \u00abEST\u00c1 PASANDO\u00bb","block_context":{"text":"EST\u00c1 PASANDO","link":"https:\/\/iumotril.org\/sitio\/category\/esta-pasando\/"},"img":{"alt_text":"","src":"https:\/\/i0.wp.com\/iumotril.org\/sitio\/wp-content\/uploads\/2020\/11\/Inma-4-noviembre.jpg?resize=350%2C200","width":350,"height":200},"classes":[]},{"id":7505,"url":"https:\/\/iumotril.org\/sitio\/iu-equo-denuncia-el-intolerable-numero-de-personas-desempleadas-en-motril\/","url_meta":{"origin":8434,"position":4},"title":"IU-Equo denuncia el intolerable n\u00famero de personas desempleadas en Motril","author":"Izquierda Unida Motril","date":"3 junio, 2021","format":false,"excerpt":"Inma Omiste ha exigido a la alcaldesa Luisa Garc\u00eda Chamorro que \u201cse deje de batallitas pol\u00edticas y ponga a trabajar a su numeroso equipo de gobierno para atender y dar respuesta a las necesidades reales de las personas, de los motrile\u00f1os y las motrile\u00f1as, que reclaman un puesto de trabajo\u2026","rel":"","context":"En \u00abempleo\u00bb","block_context":{"text":"empleo","link":"https:\/\/iumotril.org\/sitio\/category\/empleo\/"},"img":{"alt_text":"","src":"https:\/\/i0.wp.com\/iumotril.org\/sitio\/wp-content\/uploads\/2021\/06\/Paro-en-Mayo-1024x377.png?resize=350%2C200","width":350,"height":200,"srcset":"https:\/\/i0.wp.com\/iumotril.org\/sitio\/wp-content\/uploads\/2021\/06\/Paro-en-Mayo-1024x377.png?resize=350%2C200 1x, https:\/\/i0.wp.com\/iumotril.org\/sitio\/wp-content\/uploads\/2021\/06\/Paro-en-Mayo-1024x377.png?resize=525%2C300 1.5x"},"classes":[]},{"id":7913,"url":"https:\/\/iumotril.org\/sitio\/iu-equo-reclama-una-politica-fiscal-progresiva-y-mas-justa-para-los-vecinos\/","url_meta":{"origin":8434,"position":5},"title":"IU-Equo reclama una pol\u00edtica fiscal progresiva  y m\u00e1s justa para los vecinos","author":"Izquierda Unida Motril","date":"28 diciembre, 2021","format":false,"excerpt":"Inma Omiste ha denunciado la \u201cimpostura del gobierno de derechas\u201d, que no deja de anunciar bajadas generalizadas de impuestos cuando est\u00e1 en la oposici\u00f3n y, a la hora de la verdad, cuando gobierna, s\u00f3lo se reducen impuestos a los m\u00e1s ricos y a las grandes empresas en detrimento de las\u2026","rel":"","context":"En \u00abAyuntamiento\u00bb","block_context":{"text":"Ayuntamiento","link":"https:\/\/iumotril.org\/sitio\/category\/ayuntamiento\/"},"img":{"alt_text":"","src":"https:\/\/i0.wp.com\/iumotril.org\/sitio\/wp-content\/uploads\/2021\/11\/Inma-23-noviembre.jpg?resize=350%2C200","width":350,"height":200,"srcset":"https:\/\/i0.wp.com\/iumotril.org\/sitio\/wp-content\/uploads\/2021\/11\/Inma-23-noviembre.jpg?resize=350%2C200 1x, https:\/\/i0.wp.com\/iumotril.org\/sitio\/wp-content\/uploads\/2021\/11\/Inma-23-noviembre.jpg?resize=525%2C300 1.5x, https:\/\/i0.wp.com\/iumotril.org\/sitio\/wp-content\/uploads\/2021\/11\/Inma-23-noviembre.jpg?resize=700%2C400 2x, https:\/\/i0.wp.com\/iumotril.org\/sitio\/wp-content\/uploads\/2021\/11\/Inma-23-noviembre.jpg?resize=1050%2C600 3x, https:\/\/i0.wp.com\/iumotril.org\/sitio\/wp-content\/uploads\/2021\/11\/Inma-23-noviembre.jpg?resize=1400%2C800 4x"},"classes":[]}],"jetpack_likes_enabled":true,"_links":{"self":[{"href":"https:\/\/iumotril.org\/sitio\/wp-json\/wp\/v2\/posts\/8434","targetHints":{"allow":["GET"]}}],"collection":[{"href":"https:\/\/iumotril.org\/sitio\/wp-json\/wp\/v2\/posts"}],"about":[{"href":"https:\/\/iumotril.org\/sitio\/wp-json\/wp\/v2\/types\/post"}],"author":[{"embeddable":true,"href":"https:\/\/iumotril.org\/sitio\/wp-json\/wp\/v2\/users\/1"}],"replies":[{"embeddable":true,"href":"https:\/\/iumotril.org\/sitio\/wp-json\/wp\/v2\/comments?post=8434"}],"version-history":[{"count":2,"href":"https:\/\/iumotril.org\/sitio\/wp-json\/wp\/v2\/posts\/8434\/revisions"}],"predecessor-version":[{"id":8437,"href":"https:\/\/iumotril.org\/sitio\/wp-json\/wp\/v2\/posts\/8434\/revisions\/8437"}],"wp:attachment":[{"href":"https:\/\/iumotril.org\/sitio\/wp-json\/wp\/v2\/media?parent=8434"}],"wp:term":[{"taxonomy":"category","embeddable":true,"href":"https:\/\/iumotril.org\/sitio\/wp-json\/wp\/v2\/categories?post=8434"},{"taxonomy":"post_tag","embeddable":true,"href":"https:\/\/iumotril.org\/sitio\/wp-json\/wp\/v2\/tags?post=8434"}],"curies":[{"name":"wp","href":"https:\/\/api.w.org\/{rel}","templated":true}]}}