{"id":8100,"date":"2022-03-29T10:50:10","date_gmt":"2022-03-29T08:50:10","guid":{"rendered":"http:\/\/iumotril.org\/sitio\/?p=8100"},"modified":"2022-03-29T10:54:17","modified_gmt":"2022-03-29T08:54:17","slug":"iu-equo-denuncia-el-deficiente-funcionamiento-de-las-instalaciones-deportivas-municipales","status":"publish","type":"post","link":"https:\/\/iumotril.org\/sitio\/iu-equo-denuncia-el-deficiente-funcionamiento-de-las-instalaciones-deportivas-municipales\/","title":{"rendered":"IU-EQUO denuncia el mal funcionamiento de las instalaciones deportivas municipales"},"content":{"rendered":"<p style=\"text-align: justify; padding-left: 40px;\"><span style=\"font-weight: 400; color: #993300;\">La falta de personal, fundamentalmente conserjes y monitores deportivos, y la mala planificaci\u00f3n dificulta enormemente la utilizaci\u00f3n de la piscina municipal y de las pistas de tenis por parte de los usuarios interesados.<\/span><\/p>\r\n<p style=\"text-align: justify; padding-left: 40px;\"><span style=\"font-weight: 400; color: #993300;\">Reclama el compromiso del gobierno local para reactivar las actividades deportivas municipales y, al menos, volver a recuperar la normalidad en lo que se refiere a escuelas municipales y a la utilizaci\u00f3n de instalaciones.<\/span><\/p>\r\n<p style=\"text-align: justify;\"><span style=\"font-weight: 400;\">Seg\u00fan mantienen en IU-Equo, la gesti\u00f3n del PP y de Ciudadanos al frente del Ayuntamiento de Motril est\u00e1 teniendo un <strong>elevado coste para los servicios municipales<\/strong> que, en los \u00faltimos tres a\u00f1os, no han dejado de <a href=\"https:\/\/iumotril.org\/sitio\/iu-equo-rechazara-el-presupuesto-municipal-por-no-defender-los-servicios-publicos-ni-garantizar-los-derechos-sociales-y-por-no-incluir-medidas-para-combatir-el-cambio-climatico\/\">deteriorarse<\/a>, tal y como comprueban en el d\u00eda a d\u00eda los vecinos y vecinas en su relaci\u00f3n con la administraci\u00f3n municipal.<\/span><\/p>\r\n<p style=\"text-align: justify;\"><span style=\"font-weight: 400;\">La <strong>falta de personal<\/strong> en la plantilla, la improvisaci\u00f3n en la toma de decisiones y la <strong>voluntad de privatizaci\u00f3n de los servicios p\u00fablicos<\/strong> est\u00e1 haciendo mella en todos los servicios municipales, desde los de Informaci\u00f3n y atenci\u00f3n a la ciudadan\u00eda, a los de mantenimiento y limpieza de la ciudad.<\/span><\/p>\r\n<p><span style=\"font-weight: 400;\">El <strong>\u00c1rea de Deportes<\/strong> es una de las principales afectadas y, en consecuencia, los servicios que se ven\u00edan ofreciendo a la ciudadan\u00eda en cuanto a actividades y pr\u00e1cticas deportivas.<\/span><\/p>\r\n<figure id=\"attachment_8043\" aria-describedby=\"caption-attachment-8043\" style=\"width: 2560px\" class=\"wp-caption aligncenter\"><img loading=\"lazy\" decoding=\"async\" data-attachment-id=\"8043\" data-permalink=\"https:\/\/iumotril.org\/sitio\/iu-equo-denuncia-el-deficiente-funcionamiento-de-las-instalaciones-deportivas-municipales\/inma-23-f-mocion-violinsta-2\/\" data-orig-file=\"https:\/\/iumotril.org\/sitio\/wp-content\/uploads\/2022\/02\/INma-23-F-Mocion-violinsta-2-scaled.jpg\" data-orig-size=\"2560,1920\" data-comments-opened=\"1\" data-image-meta=\"{&quot;aperture&quot;:&quot;2.2&quot;,&quot;credit&quot;:&quot;&quot;,&quot;camera&quot;:&quot;iPhone 6&quot;,&quot;caption&quot;:&quot;&quot;,&quot;created_timestamp&quot;:&quot;1645611630&quot;,&quot;copyright&quot;:&quot;&quot;,&quot;focal_length&quot;:&quot;4.15&quot;,&quot;iso&quot;:&quot;64&quot;,&quot;shutter_speed&quot;:&quot;0.03030303030303&quot;,&quot;title&quot;:&quot;&quot;,&quot;orientation&quot;:&quot;1&quot;}\" data-image-title=\"INma 23 F Mocion violinsta 2\" data-image-description=\"\" data-image-caption=\"\" data-large-file=\"https:\/\/iumotril.org\/sitio\/wp-content\/uploads\/2022\/02\/INma-23-F-Mocion-violinsta-2-1024x768.jpg\" class=\"wp-image-8043 size-full\" src=\"https:\/\/iumotril.org\/sitio\/wp-content\/uploads\/2022\/02\/INma-23-F-Mocion-violinsta-2-scaled.jpg\" alt=\"\" width=\"2560\" height=\"1920\" srcset=\"https:\/\/iumotril.org\/sitio\/wp-content\/uploads\/2022\/02\/INma-23-F-Mocion-violinsta-2-scaled.jpg 2560w, https:\/\/iumotril.org\/sitio\/wp-content\/uploads\/2022\/02\/INma-23-F-Mocion-violinsta-2-300x225.jpg 300w, https:\/\/iumotril.org\/sitio\/wp-content\/uploads\/2022\/02\/INma-23-F-Mocion-violinsta-2-1024x768.jpg 1024w, https:\/\/iumotril.org\/sitio\/wp-content\/uploads\/2022\/02\/INma-23-F-Mocion-violinsta-2-768x576.jpg 768w, https:\/\/iumotril.org\/sitio\/wp-content\/uploads\/2022\/02\/INma-23-F-Mocion-violinsta-2-1536x1152.jpg 1536w, https:\/\/iumotril.org\/sitio\/wp-content\/uploads\/2022\/02\/INma-23-F-Mocion-violinsta-2-2048x1536.jpg 2048w\" sizes=\"auto, (max-width: 2560px) 100vw, 2560px\" \/><figcaption id=\"caption-attachment-8043\" class=\"wp-caption-text\">Inma Omiste, portavoz de IU-Equo<\/figcaption><\/figure>\r\n<p><span style=\"font-weight: 400;\">No se puede permitir que con la excusa de las dificultades sobrevenidas se est\u00e9 aprovechando la ocasi\u00f3n para desmantelar el \u00c1rea de Deportes y la programaci\u00f3n de actividades deportivas \u2013ha declarado Inma Omiste, portavoz de IU-Equo.<\/span><\/p>\r\n<p><span style=\"font-weight: 400;\">La <strong>desastrosa gesti\u00f3n<\/strong> del gobierno de Luisa Garc\u00eda Chamorro est\u00e1 afectando gravemente al adecuado funcionamiento de las actividades deportivas que se llevan a cabo en instalaciones deportivas municipales.<\/span><\/p>\r\n<p><span style=\"font-weight: 400;\">La situaci\u00f3n de la <strong>piscina municipal<\/strong> es un ejemplo ilustrativo de la mala gesti\u00f3n que se est\u00e1 llevando a cabo.<\/span><\/p>\r\n<p style=\"text-align: justify;\"><span style=\"font-weight: 400;\">A pesar del cierre obligado por el confinamiento y las medidas sanitarias, tras la apertura de las instalaciones los responsables del \u00e1rea decidieron cerrar la piscina para acometer determinadas obras de mejora y acondicionamiento que, finalmente, no se llevaron a cabo pese a permanecer cerrada la piscina durante un per\u00edodo de tres meses y medio.<\/span><\/p>\r\n<p style=\"text-align: justify;\"><span style=\"font-weight: 400;\">Despu\u00e9s de nueve d\u00edas abierta, la piscina se volvi\u00f3 a cerrar por problemas con la caldera de climatizaci\u00f3n, volviendo a abrirse tres semanas despu\u00e9s.<\/span><\/p>\r\n<p style=\"text-align: justify;\"><span style=\"font-weight: 400;\">Sobra cualquier comentario ya que la situaci\u00f3n se describe por s\u00ed misma \u2013ha se\u00f1alado Inma Omiste\u2013, que ha pedido a la alcaldesa que<\/span><span style=\"font-weight: 400;\"> \u201caterrice en la realidad cotidiana\u201d,\u00a0 se ocupe de los problemas reales de la ciudad y de los ciudadanos, dejando de lado sus grandes proyectos, los anuncios de actuaciones hist\u00f3ricas y su campa\u00f1a permanente de ensalzamiento del presidente del gobierno andaluz y de la labor que est\u00e1n realizando sus compa\u00f1eros de partido, a pesar de sus nefastas consecuencias para el pueblo andaluz.\u00a0<\/span><\/p>\r\n<p style=\"text-align: justify;\"><span style=\"font-weight: 400;\">A ello, se le suman las dificultades que est\u00e1n encontrando los usuarios para <strong>recuperar las tasas y cuotas abonadas anticipadamente<\/strong> al no haber podido hacer uso de las instalaciones por las anteriores circunstancias.<\/span><\/p>\r\n<p style=\"text-align: justify;\"><span style=\"font-weight: 400;\">Las <strong>pistas de tenis municipales<\/strong> son otro ejemplo de las malas pr\u00e1cticas de gesti\u00f3n que se est\u00e1n llevando a cabo, debido a la falta de conserjes que est\u00e1 obligando al \u00fanico monitor existente a realizar tambi\u00e9n las funciones que les corresponde a aquellos.<\/span><\/p>\r\n<p style=\"text-align: justify;\"><span style=\"font-weight: 400;\">Inma Omiste ha reiterado a la alcaldesa y al responsable municipal de Deportes que se pongan a<strong> trabajar de forma inmediata para dar una soluci\u00f3n adecuada<\/strong> a estos problemas de una vez por todas y consideren la promoci\u00f3n de la actividad deportiva por parte del Ayuntamiento como una prioridad de los servicios que deben ofrecerse a la ciudadan\u00eda.<\/span><\/p>\r\n<p style=\"text-align: justify;\"><span style=\"font-weight: 400;\">Desde IU-Equo se entiende que <a href=\"https:\/\/iumotril.org\/sitio\/la-ciudad-que-quieres\/\">el deporte<\/a> debe ser un instrumento de integraci\u00f3n social y de promoci\u00f3n de h\u00e1bitos saludables para la mejora de la calidad de vida y, por tanto, del bienestar de la ciudadan\u00eda. Por ello, consideran que es necesario que se adopten todas las medidas necesarias para facilitar a los motrile\u00f1os y motrile\u00f1as el acceso en igualdad de condiciones a las instalaciones deportivas municipales.<\/span><\/p>\r\n","protected":false},"excerpt":{"rendered":"<p>La falta de personal en la plantilla, la improvisaci\u00f3n en la toma de decisiones y la voluntad de privatizaci\u00f3n de los servicios p\u00fablicos est\u00e1 haciendo mella en todos los servicios municipales, desde los de Informaci\u00f3n y atenci\u00f3n a la ciudadan\u00eda, a los de mantenimiento y limpieza de la ciudad.<\/p>\n<p>El \u00c1rea de Deportes es una de las principales afectadas y, en consecuencia, los servicios que se ven\u00edan ofreciendo a la ciudadan\u00eda en cuanto a actividades y pr\u00e1cticas deportivas.<\/p>\n<p>No se puede permitir que con la excusa de las dificultades sobrevenidas se est\u00e9 aprovechando la ocasi\u00f3n para desmantelar el \u00c1rea de Deportes y la programaci\u00f3n de actividades deportivas \u2013ha declarado Inma Omiste, portavoz de IU-Equo.<\/p>\n","protected":false},"author":1,"featured_media":0,"comment_status":"open","ping_status":"open","sticky":false,"template":"","format":"standard","meta":{"cybocfi_hide_featured_image":"","_jetpack_newsletter_access":"","_jetpack_dont_email_post_to_subs":false,"_jetpack_newsletter_tier_id":0,"_jetpack_memberships_contains_paywalled_content":false,"_jetpack_memberships_contains_paid_content":false,"footnotes":""},"categories":[265],"tags":[1778,621,87,1723,1777],"class_list":["post-8100","post","type-post","status-publish","format-standard","hentry","category-esta-pasando","tag-actividades-deportivas","tag-area-deportes","tag-gestion","tag-piscina-municipal","tag-pistas-de-tenis"],"jetpack_featured_media_url":"","jetpack_sharing_enabled":true,"jetpack_shortlink":"https:\/\/wp.me\/p4QsU5-26E","jetpack-related-posts":[{"id":8657,"url":"https:\/\/iumotril.org\/sitio\/iu-equo-demanda-un-plan-de-mantenimiento-integral-de-las-instalaciones-deportivas-municipales\/","url_meta":{"origin":8100,"position":0},"title":"IU-Equo demanda un Plan de mantenimiento integral de las instalaciones deportivas municipales","author":"Izquierda Unida Motril","date":"23 noviembre, 2022","format":false,"excerpt":"Los usuarios y usuarias de las instalaciones deportivas municipales est\u00e1n constatando, d\u00eda a d\u00eda, el evidente deterioro de los recintos y equipamientos deportivos municipales y padeciendo sus negativas consecuencias para la pr\u00e1ctica de las distintas actividades que pretenden realizar. Las deficiencias en las instalaciones y en los equipamientos son diversas,\u2026","rel":"","context":"En \u00abEST\u00c1 PASANDO\u00bb","block_context":{"text":"EST\u00c1 PASANDO","link":"https:\/\/iumotril.org\/sitio\/category\/esta-pasando\/"},"img":{"alt_text":"","src":"https:\/\/i0.wp.com\/iumotril.org\/sitio\/wp-content\/uploads\/2022\/11\/Piscina-municipal.jpg?resize=350%2C200&ssl=1","width":350,"height":200,"srcset":"https:\/\/i0.wp.com\/iumotril.org\/sitio\/wp-content\/uploads\/2022\/11\/Piscina-municipal.jpg?resize=350%2C200&ssl=1 1x, https:\/\/i0.wp.com\/iumotril.org\/sitio\/wp-content\/uploads\/2022\/11\/Piscina-municipal.jpg?resize=525%2C300&ssl=1 1.5x, https:\/\/i0.wp.com\/iumotril.org\/sitio\/wp-content\/uploads\/2022\/11\/Piscina-municipal.jpg?resize=700%2C400&ssl=1 2x"},"classes":[]},{"id":8371,"url":"https:\/\/iumotril.org\/sitio\/para-iu-equo-la-oferta-de-escuelas-deportivas-municipales-es-claramente-insuficiente\/","url_meta":{"origin":8100,"position":1},"title":"Para IU-Equo la oferta de escuelas deportivas municipales es claramente insuficiente","author":"Izquierda Unida Motril","date":"16 septiembre, 2022","format":false,"excerpt":"Desde el Grupo Municipal de IU-Equo se considera que la mala gesti\u00f3n de la alcaldesa Luisa Garc\u00eda Chamorro ha alcanzado, tambi\u00e9n, a las actividades del \u00c1rea de Deportes municipal, haci\u00e9ndose notar, fundamentalmente, en los d\u00e9ficits de personal, concretados en falta de monitores deportivos y de conserjes para\u00a0 atender las instalaciones\u2026","rel":"","context":"En \u00abEST\u00c1 PASANDO\u00bb","block_context":{"text":"EST\u00c1 PASANDO","link":"https:\/\/iumotril.org\/sitio\/category\/esta-pasando\/"},"img":{"alt_text":"","src":"https:\/\/i0.wp.com\/iumotril.org\/sitio\/wp-content\/uploads\/2022\/09\/Inma-Escuelas-deportivas-16-septiembre.jpg?resize=350%2C200","width":350,"height":200,"srcset":"https:\/\/i0.wp.com\/iumotril.org\/sitio\/wp-content\/uploads\/2022\/09\/Inma-Escuelas-deportivas-16-septiembre.jpg?resize=350%2C200 1x, https:\/\/i0.wp.com\/iumotril.org\/sitio\/wp-content\/uploads\/2022\/09\/Inma-Escuelas-deportivas-16-septiembre.jpg?resize=525%2C300 1.5x, https:\/\/i0.wp.com\/iumotril.org\/sitio\/wp-content\/uploads\/2022\/09\/Inma-Escuelas-deportivas-16-septiembre.jpg?resize=700%2C400 2x"},"classes":[]},{"id":10824,"url":"https:\/\/iumotril.org\/sitio\/iu%e2%80%91verdes-equo-alerta-del-esquilme-de-las-escuelas-deportivas-y-el-deterioro-de-las-instalaciones-deportivas-municipales\/","url_meta":{"origin":8100,"position":2},"title":"IU\u2011Verdes Equo alerta del esquilme de las escuelas deportivas y el deterioro de las instalaciones deportivas municipales.","author":"Izquierda Unida Motril","date":"6 octubre, 2025","format":false,"excerpt":"La formaci\u00f3n ha reiterado que la plantilla del \u00c1rea de Deportes es totalmente insuficiente para Motril. Es necesario que se dote al \u00c1rea tanto de personal estructural, plantilla fija, creando empleo p\u00fablico de calidad, como de personal para cubrir las bajas y dem\u00e1s incidencias, y as\u00ed poder garantizar el funcionamiento\u2026","rel":"","context":"En \u00abAyuntamiento\u00bb","block_context":{"text":"Ayuntamiento","link":"https:\/\/iumotril.org\/sitio\/category\/ayuntamiento\/"},"img":{"alt_text":"","src":"https:\/\/i0.wp.com\/iumotril.org\/sitio\/wp-content\/uploads\/2025\/10\/Ana-H-scaled.jpeg?resize=350%2C200&ssl=1","width":350,"height":200,"srcset":"https:\/\/i0.wp.com\/iumotril.org\/sitio\/wp-content\/uploads\/2025\/10\/Ana-H-scaled.jpeg?resize=350%2C200&ssl=1 1x, https:\/\/i0.wp.com\/iumotril.org\/sitio\/wp-content\/uploads\/2025\/10\/Ana-H-scaled.jpeg?resize=525%2C300&ssl=1 1.5x, https:\/\/i0.wp.com\/iumotril.org\/sitio\/wp-content\/uploads\/2025\/10\/Ana-H-scaled.jpeg?resize=700%2C400&ssl=1 2x, https:\/\/i0.wp.com\/iumotril.org\/sitio\/wp-content\/uploads\/2025\/10\/Ana-H-scaled.jpeg?resize=1050%2C600&ssl=1 3x, https:\/\/i0.wp.com\/iumotril.org\/sitio\/wp-content\/uploads\/2025\/10\/Ana-H-scaled.jpeg?resize=1400%2C800&ssl=1 4x"},"classes":[]},{"id":9294,"url":"https:\/\/iumotril.org\/sitio\/iu-verdes-equo-llevara-a-cabo-anualmente-un-plan-local-de-instalaciones-y-equipamientos-deportivos-que-garantice-su-utilizacion\/","url_meta":{"origin":8100,"position":3},"title":"IU-Verdes Equo llevar\u00e1 a cabo anualmente un Plan Local de Instalaciones y equipamientos deportivos que garantice su utilizaci\u00f3n","author":"Izquierda Unida Motril","date":"22 mayo, 2023","format":false,"excerpt":"La propuesta de IU-Verdes Equo en materia de Deportes se plantea como objetivo central extender a toda la ciudadan\u00eda los servicios deportivos a trav\u00e9s de entornos de proximidad, de manera que la pr\u00e1ctica deportiva llegue a todos los barrios de la ciudad y d\u00e9 cabida a todas las motrile\u00f1os y\u2026","rel":"","context":"En \u00abElecciones\u00bb","block_context":{"text":"Elecciones","link":"https:\/\/iumotril.org\/sitio\/category\/elecciones\/"},"img":{"alt_text":"","src":"https:\/\/i0.wp.com\/iumotril.org\/sitio\/wp-content\/uploads\/2023\/05\/estadio-municipal-de-atletismo-emilio-hidalgo-perez.jpg?resize=350%2C200&ssl=1","width":350,"height":200,"srcset":"https:\/\/i0.wp.com\/iumotril.org\/sitio\/wp-content\/uploads\/2023\/05\/estadio-municipal-de-atletismo-emilio-hidalgo-perez.jpg?resize=350%2C200&ssl=1 1x, https:\/\/i0.wp.com\/iumotril.org\/sitio\/wp-content\/uploads\/2023\/05\/estadio-municipal-de-atletismo-emilio-hidalgo-perez.jpg?resize=525%2C300&ssl=1 1.5x, https:\/\/i0.wp.com\/iumotril.org\/sitio\/wp-content\/uploads\/2023\/05\/estadio-municipal-de-atletismo-emilio-hidalgo-perez.jpg?resize=700%2C400&ssl=1 2x"},"classes":[]},{"id":8324,"url":"https:\/\/iumotril.org\/sitio\/iu-equo-reclama-un-refuerzo-de-la-plantilla-municipal-para-garantizar-el-adecuado-funcionamiento-de-las-instalaciones-municipales\/","url_meta":{"origin":8100,"position":4},"title":"IU-EQUO reclama un refuerzo de la plantilla municipal para garantizar el adecuado funcionamiento de las instalaciones municipales","author":"Izquierda Unida Motril","date":"27 julio, 2022","format":false,"excerpt":"Museos, instalaciones deportivas y bibliotecas, adem\u00e1s de centros educativos, son las instalaciones que se est\u00e1n viendo afectadas en los \u00faltimos meses por estas circunstancias: la falta de personal que abra y cierre las instalaciones y preste la atenci\u00f3n necesaria a su funcionamiento. Esta situaci\u00f3n y la falta de respuesta del\u2026","rel":"","context":"En \u00abAyuntamiento\u00bb","block_context":{"text":"Ayuntamiento","link":"https:\/\/iumotril.org\/sitio\/category\/ayuntamiento\/"},"img":{"alt_text":"","src":"https:\/\/i0.wp.com\/iumotril.org\/sitio\/wp-content\/uploads\/2022\/07\/Inma-OK-27-julio-scaled.jpg?resize=350%2C200","width":350,"height":200,"srcset":"https:\/\/i0.wp.com\/iumotril.org\/sitio\/wp-content\/uploads\/2022\/07\/Inma-OK-27-julio-scaled.jpg?resize=350%2C200 1x, https:\/\/i0.wp.com\/iumotril.org\/sitio\/wp-content\/uploads\/2022\/07\/Inma-OK-27-julio-scaled.jpg?resize=525%2C300 1.5x, https:\/\/i0.wp.com\/iumotril.org\/sitio\/wp-content\/uploads\/2022\/07\/Inma-OK-27-julio-scaled.jpg?resize=700%2C400 2x, https:\/\/i0.wp.com\/iumotril.org\/sitio\/wp-content\/uploads\/2022\/07\/Inma-OK-27-julio-scaled.jpg?resize=1050%2C600 3x, https:\/\/i0.wp.com\/iumotril.org\/sitio\/wp-content\/uploads\/2022\/07\/Inma-OK-27-julio-scaled.jpg?resize=1400%2C800 4x"},"classes":[]},{"id":7830,"url":"https:\/\/iumotril.org\/sitio\/iu-equo-critica-que-la-piscina-municipal-no-haya-recuperado-su-actividad-en-los-ultimos-20-meses\/","url_meta":{"origin":8100,"position":5},"title":"IU-EQUO critica que la Piscina municipal no haya recuperado su actividad en los \u00faltimos 20 meses","author":"Izquierda Unida Motril","date":"19 noviembre, 2021","format":false,"excerpt":"Tras el verano, con el inicio de la nueva temporada, se anunci\u00f3 que la piscina no ofrecer\u00eda actividades en sus instalaciones a partir del mes de noviembre por el comienzo de determinadas obras de mantenimiento y mejora de las mismas. Pero, a pesar de que las obras no han comenzado,\u2026","rel":"","context":"En \u00abAyuntamiento\u00bb","block_context":{"text":"Ayuntamiento","link":"https:\/\/iumotril.org\/sitio\/category\/ayuntamiento\/"},"img":{"alt_text":"","src":"https:\/\/i0.wp.com\/iumotril.org\/sitio\/wp-content\/uploads\/2021\/03\/Inma-Omiste-30-marzo-2-1024x768.jpg?resize=350%2C200","width":350,"height":200,"srcset":"https:\/\/i0.wp.com\/iumotril.org\/sitio\/wp-content\/uploads\/2021\/03\/Inma-Omiste-30-marzo-2-1024x768.jpg?resize=350%2C200 1x, https:\/\/i0.wp.com\/iumotril.org\/sitio\/wp-content\/uploads\/2021\/03\/Inma-Omiste-30-marzo-2-1024x768.jpg?resize=525%2C300 1.5x"},"classes":[]}],"jetpack_likes_enabled":true,"_links":{"self":[{"href":"https:\/\/iumotril.org\/sitio\/wp-json\/wp\/v2\/posts\/8100","targetHints":{"allow":["GET"]}}],"collection":[{"href":"https:\/\/iumotril.org\/sitio\/wp-json\/wp\/v2\/posts"}],"about":[{"href":"https:\/\/iumotril.org\/sitio\/wp-json\/wp\/v2\/types\/post"}],"author":[{"embeddable":true,"href":"https:\/\/iumotril.org\/sitio\/wp-json\/wp\/v2\/users\/1"}],"replies":[{"embeddable":true,"href":"https:\/\/iumotril.org\/sitio\/wp-json\/wp\/v2\/comments?post=8100"}],"version-history":[{"count":8,"href":"https:\/\/iumotril.org\/sitio\/wp-json\/wp\/v2\/posts\/8100\/revisions"}],"predecessor-version":[{"id":8120,"href":"https:\/\/iumotril.org\/sitio\/wp-json\/wp\/v2\/posts\/8100\/revisions\/8120"}],"wp:attachment":[{"href":"https:\/\/iumotril.org\/sitio\/wp-json\/wp\/v2\/media?parent=8100"}],"wp:term":[{"taxonomy":"category","embeddable":true,"href":"https:\/\/iumotril.org\/sitio\/wp-json\/wp\/v2\/categories?post=8100"},{"taxonomy":"post_tag","embeddable":true,"href":"https:\/\/iumotril.org\/sitio\/wp-json\/wp\/v2\/tags?post=8100"}],"curies":[{"name":"wp","href":"https:\/\/api.w.org\/{rel}","templated":true}]}}