{"id":8040,"date":"2022-02-24T11:02:08","date_gmt":"2022-02-24T10:02:08","guid":{"rendered":"http:\/\/iumotril.org\/sitio\/?p=8040"},"modified":"2022-02-24T11:04:19","modified_gmt":"2022-02-24T10:04:19","slug":"iu-equo-reclama-la-mejora-de-parques-y-espacios-publicos-de-la-calle-ancha","status":"publish","type":"post","link":"https:\/\/iumotril.org\/sitio\/iu-equo-reclama-la-mejora-de-parques-y-espacios-publicos-de-la-calle-ancha\/","title":{"rendered":"IU-Equo reclama la mejora de parques y espacios p\u00fablicos de la calle Ancha"},"content":{"rendered":"<p style=\"text-align: justify; padding-left: 40px;\"><span style=\"font-weight: 400; color: #993300;\">Presenta al Pleno una moci\u00f3n para que se proceda al adecentamiento y mejora de la plaza del violinista Manuel P\u00e9rez Ruiz, que adolece de falta de mantenimiento y de limpieza.<\/span><\/p>\n<p style=\"text-align: justify; padding-left: 40px;\"><span style=\"font-weight: 400; color: #993300;\">Reclama que se extiendan actuaciones de limpieza y mantenimiento a parques y espacios p\u00fablicos de la calle Ancha, que merecen una mayor atenci\u00f3n por parte de los servicios municipales.<\/span><\/p>\n<p style=\"text-align: justify;\"><span style=\"font-weight: 400;\">Las vecinas y vecinos del entorno de la plaza vienen reclamando su\u00a0<strong> limpieza y mejora<\/strong> desde hace tiempo. Se quejan de que la<strong> falta de actuaciones de mantenimiento y conservaci\u00f3n<\/strong> del recinto y de sus instalaciones, adem\u00e1s de favorecer su deterioro, est\u00e1 facilitando la aparici\u00f3n de plagas de insectos y cucarachas, provocando situaciones de insalubridad que ponen en riesgo la salud del vecindario y de su entorno.<\/span><\/p>\n<p style=\"text-align: justify;\"><span style=\"font-weight: 400;\">La portavoz de IU-Equo ha informado de que las quejas y reclamaciones de los vecinos y vecinas fueron atendidas por el Pleno de la Corporaci\u00f3n en<strong> julio de 2021<\/strong>, que aprobaba entonces actuaciones de limpieza y mantenimiento en la plaza que, sin embargo, ocho meses despu\u00e9s, no se han llevado a cabo.<\/span><\/p>\n<figure id=\"attachment_8045\" aria-describedby=\"caption-attachment-8045\" style=\"width: 2560px\" class=\"wp-caption aligncenter\"><img loading=\"lazy\" decoding=\"async\" data-attachment-id=\"8045\" data-permalink=\"https:\/\/iumotril.org\/sitio\/iu-equo-reclama-la-mejora-de-parques-y-espacios-publicos-de-la-calle-ancha\/inma-23-f-mocion-violinsta-2-2\/\" data-orig-file=\"https:\/\/iumotril.org\/sitio\/wp-content\/uploads\/2022\/02\/INma-23-F-Mocion-violinsta-2-1-scaled.jpg\" data-orig-size=\"2560,1920\" data-comments-opened=\"1\" data-image-meta=\"{&quot;aperture&quot;:&quot;2.2&quot;,&quot;credit&quot;:&quot;&quot;,&quot;camera&quot;:&quot;iPhone 6&quot;,&quot;caption&quot;:&quot;&quot;,&quot;created_timestamp&quot;:&quot;1645611630&quot;,&quot;copyright&quot;:&quot;&quot;,&quot;focal_length&quot;:&quot;4.15&quot;,&quot;iso&quot;:&quot;64&quot;,&quot;shutter_speed&quot;:&quot;0.03030303030303&quot;,&quot;title&quot;:&quot;&quot;,&quot;orientation&quot;:&quot;1&quot;}\" data-image-title=\"INma 23 F Mocion violinsta 2\" data-image-description=\"\" data-image-caption=\"\" data-large-file=\"https:\/\/iumotril.org\/sitio\/wp-content\/uploads\/2022\/02\/INma-23-F-Mocion-violinsta-2-1-1024x768.jpg\" class=\"wp-image-8045 size-full\" src=\"https:\/\/iumotril.org\/sitio\/wp-content\/uploads\/2022\/02\/INma-23-F-Mocion-violinsta-2-1-scaled.jpg\" alt=\"\" width=\"2560\" height=\"1920\" srcset=\"https:\/\/iumotril.org\/sitio\/wp-content\/uploads\/2022\/02\/INma-23-F-Mocion-violinsta-2-1-scaled.jpg 2560w, https:\/\/iumotril.org\/sitio\/wp-content\/uploads\/2022\/02\/INma-23-F-Mocion-violinsta-2-1-300x225.jpg 300w, https:\/\/iumotril.org\/sitio\/wp-content\/uploads\/2022\/02\/INma-23-F-Mocion-violinsta-2-1-1024x768.jpg 1024w, https:\/\/iumotril.org\/sitio\/wp-content\/uploads\/2022\/02\/INma-23-F-Mocion-violinsta-2-1-768x576.jpg 768w, https:\/\/iumotril.org\/sitio\/wp-content\/uploads\/2022\/02\/INma-23-F-Mocion-violinsta-2-1-1536x1152.jpg 1536w, https:\/\/iumotril.org\/sitio\/wp-content\/uploads\/2022\/02\/INma-23-F-Mocion-violinsta-2-1-2048x1536.jpg 2048w\" sizes=\"auto, (max-width: 2560px) 100vw, 2560px\" \/><figcaption id=\"caption-attachment-8045\" class=\"wp-caption-text\">Inma Omiste, portavoz de IU-Equo<\/figcaption><\/figure>\n<p style=\"text-align: justify;\"><span style=\"font-weight: 400;\">Este es el modo de actuar del gobierno local, que se desentiende de los <strong>problemas y necesidades reales de los vecinos y vecinas<\/strong> para dedicarse a\u00a0 sus \u201cgrandes proyectos\u201d, aquellos que sirven para sus objetivos propagand\u00edsticos, ha denunciado Inma Omiste.<\/span><\/p>\n<p style=\"text-align: justify;\"><span style=\"font-weight: 400;\">Seg\u00fan la portavoz de la formaci\u00f3n de izquierdas, no se trata de actuaciones costosas, las que se reclaman, es una cuesti\u00f3n de <strong>voluntad pol\u00edtica<\/strong> y de gobernar a favor de los intereses y las necesidades de los vecinos y vecinas del barrio para contribuir a su puesta a disposici\u00f3n de <strong>espacios p\u00fablicos adecuados<\/strong> que favorezcan las mejora de sus condiciones de vida en el barrio y para su mayor bienestar.\u00a0<\/span><\/p>\n<p style=\"text-align: justify;\"><span style=\"font-weight: 400;\">En la moci\u00f3n que presenta al pr\u00f3ximo Pleno se piden actuaciones coordinadas de las \u00e1reas de limpieza y mantenimiento municipal para evitar el deterioro progresivo de este parque y de otros espacios de la calle Ancha, que se lleven a cabo de forma peri\u00f3dica y sostenida en el tiempo para contribuir a su puesta en valor como <strong>espacios de convivencia vecinal y ciudadana<\/strong>.<\/span><\/p>\n","protected":false},"excerpt":{"rendered":"<p>En la moci\u00f3n que presenta al pr\u00f3ximo Pleno se piden actuaciones coordinadas de las \u00e1reas de limpieza y mantenimiento municipal para evitar el deterioro progresivo de este parque y de otros espacios de la calle Ancha, que se lleven a cabo de forma peri\u00f3dica y sostenida en el tiempo para contribuir a su puesta en valor como espacios de convivencia vecinal y ciudadana.<br \/>\nEste es el modo de actuar del gobierno local, que se desentiende de los problemas y necesidades reales de los vecinos y vecinas para dedicarse a\u00a0 sus \u201cgrandes proyectos\u201d, aquellos que sirven para sus objetivos propagand\u00edsticos.<br \/>\nLas vecinas y vecinos del entorno de la plaza vienen reclamando su\u00a0 limpieza y mejora desde hace tiempo. Se quejan de que la falta de actuaciones de mantenimiento y conservaci\u00f3n del recinto y de sus instalaciones, adem\u00e1s de favorecer su deterioro, est\u00e1 facilitando la aparici\u00f3n de plagas de insectos y cucarachas, provocando situaciones de insalubridad que ponen en riesgo la salud del vecindario y de su entorno.<\/p>\n","protected":false},"author":1,"featured_media":0,"comment_status":"open","ping_status":"open","sticky":false,"template":"","format":"standard","meta":{"cybocfi_hide_featured_image":"","_jetpack_newsletter_access":"","_jetpack_dont_email_post_to_subs":false,"_jetpack_newsletter_tier_id":0,"_jetpack_memberships_contains_paywalled_content":false,"_jetpack_memberships_contains_paid_content":false,"footnotes":""},"categories":[265,36],"tags":[91,1378,448,1013,1771],"class_list":["post-8040","post","type-post","status-publish","format-standard","hentry","category-esta-pasando","category-mociones-pleno","tag-calle-ancha","tag-espacios-publicos","tag-limpieza","tag-mantenimiento","tag-pza-violinista-manuel-perez-ruiz"],"jetpack_featured_media_url":"","jetpack_sharing_enabled":true,"jetpack_shortlink":"https:\/\/wp.me\/p4QsU5-25G","jetpack-related-posts":[{"id":4658,"url":"https:\/\/iumotril.org\/sitio\/presentamos-mocion-al-pleno-para-la-mejora-de-las-zonas-infantiles-de-parques-y-espacios-publicos\/","url_meta":{"origin":8040,"position":0},"title":"Presentamos Moci\u00f3n al Pleno para la mejora de las zonas infantiles de parques y espacios p\u00fablicos","author":"Izquierda Unida Motril","date":"31 enero, 2019","format":false,"excerpt":"La moci\u00f3n presentada por Izquierda Unida propone, adem\u00e1s de la elaboraci\u00f3n de un inventario con el estado actual de las diferentes zonas infantiles de juego de la ciudad, de sus instalaciones y de su equipamiento, la elaboraci\u00f3n de un plan de choque de limpieza integral de todas las zonas infantiles\u2026","rel":"","context":"En \u00abCiudad\u00bb","block_context":{"text":"Ciudad","link":"https:\/\/iumotril.org\/sitio\/category\/ciudad\/"},"img":{"alt_text":"","src":"https:\/\/i0.wp.com\/iumotril.org\/sitio\/wp-content\/uploads\/2019\/01\/Daniela-e-Inma_mociones_30-enero.jpg?resize=350%2C200","width":350,"height":200},"classes":[]},{"id":10650,"url":"https:\/\/iumotril.org\/sitio\/iu-verdes-equo-denuncia-el-mal-estado-de-la-plaza-entre-calles-amor-de-dios-y-padre-damian-en-el-barrio-de-la-calle-ancha\/","url_meta":{"origin":8040,"position":1},"title":"IU Verdes Equo denuncia el mal estado de la plaza entre calles Amor de Dios y Padre Dami\u00e1n en el barrio de la calle Ancha","author":"Izquierda Unida Motril","date":"11 junio, 2025","format":false,"excerpt":"La formaci\u00f3n de izquierdas ha criticado la falta de mantenimiento, explicando que la plaza que ronda los 30 a\u00f1os jam\u00e1s ha visto una inversi\u00f3n destinada a su mantenimiento: los mismos bancos, los mismos setos el mismo c\u00e9sped, que se han ido deteriorando con el tiempo y dejado a morir, a\u2026","rel":"","context":"En \u00abAyuntamiento\u00bb","block_context":{"text":"Ayuntamiento","link":"https:\/\/iumotril.org\/sitio\/category\/ayuntamiento\/"},"img":{"alt_text":"","src":"https:\/\/i0.wp.com\/iumotril.org\/sitio\/wp-content\/uploads\/2025\/06\/christian-linares-scaled.jpg?resize=350%2C200&ssl=1","width":350,"height":200,"srcset":"https:\/\/i0.wp.com\/iumotril.org\/sitio\/wp-content\/uploads\/2025\/06\/christian-linares-scaled.jpg?resize=350%2C200&ssl=1 1x, https:\/\/i0.wp.com\/iumotril.org\/sitio\/wp-content\/uploads\/2025\/06\/christian-linares-scaled.jpg?resize=525%2C300&ssl=1 1.5x, https:\/\/i0.wp.com\/iumotril.org\/sitio\/wp-content\/uploads\/2025\/06\/christian-linares-scaled.jpg?resize=700%2C400&ssl=1 2x, https:\/\/i0.wp.com\/iumotril.org\/sitio\/wp-content\/uploads\/2025\/06\/christian-linares-scaled.jpg?resize=1050%2C600&ssl=1 3x, https:\/\/i0.wp.com\/iumotril.org\/sitio\/wp-content\/uploads\/2025\/06\/christian-linares-scaled.jpg?resize=1400%2C800&ssl=1 4x"},"classes":[]},{"id":7473,"url":"https:\/\/iumotril.org\/sitio\/iu-equo-reclama-al-gobierno-local-actuaciones-de-mejora-en-el-barrio-de-los-alamos\/","url_meta":{"origin":8040,"position":2},"title":"IU-Equo reclama al gobierno local actuaciones de mejora en el barrio de los \u00c1lamos","author":"Izquierda Unida Motril","date":"26 mayo, 2021","format":false,"excerpt":"La portavoz de IU-Equo, Inma Omiste, ha se\u00f1alado que, a pesar de ser uno de los barrios m\u00e1s poblados de Motril, el barrio de los \u00c1lamos no est\u00e1 mereciendo de parte del Ayuntamiento la atenci\u00f3n necesaria para su conservaci\u00f3n, mantenimiento y, en definitiva, para su mejora. Una falta de actuaciones\u2026","rel":"","context":"En \u00abEST\u00c1 PASANDO\u00bb","block_context":{"text":"EST\u00c1 PASANDO","link":"https:\/\/iumotril.org\/sitio\/category\/esta-pasando\/"},"img":{"alt_text":"","src":"https:\/\/i0.wp.com\/iumotril.org\/sitio\/wp-content\/uploads\/2021\/05\/iNMA-oMISTE-26-MAYO-1024x768.jpg?resize=350%2C200","width":350,"height":200,"srcset":"https:\/\/i0.wp.com\/iumotril.org\/sitio\/wp-content\/uploads\/2021\/05\/iNMA-oMISTE-26-MAYO-1024x768.jpg?resize=350%2C200 1x, https:\/\/i0.wp.com\/iumotril.org\/sitio\/wp-content\/uploads\/2021\/05\/iNMA-oMISTE-26-MAYO-1024x768.jpg?resize=525%2C300 1.5x"},"classes":[]},{"id":9618,"url":"https:\/\/iumotril.org\/sitio\/iu-verdes-equo-reclama-un-plan-de-actuacion-integral-en-los-barrios-de-varadero-y-santa-adela-para-su-impulso-economico-y-mejorar-las-condiciones-de-vida-de-sus-vecinos\/","url_meta":{"origin":8040,"position":3},"title":"IU Verdes Equo reclama un plan de actuaci\u00f3n integral en los barrios de Varadero y Santa Adela para su impulso econ\u00f3mico y mejorar las condiciones de vida de sus vecinos","author":"Izquierda Unida Motril","date":"24 noviembre, 2023","format":false,"excerpt":"Los barrios marineros de Motril no merecen ni han merecido en los \u00faltimos a\u00f1os la atenci\u00f3n necesaria por parte del Ayuntamiento para contribuir a su visibilidad y a mejoras en beneficio de sus vecinos y de sus vecinas, sostienen desde el Grupo municipal de IU Verdes Equo. A pesar de\u2026","rel":"","context":"En \u00abAyuntamiento\u00bb","block_context":{"text":"Ayuntamiento","link":"https:\/\/iumotril.org\/sitio\/category\/ayuntamiento\/"},"img":{"alt_text":"","src":"https:\/\/i0.wp.com\/iumotril.org\/sitio\/wp-content\/uploads\/2023\/11\/Barrios-marineros.jpg?resize=350%2C200&ssl=1","width":350,"height":200,"srcset":"https:\/\/i0.wp.com\/iumotril.org\/sitio\/wp-content\/uploads\/2023\/11\/Barrios-marineros.jpg?resize=350%2C200&ssl=1 1x, https:\/\/i0.wp.com\/iumotril.org\/sitio\/wp-content\/uploads\/2023\/11\/Barrios-marineros.jpg?resize=525%2C300&ssl=1 1.5x, https:\/\/i0.wp.com\/iumotril.org\/sitio\/wp-content\/uploads\/2023\/11\/Barrios-marineros.jpg?resize=700%2C400&ssl=1 2x"},"classes":[]},{"id":10406,"url":"https:\/\/iumotril.org\/sitio\/apoyamos-las-demandas-de-mejoras-de-los-vecinos-del-barrio-de-las-angustias\/","url_meta":{"origin":8040,"position":4},"title":"Apoyamos las demandas de mejoras de los vecinos del barrio de Las Angustias","author":"Izquierda Unida Motril","date":"30 enero, 2025","format":false,"excerpt":"Su portavoz municipal, Inmaculada Omiste, ha denunciado que siendo uno de los barrios m\u00e1s poblados de Motril, con varios centros docentes y otras instituciones importantes, lleve arrastrando este abandono por parte del Ayuntamiento de Motril. El grupo municipal ha recogido las demandas de los vecinos y vecinas, que van desde\u2026","rel":"","context":"En \u00abCiudad\u00bb","block_context":{"text":"Ciudad","link":"https:\/\/iumotril.org\/sitio\/category\/ciudad\/"},"img":{"alt_text":"","src":"https:\/\/i0.wp.com\/iumotril.org\/sitio\/wp-content\/uploads\/2025\/01\/Las-Anagustias.jpg?resize=350%2C200&ssl=1","width":350,"height":200,"srcset":"https:\/\/i0.wp.com\/iumotril.org\/sitio\/wp-content\/uploads\/2025\/01\/Las-Anagustias.jpg?resize=350%2C200&ssl=1 1x, https:\/\/i0.wp.com\/iumotril.org\/sitio\/wp-content\/uploads\/2025\/01\/Las-Anagustias.jpg?resize=525%2C300&ssl=1 1.5x"},"classes":[]},{"id":7872,"url":"https:\/\/iumotril.org\/sitio\/iu-equo-reclama-actuaciones-urgentes-de-mejora-en-las-bibliotecas-municipales\/","url_meta":{"origin":8040,"position":5},"title":"IU-Equo reclama actuaciones urgentes de mejora en las bibliotecas municipales","author":"Izquierda Unida Motril","date":"1 diciembre, 2021","format":false,"excerpt":"La situaci\u00f3n de las bibliotecas municipales de Motril es \u201cmanifiestamente mejorable\u201d, sostiene la portavoz del Grupo Municipal de IU-Equo, Inma Omiste, ya que llevan tiempo sin recibir recursos para mantener un servicio que, en los \u00faltimos dos a\u00f1os, se ha deteriorado especialmente, por la \u201cmala labor\u201d del \u00c1rea de Educaci\u00f3n\u2026","rel":"","context":"En \u00abAyuntamiento\u00bb","block_context":{"text":"Ayuntamiento","link":"https:\/\/iumotril.org\/sitio\/category\/ayuntamiento\/"},"img":{"alt_text":"","src":"https:\/\/i0.wp.com\/iumotril.org\/sitio\/wp-content\/uploads\/2021\/06\/66cc9947-a813-4a6c-a625-f286e64d3752.jpg?resize=350%2C200","width":350,"height":200,"srcset":"https:\/\/i0.wp.com\/iumotril.org\/sitio\/wp-content\/uploads\/2021\/06\/66cc9947-a813-4a6c-a625-f286e64d3752.jpg?resize=350%2C200 1x, https:\/\/i0.wp.com\/iumotril.org\/sitio\/wp-content\/uploads\/2021\/06\/66cc9947-a813-4a6c-a625-f286e64d3752.jpg?resize=525%2C300 1.5x, https:\/\/i0.wp.com\/iumotril.org\/sitio\/wp-content\/uploads\/2021\/06\/66cc9947-a813-4a6c-a625-f286e64d3752.jpg?resize=700%2C400 2x, https:\/\/i0.wp.com\/iumotril.org\/sitio\/wp-content\/uploads\/2021\/06\/66cc9947-a813-4a6c-a625-f286e64d3752.jpg?resize=1050%2C600 3x, https:\/\/i0.wp.com\/iumotril.org\/sitio\/wp-content\/uploads\/2021\/06\/66cc9947-a813-4a6c-a625-f286e64d3752.jpg?resize=1400%2C800 4x"},"classes":[]}],"jetpack_likes_enabled":true,"_links":{"self":[{"href":"https:\/\/iumotril.org\/sitio\/wp-json\/wp\/v2\/posts\/8040","targetHints":{"allow":["GET"]}}],"collection":[{"href":"https:\/\/iumotril.org\/sitio\/wp-json\/wp\/v2\/posts"}],"about":[{"href":"https:\/\/iumotril.org\/sitio\/wp-json\/wp\/v2\/types\/post"}],"author":[{"embeddable":true,"href":"https:\/\/iumotril.org\/sitio\/wp-json\/wp\/v2\/users\/1"}],"replies":[{"embeddable":true,"href":"https:\/\/iumotril.org\/sitio\/wp-json\/wp\/v2\/comments?post=8040"}],"version-history":[{"count":5,"href":"https:\/\/iumotril.org\/sitio\/wp-json\/wp\/v2\/posts\/8040\/revisions"}],"predecessor-version":[{"id":8052,"href":"https:\/\/iumotril.org\/sitio\/wp-json\/wp\/v2\/posts\/8040\/revisions\/8052"}],"wp:attachment":[{"href":"https:\/\/iumotril.org\/sitio\/wp-json\/wp\/v2\/media?parent=8040"}],"wp:term":[{"taxonomy":"category","embeddable":true,"href":"https:\/\/iumotril.org\/sitio\/wp-json\/wp\/v2\/categories?post=8040"},{"taxonomy":"post_tag","embeddable":true,"href":"https:\/\/iumotril.org\/sitio\/wp-json\/wp\/v2\/tags?post=8040"}],"curies":[{"name":"wp","href":"https:\/\/api.w.org\/{rel}","templated":true}]}}