{"id":8022,"date":"2022-02-18T20:27:01","date_gmt":"2022-02-18T19:27:01","guid":{"rendered":"http:\/\/iumotril.org\/sitio\/?p=8022"},"modified":"2022-02-19T20:29:58","modified_gmt":"2022-02-19T19:29:58","slug":"unidas-podemos-hace-un-llamamiento-a-la-movilizacion-ciudadana-en-defensa-de-la-calidad-de-la-sanidad-publica-andaluza","status":"publish","type":"post","link":"https:\/\/iumotril.org\/sitio\/unidas-podemos-hace-un-llamamiento-a-la-movilizacion-ciudadana-en-defensa-de-la-calidad-de-la-sanidad-publica-andaluza\/","title":{"rendered":"Unidas Podemos hace un llamamiento a la movilizaci\u00f3n ciudadana en defensa de la calidad de la sanidad p\u00fablica andaluza"},"content":{"rendered":"<p style=\"padding-left: 40px; text-align: justify;\"><span style=\"color: #993300;\">Representantes de Unidas Podemos en Motril han informado esta ma\u00f1ana frente al Centro de Salud Motril-Este de las movilizaciones convocadas en toda Andaluc\u00eda en defensa de la sanidad p\u00fablica andaluza, animando a la participaci\u00f3n en la manifestaci\u00f3n que tendr\u00e1 lugar ma\u00f1ana, en Granada, convocada por las organizaciones sindicales y decenas de colectivos sociales.<\/span><\/p>\n<p style=\"text-align: justify;\">Con el lema \u201cSalvemos la sanidad p\u00fablica andaluza\u201d Unidas Podemos se suma a las movilizaciones convocadas para reclamar soluciones al <strong>deterioro de la atenci\u00f3n sanitaria<\/strong> en los centros de salud y las especialidades hospitalarias.<\/p>\n<p style=\"text-align: justify;\">Han recordado que ma\u00f1ana, <b>s\u00e1bado, a las 10 horas<\/b> saldr\u00e1 un autob\u00fas gratuito a Granada desde la sede de los sindicatos para desplazar a todas las personas interesadas en participar en este acto en defensa del derecho a la salud de todas y todos los andaluces.<\/p>\n<p style=\"text-align: justify;\">Seg\u00fan Unidas Podemos, <strong>la sanidad p\u00fablica andaluza est\u00e1 en peligro<\/strong> debido a la gesti\u00f3n que est\u00e1 llevando a cabo el gobierno andaluz del PP y Ciudadanos que est\u00e1 teniendo como principales consecuencias la <strong>falta de personal<\/strong>, el <strong>desv\u00edo de fondos a la sanidad privada<\/strong> y la <strong>fuga de profesionales<\/strong>.<\/p>\n<p style=\"text-align: justify;\">Critican la pol\u00edtica fiscal del gobierno de la Junta de Andaluc\u00eda porque \u201c<strong>bajar impuestos a los ricos nos sale caro\u201d<\/strong> y la estrategia de privatizaci\u00f3n de los servicios de salud que colisiona con el derecho a la salud de todas las familias en igualdad de condiciones.<\/p>\n<p style=\"text-align: justify;\">\u201cQueremos incrementar la <strong>inversi\u00f3n<\/strong> en nuestros servicios p\u00fablicos para garantizar una <strong>atenci\u00f3n de calidad<\/strong> y ofrecer <strong>condiciones dignas a sus profesionales<\/strong>\u201d, han se\u00f1alado los representantes de Unidas Podemos desde la mesa informativa. Es necesario \u201csalvar la sanidad p\u00fablica\u201d para garantizar el derecho a la salud.<\/p>\n<figure id=\"attachment_8024\" aria-describedby=\"caption-attachment-8024\" style=\"width: 1600px\" class=\"wp-caption aligncenter\"><img loading=\"lazy\" decoding=\"async\" data-attachment-id=\"8024\" data-permalink=\"https:\/\/iumotril.org\/sitio\/unidas-podemos-hace-un-llamamiento-a-la-movilizacion-ciudadana-en-defensa-de-la-calidad-de-la-sanidad-publica-andaluza\/50396746-d908-4ff6-b609-63f0fb0c6b26\/\" data-orig-file=\"https:\/\/iumotril.org\/sitio\/wp-content\/uploads\/2022\/02\/50396746-d908-4ff6-b609-63f0fb0c6b26.jpg\" data-orig-size=\"1600,1200\" data-comments-opened=\"1\" data-image-meta=\"{&quot;aperture&quot;:&quot;0&quot;,&quot;credit&quot;:&quot;&quot;,&quot;camera&quot;:&quot;&quot;,&quot;caption&quot;:&quot;&quot;,&quot;created_timestamp&quot;:&quot;0&quot;,&quot;copyright&quot;:&quot;&quot;,&quot;focal_length&quot;:&quot;0&quot;,&quot;iso&quot;:&quot;0&quot;,&quot;shutter_speed&quot;:&quot;0&quot;,&quot;title&quot;:&quot;&quot;,&quot;orientation&quot;:&quot;0&quot;}\" data-image-title=\"50396746-d908-4ff6-b609-63f0fb0c6b26\" data-image-description=\"\" data-image-caption=\"\" data-large-file=\"https:\/\/iumotril.org\/sitio\/wp-content\/uploads\/2022\/02\/50396746-d908-4ff6-b609-63f0fb0c6b26-1024x768.jpg\" class=\"wp-image-8024 size-full\" src=\"https:\/\/iumotril.org\/sitio\/wp-content\/uploads\/2022\/02\/50396746-d908-4ff6-b609-63f0fb0c6b26.jpg\" alt=\"\" width=\"1600\" height=\"1200\" srcset=\"https:\/\/iumotril.org\/sitio\/wp-content\/uploads\/2022\/02\/50396746-d908-4ff6-b609-63f0fb0c6b26.jpg 1600w, https:\/\/iumotril.org\/sitio\/wp-content\/uploads\/2022\/02\/50396746-d908-4ff6-b609-63f0fb0c6b26-300x225.jpg 300w, https:\/\/iumotril.org\/sitio\/wp-content\/uploads\/2022\/02\/50396746-d908-4ff6-b609-63f0fb0c6b26-1024x768.jpg 1024w, https:\/\/iumotril.org\/sitio\/wp-content\/uploads\/2022\/02\/50396746-d908-4ff6-b609-63f0fb0c6b26-768x576.jpg 768w, https:\/\/iumotril.org\/sitio\/wp-content\/uploads\/2022\/02\/50396746-d908-4ff6-b609-63f0fb0c6b26-1536x1152.jpg 1536w\" sizes=\"auto, (max-width: 1600px) 100vw, 1600px\" \/><figcaption id=\"caption-attachment-8024\" class=\"wp-caption-text\">Representantes de Unidas Podemos ante el Centro de Salud Motril-Este<\/figcaption><\/figure>\n<p style=\"text-align: justify;\">Los representantes de Unidas Podemos han criticado la actuaci\u00f3n de los responsables pol\u00edticos del <strong>PP en Motril<\/strong>, que est\u00e1n <strong>intentando \u201cdefender lo indefendible<\/strong>\u201d, cuestionando el deterioro evidente de la sanidad p\u00fablica en nuestra ciudad.<\/p>\n<p style=\"text-align: justify;\">Resulta pat\u00e9tico \u2013\u2013han afirmado\u2013\u2013, ver a los responsables populares sosteniendo carteles en los que defienden la gesti\u00f3n del gobierno andaluz y <strong>negando que la atenci\u00f3n primaria est\u00e9 colapsada<\/strong> y que conseguir cita con un especialista sea una tarea pr\u00e1cticamente imposible.<\/p>\n<p style=\"text-align: justify;\">Nos preguntamos si el vicesecretario de sanidad a nivel provincial y la alcaldesa de Motril, que participan activamente en esta campa\u00f1a propagand\u00edstica del PP, son usuarios y usuarias, ellos o sus familias, de la sanidad p\u00fablica y si en los \u00faltimos meses han solicitado alguna cita a su m\u00e9dico de familia.<\/p>\n<p style=\"text-align: justify;\">Con su actitud, seg\u00fan consideran, est\u00e1n \u201cinsultando a la inteligencia de los vecinos y vecinas\u201d de Motril, especialmente a las personas m\u00e1s vulnerables al <strong>negar la evidencia<\/strong>, la realidad que cada d\u00eda viven y padecen los usuarios de la sanidad p\u00fablica en nuestra ciudad, que no es otra las dificultades para acceder en condiciones m\u00ednimas de calidad a la atenci\u00f3n sanitaria p\u00fablica.<\/p>\n<p>&nbsp;<\/p>\n","protected":false},"excerpt":{"rendered":"<p>La sanidad p\u00fablica andaluza est\u00e1 en peligro debido a la gesti\u00f3n que est\u00e1 llevando a cabo el gobierno andaluz del PP y Ciudadanos que est\u00e1 teniendo como principales consecuencias la falta de personal, el desv\u00edo de fondos a la sanidad privada y la fuga de profesionales.<br \/>\nResulta pat\u00e9tico \u2013\u2013han afirmado\u2013\u2013, ver a los responsables populares sosteniendo carteles en los que defienden la gesti\u00f3n del gobierno andaluz y negando que la atenci\u00f3n primaria est\u00e9 colapsada y que conseguir cita con un especialista sea una tarea pr\u00e1cticamente imposible.<br \/>\nNos preguntamos si el vicesecretario de sanidad a nivel provincial y la alcaldesa de Motril, que participan activamente en esta campa\u00f1a propagand\u00edstica del PP, son usuarios y usuarias, ellos o sus familias, de la sanidad p\u00fablica y si en los \u00faltimos meses han solicitado alguna cita a su m\u00e9dico de familia.<\/p>\n","protected":false},"author":1,"featured_media":0,"comment_status":"open","ping_status":"open","sticky":false,"template":"","format":"standard","meta":{"cybocfi_hide_featured_image":"","_jetpack_newsletter_access":"","_jetpack_dont_email_post_to_subs":false,"_jetpack_newsletter_tier_id":0,"_jetpack_memberships_contains_paywalled_content":false,"_jetpack_memberships_contains_paid_content":false,"footnotes":""},"categories":[265],"tags":[381,1764,1763,1765,119,1762,1761],"class_list":["post-8022","post","type-post","status-publish","format-standard","hentry","category-esta-pasando","tag-movilizaciones","tag-atenciion-especializada","tag-atencion-primria","tag-deternioro-sanidad","tag-pp","tag-sanidad-publica","tag-unidas-podemos-motril"],"jetpack_featured_media_url":"","jetpack_sharing_enabled":true,"jetpack_shortlink":"https:\/\/wp.me\/p4QsU5-25o","jetpack-related-posts":[{"id":9898,"url":"https:\/\/iumotril.org\/sitio\/exigimos-mejoras-en-la-sanidad-publica-andaluza-nos-sumamos-a-las-movilizaciones-convocadas-el-domingo-7-de-abril-en-defensa-de-la-sanidad\/","url_meta":{"origin":8022,"position":0},"title":"Exigimos mejoras en la Sanidad p\u00fablica andaluza. Nos sumamos a las movilizaciones convocadas el domingo, 7 de abril en defensa de la sanidad","author":"Izquierda Unida Motril","date":"4 abril, 2024","format":false,"excerpt":"Inma Omiste ha se\u00f1alado que es evidente la preocupaci\u00f3n de la ciudadan\u00eda por el deterioro de la sanidad en Andaluc\u00eda expresada en el incremento de las listas de espera que se sit\u00faa en el mill\u00f3n de personas (el 12% de la poblaci\u00f3n andaluza), el n\u00famero de pacientes pendientes de una\u2026","rel":"","context":"En \u00abAyuntamiento\u00bb","block_context":{"text":"Ayuntamiento","link":"https:\/\/iumotril.org\/sitio\/category\/ayuntamiento\/"},"img":{"alt_text":"","src":"https:\/\/i0.wp.com\/iumotril.org\/sitio\/wp-content\/uploads\/2024\/04\/Tu-salud-Tu-derecho-Nuestra-sanidad.jpg?resize=350%2C200&ssl=1","width":350,"height":200,"srcset":"https:\/\/i0.wp.com\/iumotril.org\/sitio\/wp-content\/uploads\/2024\/04\/Tu-salud-Tu-derecho-Nuestra-sanidad.jpg?resize=350%2C200&ssl=1 1x, https:\/\/i0.wp.com\/iumotril.org\/sitio\/wp-content\/uploads\/2024\/04\/Tu-salud-Tu-derecho-Nuestra-sanidad.jpg?resize=525%2C300&ssl=1 1.5x, https:\/\/i0.wp.com\/iumotril.org\/sitio\/wp-content\/uploads\/2024\/04\/Tu-salud-Tu-derecho-Nuestra-sanidad.jpg?resize=700%2C400&ssl=1 2x, https:\/\/i0.wp.com\/iumotril.org\/sitio\/wp-content\/uploads\/2024\/04\/Tu-salud-Tu-derecho-Nuestra-sanidad.jpg?resize=1050%2C600&ssl=1 3x"},"classes":[]},{"id":11033,"url":"https:\/\/iumotril.org\/sitio\/izquierda-unida-llama-a-movilizarse-este-domingo-en-defensa-de-la-sanidad-publica-en-motril\/","url_meta":{"origin":8022,"position":1},"title":"Izquierda Unida llama a movilizarse este domingo en defensa de la sanidad p\u00fablica en Motril","author":"Izquierda Unida Motril","date":"10 abril, 2026","format":false,"excerpt":"Izquierda unida ha hecho un llamamiento a los motrile\u00f1os y motrile\u00f1as para que acudan a la manifestaci\u00f3n en defensa de la sanidad p\u00fablica este domingo a las 12 en la Plaza de las Mercedarias. La formaci\u00f3n ha se\u00f1alado que la sanidad se encuentra en un estado cr\u00edtico, y que la\u2026","rel":"","context":"En \u00abEST\u00c1 PASANDO\u00bb","block_context":{"text":"EST\u00c1 PASANDO","link":"https:\/\/iumotril.org\/sitio\/category\/esta-pasando\/"},"img":{"alt_text":"","src":"https:\/\/i0.wp.com\/iumotril.org\/sitio\/wp-content\/uploads\/2025\/10\/Ana-H-scaled.jpeg?resize=350%2C200&ssl=1","width":350,"height":200,"srcset":"https:\/\/i0.wp.com\/iumotril.org\/sitio\/wp-content\/uploads\/2025\/10\/Ana-H-scaled.jpeg?resize=350%2C200&ssl=1 1x, https:\/\/i0.wp.com\/iumotril.org\/sitio\/wp-content\/uploads\/2025\/10\/Ana-H-scaled.jpeg?resize=525%2C300&ssl=1 1.5x, https:\/\/i0.wp.com\/iumotril.org\/sitio\/wp-content\/uploads\/2025\/10\/Ana-H-scaled.jpeg?resize=700%2C400&ssl=1 2x, https:\/\/i0.wp.com\/iumotril.org\/sitio\/wp-content\/uploads\/2025\/10\/Ana-H-scaled.jpeg?resize=1050%2C600&ssl=1 3x, https:\/\/i0.wp.com\/iumotril.org\/sitio\/wp-content\/uploads\/2025\/10\/Ana-H-scaled.jpeg?resize=1400%2C800&ssl=1 4x"},"classes":[]},{"id":3550,"url":"https:\/\/iumotril.org\/sitio\/reclamamos-soluciones-para-el-hospital-de-motril\/","url_meta":{"origin":8022,"position":2},"title":"Reclamamos soluciones para el Hospital de Motril","author":"Izquierda Unida Motril","date":"8 mayo, 2018","format":false,"excerpt":"Mejorar y garantizar la calidad de los servicios p\u00fablicos, de modo especial la sanidad, la educaci\u00f3n y las pensiones son la se\u00f1a de identidad de cualquier pol\u00edtica de izquierdas por que atender y dar una respuesta adecuada a las necesidades esenciales de las personas debe ser el principal foco de\u2026","rel":"","context":"En \u00abdenuncia\u00bb","block_context":{"text":"denuncia","link":"https:\/\/iumotril.org\/sitio\/category\/denuncia\/"},"img":{"alt_text":"","src":"https:\/\/i0.wp.com\/iumotril.org\/sitio\/wp-content\/uploads\/2016\/01\/IULVCA.jpg?resize=350%2C200&ssl=1","width":350,"height":200},"classes":[]},{"id":8910,"url":"https:\/\/iumotril.org\/sitio\/iu-equo-reclama-la-mejora-de-la-atencion-sanitaria-en-los-centros-de-salud-y-en-el-hospital-de-motril\/","url_meta":{"origin":8022,"position":3},"title":"IU-Equo reclama la mejora de la atenci\u00f3n sanitaria en los Centros de Salud y en el Hospital de Motril","author":"Izquierda Unida Motril","date":"23 febrero, 2023","format":false,"excerpt":"Adem\u00e1s del refuerzo de las plantillas del personal en los centros de salud de Motril, en la moci\u00f3n que ha registrado IU-Equo para su debate en el pr\u00f3ximo Pleno se reclama a la Consejer\u00eda de Salud y Consumo de la Junta de Andaluc\u00eda la ejecuci\u00f3n del proyecto de ampliaci\u00f3n del\u2026","rel":"","context":"En \u00abAyuntamiento\u00bb","block_context":{"text":"Ayuntamiento","link":"https:\/\/iumotril.org\/sitio\/category\/ayuntamiento\/"},"img":{"alt_text":"","src":"https:\/\/i0.wp.com\/iumotril.org\/sitio\/wp-content\/uploads\/2023\/02\/327186763_5753997604713864_8247334106473826344_n.png?resize=350%2C200&ssl=1","width":350,"height":200,"srcset":"https:\/\/i0.wp.com\/iumotril.org\/sitio\/wp-content\/uploads\/2023\/02\/327186763_5753997604713864_8247334106473826344_n.png?resize=350%2C200&ssl=1 1x, https:\/\/i0.wp.com\/iumotril.org\/sitio\/wp-content\/uploads\/2023\/02\/327186763_5753997604713864_8247334106473826344_n.png?resize=525%2C300&ssl=1 1.5x, https:\/\/i0.wp.com\/iumotril.org\/sitio\/wp-content\/uploads\/2023\/02\/327186763_5753997604713864_8247334106473826344_n.png?resize=700%2C400&ssl=1 2x, https:\/\/i0.wp.com\/iumotril.org\/sitio\/wp-content\/uploads\/2023\/02\/327186763_5753997604713864_8247334106473826344_n.png?resize=1050%2C600&ssl=1 3x, https:\/\/i0.wp.com\/iumotril.org\/sitio\/wp-content\/uploads\/2023\/02\/327186763_5753997604713864_8247334106473826344_n.png?resize=1400%2C800&ssl=1 4x"},"classes":[]},{"id":10709,"url":"https:\/\/iumotril.org\/sitio\/iu-verdes-equo-exige-para-motril-mas-medios-en-materia-sanitaria-con-urgencia\/","url_meta":{"origin":8022,"position":4},"title":"IU Verdes Equo exige para Motril m\u00e1s medios en materia sanitaria con urgencia","author":"Izquierda Unida Motril","date":"11 julio, 2025","format":false,"excerpt":"La falta de personal no solo afecta al \u00e1rea de urgencias del hospital o a las especialidades, sino que las listas de espera para ser atendidos por m\u00e9dicos de atenci\u00f3n primaria o pediatras son insostenibles y se van m\u00e1s all\u00e1 del mes en el mejor de los casos. Se\u00f1alan que\u2026","rel":"","context":"En \u00abCiudad\u00bb","block_context":{"text":"Ciudad","link":"https:\/\/iumotril.org\/sitio\/category\/ciudad\/"},"img":{"alt_text":"","src":"https:\/\/i0.wp.com\/iumotril.org\/sitio\/wp-content\/uploads\/2025\/07\/Ana-e-Inma-scaled.jpg?resize=350%2C200&ssl=1","width":350,"height":200,"srcset":"https:\/\/i0.wp.com\/iumotril.org\/sitio\/wp-content\/uploads\/2025\/07\/Ana-e-Inma-scaled.jpg?resize=350%2C200&ssl=1 1x, https:\/\/i0.wp.com\/iumotril.org\/sitio\/wp-content\/uploads\/2025\/07\/Ana-e-Inma-scaled.jpg?resize=525%2C300&ssl=1 1.5x, https:\/\/i0.wp.com\/iumotril.org\/sitio\/wp-content\/uploads\/2025\/07\/Ana-e-Inma-scaled.jpg?resize=700%2C400&ssl=1 2x, https:\/\/i0.wp.com\/iumotril.org\/sitio\/wp-content\/uploads\/2025\/07\/Ana-e-Inma-scaled.jpg?resize=1050%2C600&ssl=1 3x, https:\/\/i0.wp.com\/iumotril.org\/sitio\/wp-content\/uploads\/2025\/07\/Ana-e-Inma-scaled.jpg?resize=1400%2C800&ssl=1 4x"},"classes":[]},{"id":9270,"url":"https:\/\/iumotril.org\/sitio\/toni-valero-ha-apoyado-hoy-en-motril-la-candidatura-de-inma-omiste-a-la-alcaldia-de-la-ciudad\/","url_meta":{"origin":8022,"position":5},"title":"Toni Valero ha apoyado, hoy en Motril, la candidatura de Inma Omiste a la Alcald\u00eda de la ciudad","author":"Izquierda Unida Motril","date":"17 mayo, 2023","format":false,"excerpt":"El coordinador andaluz, que ha hecho un breve recorrido por el Varadero y el puerto pesquero de Motril acompa\u00f1ado por vecinos, por la candidata a la Alcald\u00eda de Motril, Inma Omiste, y por otros miembros de su candidatura, se ha referido a la situaci\u00f3n por la que pasa la sanidad\u2026","rel":"","context":"En \u00abElecciones\u00bb","block_context":{"text":"Elecciones","link":"https:\/\/iumotril.org\/sitio\/category\/elecciones\/"},"img":{"alt_text":"","src":"https:\/\/i0.wp.com\/iumotril.org\/sitio\/wp-content\/uploads\/2023\/05\/Paseo-Toni-scaled.jpg?resize=350%2C200&ssl=1","width":350,"height":200,"srcset":"https:\/\/i0.wp.com\/iumotril.org\/sitio\/wp-content\/uploads\/2023\/05\/Paseo-Toni-scaled.jpg?resize=350%2C200&ssl=1 1x, https:\/\/i0.wp.com\/iumotril.org\/sitio\/wp-content\/uploads\/2023\/05\/Paseo-Toni-scaled.jpg?resize=525%2C300&ssl=1 1.5x, https:\/\/i0.wp.com\/iumotril.org\/sitio\/wp-content\/uploads\/2023\/05\/Paseo-Toni-scaled.jpg?resize=700%2C400&ssl=1 2x, https:\/\/i0.wp.com\/iumotril.org\/sitio\/wp-content\/uploads\/2023\/05\/Paseo-Toni-scaled.jpg?resize=1050%2C600&ssl=1 3x, https:\/\/i0.wp.com\/iumotril.org\/sitio\/wp-content\/uploads\/2023\/05\/Paseo-Toni-scaled.jpg?resize=1400%2C800&ssl=1 4x"},"classes":[]}],"jetpack_likes_enabled":true,"_links":{"self":[{"href":"https:\/\/iumotril.org\/sitio\/wp-json\/wp\/v2\/posts\/8022","targetHints":{"allow":["GET"]}}],"collection":[{"href":"https:\/\/iumotril.org\/sitio\/wp-json\/wp\/v2\/posts"}],"about":[{"href":"https:\/\/iumotril.org\/sitio\/wp-json\/wp\/v2\/types\/post"}],"author":[{"embeddable":true,"href":"https:\/\/iumotril.org\/sitio\/wp-json\/wp\/v2\/users\/1"}],"replies":[{"embeddable":true,"href":"https:\/\/iumotril.org\/sitio\/wp-json\/wp\/v2\/comments?post=8022"}],"version-history":[{"count":4,"href":"https:\/\/iumotril.org\/sitio\/wp-json\/wp\/v2\/posts\/8022\/revisions"}],"predecessor-version":[{"id":8027,"href":"https:\/\/iumotril.org\/sitio\/wp-json\/wp\/v2\/posts\/8022\/revisions\/8027"}],"wp:attachment":[{"href":"https:\/\/iumotril.org\/sitio\/wp-json\/wp\/v2\/media?parent=8022"}],"wp:term":[{"taxonomy":"category","embeddable":true,"href":"https:\/\/iumotril.org\/sitio\/wp-json\/wp\/v2\/categories?post=8022"},{"taxonomy":"post_tag","embeddable":true,"href":"https:\/\/iumotril.org\/sitio\/wp-json\/wp\/v2\/tags?post=8022"}],"curies":[{"name":"wp","href":"https:\/\/api.w.org\/{rel}","templated":true}]}}