{"id":7985,"date":"2022-02-14T11:49:37","date_gmt":"2022-02-14T10:49:37","guid":{"rendered":"http:\/\/iumotril.org\/sitio\/?p=7985"},"modified":"2022-02-14T11:49:37","modified_gmt":"2022-02-14T10:49:37","slug":"izquierda-unida-pide-mayor-proteccion-para-la-charca-de-suarez","status":"publish","type":"post","link":"https:\/\/iumotril.org\/sitio\/izquierda-unida-pide-mayor-proteccion-para-la-charca-de-suarez\/","title":{"rendered":"Izquierda Unida pide mayor protecci\u00f3n para la Charca de Su\u00e1rez"},"content":{"rendered":"<p style=\"padding-left: 40px; text-align: justify;\"><span style=\"font-weight: 400; color: #993300;\">Responsables andaluces y provinciales de IU han criticado la falta del necesario compromiso por parte de las administraciones local y auton\u00f3mica con la Charca de Su\u00e1rez, el humedal costero m\u00e1s importante del litoral granadino<\/span><\/p>\r\n<p style=\"padding-left: 40px; text-align: justify;\"><span style=\"font-weight: 400; color: #993300;\">Reclaman que la Junta de Andaluc\u00eda y el Ayuntamiento de Motril destinen mayores recursos para la conservaci\u00f3n, mantenimiento y la ampliaci\u00f3n de la Charca de Su\u00e1rez y su incorporaci\u00f3n a la Red Natura 2000.\u00a0<\/span><\/p>\r\n<p style=\"text-align: justify;\"><span style=\"font-weight: 400;\">Jose G. Llorente, coordinador de la asamblea de Motril, ha denunciado las dificultades de los trabajadores y trabajadoras de la Charca para garantizar el normal funcionamiento de sus actividades, debido fundamentalmente a la <strong>falta de personal<\/strong> que viene arrastrando en los \u00faltimos a\u00f1os.<\/span><\/p>\r\n<div data-carousel-extra='{&quot;blog_id&quot;:1,&quot;permalink&quot;:&quot;https:\/\/iumotril.org\/sitio\/izquierda-unida-pide-mayor-proteccion-para-la-charca-de-suarez\/&quot;}' id='gallery-1' class='gallery galleryid-7985 gallery-columns-2 gallery-size-medium'><figure class='gallery-item'>\n\t\t\t<div class='gallery-icon landscape'>\n\t\t\t\t<a href='https:\/\/iumotril.org\/sitio\/photo-2022-02-11-16-48-05\/'><img loading=\"lazy\" decoding=\"async\" width=\"300\" height=\"200\" src=\"https:\/\/iumotril.org\/sitio\/wp-content\/uploads\/2022\/02\/PHOTO-2022-02-11-16-48-05-300x200.jpg\" class=\"attachment-medium size-medium\" alt=\"\" srcset=\"https:\/\/iumotril.org\/sitio\/wp-content\/uploads\/2022\/02\/PHOTO-2022-02-11-16-48-05-300x200.jpg 300w, https:\/\/iumotril.org\/sitio\/wp-content\/uploads\/2022\/02\/PHOTO-2022-02-11-16-48-05-1024x683.jpg 1024w, https:\/\/iumotril.org\/sitio\/wp-content\/uploads\/2022\/02\/PHOTO-2022-02-11-16-48-05-768x512.jpg 768w, https:\/\/iumotril.org\/sitio\/wp-content\/uploads\/2022\/02\/PHOTO-2022-02-11-16-48-05-1536x1024.jpg 1536w, https:\/\/iumotril.org\/sitio\/wp-content\/uploads\/2022\/02\/PHOTO-2022-02-11-16-48-05.jpg 1600w\" sizes=\"auto, (max-width: 300px) 100vw, 300px\" data-attachment-id=\"7995\" data-permalink=\"https:\/\/iumotril.org\/sitio\/photo-2022-02-11-16-48-05\/\" data-orig-file=\"https:\/\/iumotril.org\/sitio\/wp-content\/uploads\/2022\/02\/PHOTO-2022-02-11-16-48-05.jpg\" data-orig-size=\"1600,1067\" data-comments-opened=\"1\" data-image-meta=\"{&quot;aperture&quot;:&quot;0&quot;,&quot;credit&quot;:&quot;&quot;,&quot;camera&quot;:&quot;&quot;,&quot;caption&quot;:&quot;&quot;,&quot;created_timestamp&quot;:&quot;0&quot;,&quot;copyright&quot;:&quot;&quot;,&quot;focal_length&quot;:&quot;0&quot;,&quot;iso&quot;:&quot;0&quot;,&quot;shutter_speed&quot;:&quot;0&quot;,&quot;title&quot;:&quot;&quot;,&quot;orientation&quot;:&quot;0&quot;}\" data-image-title=\"PHOTO-2022-02-11-16-48-05\" data-image-description=\"\" data-image-caption=\"\" data-large-file=\"https:\/\/iumotril.org\/sitio\/wp-content\/uploads\/2022\/02\/PHOTO-2022-02-11-16-48-05-1024x683.jpg\" \/><\/a>\n\t\t\t<\/div><\/figure><figure class='gallery-item'>\n\t\t\t<div class='gallery-icon landscape'>\n\t\t\t\t<a href='https:\/\/iumotril.org\/sitio\/ddf7b4d0-dc0e-4e27-a939-b02abe284c82\/'><img loading=\"lazy\" decoding=\"async\" width=\"300\" height=\"200\" src=\"https:\/\/iumotril.org\/sitio\/wp-content\/uploads\/2022\/02\/ddf7b4d0-dc0e-4e27-a939-b02abe284c82-300x200.jpg\" class=\"attachment-medium size-medium\" alt=\"\" srcset=\"https:\/\/iumotril.org\/sitio\/wp-content\/uploads\/2022\/02\/ddf7b4d0-dc0e-4e27-a939-b02abe284c82-300x200.jpg 300w, https:\/\/iumotril.org\/sitio\/wp-content\/uploads\/2022\/02\/ddf7b4d0-dc0e-4e27-a939-b02abe284c82-1024x683.jpg 1024w, https:\/\/iumotril.org\/sitio\/wp-content\/uploads\/2022\/02\/ddf7b4d0-dc0e-4e27-a939-b02abe284c82-768x512.jpg 768w, https:\/\/iumotril.org\/sitio\/wp-content\/uploads\/2022\/02\/ddf7b4d0-dc0e-4e27-a939-b02abe284c82-1536x1024.jpg 1536w, https:\/\/iumotril.org\/sitio\/wp-content\/uploads\/2022\/02\/ddf7b4d0-dc0e-4e27-a939-b02abe284c82.jpg 1600w\" sizes=\"auto, (max-width: 300px) 100vw, 300px\" data-attachment-id=\"7994\" data-permalink=\"https:\/\/iumotril.org\/sitio\/ddf7b4d0-dc0e-4e27-a939-b02abe284c82\/\" data-orig-file=\"https:\/\/iumotril.org\/sitio\/wp-content\/uploads\/2022\/02\/ddf7b4d0-dc0e-4e27-a939-b02abe284c82.jpg\" data-orig-size=\"1600,1067\" data-comments-opened=\"1\" data-image-meta=\"{&quot;aperture&quot;:&quot;0&quot;,&quot;credit&quot;:&quot;&quot;,&quot;camera&quot;:&quot;&quot;,&quot;caption&quot;:&quot;&quot;,&quot;created_timestamp&quot;:&quot;0&quot;,&quot;copyright&quot;:&quot;&quot;,&quot;focal_length&quot;:&quot;0&quot;,&quot;iso&quot;:&quot;0&quot;,&quot;shutter_speed&quot;:&quot;0&quot;,&quot;title&quot;:&quot;&quot;,&quot;orientation&quot;:&quot;0&quot;}\" data-image-title=\"ddf7b4d0-dc0e-4e27-a939-b02abe284c82\" data-image-description=\"\" data-image-caption=\"\" data-large-file=\"https:\/\/iumotril.org\/sitio\/wp-content\/uploads\/2022\/02\/ddf7b4d0-dc0e-4e27-a939-b02abe284c82-1024x683.jpg\" \/><\/a>\n\t\t\t<\/div><\/figure><figure class='gallery-item'>\n\t\t\t<div class='gallery-icon landscape'>\n\t\t\t\t<a href='https:\/\/iumotril.org\/sitio\/cdceb96d-13f5-4c96-ac26-9fd382fbbc90-1\/'><img loading=\"lazy\" decoding=\"async\" width=\"300\" height=\"200\" src=\"https:\/\/iumotril.org\/sitio\/wp-content\/uploads\/2022\/02\/cdceb96d-13f5-4c96-ac26-9fd382fbbc90-1-300x200.jpg\" class=\"attachment-medium size-medium\" alt=\"\" srcset=\"https:\/\/iumotril.org\/sitio\/wp-content\/uploads\/2022\/02\/cdceb96d-13f5-4c96-ac26-9fd382fbbc90-1-300x200.jpg 300w, https:\/\/iumotril.org\/sitio\/wp-content\/uploads\/2022\/02\/cdceb96d-13f5-4c96-ac26-9fd382fbbc90-1-1024x683.jpg 1024w, https:\/\/iumotril.org\/sitio\/wp-content\/uploads\/2022\/02\/cdceb96d-13f5-4c96-ac26-9fd382fbbc90-1-768x512.jpg 768w, https:\/\/iumotril.org\/sitio\/wp-content\/uploads\/2022\/02\/cdceb96d-13f5-4c96-ac26-9fd382fbbc90-1-1536x1024.jpg 1536w, https:\/\/iumotril.org\/sitio\/wp-content\/uploads\/2022\/02\/cdceb96d-13f5-4c96-ac26-9fd382fbbc90-1.jpg 1600w\" sizes=\"auto, (max-width: 300px) 100vw, 300px\" data-attachment-id=\"7993\" data-permalink=\"https:\/\/iumotril.org\/sitio\/cdceb96d-13f5-4c96-ac26-9fd382fbbc90-1\/\" data-orig-file=\"https:\/\/iumotril.org\/sitio\/wp-content\/uploads\/2022\/02\/cdceb96d-13f5-4c96-ac26-9fd382fbbc90-1.jpg\" data-orig-size=\"1600,1067\" data-comments-opened=\"1\" data-image-meta=\"{&quot;aperture&quot;:&quot;0&quot;,&quot;credit&quot;:&quot;&quot;,&quot;camera&quot;:&quot;&quot;,&quot;caption&quot;:&quot;&quot;,&quot;created_timestamp&quot;:&quot;0&quot;,&quot;copyright&quot;:&quot;&quot;,&quot;focal_length&quot;:&quot;0&quot;,&quot;iso&quot;:&quot;0&quot;,&quot;shutter_speed&quot;:&quot;0&quot;,&quot;title&quot;:&quot;&quot;,&quot;orientation&quot;:&quot;0&quot;}\" data-image-title=\"cdceb96d-13f5-4c96-ac26-9fd382fbbc90 (1)\" data-image-description=\"\" data-image-caption=\"\" data-large-file=\"https:\/\/iumotril.org\/sitio\/wp-content\/uploads\/2022\/02\/cdceb96d-13f5-4c96-ac26-9fd382fbbc90-1-1024x683.jpg\" \/><\/a>\n\t\t\t<\/div><\/figure><figure class='gallery-item'>\n\t\t\t<div class='gallery-icon landscape'>\n\t\t\t\t<a href='https:\/\/iumotril.org\/sitio\/be0b6167-9664-4618-a5ce-36429e703529\/'><img loading=\"lazy\" decoding=\"async\" width=\"300\" height=\"200\" src=\"https:\/\/iumotril.org\/sitio\/wp-content\/uploads\/2022\/02\/be0b6167-9664-4618-a5ce-36429e703529-300x200.jpg\" class=\"attachment-medium size-medium\" alt=\"\" srcset=\"https:\/\/iumotril.org\/sitio\/wp-content\/uploads\/2022\/02\/be0b6167-9664-4618-a5ce-36429e703529-300x200.jpg 300w, https:\/\/iumotril.org\/sitio\/wp-content\/uploads\/2022\/02\/be0b6167-9664-4618-a5ce-36429e703529-1024x683.jpg 1024w, https:\/\/iumotril.org\/sitio\/wp-content\/uploads\/2022\/02\/be0b6167-9664-4618-a5ce-36429e703529-768x512.jpg 768w, https:\/\/iumotril.org\/sitio\/wp-content\/uploads\/2022\/02\/be0b6167-9664-4618-a5ce-36429e703529-1536x1024.jpg 1536w, https:\/\/iumotril.org\/sitio\/wp-content\/uploads\/2022\/02\/be0b6167-9664-4618-a5ce-36429e703529.jpg 1600w\" sizes=\"auto, (max-width: 300px) 100vw, 300px\" data-attachment-id=\"7992\" data-permalink=\"https:\/\/iumotril.org\/sitio\/be0b6167-9664-4618-a5ce-36429e703529\/\" data-orig-file=\"https:\/\/iumotril.org\/sitio\/wp-content\/uploads\/2022\/02\/be0b6167-9664-4618-a5ce-36429e703529.jpg\" data-orig-size=\"1600,1067\" data-comments-opened=\"1\" data-image-meta=\"{&quot;aperture&quot;:&quot;0&quot;,&quot;credit&quot;:&quot;&quot;,&quot;camera&quot;:&quot;&quot;,&quot;caption&quot;:&quot;&quot;,&quot;created_timestamp&quot;:&quot;0&quot;,&quot;copyright&quot;:&quot;&quot;,&quot;focal_length&quot;:&quot;0&quot;,&quot;iso&quot;:&quot;0&quot;,&quot;shutter_speed&quot;:&quot;0&quot;,&quot;title&quot;:&quot;&quot;,&quot;orientation&quot;:&quot;0&quot;}\" data-image-title=\"be0b6167-9664-4618-a5ce-36429e703529\" data-image-description=\"\" data-image-caption=\"\" data-large-file=\"https:\/\/iumotril.org\/sitio\/wp-content\/uploads\/2022\/02\/be0b6167-9664-4618-a5ce-36429e703529-1024x683.jpg\" \/><\/a>\n\t\t\t<\/div><\/figure><figure class='gallery-item'>\n\t\t\t<div class='gallery-icon landscape'>\n\t\t\t\t<a href='https:\/\/iumotril.org\/sitio\/a1cf683c-c3f0-4e75-a566-1405865f9732\/'><img loading=\"lazy\" decoding=\"async\" width=\"300\" height=\"200\" src=\"https:\/\/iumotril.org\/sitio\/wp-content\/uploads\/2022\/02\/a1cf683c-c3f0-4e75-a566-1405865f9732-300x200.jpg\" class=\"attachment-medium size-medium\" alt=\"\" srcset=\"https:\/\/iumotril.org\/sitio\/wp-content\/uploads\/2022\/02\/a1cf683c-c3f0-4e75-a566-1405865f9732-300x200.jpg 300w, https:\/\/iumotril.org\/sitio\/wp-content\/uploads\/2022\/02\/a1cf683c-c3f0-4e75-a566-1405865f9732-1024x683.jpg 1024w, https:\/\/iumotril.org\/sitio\/wp-content\/uploads\/2022\/02\/a1cf683c-c3f0-4e75-a566-1405865f9732-768x512.jpg 768w, https:\/\/iumotril.org\/sitio\/wp-content\/uploads\/2022\/02\/a1cf683c-c3f0-4e75-a566-1405865f9732-1536x1024.jpg 1536w, https:\/\/iumotril.org\/sitio\/wp-content\/uploads\/2022\/02\/a1cf683c-c3f0-4e75-a566-1405865f9732.jpg 1600w\" sizes=\"auto, (max-width: 300px) 100vw, 300px\" data-attachment-id=\"7991\" data-permalink=\"https:\/\/iumotril.org\/sitio\/a1cf683c-c3f0-4e75-a566-1405865f9732\/\" data-orig-file=\"https:\/\/iumotril.org\/sitio\/wp-content\/uploads\/2022\/02\/a1cf683c-c3f0-4e75-a566-1405865f9732.jpg\" data-orig-size=\"1600,1067\" data-comments-opened=\"1\" data-image-meta=\"{&quot;aperture&quot;:&quot;0&quot;,&quot;credit&quot;:&quot;&quot;,&quot;camera&quot;:&quot;&quot;,&quot;caption&quot;:&quot;&quot;,&quot;created_timestamp&quot;:&quot;0&quot;,&quot;copyright&quot;:&quot;&quot;,&quot;focal_length&quot;:&quot;0&quot;,&quot;iso&quot;:&quot;0&quot;,&quot;shutter_speed&quot;:&quot;0&quot;,&quot;title&quot;:&quot;&quot;,&quot;orientation&quot;:&quot;0&quot;}\" data-image-title=\"a1cf683c-c3f0-4e75-a566-1405865f9732\" data-image-description=\"\" data-image-caption=\"\" data-large-file=\"https:\/\/iumotril.org\/sitio\/wp-content\/uploads\/2022\/02\/a1cf683c-c3f0-4e75-a566-1405865f9732-1024x683.jpg\" \/><\/a>\n\t\t\t<\/div><\/figure>\n\t\t<\/div>\n\r\n<p style=\"text-align: justify;\"><span style=\"font-weight: 400;\">Llorente ha informado de que el gobierno local de Motril viene destinando en los \u00faltimos a\u00f1os un \u201cpresupuesto de m\u00ednimos\u201d para el funcionamiento de la Reserva. Adem\u00e1s de que no se destina inversi\u00f3n alguna para acometer otras actuaciones necesarias, como es el <strong>vallado del recinto.<\/strong><\/span><\/p>\r\n<p style=\"text-align: justify;\"><span style=\"font-weight: 400;\">Ha criticado el retraso en la construcci\u00f3n de un <strong>centro de visitantes<\/strong>, proyectado en 2020 y que a\u00fan no se ha llevado a cabo, as\u00ed como la ampliaci\u00f3n del humedal reclamada desde hace tiempo por los colectivos ecologistas.<\/span><\/p>\r\n<p style=\"text-align: justify;\"><span style=\"font-weight: 400;\">Por su parte, el parlamentario andaluz, Chus Fern\u00e1ndez, ha informado de la actividad de su Grupo en el Parlamento andaluz, que viene haciendo un seguimiento pormenorizado de las actuaciones de la <strong>Consejer\u00eda de Medio Ambiente<\/strong> en relaci\u00f3n con la Charca de Su\u00e1rez.<\/span><\/p>\r\n<p style=\"text-align: justify;\"><span style=\"font-weight: 400;\">El parlamentario andaluz ha detallado que, recientemente, ha solicitado informaci\u00f3n de los acuerdos de la Comisi\u00f3n Mixta de la Reserva y de los compromisos adquiridos por las diferentes instituciones.<\/span><\/p>\r\n<p><span style=\"font-weight: 400;\">Ha reclamado que se emprendan las actuaciones necesarias para la incorporaci\u00f3n de la Charca de Su\u00e1rez a la<a href=\"https:\/\/www.miteco.gob.es\/es\/biodiversidad\/temas\/espacios-protegidos\/red-natura-2000\/\"><strong> Red Natura 2000<\/strong><\/a>, el principal instrumento para la conservaci\u00f3n de la naturaleza de la Uni\u00f3n Europea.<\/span><\/p>\r\n<p style=\"text-align: justify;\"><span style=\"font-weight: 400;\">Los representantes de Izquierda Unida han reiterado su \u201crechazo frontal\u201d al plan para construir un puerto deportivo en <a href=\"https:\/\/www.ideal.es\/granada\/costa\/costa-granada-tramita-20210712153016-nt.html\">Playa Granada<\/a>, por el impacto medioambiental y sus consecuencias negativas \u201cirreparables\u201d para el ecosistema de la Reserva, un plan que cuenta con el apoyo del Ayuntamiento de Motril y la Junta de Andaluc\u00eda.<\/span><\/p>\r\n","protected":false},"excerpt":{"rendered":"<p>Responsables andaluces y provinciales de IU han criticado la falta del necesario compromiso por parte de las administraciones local y auton\u00f3mica con la Charca de Su\u00e1rez, el humedal costero m\u00e1s importante del litoral granadino<\/p>\n<p>Reclaman que la Junta de Andaluc\u00eda y el Ayuntamiento de Motril destinen mayores recursos para la conservaci\u00f3n, mantenimiento y la ampliaci\u00f3n de la Charca de Su\u00e1rez y su incorporaci\u00f3n a la Red Natura 2000.\u00a0<br \/>\nLos representantes de Izquierda Unida han reiterado su \u201crechazo frontal\u201d al plan para construir un puerto deportivo en Playa Granada, por el impacto medioambiental y sus consecuencias negativas \u201cirreparables\u201d para el ecosistema de la Reserva, un plan que cuenta con el apoyo del Ayuntamiento de Motril y la Junta de Andaluc\u00eda.<\/p>\n","protected":false},"author":1,"featured_media":0,"comment_status":"open","ping_status":"open","sticky":false,"template":"","format":"standard","meta":{"cybocfi_hide_featured_image":"","_jetpack_newsletter_access":"","_jetpack_dont_email_post_to_subs":false,"_jetpack_newsletter_tier_id":0,"_jetpack_memberships_contains_paywalled_content":false,"_jetpack_memberships_contains_paid_content":false,"footnotes":""},"categories":[265],"tags":[64,393,1754,1756,1755],"class_list":["post-7985","post","type-post","status-publish","format-standard","hentry","category-esta-pasando","tag-charca-suarez","tag-chus-fernandez","tag-iu-andalucia","tag-red-natura-2000","tag-toni-valero"],"jetpack_featured_media_url":"","jetpack_sharing_enabled":true,"jetpack_shortlink":"https:\/\/wp.me\/p4QsU5-24N","jetpack-related-posts":[{"id":4732,"url":"https:\/\/iumotril.org\/sitio\/izquierda-unida-propone-la-mejora-y-ampliacion-de-la-charca-de-suarez\/","url_meta":{"origin":7985,"position":0},"title":"Izquierda Unida propone la mejora y ampliaci\u00f3n de la Charca de Su\u00e1rez","author":"Izquierda Unida Motril","date":"27 febrero, 2019","format":false,"excerpt":"Inma Omiste ha anunciado que en su programa de gobierno est\u00e1n contempladas las actuaciones y recursos necesarios para aprovechar toda la potencialidad del humedal motrile\u00f1o, medioambiental y tur\u00edsticamente. En el proyecto de Izquierda Unida para Motril ocupan un lugar central la protecci\u00f3n de la Costa, del medio marino y de\u2026","rel":"","context":"En \u00abEST\u00c1 PASANDO\u00bb","block_context":{"text":"EST\u00c1 PASANDO","link":"https:\/\/iumotril.org\/sitio\/category\/esta-pasando\/"},"img":{"alt_text":"","src":"https:\/\/i0.wp.com\/iumotril.org\/sitio\/wp-content\/uploads\/2019\/02\/Inma-y-Jose_Charca-Suarez_27-febrero.jpg?resize=350%2C200","width":350,"height":200},"classes":[]},{"id":10959,"url":"https:\/\/iumotril.org\/sitio\/izquierda-unida-pide-mayor-proteccion-para-la-charca-de-suarez-2\/","url_meta":{"origin":7985,"position":1},"title":"Izquierda Unida pide mayor protecci\u00f3n para la Charca de Su\u00e1rez","author":"Izquierda Unida Motril","date":"10 febrero, 2026","format":false,"excerpt":"Responsables de IU han criticado la falta del necesario compromiso por parte de las administraciones local y auton\u00f3mica con la Charca de Su\u00e1rez, el humedal costero m\u00e1s importante del litoral granadino.","rel":"","context":"En \u00abAyuntamiento\u00bb","block_context":{"text":"Ayuntamiento","link":"https:\/\/iumotril.org\/sitio\/category\/ayuntamiento\/"},"img":{"alt_text":"","src":"https:\/\/i0.wp.com\/iumotril.org\/sitio\/wp-content\/uploads\/2025\/04\/inma-playa-granada-scaled-e1770714959392.jpeg?resize=350%2C200&ssl=1","width":350,"height":200,"srcset":"https:\/\/i0.wp.com\/iumotril.org\/sitio\/wp-content\/uploads\/2025\/04\/inma-playa-granada-scaled-e1770714959392.jpeg?resize=350%2C200&ssl=1 1x, https:\/\/i0.wp.com\/iumotril.org\/sitio\/wp-content\/uploads\/2025\/04\/inma-playa-granada-scaled-e1770714959392.jpeg?resize=525%2C300&ssl=1 1.5x, https:\/\/i0.wp.com\/iumotril.org\/sitio\/wp-content\/uploads\/2025\/04\/inma-playa-granada-scaled-e1770714959392.jpeg?resize=700%2C400&ssl=1 2x"},"classes":[]},{"id":8849,"url":"https:\/\/iumotril.org\/sitio\/iu-equo-exige-al-gobierno-local-soluciones-urgentes-para-garantizar-la-apertura-normalizada-de-la-charca-de-suarez\/","url_meta":{"origin":7985,"position":2},"title":"IU-Equo exige al gobierno local soluciones urgentes para garantizar la apertura normalizada de la Charca de Su\u00e1rez","author":"Izquierda Unida Motril","date":"26 enero, 2023","format":false,"excerpt":"En los \u00faltimos seis meses la Charca de Su\u00e1rez no ha podido abrir sus instalaciones 38 d\u00edas por falta de personal. Apr\u00f3ximadamente la Charca ha permanecido cerrada durante cinco d\u00edas h\u00e1biles de cada mes. A pesar de que la alcaldesa se refiere a la reserva natural como \u201cuna de las\u2026","rel":"","context":"En \u00abAyuntamiento\u00bb","block_context":{"text":"Ayuntamiento","link":"https:\/\/iumotril.org\/sitio\/category\/ayuntamiento\/"},"img":{"alt_text":"","src":"https:\/\/i0.wp.com\/iumotril.org\/sitio\/wp-content\/uploads\/2023\/01\/Charca-de-Suarez.jpg?resize=350%2C200&ssl=1","width":350,"height":200,"srcset":"https:\/\/i0.wp.com\/iumotril.org\/sitio\/wp-content\/uploads\/2023\/01\/Charca-de-Suarez.jpg?resize=350%2C200&ssl=1 1x, https:\/\/i0.wp.com\/iumotril.org\/sitio\/wp-content\/uploads\/2023\/01\/Charca-de-Suarez.jpg?resize=525%2C300&ssl=1 1.5x, https:\/\/i0.wp.com\/iumotril.org\/sitio\/wp-content\/uploads\/2023\/01\/Charca-de-Suarez.jpg?resize=700%2C400&ssl=1 2x"},"classes":[]},{"id":7359,"url":"https:\/\/iumotril.org\/sitio\/iu-equo-demanda-actuaciones-para-acabar-con-los-vertidos-ilegales-a-la-charca-de-suarez-y-a-la-playa-de-poniente\/","url_meta":{"origin":7985,"position":3},"title":"IU-Equo demanda actuaciones para acabar con los vertidos ilegales a la Charca de Su\u00e1rez y a la playa de Poniente","author":"Izquierda Unida Motril","date":"27 abril, 2021","format":false,"excerpt":"Para la portavoz de IU-Equo, ahora se trata fundamentalmente de eso; de destinar recursos para llevar a cabo actuaciones para contribuir a la reducci\u00f3n de agentes contaminantes como los procedentes del pol\u00edgono de las Algaidas. Una actuaci\u00f3n que beneficiar\u00e1 tanto al clima, como a la calidad de nuestras playas y\u2026","rel":"","context":"En \u00abSin categor\u00eda\u00bb","block_context":{"text":"Sin categor\u00eda","link":"https:\/\/iumotril.org\/sitio\/category\/sin-categoria\/"},"img":{"alt_text":"","src":"https:\/\/i0.wp.com\/iumotril.org\/sitio\/wp-content\/uploads\/2021\/04\/Inma-27-Abril-1024x768.jpg?resize=350%2C200","width":350,"height":200,"srcset":"https:\/\/i0.wp.com\/iumotril.org\/sitio\/wp-content\/uploads\/2021\/04\/Inma-27-Abril-1024x768.jpg?resize=350%2C200 1x, https:\/\/i0.wp.com\/iumotril.org\/sitio\/wp-content\/uploads\/2021\/04\/Inma-27-Abril-1024x768.jpg?resize=525%2C300 1.5x"},"classes":[]},{"id":519,"url":"https:\/\/iumotril.org\/sitio\/iu-denuncia-la-dejadez-del-ayuntamiento-de-motril-con-la-charca-de-suarez\/","url_meta":{"origin":7985,"position":4},"title":"IU denuncia la dejadez del Ayuntamiento de Motril con la Charca de Su\u00e1rez.","author":"Izquierda Unida Motril","date":"25 abril, 2015","format":false,"excerpt":"IU lamenta que, pese a disponer de una subvenci\u00f3n del 100% a trav\u00e9s de este Programa, se hayan dejado sin acometer actuaciones imprescindibles como el equipamiento del centro de interpretaci\u00f3n, que permitir\u00eda recibir a los visitantes de cruceros y turistas con la calidad que requiere este espacio, o los equipamientos\u2026","rel":"","context":"En \u00abAyuntamiento\u00bb","block_context":{"text":"Ayuntamiento","link":"https:\/\/iumotril.org\/sitio\/category\/ayuntamiento\/"},"img":{"alt_text":"Charca Su\u00e1rez","src":"https:\/\/i0.wp.com\/iumotril.org\/sitio\/wp-content\/uploads\/2015\/04\/Charca-Su%C3%A1rez.jpg?resize=350%2C200","width":350,"height":200,"srcset":"https:\/\/i0.wp.com\/iumotril.org\/sitio\/wp-content\/uploads\/2015\/04\/Charca-Su%C3%A1rez.jpg?resize=350%2C200 1x, https:\/\/i0.wp.com\/iumotril.org\/sitio\/wp-content\/uploads\/2015\/04\/Charca-Su%C3%A1rez.jpg?resize=525%2C300 1.5x"},"classes":[]},{"id":9067,"url":"https:\/\/iumotril.org\/sitio\/iu-equo-critica-la-manipulacion-interesada-de-su-gestion-por-parte-de-la-alcaldesa-de-motril\/","url_meta":{"origin":7985,"position":5},"title":"IU-EQUO critica la manipulaci\u00f3n interesada de su gesti\u00f3n por parte de la alcaldesa de Motril","author":"Izquierda Unida Motril","date":"27 abril, 2023","format":false,"excerpt":"Entre otros asuntos que ilustran esta estrategia, han se\u00f1alado la utilizaci\u00f3n de m\u00e1s 150 mil euros de subvenciones p\u00fablicas nominativas, asignadas a dedo, a entidades y asociaciones empresariales y de car\u00e1cter religioso, el anuncio de la construcci\u00f3n de un nuevo centro de recepci\u00f3n de visitantes en la Charca de Su\u00e1rez,\u2026","rel":"","context":"En \u00abAyuntamiento\u00bb","block_context":{"text":"Ayuntamiento","link":"https:\/\/iumotril.org\/sitio\/category\/ayuntamiento\/"},"img":{"alt_text":"","src":"https:\/\/i0.wp.com\/iumotril.org\/sitio\/wp-content\/uploads\/2023\/04\/Charca-cierres.jpg?resize=350%2C200&ssl=1","width":350,"height":200,"srcset":"https:\/\/i0.wp.com\/iumotril.org\/sitio\/wp-content\/uploads\/2023\/04\/Charca-cierres.jpg?resize=350%2C200&ssl=1 1x, https:\/\/i0.wp.com\/iumotril.org\/sitio\/wp-content\/uploads\/2023\/04\/Charca-cierres.jpg?resize=525%2C300&ssl=1 1.5x, https:\/\/i0.wp.com\/iumotril.org\/sitio\/wp-content\/uploads\/2023\/04\/Charca-cierres.jpg?resize=700%2C400&ssl=1 2x, https:\/\/i0.wp.com\/iumotril.org\/sitio\/wp-content\/uploads\/2023\/04\/Charca-cierres.jpg?resize=1050%2C600&ssl=1 3x"},"classes":[]}],"jetpack_likes_enabled":true,"_links":{"self":[{"href":"https:\/\/iumotril.org\/sitio\/wp-json\/wp\/v2\/posts\/7985","targetHints":{"allow":["GET"]}}],"collection":[{"href":"https:\/\/iumotril.org\/sitio\/wp-json\/wp\/v2\/posts"}],"about":[{"href":"https:\/\/iumotril.org\/sitio\/wp-json\/wp\/v2\/types\/post"}],"author":[{"embeddable":true,"href":"https:\/\/iumotril.org\/sitio\/wp-json\/wp\/v2\/users\/1"}],"replies":[{"embeddable":true,"href":"https:\/\/iumotril.org\/sitio\/wp-json\/wp\/v2\/comments?post=7985"}],"version-history":[{"count":4,"href":"https:\/\/iumotril.org\/sitio\/wp-json\/wp\/v2\/posts\/7985\/revisions"}],"predecessor-version":[{"id":7996,"href":"https:\/\/iumotril.org\/sitio\/wp-json\/wp\/v2\/posts\/7985\/revisions\/7996"}],"wp:attachment":[{"href":"https:\/\/iumotril.org\/sitio\/wp-json\/wp\/v2\/media?parent=7985"}],"wp:term":[{"taxonomy":"category","embeddable":true,"href":"https:\/\/iumotril.org\/sitio\/wp-json\/wp\/v2\/categories?post=7985"},{"taxonomy":"post_tag","embeddable":true,"href":"https:\/\/iumotril.org\/sitio\/wp-json\/wp\/v2\/tags?post=7985"}],"curies":[{"name":"wp","href":"https:\/\/api.w.org\/{rel}","templated":true}]}}