{"id":7959,"date":"2022-01-26T11:51:26","date_gmt":"2022-01-26T10:51:26","guid":{"rendered":"http:\/\/iumotril.org\/sitio\/?p=7959"},"modified":"2022-01-26T11:51:26","modified_gmt":"2022-01-26T10:51:26","slug":"iu-equo-propone-recuperar-la-gestion-publica-del-albergue-municipal-de-animales","status":"publish","type":"post","link":"https:\/\/iumotril.org\/sitio\/iu-equo-propone-recuperar-la-gestion-publica-del-albergue-municipal-de-animales\/","title":{"rendered":"IU-Equo propone recuperar la gesti\u00f3n p\u00fablica del albergue municipal de animales"},"content":{"rendered":"<p style=\"text-align: justify;\"><span style=\"color: #993300;\">Plantea que se acuerde con las asociaciones protectoras y defensoras del bienestar animal una f\u00f3rmula de gesti\u00f3n que permita garantizar el respeto de los derechos de los animales e impulsar la adopci\u00f3n de los animales albergados.<\/span><\/p>\r\n<p style=\"text-align: justify;\">La portavoz de IU-Equo, Inma Omiste, ha informado que la gesti\u00f3n del <a href=\"http:\/\/www.motril.es\/index.php?id=1117\">albergue municipal<\/a> por parte de una entidad privada, cuyo contrato lleva a\u00f1os prorrogados, est\u00e1 condicionando la <strong>calidad del servicio prestado<\/strong>.<\/p>\r\n<figure id=\"attachment_7961\" aria-describedby=\"caption-attachment-7961\" style=\"width: 2560px\" class=\"wp-caption aligncenter\"><img loading=\"lazy\" decoding=\"async\" data-attachment-id=\"7961\" data-permalink=\"https:\/\/iumotril.org\/sitio\/iu-equo-propone-recuperar-la-gestion-publica-del-albergue-municipal-de-animales\/img-4246\/\" data-orig-file=\"https:\/\/iumotril.org\/sitio\/wp-content\/uploads\/2022\/01\/IMG-4246-scaled.jpg\" data-orig-size=\"2560,1920\" data-comments-opened=\"1\" data-image-meta=\"{&quot;aperture&quot;:&quot;2.2&quot;,&quot;credit&quot;:&quot;&quot;,&quot;camera&quot;:&quot;iPhone 6&quot;,&quot;caption&quot;:&quot;&quot;,&quot;created_timestamp&quot;:&quot;1643105102&quot;,&quot;copyright&quot;:&quot;&quot;,&quot;focal_length&quot;:&quot;4.15&quot;,&quot;iso&quot;:&quot;64&quot;,&quot;shutter_speed&quot;:&quot;0.03030303030303&quot;,&quot;title&quot;:&quot;&quot;,&quot;orientation&quot;:&quot;1&quot;}\" data-image-title=\"IMG-4246\" data-image-description=\"\" data-image-caption=\"\" data-large-file=\"https:\/\/iumotril.org\/sitio\/wp-content\/uploads\/2022\/01\/IMG-4246-1024x768.jpg\" class=\"wp-image-7961 size-full\" src=\"https:\/\/iumotril.org\/sitio\/wp-content\/uploads\/2022\/01\/IMG-4246-scaled.jpg\" alt=\"\" width=\"2560\" height=\"1920\" srcset=\"https:\/\/iumotril.org\/sitio\/wp-content\/uploads\/2022\/01\/IMG-4246-scaled.jpg 2560w, https:\/\/iumotril.org\/sitio\/wp-content\/uploads\/2022\/01\/IMG-4246-300x225.jpg 300w, https:\/\/iumotril.org\/sitio\/wp-content\/uploads\/2022\/01\/IMG-4246-1024x768.jpg 1024w, https:\/\/iumotril.org\/sitio\/wp-content\/uploads\/2022\/01\/IMG-4246-768x576.jpg 768w, https:\/\/iumotril.org\/sitio\/wp-content\/uploads\/2022\/01\/IMG-4246-1536x1152.jpg 1536w, https:\/\/iumotril.org\/sitio\/wp-content\/uploads\/2022\/01\/IMG-4246-2048x1536.jpg 2048w\" sizes=\"auto, (max-width: 2560px) 100vw, 2560px\" \/><figcaption id=\"caption-attachment-7961\" class=\"wp-caption-text\">Inma Omiste, portavoz de IU-Equo<\/figcaption><\/figure>\r\n<p style=\"text-align: justify;\">A ello se le une \u2013ha a\u00f1adido\u2014determinadas deficiencias y carencias de las instalaciones que est\u00e1n afectando a su <strong>buen funcionamiento<\/strong>.<\/p>\r\n<p style=\"text-align: justify;\">Inma Omiste ha afirmado que desde IU-Equo se rechaza cualquier modelo de gesti\u00f3n de esta instalaci\u00f3n p\u00fablica que persiga un \u00e1nimo de lucro. Por este motivo, reclama al gobierno local que cuente con las asociaciones protectoras y con los <strong>colectivos animalistas de la ciudad<\/strong> para buscar una f\u00f3rmula de gesti\u00f3n compartida que garantice la gesti\u00f3n adecuada y p\u00fablica del albergue municipal.<\/p>\r\n<p style=\"text-align: justify;\">En la moci\u00f3n que presenta IU-Equo al pr\u00f3ximo pleno de la Corporaci\u00f3n se propone el dise\u00f1o y puesta en marcha de una campa\u00f1a de <strong>concienciaci\u00f3n y sensibilizaci\u00f3n ciudadana<\/strong> para dar a conocer los servicios que ofrece el albergue de animales y para promover el respeto a los derechos de los animales y la tenencia responsable de mascotas.<\/p>\r\n<p style=\"text-align: justify;\">Entre los objetivos que se deben perseguir en la gesti\u00f3n del albergue, la portavoz de IU-Equo ha se\u00f1alado los siguientes:<\/p>\r\n<ul>\r\n<li style=\"text-align: justify;\">Fomentar el buen trato de los animales y el medio ambiente, as\u00ed como prevenir el abandono y el maltrato hacia los animales.<\/li>\r\n<li style=\"text-align: justify;\">Denunciar las irregularidades que tengan que ver con la tenencia de animales.<\/li>\r\n<li style=\"text-align: justify;\">Desarrollar proyectos con la finalidad del bienestar animal y llevar a cabo iniciativas para financiar los fines sociales de la entidad<\/li>\r\n<li style=\"text-align: justify;\">Realizar campa\u00f1as anti-abandono, de concienciaci\u00f3n ciudadana, de esterilizaci\u00f3n y divulgaci\u00f3n en centros educativos y escolares.<\/li>\r\n<\/ul>\r\n","protected":false},"excerpt":{"rendered":"<p>Propone que se acuerde con las asociaciones protectoras y defensoras del bienestar animal una f\u00f3rmula de gesti\u00f3n que permita garantizar el respeto de los derechos de los animales e impulsar la adopci\u00f3n de los animales albergados.<br \/>\nDesde IU-Equo se rechaza cualquier modelo de gesti\u00f3n de esta instalaci\u00f3n p\u00fablica que persiga un \u00e1nimo de lucro. Por este motivo, reclama al gobierno local que cuente con las asociaciones protectoras y con los colectivos animalistas de la ciudad para buscar una f\u00f3rmula de gesti\u00f3n compartida que garantice la gesti\u00f3n adecuada y p\u00fablica del albergue municipal.<\/p>\n","protected":false},"author":1,"featured_media":0,"comment_status":"open","ping_status":"open","sticky":false,"template":"","format":"standard","meta":{"cybocfi_hide_featured_image":"","_jetpack_newsletter_access":"","_jetpack_dont_email_post_to_subs":false,"_jetpack_newsletter_tier_id":0,"_jetpack_memberships_contains_paywalled_content":false,"_jetpack_memberships_contains_paid_content":false,"footnotes":""},"categories":[7,265,36],"tags":[],"class_list":["post-7959","post","type-post","status-publish","format-standard","hentry","category-ayuntamiento","category-esta-pasando","category-mociones-pleno"],"jetpack_featured_media_url":"","jetpack_sharing_enabled":true,"jetpack_shortlink":"https:\/\/wp.me\/p4QsU5-24n","jetpack-related-posts":[{"id":10782,"url":"https:\/\/iumotril.org\/sitio\/iu-verdes-equo-critica-el-abandono-del-albergue-municipal-de-animales\/","url_meta":{"origin":7959,"position":0},"title":"IU Verdes Equo critica el abandono del albergue municipal de animales","author":"Izquierda Unida Motril","date":"19 septiembre, 2025","format":false,"excerpt":"IU-Verdes Equo ha criticado el mal estado de las instalaciones del albergue municipal de animales, la falta de recursos y el desinter\u00e9s del gobierno del PP con Garc\u00eda Chamorro al frente, que ha dejado el albergue en una situaci\u00f3n de abandono inadmisible. Desde IU exigen el arreglo total de las\u2026","rel":"","context":"En \u00abAyuntamiento\u00bb","block_context":{"text":"Ayuntamiento","link":"https:\/\/iumotril.org\/sitio\/category\/ayuntamiento\/"},"img":{"alt_text":"","src":"https:\/\/i0.wp.com\/iumotril.org\/sitio\/wp-content\/uploads\/2025\/09\/PHOTO-2025-09-18-13-18-55.jpg?resize=350%2C200&ssl=1","width":350,"height":200,"srcset":"https:\/\/i0.wp.com\/iumotril.org\/sitio\/wp-content\/uploads\/2025\/09\/PHOTO-2025-09-18-13-18-55.jpg?resize=350%2C200&ssl=1 1x, https:\/\/i0.wp.com\/iumotril.org\/sitio\/wp-content\/uploads\/2025\/09\/PHOTO-2025-09-18-13-18-55.jpg?resize=525%2C300&ssl=1 1.5x, https:\/\/i0.wp.com\/iumotril.org\/sitio\/wp-content\/uploads\/2025\/09\/PHOTO-2025-09-18-13-18-55.jpg?resize=700%2C400&ssl=1 2x"},"classes":[]},{"id":5074,"url":"https:\/\/iumotril.org\/sitio\/iu-equo-recuperara-la-gestion-publica-del-albergue-de-animales\/","url_meta":{"origin":7959,"position":1},"title":"IU-Equo recuperar\u00e1 la gesti\u00f3n p\u00fablica del Albergue de animales","author":"Izquierda Unida Motril","date":"18 mayo, 2019","format":false,"excerpt":"IU-Equo no prestar\u00e1 ayudas p\u00fablicas ni subvenciones relacionadas con la tauromaquia y no permitir\u00e1 el desarrollo de espect\u00e1culos que impliquen el maltrato animal en nuestra ciudad. Queremos un Motril antitaurino y libre de circos con animales. Promover\u00e1 convenios de colaboraci\u00f3n con las cl\u00ednicas veterinarias para la esterilizaci\u00f3n y vacunaci\u00f3n de\u2026","rel":"","context":"En \u00abElecciones\u00bb","block_context":{"text":"Elecciones","link":"https:\/\/iumotril.org\/sitio\/category\/elecciones\/"},"img":{"alt_text":"","src":"https:\/\/i0.wp.com\/iumotril.org\/sitio\/wp-content\/uploads\/2018\/10\/Inma-y-Daniela_Hospital-octubre-1024x497.jpg?resize=350%2C200","width":350,"height":200,"srcset":"https:\/\/i0.wp.com\/iumotril.org\/sitio\/wp-content\/uploads\/2018\/10\/Inma-y-Daniela_Hospital-octubre-1024x497.jpg?resize=350%2C200 1x, https:\/\/i0.wp.com\/iumotril.org\/sitio\/wp-content\/uploads\/2018\/10\/Inma-y-Daniela_Hospital-octubre-1024x497.jpg?resize=525%2C300 1.5x"},"classes":[]},{"id":9305,"url":"https:\/\/iumotril.org\/sitio\/iu-verdes-equo-se-compromete-con-la-proteccion-de-los-derechos-de-los-animales-para-mejorar-su-bienestar\/","url_meta":{"origin":7959,"position":2},"title":"IU-Verdes Equo se compromete con la protecci\u00f3n de los derechos de los animales para mejorar su bienestar","author":"Izquierda Unida Motril","date":"23 mayo, 2023","format":false,"excerpt":"Desde las instalaciones del albergue municipal de animales, que ha visitado esta ma\u00f1ana con miembros de su candidatura, ha anunciado que \u201cnos proponemos promover e implantar una cultura y un comportamiento m\u00e1s proteccionista en el \u00e1mbito local\u201d, en consonancia con la mayor sensibilidad de la ciudadan\u00eda respecto de los animales\u2026","rel":"","context":"En \u00abElecciones\u00bb","block_context":{"text":"Elecciones","link":"https:\/\/iumotril.org\/sitio\/category\/elecciones\/"},"img":{"alt_text":"","src":"https:\/\/i0.wp.com\/iumotril.org\/sitio\/wp-content\/uploads\/2023\/05\/Albergue-animales.jpg?resize=350%2C200&ssl=1","width":350,"height":200},"classes":[]},{"id":7236,"url":"https:\/\/iumotril.org\/sitio\/iu-equo-y-podemos-motril-se-suman-a-las-propuestas-del-colectivo-animalista-para-promover-un-plan-integral-de-control-de-las-colonias-felinas\/","url_meta":{"origin":7959,"position":3},"title":"IU-Equo y Podemos Motril se suman a las propuestas del colectivo animalista para promover un plan integral de control de las colonias felinas","author":"Izquierda Unida Motril","date":"24 marzo, 2021","format":false,"excerpt":"Actualmente, en el municipio de Motril existen colonias felinas que est\u00e1n siendo gestionadas por asociaciones y por voluntarias que, debido a su falta de regulaci\u00f3n y a la inexistencia de protocolos, ocasionan diversos inconvenientes, entre otros, la proliferaci\u00f3n de animales sin control, as\u00ed como problemas de conveniencia vecinal y de\u2026","rel":"","context":"En \u00abEST\u00c1 PASANDO\u00bb","block_context":{"text":"EST\u00c1 PASANDO","link":"https:\/\/iumotril.org\/sitio\/category\/esta-pasando\/"},"img":{"alt_text":"","src":"https:\/\/i0.wp.com\/iumotril.org\/sitio\/wp-content\/uploads\/2021\/03\/Carmen-e-Inma_24-marzo-1024x768.jpg?resize=350%2C200","width":350,"height":200,"srcset":"https:\/\/i0.wp.com\/iumotril.org\/sitio\/wp-content\/uploads\/2021\/03\/Carmen-e-Inma_24-marzo-1024x768.jpg?resize=350%2C200 1x, https:\/\/i0.wp.com\/iumotril.org\/sitio\/wp-content\/uploads\/2021\/03\/Carmen-e-Inma_24-marzo-1024x768.jpg?resize=525%2C300 1.5x"},"classes":[]},{"id":8976,"url":"https:\/\/iumotril.org\/sitio\/iu-equo-pide-la-elaboracion-de-un-plan-de-gestion-municipal-del-arbolado-para-evitar-talas-indiscriminadas-en-la-ciudad\/","url_meta":{"origin":7959,"position":4},"title":"IU-Equo pide la elaboraci\u00f3n de un plan de gesti\u00f3n municipal del arbolado para evitar talas indiscriminadas en la ciudad","author":"Izquierda Unida Motril","date":"29 marzo, 2023","format":false,"excerpt":"IU-Equo reitera su exigencia para\u00a0 la elaboraci\u00f3n de dicho Plan, adem\u00e1s de una mayor transparencia y participaci\u00f3n ciudadana en el caso de tala de ejemplares\u00a0 que afecten al entorno urbano y al bienestar de los vecinos y de las vecinas. En la moci\u00f3n que se debatir\u00e1 en el pr\u00f3ximo pleno,\u2026","rel":"","context":"En \u00abAyuntamiento\u00bb","block_context":{"text":"Ayuntamiento","link":"https:\/\/iumotril.org\/sitio\/category\/ayuntamiento\/"},"img":{"alt_text":"","src":"https:\/\/i0.wp.com\/iumotril.org\/sitio\/wp-content\/uploads\/2023\/03\/Araboles-san-antonio-2.jpg?resize=350%2C200&ssl=1","width":350,"height":200,"srcset":"https:\/\/i0.wp.com\/iumotril.org\/sitio\/wp-content\/uploads\/2023\/03\/Araboles-san-antonio-2.jpg?resize=350%2C200&ssl=1 1x, https:\/\/i0.wp.com\/iumotril.org\/sitio\/wp-content\/uploads\/2023\/03\/Araboles-san-antonio-2.jpg?resize=525%2C300&ssl=1 1.5x, https:\/\/i0.wp.com\/iumotril.org\/sitio\/wp-content\/uploads\/2023\/03\/Araboles-san-antonio-2.jpg?resize=700%2C400&ssl=1 2x"},"classes":[]},{"id":7793,"url":"https:\/\/iumotril.org\/sitio\/iu-equo-lleva-al-pleno-una-propuesta-para-que-los-colegios-de-motril-cuenten-con-un-conserje-durante-todo-el-curso-escolar\/","url_meta":{"origin":7959,"position":5},"title":"IU-Equo lleva al pleno una propuesta para que los colegios de Motril cuenten con un conserje durante todo el curso escolar","author":"Izquierda Unida Motril","date":"27 octubre, 2021","format":false,"excerpt":"A pesar de las denuncias y reclamaciones por parte de las direcciones de los centros y de las asociaciones de madres y padres, el \u00c1rea de Educaci\u00f3n no est\u00e1 siendo capaz de dar una soluci\u00f3n a este importante problema, de modo que es el equipo docente de los centros quienes\u2026","rel":"","context":"En \u00abAyuntamiento\u00bb","block_context":{"text":"Ayuntamiento","link":"https:\/\/iumotril.org\/sitio\/category\/ayuntamiento\/"},"img":{"alt_text":"","src":"https:\/\/i0.wp.com\/iumotril.org\/sitio\/wp-content\/uploads\/2021\/10\/Inma-27-octubre-768x1024.jpg?resize=350%2C200","width":350,"height":200,"srcset":"https:\/\/i0.wp.com\/iumotril.org\/sitio\/wp-content\/uploads\/2021\/10\/Inma-27-octubre-768x1024.jpg?resize=350%2C200 1x, https:\/\/i0.wp.com\/iumotril.org\/sitio\/wp-content\/uploads\/2021\/10\/Inma-27-octubre-768x1024.jpg?resize=525%2C300 1.5x"},"classes":[]}],"jetpack_likes_enabled":true,"_links":{"self":[{"href":"https:\/\/iumotril.org\/sitio\/wp-json\/wp\/v2\/posts\/7959","targetHints":{"allow":["GET"]}}],"collection":[{"href":"https:\/\/iumotril.org\/sitio\/wp-json\/wp\/v2\/posts"}],"about":[{"href":"https:\/\/iumotril.org\/sitio\/wp-json\/wp\/v2\/types\/post"}],"author":[{"embeddable":true,"href":"https:\/\/iumotril.org\/sitio\/wp-json\/wp\/v2\/users\/1"}],"replies":[{"embeddable":true,"href":"https:\/\/iumotril.org\/sitio\/wp-json\/wp\/v2\/comments?post=7959"}],"version-history":[{"count":4,"href":"https:\/\/iumotril.org\/sitio\/wp-json\/wp\/v2\/posts\/7959\/revisions"}],"predecessor-version":[{"id":7969,"href":"https:\/\/iumotril.org\/sitio\/wp-json\/wp\/v2\/posts\/7959\/revisions\/7969"}],"wp:attachment":[{"href":"https:\/\/iumotril.org\/sitio\/wp-json\/wp\/v2\/media?parent=7959"}],"wp:term":[{"taxonomy":"category","embeddable":true,"href":"https:\/\/iumotril.org\/sitio\/wp-json\/wp\/v2\/categories?post=7959"},{"taxonomy":"post_tag","embeddable":true,"href":"https:\/\/iumotril.org\/sitio\/wp-json\/wp\/v2\/tags?post=7959"}],"curies":[{"name":"wp","href":"https:\/\/api.w.org\/{rel}","templated":true}]}}