{"id":7837,"date":"2021-11-23T13:05:40","date_gmt":"2021-11-23T12:05:40","guid":{"rendered":"http:\/\/iumotril.org\/sitio\/?p=7837"},"modified":"2021-11-23T13:05:40","modified_gmt":"2021-11-23T12:05:40","slug":"iu-equo-reclama-la-peatonalizacion-del-centro-comercial-de-motril","status":"publish","type":"post","link":"https:\/\/iumotril.org\/sitio\/iu-equo-reclama-la-peatonalizacion-del-centro-comercial-de-motril\/","title":{"rendered":"IU-EQUO reclama la peatonalizaci\u00f3n del centro comercial de Motril"},"content":{"rendered":"<p style=\"text-align: justify;\"><span style=\"color: #993300;\">A pesar de ser uno de los asuntos hist\u00f3ricamente pendientes para la mejora y dinamizaci\u00f3n de comercio local de Motril, nada se ha avanzado durante los m\u00e1s de dos a\u00f1os de gobierno del PP y Cs en la ciudad.<\/span><\/p>\r\n<p style=\"text-align: justify;\"><span style=\"color: #993300;\">Reclama la elaboraci\u00f3n en el seno del Consejo Local de Comercio de una propuesta consensuada que responda a los requerimientos de los comercios y a criterios de movilidad y de inter\u00e9s general.<\/span><\/p>\r\n<p style=\"text-align: justify;\">IU-Equo critica la falta de operatividad del Consejo Local de Comercio, creado en teor\u00eda para luchar por el comercio motrile\u00f1o, que se ha reunido en dos ocasiones desde su creaci\u00f3n y que no ha elaborado <strong>ninguna propuesta<\/strong> relacionada con los asuntos que tienen que ver con la mejora del peque\u00f1o comercio en Motril, de manera especial con la <strong>peatonalizaci\u00f3n del centro<\/strong> comercial, un asunto que sistem\u00e1ticamente no se aborda de una manera decidida.<\/p>\r\n<p style=\"text-align: justify;\">Un a\u00f1o m\u00e1s, con motivo de la campa\u00f1a navide\u00f1a, en vez de acometer la peatonalizaci\u00f3n de la zona comercial se llevan a cabo actuaciones de parcheo con el cierre parcial de determinadas calles o cambios en los sentidos de estas.<\/p>\r\n<figure id=\"attachment_7849\" aria-describedby=\"caption-attachment-7849\" style=\"width: 640px\" class=\"wp-caption aligncenter\"><img loading=\"lazy\" decoding=\"async\" data-attachment-id=\"7849\" data-permalink=\"https:\/\/iumotril.org\/sitio\/iu-equo-reclama-la-peatonalizacion-del-centro-comercial-de-motril\/inma-23-noviembre\/\" data-orig-file=\"https:\/\/iumotril.org\/sitio\/wp-content\/uploads\/2021\/11\/Inma-23-noviembre.jpg\" data-orig-size=\"2048,1536\" data-comments-opened=\"1\" data-image-meta=\"{&quot;aperture&quot;:&quot;0&quot;,&quot;credit&quot;:&quot;&quot;,&quot;camera&quot;:&quot;&quot;,&quot;caption&quot;:&quot;&quot;,&quot;created_timestamp&quot;:&quot;0&quot;,&quot;copyright&quot;:&quot;&quot;,&quot;focal_length&quot;:&quot;0&quot;,&quot;iso&quot;:&quot;0&quot;,&quot;shutter_speed&quot;:&quot;0&quot;,&quot;title&quot;:&quot;&quot;,&quot;orientation&quot;:&quot;0&quot;}\" data-image-title=\"Inma 23 noviembre\" data-image-description=\"\" data-image-caption=\"&lt;p&gt;Inma Omiste, portavoz de IU-Equo&lt;\/p&gt;\n\" data-large-file=\"https:\/\/iumotril.org\/sitio\/wp-content\/uploads\/2021\/11\/Inma-23-noviembre-1024x768.jpg\" class=\"wp-image-7849 size-large\" src=\"https:\/\/iumotril.org\/sitio\/wp-content\/uploads\/2021\/11\/Inma-23-noviembre-1024x768.jpg\" alt=\"\" width=\"640\" height=\"480\" srcset=\"https:\/\/iumotril.org\/sitio\/wp-content\/uploads\/2021\/11\/Inma-23-noviembre-1024x768.jpg 1024w, https:\/\/iumotril.org\/sitio\/wp-content\/uploads\/2021\/11\/Inma-23-noviembre-300x225.jpg 300w, https:\/\/iumotril.org\/sitio\/wp-content\/uploads\/2021\/11\/Inma-23-noviembre-768x576.jpg 768w, https:\/\/iumotril.org\/sitio\/wp-content\/uploads\/2021\/11\/Inma-23-noviembre-1536x1152.jpg 1536w, https:\/\/iumotril.org\/sitio\/wp-content\/uploads\/2021\/11\/Inma-23-noviembre.jpg 2048w\" sizes=\"auto, (max-width: 640px) 100vw, 640px\" \/><figcaption id=\"caption-attachment-7849\" class=\"wp-caption-text\">Inma Omiste, portavoz de IU-Equo<\/figcaption><\/figure>\r\n<p style=\"text-align: justify;\">Denuncia la falta de una estructura t\u00e9cnica en el \u00c1rea de Comercio, que pueda dar soporte a la elaboraci\u00f3n de <strong>propuestas y actuaciones<\/strong> que pudieran llevarse a cabo.<\/p>\r\n<p style=\"text-align: justify;\">Lamenta que el gobierno local no est\u00e9 llevando a cabo una actuaci\u00f3n decidida de apoyo al peque\u00f1o comercio, en contraste con las facilidades que ofrece a las <strong>grandes superficies<\/strong> comerciales, que soportan cargas fiscales irrisorias en relaci\u00f3n con su volumen de actividad y beneficios en comparaci\u00f3n las cargas que soportan los peque\u00f1os comercios motrile\u00f1os.<\/p>\r\n<p style=\"text-align: justify;\">No son suficientes las declaraciones y los gestos de apoyo, el compromiso con el comercio motrile\u00f1o se demuestra con actuaciones y medidas. Con hechos concretos.<\/p>\r\n<p style=\"text-align: justify;\">En este sentido, IU-Equo propone un <a href=\"https:\/\/iumotril.org\/sitio\/wp-content\/uploads\/2021\/11\/MEDIDAS-PARA-FAVORECER-E-INCENTIVAR-EL-COMERCIO-LOCAL-EN-MOTRIL_26-mayo-2020.pdf\">plan<\/a><strong> de incentivos fiscales<\/strong> al peque\u00f1o comercio, que contemple desde el emprendimiento, a la apertura de nuevos negocios. Es decir, <strong>reducir los gastos fiscales<\/strong> para la apertura de establecimientos y la licencia de obras para los negocios, adem\u00e1s de rebajar la tasa de recogida de basura a los peque\u00f1os comerciantes. Todo ello les permitir\u00eda un ahorro en sus gastos fijos, d\u00e1ndoles un respiro necesario para la recuperaci\u00f3n de la actividad.<\/p>\r\n<p style=\"text-align: justify;\">En cualquier caso, el apoyo al peque\u00f1o comercio no puede limitarse \u00fanicamente a los incentivos fiscales. Es necesario poner en marcha <strong>actuaciones de dinamizaci\u00f3n y apoyo<\/strong> a los comercios acordadas con las asociaciones y con los comerciantes, que incluyan objetivos a alcanzar, recursos a destinar, plazos para su realizaci\u00f3n y criterios de evaluaci\u00f3n de su cumplimiento.<\/p>\r\n<p style=\"text-align: justify;\">Una tarea que deber\u00eda llevar a cabo el Ayuntamiento, pero que, m\u00e1s de dos a\u00f1os despu\u00e9s de su llegada al gobierno municipal, <strong>nada se ha hecho<\/strong>. Al igual que tampoco se ha abordado el embellecimiento de las zonas comerciales y la limpieza en condiciones de las calles para hacerlas m\u00e1s atractivas a los clientes, ya que actualmente presentan importantes deficiencias en este sentido: falta de mantenimiento, limpieza viaria, escasez de papeleras, etc.<\/p>\r\n","protected":false},"excerpt":{"rendered":"<p>IU-Equo critica la falta de operatividad del Consejo Local de Comercio, creado en teor\u00eda para luchar por el comercio motrile\u00f1o, que se ha reunido en dos ocasiones desde su creaci\u00f3n y que no ha elaborado ninguna propuesta relacionada con los asuntos que tienen que ver con la mejora del peque\u00f1o comercio en Motril, de manera especial con la peatonalizaci\u00f3n del centro comercial, un asunto que sistem\u00e1ticamente no se aborda de una manera decidida.<br \/>\nUn a\u00f1o m\u00e1s, con motivo de la campa\u00f1a navide\u00f1a, en vez de acometer la peatonalizaci\u00f3n de la zona comercial se llevan a cabo actuaciones de parcheo con el cierre parcial de determinadas calles o cambios en los sentidos de estas.<\/p>\n","protected":false},"author":1,"featured_media":0,"comment_status":"open","ping_status":"open","sticky":false,"template":"","format":"standard","meta":{"cybocfi_hide_featured_image":"","_jetpack_newsletter_access":"","_jetpack_dont_email_post_to_subs":false,"_jetpack_newsletter_tier_id":0,"_jetpack_memberships_contains_paywalled_content":false,"_jetpack_memberships_contains_paid_content":false,"footnotes":""},"categories":[7,265],"tags":[395,346,872,779],"class_list":["post-7837","post","type-post","status-publish","format-standard","hentry","category-ayuntamiento","category-esta-pasando","tag-ayudas","tag-comercio-local","tag-incentivos","tag-peatonalizacion"],"jetpack_featured_media_url":"","jetpack_sharing_enabled":true,"jetpack_shortlink":"https:\/\/wp.me\/p4QsU5-22p","jetpack-related-posts":[{"id":6676,"url":"https:\/\/iumotril.org\/sitio\/iu-equo-propone-incentivos-fiscales-y-ayudas-directas-para-el-pequeno-comercio-de-motril\/","url_meta":{"origin":7837,"position":0},"title":"IU-Equo propone incentivos fiscales y ayudas directas para el peque\u00f1o comercio de Motril","author":"Izquierda Unida Motril","date":"21 septiembre, 2020","format":false,"excerpt":"Los comerciantes motrile\u00f1os merecen una bajada de impuestos y un plan de reactivaci\u00f3n del comercio local riguroso acordado con las asociaciones del sector, con una dotaci\u00f3n econ\u00f3mica adecuada para abordar, entre otras cuestiones, una soluci\u00f3n eficaz a la peatonalizaci\u00f3n del centro comercial. M\u00e1s all\u00e1 de los titulares\u00a0y de las fotograf\u00edas\u2026","rel":"","context":"En \u00abEST\u00c1 PASANDO\u00bb","block_context":{"text":"EST\u00c1 PASANDO","link":"https:\/\/iumotril.org\/sitio\/category\/esta-pasando\/"},"img":{"alt_text":"","src":"https:\/\/i0.wp.com\/iumotril.org\/sitio\/wp-content\/uploads\/2016\/07\/comercio-borrado-1024x354.jpg?resize=350%2C200","width":350,"height":200,"srcset":"https:\/\/i0.wp.com\/iumotril.org\/sitio\/wp-content\/uploads\/2016\/07\/comercio-borrado-1024x354.jpg?resize=350%2C200 1x, https:\/\/i0.wp.com\/iumotril.org\/sitio\/wp-content\/uploads\/2016\/07\/comercio-borrado-1024x354.jpg?resize=525%2C300 1.5x"},"classes":[]},{"id":2983,"url":"https:\/\/iumotril.org\/sitio\/no-puede-peatonalizarse-el-centro-sin-llevar-a-cabo-actuaciones-de-movilidad-sostenible\/","url_meta":{"origin":7837,"position":1},"title":"NO PUEDE PEATONALIZARSE EL CENTRO SIN LLEVAR A CABO ACTUACIONES DE MOVILIDAD SOSTENIBLE","author":"Izquierda Unida Motril","date":"7 julio, 2017","format":false,"excerpt":"Desde Izquierda Unida se defiende la elaboraci\u00f3n de un nuevo modelo de movilidad que cuente con la m\u00e1xima participaci\u00f3n ciudadana en todas sus fases, con objeto de que responda a las diferentes sensibilidades e intereses de los grupos sociales que puedan verse afectados. Por su parte, el Ayuntamiento de Motril\u2026","rel":"","context":"En \u00abEST\u00c1 PASANDO\u00bb","block_context":{"text":"EST\u00c1 PASANDO","link":"https:\/\/iumotril.org\/sitio\/category\/esta-pasando\/"},"img":{"alt_text":"","src":"https:\/\/i0.wp.com\/iumotril.org\/sitio\/wp-content\/uploads\/2017\/07\/centro.jpg?resize=350%2C200","width":350,"height":200},"classes":[]},{"id":7463,"url":"https:\/\/iumotril.org\/sitio\/inma-omiste-la-alcaldesa-reclama-al-gobierno-de-espana-la-gestion-de-fondos-europeos-pero-es-incapaz-de-ejecutar-el-presupuesto-de-ayudas-al-pequeno-comercio-de-motril\/","url_meta":{"origin":7837,"position":2},"title":"Inma Omiste: la alcaldesa reclama al gobierno de Espa\u00f1a la gesti\u00f3n de fondos europeos, pero es incapaz de ejecutar el presupuesto de ayudas al peque\u00f1o comercio de Motril","author":"Izquierda Unida Motril","date":"25 mayo, 2021","format":false,"excerpt":"La portavoz de IU-Equo, ha pedido a la alcaldesa que se deje de \u201cbatallitas pol\u00edticas contra el gobierno de Espa\u00f1a\u201d y se dedique, de una vez por todas, a trabajar por Motril y atender las necesidades de sus vecinas y de sus vecinas que, como en el caso del peque\u00f1o\u2026","rel":"","context":"En \u00abEST\u00c1 PASANDO\u00bb","block_context":{"text":"EST\u00c1 PASANDO","link":"https:\/\/iumotril.org\/sitio\/category\/esta-pasando\/"},"img":{"alt_text":"","src":"https:\/\/i0.wp.com\/iumotril.org\/sitio\/wp-content\/uploads\/2021\/05\/Luisa-protesta-Madrid.jpg?resize=350%2C200","width":350,"height":200,"srcset":"https:\/\/i0.wp.com\/iumotril.org\/sitio\/wp-content\/uploads\/2021\/05\/Luisa-protesta-Madrid.jpg?resize=350%2C200 1x, https:\/\/i0.wp.com\/iumotril.org\/sitio\/wp-content\/uploads\/2021\/05\/Luisa-protesta-Madrid.jpg?resize=525%2C300 1.5x, https:\/\/i0.wp.com\/iumotril.org\/sitio\/wp-content\/uploads\/2021\/05\/Luisa-protesta-Madrid.jpg?resize=700%2C400 2x"},"classes":[]},{"id":6260,"url":"https:\/\/iumotril.org\/sitio\/las-medidas-del-gobierno-municipal-para-reactivar-el-comercio-local-no-son-suficientes\/","url_meta":{"origin":7837,"position":3},"title":"Las medidas del gobierno municipal  para reactivar el comercio local no son suficientes","author":"Izquierda Unida Motril","date":"26 mayo, 2020","format":false,"excerpt":"La portavoz del Grupo Municipal de IU-Equo, Inma Omiste, considera que\u00a0 las medidas que ha anunciado la alcaldesa son insuficientes para reactivar el comercio local, fundamentalmente por carecer de un presupuesto econ\u00f3mico para llevarlas a cabo. IU-Equo ha dado traslado a la alcaldesa las propuestas de su Grupo para favorecer\u2026","rel":"","context":"En \u00abCiudad\u00bb","block_context":{"text":"Ciudad","link":"https:\/\/iumotril.org\/sitio\/category\/ciudad\/"},"img":{"alt_text":"","src":"https:\/\/i0.wp.com\/iumotril.org\/sitio\/wp-content\/uploads\/2020\/05\/PHOTO-2020-05-26-09-48-06-1024x768.jpg?resize=350%2C200","width":350,"height":200,"srcset":"https:\/\/i0.wp.com\/iumotril.org\/sitio\/wp-content\/uploads\/2020\/05\/PHOTO-2020-05-26-09-48-06-1024x768.jpg?resize=350%2C200 1x, https:\/\/i0.wp.com\/iumotril.org\/sitio\/wp-content\/uploads\/2020\/05\/PHOTO-2020-05-26-09-48-06-1024x768.jpg?resize=525%2C300 1.5x"},"classes":[]},{"id":7061,"url":"https:\/\/iumotril.org\/sitio\/iiu-equo-pide-a-la-alcaldesa-humildad-pra-reformular-medidas-de-apoyo-al-pequeno-comercio\/","url_meta":{"origin":7837,"position":4},"title":"IIU-Equo pide a la alcaldesa humildad para reformular medidas de apoyo al peque\u00f1o comercio","author":"Izquierda Unida Motril","date":"20 enero, 2021","format":false,"excerpt":"Seg\u00fan la portavoz de IU-Equo, Inma Omiste, el resultado fallido de esta convocatoria de ayudas pone de manifiesto una mala gesti\u00f3n del gobierno local, que no ha valorado suficientemente el alcance de la convocatoria con los requisitos exigidos que, finalmente, deja fuera de las ayudas a un importante n\u00famero de\u2026","rel":"","context":"En \u00abCovid_19\u00bb","block_context":{"text":"Covid_19","link":"https:\/\/iumotril.org\/sitio\/category\/covid_19\/"},"img":{"alt_text":"","src":"https:\/\/i0.wp.com\/iumotril.org\/sitio\/wp-content\/uploads\/2021\/01\/Inma-Omiste-20-enero-1024x768.jpg?resize=350%2C200","width":350,"height":200,"srcset":"https:\/\/i0.wp.com\/iumotril.org\/sitio\/wp-content\/uploads\/2021\/01\/Inma-Omiste-20-enero-1024x768.jpg?resize=350%2C200 1x, https:\/\/i0.wp.com\/iumotril.org\/sitio\/wp-content\/uploads\/2021\/01\/Inma-Omiste-20-enero-1024x768.jpg?resize=525%2C300 1.5x"},"classes":[]},{"id":5040,"url":"https:\/\/iumotril.org\/sitio\/iu-equo-promovera-un-plan-de-incentivos-fiscales-al-pequeno-comercio-y-de-proximidad-motrileno\/","url_meta":{"origin":7837,"position":5},"title":"IU-Equo promover\u00e1 un Plan de incentivos fiscales al peque\u00f1o comercio y de proximidad motrile\u00f1o","author":"Izquierda Unida Motril","date":"14 mayo, 2019","format":false,"excerpt":"Adem\u00e1s de un plan de incentivos fiscales IU-Equo propone la puesta en marcha de otras actuaciones de dinamizaci\u00f3n y apoyo a los comercios acordando con las asociaciones de comerciantes objetivos, recursos a destinar, plazos concretos de realizaci\u00f3n y criterios de evaluaci\u00f3n de su cumplimiento. Entre otras actuaciones propone la elaboraci\u00f3n\u2026","rel":"","context":"En \u00abEmpresas municipales\u00bb","block_context":{"text":"Empresas municipales","link":"https:\/\/iumotril.org\/sitio\/category\/empresas-municipales\/"},"img":{"alt_text":"Inma Omiste. Hagamos Futuro","src":"https:\/\/i0.wp.com\/iumotril.org\/sitio\/wp-content\/uploads\/2019\/05\/Inma-Omiste_14-mayo_centro-comercial-abierto-e1557847421759-225x300.jpg?resize=350%2C200","width":350,"height":200},"classes":[]}],"jetpack_likes_enabled":true,"_links":{"self":[{"href":"https:\/\/iumotril.org\/sitio\/wp-json\/wp\/v2\/posts\/7837","targetHints":{"allow":["GET"]}}],"collection":[{"href":"https:\/\/iumotril.org\/sitio\/wp-json\/wp\/v2\/posts"}],"about":[{"href":"https:\/\/iumotril.org\/sitio\/wp-json\/wp\/v2\/types\/post"}],"author":[{"embeddable":true,"href":"https:\/\/iumotril.org\/sitio\/wp-json\/wp\/v2\/users\/1"}],"replies":[{"embeddable":true,"href":"https:\/\/iumotril.org\/sitio\/wp-json\/wp\/v2\/comments?post=7837"}],"version-history":[{"count":6,"href":"https:\/\/iumotril.org\/sitio\/wp-json\/wp\/v2\/posts\/7837\/revisions"}],"predecessor-version":[{"id":7850,"href":"https:\/\/iumotril.org\/sitio\/wp-json\/wp\/v2\/posts\/7837\/revisions\/7850"}],"wp:attachment":[{"href":"https:\/\/iumotril.org\/sitio\/wp-json\/wp\/v2\/media?parent=7837"}],"wp:term":[{"taxonomy":"category","embeddable":true,"href":"https:\/\/iumotril.org\/sitio\/wp-json\/wp\/v2\/categories?post=7837"},{"taxonomy":"post_tag","embeddable":true,"href":"https:\/\/iumotril.org\/sitio\/wp-json\/wp\/v2\/tags?post=7837"}],"curies":[{"name":"wp","href":"https:\/\/api.w.org\/{rel}","templated":true}]}}