{"id":7825,"date":"2021-11-11T12:35:52","date_gmt":"2021-11-11T11:35:52","guid":{"rendered":"http:\/\/iumotril.org\/sitio\/?p=7825"},"modified":"2021-11-11T12:35:52","modified_gmt":"2021-11-11T11:35:52","slug":"iu-equo-denuncia-las-dificultades-para-recuperar-los-cobros-tributarios-municipales-indebidos-a-los-vecinos","status":"publish","type":"post","link":"https:\/\/iumotril.org\/sitio\/iu-equo-denuncia-las-dificultades-para-recuperar-los-cobros-tributarios-municipales-indebidos-a-los-vecinos\/","title":{"rendered":"IU-Equo denuncia las dificultades para recuperar los cobros tributarios municipales indebidos a los vecinos"},"content":{"rendered":"<p style=\"text-align: justify;\"><span style=\"color: #993300;\">Las devoluciones no se est\u00e1n llevando a cabo por la falta de recursos en el \u00c1rea de Gesti\u00f3n Tributaria y por las deficiencias del sistema inform\u00e1tico.<\/span><\/p>\n<p style=\"text-align: justify;\"><span style=\"color: #993300;\">IU-Equo recomienda a las personas que se hayan visto afectadas que presenten reclamaciones escritas solicitando los correspondientes intereses de demora.<\/span><\/p>\n<p style=\"text-align: justify;\">Para Izquierda Unida-Equo se trata de otro ejemplo m\u00e1s de la<strong> \u201cdesastrosa gesti\u00f3n\u201d<\/strong> de los asuntos municipales que est\u00e1n llevando a cabo en el Ayuntamiento de Motril el Partido Popular y Ciudadanos, m\u00e1s ocupados en su labor de propaganda pol\u00edtica que en trabajar para que la administraci\u00f3n municipal funcione adecuadamente, ha declarado la portavoz del Grupo municipal de IU-Equo, Inma Omiste.<\/p>\n<p style=\"text-align: justify;\">La<strong> incapacidad e indiferencia del gobierno de Luisa Garc\u00eda Chamorro<\/strong> est\u00e1 ocasionando que, una vez m\u00e1s, sean los vecinos quienes paguen las consecuencias de su mala gesti\u00f3n.<\/p>\n<p style=\"text-align: justify;\">A finales del a\u00f1o 2020, se produjeron cobros indebidos de pagos tributarios a determinados vecinos a los que se cobr\u00f3 el importe anual de sus obligaciones fiscales a pesar de tener fraccionados dichos pagos. De este modo, se abonaban doblemente los impuestos municipales.<\/p>\n<figure id=\"attachment_7756\" aria-describedby=\"caption-attachment-7756\" style=\"width: 445px\" class=\"wp-caption alignleft\"><img loading=\"lazy\" decoding=\"async\" data-attachment-id=\"7756\" data-permalink=\"https:\/\/iumotril.org\/sitio\/iu-equo-denuncia-la-falta-de-conserjes-en-los-colegios-y-el-abandono-de-instalaciones-municipales\/inma-14-octubre\/\" data-orig-file=\"https:\/\/iumotril.org\/sitio\/wp-content\/uploads\/2021\/10\/Inma-14-octubre.jpg\" data-orig-size=\"1024,768\" data-comments-opened=\"1\" data-image-meta=\"{&quot;aperture&quot;:&quot;0&quot;,&quot;credit&quot;:&quot;&quot;,&quot;camera&quot;:&quot;&quot;,&quot;caption&quot;:&quot;&quot;,&quot;created_timestamp&quot;:&quot;0&quot;,&quot;copyright&quot;:&quot;&quot;,&quot;focal_length&quot;:&quot;0&quot;,&quot;iso&quot;:&quot;0&quot;,&quot;shutter_speed&quot;:&quot;0&quot;,&quot;title&quot;:&quot;&quot;,&quot;orientation&quot;:&quot;0&quot;}\" data-image-title=\"Inma 14 octubre\" data-image-description=\"\" data-image-caption=\"\" data-large-file=\"https:\/\/iumotril.org\/sitio\/wp-content\/uploads\/2021\/10\/Inma-14-octubre.jpg\" class=\"wp-image-7756\" src=\"https:\/\/iumotril.org\/sitio\/wp-content\/uploads\/2021\/10\/Inma-14-octubre-176x176.jpg\" alt=\"\" width=\"445\" height=\"334\" srcset=\"https:\/\/iumotril.org\/sitio\/wp-content\/uploads\/2021\/10\/Inma-14-octubre-300x225.jpg 300w, https:\/\/iumotril.org\/sitio\/wp-content\/uploads\/2021\/10\/Inma-14-octubre-768x576.jpg 768w, https:\/\/iumotril.org\/sitio\/wp-content\/uploads\/2021\/10\/Inma-14-octubre.jpg 1024w\" sizes=\"auto, (max-width: 445px) 100vw, 445px\" \/><figcaption id=\"caption-attachment-7756\" class=\"wp-caption-text\">Inma Omiste, portavoz de IU-Equo<\/figcaption><\/figure>\n<p style=\"text-align: justify;\">A pesar de que, a partir de diversas quejas y reclamaciones de los vecinos y vecinas afectadas, desde el Grupo Municipal de Izquierda Unida-Equo se hizo notar al responsable de Econom\u00eda y Hacienda esta anomal\u00eda, los servicios municipales siguen sin resolver esta situaci\u00f3n por las deficiencias del <strong>sistema inform\u00e1tico<\/strong> y por la <strong>falta de personal<\/strong> en las diferentes \u00c1reas municipales implicadas.<\/p>\n<p style=\"text-align: justify;\">No estamos ante un problema puntual ni aislado \u00ad\u2013ha manifestado Inma Omiste, portavoz del Grupo Municipal de IU-Equo&#8211;, sino ante otra consecuencia de la <strong>\u201cnefasta\u201d gesti\u00f3n municipal<\/strong> que est\u00e1 llevando a cabo el gobierno de Luisa Garc\u00eda Chamorro.<\/p>\n<p style=\"text-align: justify;\">Esta situaci\u00f3n de mal funcionamiento de la administraci\u00f3n municipal viene a sumarse a otras que se vienen produciendo a lo largo de los \u00faltimos meses, como son la <strong>falta de conserjes<\/strong> y la falta de personal para la adecuada <strong>limpieza<\/strong> en determinados colegios de la ciudad y en las <strong>bibliotecas municipales<\/strong>, que obliga a su cierre en horario de tarde en alguna de ellas, la deficiente atenci\u00f3n que se presta a los vecinos y vecinas en las oficinas municipales, por la <strong>escasez de personal<\/strong> o los sempiternos problemas de falta de limpieza en calles y plazas de determinados barrios de la ciudad.<\/p>\n<p style=\"text-align: justify;\">A pesar del <strong>malestar de la ciudadan\u00eda<\/strong> por estas situaciones, el gobierno municipal del PP y Cs siguen <strong>mirando para otro lado<\/strong> \u2013ha criticado Inma Omiste\u2014apostando por la propaganda y los reportajes fotogr\u00e1ficos de la alcaldesa y sus concejalas y concejales figurantes, en vez de proponer y articular soluciones para paliar el mal funcionamiento de la administraci\u00f3n municipal.<\/p>\n<p style=\"text-align: justify;\">Este es el <strong>modelo de gesti\u00f3n de la derecha motrile\u00f1a<\/strong> &#8211;ha denunciado la portavoz de IU-Equo&#8211;, un modelo que \u201cda la espalda a las necesidades de los vecinos y de las vecinas y de la ciudad\u201d y que se dedica, fundamentalmente a velar por sus propios <strong>intereses pol\u00edticos y partidistas.<\/strong><\/p>\n<p style=\"text-align: justify;\">Seg\u00fan ha denunciado Omiste, la gesti\u00f3n que se est\u00e1 llevando a cabo por el gobierno de Luisa G. Chamorro est\u00e1 resultando \u201cmuy <strong>perjudicial para la instituci\u00f3n municipal\u201d<\/strong>, tanto por su comportamiento <a href=\"https:\/\/elpais.com\/espana\/2021-10-20\/el-interventor-de-motril-considera-contrario-a-la-ley-el-traspaso-de-dinero-del-grupo-municipal-popular-a-la-alcaldesa-para-pagar-una-multa.html\">poco \u00e9tico<\/a> en la utilizaci\u00f3n de recursos municipales como por el \u201cgrave deterioro que est\u00e1 provocando en servicios municipales esenciales\u201d, cuya garant\u00eda y permanencia se est\u00e1n poniendo en grave riesgo.<\/p>\n<p style=\"text-align: justify;\">IUI-Equo est\u00e1 recomendando a las personas que se han visto afectadas por estos cobros que presenten reclamaciones escritas para exigir los correspondientes <strong>intereses de demora<\/strong> de las cantidades indebidamente abonadas, conforme a las disposiciones legales vigentes.<\/p>\n","protected":false},"excerpt":{"rendered":"<p>No estamos ante un problema puntual ni aislado \u00ad\u2013ha manifestado Inma Omiste, portavoz del Grupo Municipal de IU-Equo&#8211;, sino ante otra consecuencia de la \u201cnefasta\u201d gesti\u00f3n municipal que est\u00e1 llevando a cabo el gobierno de Luisa Garc\u00eda Chamorro.<br \/>\nEsta situaci\u00f3n de mal funcionamiento de la administraci\u00f3n municipal viene a sumarse a otras que se vienen produciendo a lo largo de los \u00faltimos meses, como son la falta de conserjes y la falta de personal para la adecuada limpieza en determinados colegios de la ciudad y en las bibliotecas municipales, que obliga a su cierre en horario de tarde en alguna de ellas, la deficiente atenci\u00f3n que se presta a los vecinos y vecinas en las oficinas municipales, por la escasez de personal o los sempiternos problemas de falta de limpieza en calles y plazas de determinados barrios de la ciudad.<\/p>\n","protected":false},"author":1,"featured_media":0,"comment_status":"open","ping_status":"open","sticky":false,"template":"","format":"standard","meta":{"cybocfi_hide_featured_image":"","_jetpack_newsletter_access":"","_jetpack_dont_email_post_to_subs":false,"_jetpack_newsletter_tier_id":0,"_jetpack_memberships_contains_paywalled_content":false,"_jetpack_memberships_contains_paid_content":false,"footnotes":""},"categories":[7,265],"tags":[1504,1718,1341,1630,1719,357,1717],"class_list":["post-7825","post","type-post","status-publish","format-standard","hentry","category-ayuntamiento","category-esta-pasando","tag-ciudadanos","tag-cobros-indebidos","tag-derecha-motrilena","tag-gestion-municipal","tag-modelos-de-gestion","tag-partido-popular","tag-tributos-municipales"],"jetpack_featured_media_url":"","jetpack_sharing_enabled":true,"jetpack_shortlink":"https:\/\/wp.me\/p4QsU5-22d","jetpack-related-posts":[{"id":7843,"url":"https:\/\/iumotril.org\/sitio\/iu-equo-apoya-las-demandas-de-las-trabajadoras-municipales-de-limpieza\/","url_meta":{"origin":7825,"position":0},"title":"IU-Equo apoya las demandas de las trabajadoras municipales de limpieza","author":"Izquierda Unida Motril","date":"30 noviembre, 2021","format":false,"excerpt":"Con las propuestas de la concejal\u00eda lo \u00fanico que se consigue es intentar \u201cexprimir\u201d a las trabadoras a costa de la calidad del servicio que, en estas condiciones, no se puede realizar convenientemente. --Ha se\u00f1alado, Inma Omiste, que ha pedido al concejal una actitud m\u00e1s dialogante y voluntad de entendimiento\u2026","rel":"","context":"En \u00abAyuntamiento\u00bb","block_context":{"text":"Ayuntamiento","link":"https:\/\/iumotril.org\/sitio\/category\/ayuntamiento\/"},"img":{"alt_text":"","src":"https:\/\/i0.wp.com\/iumotril.org\/sitio\/wp-content\/uploads\/2021\/11\/PHOTO-2021-11-30-14-42-43.jpg?resize=350%2C200","width":350,"height":200,"srcset":"https:\/\/i0.wp.com\/iumotril.org\/sitio\/wp-content\/uploads\/2021\/11\/PHOTO-2021-11-30-14-42-43.jpg?resize=350%2C200 1x, https:\/\/i0.wp.com\/iumotril.org\/sitio\/wp-content\/uploads\/2021\/11\/PHOTO-2021-11-30-14-42-43.jpg?resize=525%2C300 1.5x, https:\/\/i0.wp.com\/iumotril.org\/sitio\/wp-content\/uploads\/2021\/11\/PHOTO-2021-11-30-14-42-43.jpg?resize=700%2C400 2x"},"classes":[]},{"id":8968,"url":"https:\/\/iumotril.org\/sitio\/iu-equo-manifiesta-su-apoyo-a-las-reivindicaciones-de-los-trabajadores-y-trabajadoras-municipales\/","url_meta":{"origin":7825,"position":1},"title":"IU-Equo manifiesta su apoyo a las reivindicaciones de los trabajadores y trabajadoras municipales","author":"Izquierda Unida Motril","date":"28 marzo, 2023","format":false,"excerpt":"No es admisible que el gobierno de la se\u00f1ora Chamorro no se haya sentado con los representantes de los empleados municipales con la voluntad pol\u00edtica necesaria para abordar la recuperaci\u00f3n de los derechos que el PP suspendi\u00f3 hace m\u00e1s de 10 a\u00f1os y, adem\u00e1s, siga incumpliendo reiteradamente los acuerdos alcanzados\u2026","rel":"","context":"En \u00abAyuntamiento\u00bb","block_context":{"text":"Ayuntamiento","link":"https:\/\/iumotril.org\/sitio\/category\/ayuntamiento\/"},"img":{"alt_text":"","src":"https:\/\/i0.wp.com\/iumotril.org\/sitio\/wp-content\/uploads\/2023\/03\/concentracion-trabajadores-ayuntamiento-de-motril.jpg?resize=350%2C200&ssl=1","width":350,"height":200,"srcset":"https:\/\/i0.wp.com\/iumotril.org\/sitio\/wp-content\/uploads\/2023\/03\/concentracion-trabajadores-ayuntamiento-de-motril.jpg?resize=350%2C200&ssl=1 1x, https:\/\/i0.wp.com\/iumotril.org\/sitio\/wp-content\/uploads\/2023\/03\/concentracion-trabajadores-ayuntamiento-de-motril.jpg?resize=525%2C300&ssl=1 1.5x, https:\/\/i0.wp.com\/iumotril.org\/sitio\/wp-content\/uploads\/2023\/03\/concentracion-trabajadores-ayuntamiento-de-motril.jpg?resize=700%2C400&ssl=1 2x"},"classes":[]},{"id":8100,"url":"https:\/\/iumotril.org\/sitio\/iu-equo-denuncia-el-deficiente-funcionamiento-de-las-instalaciones-deportivas-municipales\/","url_meta":{"origin":7825,"position":2},"title":"IU-EQUO denuncia el mal funcionamiento de las instalaciones deportivas municipales","author":"Izquierda Unida Motril","date":"29 marzo, 2022","format":false,"excerpt":"La falta de personal en la plantilla, la improvisaci\u00f3n en la toma de decisiones y la voluntad de privatizaci\u00f3n de los servicios p\u00fablicos est\u00e1 haciendo mella en todos los servicios municipales, desde los de Informaci\u00f3n y atenci\u00f3n a la ciudadan\u00eda, a los de mantenimiento y limpieza de la ciudad. El\u2026","rel":"","context":"En \u00abEST\u00c1 PASANDO\u00bb","block_context":{"text":"EST\u00c1 PASANDO","link":"https:\/\/iumotril.org\/sitio\/category\/esta-pasando\/"},"img":{"alt_text":"","src":"https:\/\/i0.wp.com\/iumotril.org\/sitio\/wp-content\/uploads\/2022\/02\/INma-23-F-Mocion-violinsta-2-scaled.jpg?resize=350%2C200","width":350,"height":200,"srcset":"https:\/\/i0.wp.com\/iumotril.org\/sitio\/wp-content\/uploads\/2022\/02\/INma-23-F-Mocion-violinsta-2-scaled.jpg?resize=350%2C200 1x, https:\/\/i0.wp.com\/iumotril.org\/sitio\/wp-content\/uploads\/2022\/02\/INma-23-F-Mocion-violinsta-2-scaled.jpg?resize=525%2C300 1.5x, https:\/\/i0.wp.com\/iumotril.org\/sitio\/wp-content\/uploads\/2022\/02\/INma-23-F-Mocion-violinsta-2-scaled.jpg?resize=700%2C400 2x, https:\/\/i0.wp.com\/iumotril.org\/sitio\/wp-content\/uploads\/2022\/02\/INma-23-F-Mocion-violinsta-2-scaled.jpg?resize=1050%2C600 3x, https:\/\/i0.wp.com\/iumotril.org\/sitio\/wp-content\/uploads\/2022\/02\/INma-23-F-Mocion-violinsta-2-scaled.jpg?resize=1400%2C800 4x"},"classes":[]},{"id":7793,"url":"https:\/\/iumotril.org\/sitio\/iu-equo-lleva-al-pleno-una-propuesta-para-que-los-colegios-de-motril-cuenten-con-un-conserje-durante-todo-el-curso-escolar\/","url_meta":{"origin":7825,"position":3},"title":"IU-Equo lleva al pleno una propuesta para que los colegios de Motril cuenten con un conserje durante todo el curso escolar","author":"Izquierda Unida Motril","date":"27 octubre, 2021","format":false,"excerpt":"A pesar de las denuncias y reclamaciones por parte de las direcciones de los centros y de las asociaciones de madres y padres, el \u00c1rea de Educaci\u00f3n no est\u00e1 siendo capaz de dar una soluci\u00f3n a este importante problema, de modo que es el equipo docente de los centros quienes\u2026","rel":"","context":"En \u00abAyuntamiento\u00bb","block_context":{"text":"Ayuntamiento","link":"https:\/\/iumotril.org\/sitio\/category\/ayuntamiento\/"},"img":{"alt_text":"","src":"https:\/\/i0.wp.com\/iumotril.org\/sitio\/wp-content\/uploads\/2021\/10\/Inma-27-octubre-768x1024.jpg?resize=350%2C200","width":350,"height":200,"srcset":"https:\/\/i0.wp.com\/iumotril.org\/sitio\/wp-content\/uploads\/2021\/10\/Inma-27-octubre-768x1024.jpg?resize=350%2C200 1x, https:\/\/i0.wp.com\/iumotril.org\/sitio\/wp-content\/uploads\/2021\/10\/Inma-27-octubre-768x1024.jpg?resize=525%2C300 1.5x"},"classes":[]},{"id":7393,"url":"https:\/\/iumotril.org\/sitio\/el-ayuntamiento-de-motril-gasto-en-2020-mas-de-887-mil-euros-que-no-tenia-presupuestados\/","url_meta":{"origin":7825,"position":4},"title":"El Ayuntamiento de Motril gast\u00f3 en 2020 m\u00e1s de 887 mil euros que no ten\u00eda presupuestados","author":"Izquierda Unida Motril","date":"29 abril, 2021","format":false,"excerpt":"Los vecinos y las vecinas de Motril deben saber que el gobierno de la se\u00f1ora Garc\u00eda Chamorro est\u00e1 llevando a cabo una desastrosa gesti\u00f3n de los recursos municipales que proceden, fundamentalmente, del pago de sus impuestos. El gobierno del PP y C\u2019s est\u00e1 bordeando, cuando no incumpliendo flagrantemente, la normativa\u2026","rel":"","context":"En \u00abAyuntamiento\u00bb","block_context":{"text":"Ayuntamiento","link":"https:\/\/iumotril.org\/sitio\/category\/ayuntamiento\/"},"img":{"alt_text":"","src":"https:\/\/i0.wp.com\/iumotril.org\/sitio\/wp-content\/uploads\/2021\/04\/Jose-e-Inma_29-abril-1024x768.jpg?resize=350%2C200","width":350,"height":200,"srcset":"https:\/\/i0.wp.com\/iumotril.org\/sitio\/wp-content\/uploads\/2021\/04\/Jose-e-Inma_29-abril-1024x768.jpg?resize=350%2C200 1x, https:\/\/i0.wp.com\/iumotril.org\/sitio\/wp-content\/uploads\/2021\/04\/Jose-e-Inma_29-abril-1024x768.jpg?resize=525%2C300 1.5x"},"classes":[]},{"id":9787,"url":"https:\/\/iumotril.org\/sitio\/iu-verdes-equo-denuncia-la-precariedad-de-los-servicios-municipales-como-consecuencia-de-la-gestion-de-las-derechas-motrilenas-al-frente-del-ayuntamiento\/","url_meta":{"origin":7825,"position":5},"title":"IU Verdes Equo denuncia la precariedad de los servicios municipales como consecuencia de la gesti\u00f3n de las derechas motrile\u00f1as al frente del Ayuntamiento","author":"Izquierda Unida Motril","date":"12 febrero, 2024","format":false,"excerpt":"El modelo de gesti\u00f3n de las derechas no duda en arrasar con los servicios p\u00fablicos para abrir espacios de negocio para el mercado y los negocios privados, como estamos viendo en Motril en los \u00faltimos a\u00f1os \u2013\u2013ha se\u00f1alado\u2013\u2013, llevando a la ciudad a una situaci\u00f3n de abandono que se pretende\u2026","rel":"","context":"En \u00abAyuntamiento\u00bb","block_context":{"text":"Ayuntamiento","link":"https:\/\/iumotril.org\/sitio\/category\/ayuntamiento\/"},"img":{"alt_text":"","src":"https:\/\/i0.wp.com\/iumotril.org\/sitio\/wp-content\/uploads\/2023\/10\/teatro-calderon-de-la-barca-motril-paulino-martinez-more-1227x675-1.jpg?resize=350%2C200&ssl=1","width":350,"height":200,"srcset":"https:\/\/i0.wp.com\/iumotril.org\/sitio\/wp-content\/uploads\/2023\/10\/teatro-calderon-de-la-barca-motril-paulino-martinez-more-1227x675-1.jpg?resize=350%2C200&ssl=1 1x, https:\/\/i0.wp.com\/iumotril.org\/sitio\/wp-content\/uploads\/2023\/10\/teatro-calderon-de-la-barca-motril-paulino-martinez-more-1227x675-1.jpg?resize=525%2C300&ssl=1 1.5x, https:\/\/i0.wp.com\/iumotril.org\/sitio\/wp-content\/uploads\/2023\/10\/teatro-calderon-de-la-barca-motril-paulino-martinez-more-1227x675-1.jpg?resize=700%2C400&ssl=1 2x, https:\/\/i0.wp.com\/iumotril.org\/sitio\/wp-content\/uploads\/2023\/10\/teatro-calderon-de-la-barca-motril-paulino-martinez-more-1227x675-1.jpg?resize=1050%2C600&ssl=1 3x"},"classes":[]}],"jetpack_likes_enabled":true,"_links":{"self":[{"href":"https:\/\/iumotril.org\/sitio\/wp-json\/wp\/v2\/posts\/7825","targetHints":{"allow":["GET"]}}],"collection":[{"href":"https:\/\/iumotril.org\/sitio\/wp-json\/wp\/v2\/posts"}],"about":[{"href":"https:\/\/iumotril.org\/sitio\/wp-json\/wp\/v2\/types\/post"}],"author":[{"embeddable":true,"href":"https:\/\/iumotril.org\/sitio\/wp-json\/wp\/v2\/users\/1"}],"replies":[{"embeddable":true,"href":"https:\/\/iumotril.org\/sitio\/wp-json\/wp\/v2\/comments?post=7825"}],"version-history":[{"count":2,"href":"https:\/\/iumotril.org\/sitio\/wp-json\/wp\/v2\/posts\/7825\/revisions"}],"predecessor-version":[{"id":7827,"href":"https:\/\/iumotril.org\/sitio\/wp-json\/wp\/v2\/posts\/7825\/revisions\/7827"}],"wp:attachment":[{"href":"https:\/\/iumotril.org\/sitio\/wp-json\/wp\/v2\/media?parent=7825"}],"wp:term":[{"taxonomy":"category","embeddable":true,"href":"https:\/\/iumotril.org\/sitio\/wp-json\/wp\/v2\/categories?post=7825"},{"taxonomy":"post_tag","embeddable":true,"href":"https:\/\/iumotril.org\/sitio\/wp-json\/wp\/v2\/tags?post=7825"}],"curies":[{"name":"wp","href":"https:\/\/api.w.org\/{rel}","templated":true}]}}