{"id":781,"date":"2015-05-20T18:16:47","date_gmt":"2015-05-20T16:16:47","guid":{"rendered":"http:\/\/iumotril.org\/sitio\/?p=781"},"modified":"2015-05-20T18:16:47","modified_gmt":"2015-05-20T16:16:47","slug":"izquierda-unida-apoyara-la-creacion-del-municipio-carchuna-calahonda","status":"publish","type":"post","link":"https:\/\/iumotril.org\/sitio\/izquierda-unida-apoyara-la-creacion-del-municipio-carchuna-calahonda\/","title":{"rendered":"Izquierda Unida apoyar\u00e1 la creaci\u00f3n del municipio Carchuna-Calahonda"},"content":{"rendered":"<p>La candidata a la Alcald\u00eda de Motril, ha declarado que su formaci\u00f3n apoya la segregaci\u00f3n de la ELA Carchuna-Calahonda siguiendo el correspondiente procedimiento administrativo, se\u00f1alando que si no se ha iniciado ese proceso ha sido \u00fanicamente por los intereses del Partido Popular.<\/p>\n<p><a href=\"https:\/\/iumotril.org\/sitio\/wp-content\/uploads\/2015\/05\/Dani-y-VAne-.jpg\"><img loading=\"lazy\" decoding=\"async\" data-attachment-id=\"795\" data-permalink=\"https:\/\/iumotril.org\/sitio\/izquierda-unida-apoyara-la-creacion-del-municipio-carchuna-calahonda\/dani-y-vane\/\" data-orig-file=\"https:\/\/iumotril.org\/sitio\/wp-content\/uploads\/2015\/05\/Dani-y-VAne-.jpg\" data-orig-size=\"480,640\" data-comments-opened=\"1\" data-image-meta=\"{&quot;aperture&quot;:&quot;2.4&quot;,&quot;credit&quot;:&quot;&quot;,&quot;camera&quot;:&quot;iPhone 5&quot;,&quot;caption&quot;:&quot;&quot;,&quot;created_timestamp&quot;:&quot;1432112246&quot;,&quot;copyright&quot;:&quot;&quot;,&quot;focal_length&quot;:&quot;4.12&quot;,&quot;iso&quot;:&quot;50&quot;,&quot;shutter_speed&quot;:&quot;0.016666666666667&quot;,&quot;title&quot;:&quot;&quot;,&quot;orientation&quot;:&quot;0&quot;}\" data-image-title=\"Dani y VAne\" data-image-description=\"\" data-image-caption=\"\" data-large-file=\"https:\/\/iumotril.org\/sitio\/wp-content\/uploads\/2015\/05\/Dani-y-VAne-.jpg\" class=\"alignleft size-medium wp-image-795\" src=\"https:\/\/iumotril.org\/sitio\/wp-content\/uploads\/2015\/05\/Dani-y-VAne--225x300.jpg\" alt=\"Daniela Paqu\u00e9 y Vanessa Berrio\" width=\"225\" height=\"300\" srcset=\"https:\/\/iumotril.org\/sitio\/wp-content\/uploads\/2015\/05\/Dani-y-VAne--225x300.jpg 225w, https:\/\/iumotril.org\/sitio\/wp-content\/uploads\/2015\/05\/Dani-y-VAne-.jpg 480w\" sizes=\"auto, (max-width: 225px) 100vw, 225px\" \/><\/a>En un acto celebrado en el restaurante El Ancla de Calahonda, Daniela Paqu\u00e9 present\u00f3 a la candidata de Izquierda Unida a la Alcald\u00eda de la ELA, Vanessa Berrio, agricultora, que ha manifestado que contar\u00e1 con la participaci\u00f3n de los vecinos\/as en la toma de decisiones y dotar\u00e1 de transparencia, honestidad y cercan\u00eda el gobierno municipal de los pueblos.<\/p>\n<p>Vanessa Berrio se ha comprometido a impulsar la actividad agr\u00edcola con criterios de sostenibilidad y respeto al medio ambiente lo que permitir\u00e1 y har\u00e1 compatible el desarrollo del potencial tur\u00edstico de los pueblos.<\/p>\n<p>Mientras que se desarrolle el proceso de segregaci\u00f3n, ha anunciado que llevar\u00e1 a cabo diferentes medidas y actuaciones necesarias para el desarrollo de los pueblos. En primer lugar, la creaci\u00f3n de un servicio de Formaci\u00f3n y orientaci\u00f3n para el empleo que trabaje, fundamentalmente, para los j\u00f3venes, mujeres y\u00a0 mayores de 45 a\u00f1os, que facilite informaci\u00f3n sobre ofertas de empleo a las que puedan acceder estos colectivos de desempleados y suministre la cualificaci\u00f3n requerida para su desempe\u00f1o. Adem\u00e1s, se llevar\u00e1 a cabo el refuerzo de los servicios p\u00fabicos, especialmente el de la polic\u00eda local, la creaci\u00f3n de oficinas de atenci\u00f3n ciudadana y la construcci\u00f3n de un nuevo instituto de ense\u00f1anza secundaria.<\/p>\n<p><a href=\"https:\/\/iumotril.org\/sitio\/wp-content\/uploads\/2015\/05\/Vane_5147.jpg\"><img loading=\"lazy\" decoding=\"async\" data-attachment-id=\"796\" data-permalink=\"https:\/\/iumotril.org\/sitio\/izquierda-unida-apoyara-la-creacion-del-municipio-carchuna-calahonda\/vane_5147\/\" data-orig-file=\"https:\/\/iumotril.org\/sitio\/wp-content\/uploads\/2015\/05\/Vane_5147.jpg\" data-orig-size=\"1005,591\" data-comments-opened=\"1\" data-image-meta=\"{&quot;aperture&quot;:&quot;0&quot;,&quot;credit&quot;:&quot;&quot;,&quot;camera&quot;:&quot;&quot;,&quot;caption&quot;:&quot;&quot;,&quot;created_timestamp&quot;:&quot;0&quot;,&quot;copyright&quot;:&quot;&quot;,&quot;focal_length&quot;:&quot;0&quot;,&quot;iso&quot;:&quot;0&quot;,&quot;shutter_speed&quot;:&quot;0&quot;,&quot;title&quot;:&quot;&quot;,&quot;orientation&quot;:&quot;0&quot;}\" data-image-title=\"Vane_5147\" data-image-description=\"\" data-image-caption=\"\" data-large-file=\"https:\/\/iumotril.org\/sitio\/wp-content\/uploads\/2015\/05\/Vane_5147.jpg\" class=\"alignleft size-medium wp-image-796\" src=\"https:\/\/iumotril.org\/sitio\/wp-content\/uploads\/2015\/05\/Vane_5147-300x176.jpg\" alt=\"Un precio justo para los agricultores\" width=\"300\" height=\"176\" srcset=\"https:\/\/iumotril.org\/sitio\/wp-content\/uploads\/2015\/05\/Vane_5147-300x176.jpg 300w, https:\/\/iumotril.org\/sitio\/wp-content\/uploads\/2015\/05\/Vane_5147-768x452.jpg 768w, https:\/\/iumotril.org\/sitio\/wp-content\/uploads\/2015\/05\/Vane_5147.jpg 1005w\" sizes=\"auto, (max-width: 300px) 100vw, 300px\" \/><\/a>Por su parte Daniela Paqu\u00e9, anunci\u00f3 que recuperar\u00e1 la utilizaci\u00f3n del Castillo de Carchuna para la ciudad rescat\u00e1ndolo del uso restringido e in\u00fatil en el que lo ha convertido el Partido Popular. Izquierda Unida promover\u00e1 un proyecto para que el\u00a0 Castillo se convierta en un Centro de Referencia en formaci\u00f3n e innovaci\u00f3n en energ\u00edas renovables a nivel nacional.<\/p>\n","protected":false},"excerpt":{"rendered":"<p>La candidata a la Alcald\u00eda de Motril, ha declarado que su formaci\u00f3n apoya la segregaci\u00f3n de la ELA Carchuna-Calahonda siguiendo el correspondiente procedimiento administrativo, se\u00f1alando que si no se ha iniciado ese proceso ha sido \u00fanicamente por los intereses del Partido Popular. Por su parte, Vanessa Berrio, candidata a la Alcald\u00eda de la ELA,  ha manifestado que contar\u00e1 con la participaci\u00f3n de los vecinos\/as en la toma de decisiones y dotar\u00e1 de transparencia, honestidad y cercan\u00eda el gobierno municipal de los pueblos.<\/p>\n","protected":false},"author":1,"featured_media":0,"comment_status":"open","ping_status":"open","sticky":false,"template":"","format":"standard","meta":{"cybocfi_hide_featured_image":"","_jetpack_newsletter_access":"","_jetpack_dont_email_post_to_subs":false,"_jetpack_newsletter_tier_id":0,"_jetpack_memberships_contains_paywalled_content":false,"_jetpack_memberships_contains_paid_content":false,"footnotes":""},"categories":[56],"tags":[101,99,84,59,58,63,100],"class_list":["post-781","post","type-post","status-publish","format-standard","hentry","category-municipales-2015","tag-agricultura","tag-carchuna-calahonda","tag-daniela-paque","tag-es-tiempo-de-izquierda","tag-municipales-2015","tag-propuestas","tag-vanessa-berrio"],"jetpack_featured_media_url":"","jetpack_sharing_enabled":true,"jetpack_shortlink":"https:\/\/wp.me\/p4QsU5-cB","jetpack-related-posts":[{"id":4054,"url":"https:\/\/iumotril.org\/sitio\/izquierda-unida-felicita-a-torrenueva-por-su-independencia\/","url_meta":{"origin":781,"position":0},"title":"Izquierda Unida felicita a Torrenueva por su independencia","author":"Izquierda Unida Motril","date":"3 octubre, 2018","format":false,"excerpt":"Desde Izquierda Unida se anima a los vecinos y vecinas y a los responsables municipales del nuevo municipio de Torrenueva Costa a aprovechar esta nueva etapa para sentar las bases de pol\u00edticas municipales que supongan un crecimiento responsable y un desarrollo sostenible del pueblo y contribuir, de ese modo, al\u2026","rel":"","context":"En \u00abEST\u00c1 PASANDO\u00bb","block_context":{"text":"EST\u00c1 PASANDO","link":"https:\/\/iumotril.org\/sitio\/category\/esta-pasando\/"},"img":{"alt_text":"","src":"https:\/\/i0.wp.com\/iumotril.org\/sitio\/wp-content\/uploads\/2018\/10\/Torrenueva-300x120.jpg?resize=350%2C200","width":350,"height":200},"classes":[]},{"id":5055,"url":"https:\/\/iumotril.org\/sitio\/concha-abarca-es-la-principal-responsable-de-que-carchuna-y-calahonda-no-sea-un-municipio-independiente\/","url_meta":{"origin":781,"position":1},"title":"Concha Abarca es la principal responsable de que Carchuna y Calahonda no sea un municipio independiente","author":"Izquierda Unida Motril","date":"16 mayo, 2019","format":false,"excerpt":"La candidata de IU-Equo Verdes se ha comprometido a defender desde el Ayuntamiento de Motril los intereses de Carchuna y Calahonda y a impulsar el proceso de segregaci\u00f3n del municipio, tal y como su formaci\u00f3n ha venido haciendo hasta ahora. Inma Omiste ha animado a los cale\u00f1os y carchuneros a\u2026","rel":"","context":"En \u00abElecciones\u00bb","block_context":{"text":"Elecciones","link":"https:\/\/iumotril.org\/sitio\/category\/elecciones\/"},"img":{"alt_text":"","src":"https:\/\/i0.wp.com\/iumotril.org\/sitio\/wp-content\/uploads\/2019\/05\/fullsizeoutput_6a02-1024x768.jpeg?resize=350%2C200","width":350,"height":200,"srcset":"https:\/\/i0.wp.com\/iumotril.org\/sitio\/wp-content\/uploads\/2019\/05\/fullsizeoutput_6a02-1024x768.jpeg?resize=350%2C200 1x, https:\/\/i0.wp.com\/iumotril.org\/sitio\/wp-content\/uploads\/2019\/05\/fullsizeoutput_6a02-1024x768.jpeg?resize=525%2C300 1.5x"},"classes":[]},{"id":743,"url":"https:\/\/iumotril.org\/sitio\/daniela-pide-el-apoyo-de-la-mayoria-ciudadana-para-transformar-motril-desde-la-izquierda\/","url_meta":{"origin":781,"position":2},"title":"Daniela pide el apoyo de la mayor\u00eda ciudadana para transformar Motril desde la izquierda","author":"Izquierda Unida Motril","date":"16 mayo, 2015","format":false,"excerpt":"Daniela ha solicitado el apoyo a su proyecto de transformaci\u00f3n social para Motril a la mayor\u00eda ciudadana, a todas aquellas personas que est\u00e1n hartas de la clase pol\u00edtica, de la corrupci\u00f3n, del desempleo, de la precariedad laboral, de las desigualdades, reclam\u00e1ndoles que acudan a las urnas el domingo 24, para\u2026","rel":"","context":"En \u00abMunicipales 2015\u00bb","block_context":{"text":"Municipales 2015","link":"https:\/\/iumotril.org\/sitio\/category\/municipales-2015\/"},"img":{"alt_text":"elecciones04.jpg","src":"https:\/\/i0.wp.com\/iumotril.org\/sitio\/wp-content\/uploads\/2015\/05\/elecciones04.jpg?resize=350%2C200","width":350,"height":200,"srcset":"https:\/\/i0.wp.com\/iumotril.org\/sitio\/wp-content\/uploads\/2015\/05\/elecciones04.jpg?resize=350%2C200 1x, https:\/\/i0.wp.com\/iumotril.org\/sitio\/wp-content\/uploads\/2015\/05\/elecciones04.jpg?resize=525%2C300 1.5x, https:\/\/i0.wp.com\/iumotril.org\/sitio\/wp-content\/uploads\/2015\/05\/elecciones04.jpg?resize=700%2C400 2x"},"classes":[]},{"id":9308,"url":"https:\/\/iumotril.org\/sitio\/iu-verdes-equo-impulsara-la-independencia-de-carchuna-calahonda\/","url_meta":{"origin":781,"position":3},"title":"IU-Verdes Equo impulsar\u00e1 la independencia de Carchuna-Calahonda","author":"Izquierda Unida Motril","date":"23 mayo, 2023","format":false,"excerpt":"Silvia Morales ha anunciado que el objetivo central y prioritario de su gobierno no puede ser otro que la profundizaci\u00f3n democr\u00e1tica en todos los \u00e1mbitos de la entidad local, muy\u00a0 resentida tras los largos a\u00f1os de mandato del Partido Popular con Conchi Abarca al frente. Para Silvia Morales este avance\u2026","rel":"","context":"En \u00abElecciones\u00bb","block_context":{"text":"Elecciones","link":"https:\/\/iumotril.org\/sitio\/category\/elecciones\/"},"img":{"alt_text":"","src":"https:\/\/i0.wp.com\/iumotril.org\/sitio\/wp-content\/uploads\/2023\/05\/Carchuna-Calahonda.jpg?resize=350%2C200&ssl=1","width":350,"height":200,"srcset":"https:\/\/i0.wp.com\/iumotril.org\/sitio\/wp-content\/uploads\/2023\/05\/Carchuna-Calahonda.jpg?resize=350%2C200&ssl=1 1x, https:\/\/i0.wp.com\/iumotril.org\/sitio\/wp-content\/uploads\/2023\/05\/Carchuna-Calahonda.jpg?resize=525%2C300&ssl=1 1.5x"},"classes":[]},{"id":6868,"url":"https:\/\/iumotril.org\/sitio\/conchi-abarca-y-el-partido-popular-de-motril-logran-su-objetivo-carchuna-calahonda-no-sera-municipio-independiente\/","url_meta":{"origin":781,"position":4},"title":"Conchi Abarca y el Partido Popular de Motril logran su objetivo: Carchuna-Calahonda no ser\u00e1 municipio independiente","author":"Izquierda Unida Motril","date":"9 noviembre, 2020","format":false,"excerpt":"Durante todo este tiempo la presidenta de la ELA ha prestado un importante servicio al Partido Popular de Motril y a su mentor y amigo, Carlos Rojas: Carchuna-Calahonda sigue siendo una pedan\u00eda de Motril en la que el PP motrile\u00f1o ejerce un f\u00e9rreo control que le reporta importantes r\u00e9ditos electorales.\u2026","rel":"","context":"En \u00abEST\u00c1 PASANDO\u00bb","block_context":{"text":"EST\u00c1 PASANDO","link":"https:\/\/iumotril.org\/sitio\/category\/esta-pasando\/"},"img":{"alt_text":"","src":"https:\/\/i0.wp.com\/iumotril.org\/sitio\/wp-content\/uploads\/2020\/11\/Abarca-y-Rojas-176x176.jpeg?resize=350%2C200","width":350,"height":200},"classes":[]},{"id":5197,"url":"https:\/\/iumotril.org\/sitio\/iu-equo-denuncia-deficiencias-de-accesibilidad-y-movilidad-en-carchuna-calahonda\/","url_meta":{"origin":781,"position":5},"title":"IU-Equo denuncia deficiencias de accesibilidad y movilidad en Carchuna-Calahonda","author":"Izquierda Unida Motril","date":"13 julio, 2019","format":false,"excerpt":"Ruiz Utrilla ha criticado la desidia e indiferencia del gobierno de la ELA y de su presidenta, Cocha Abarca, hacia las personas con discapacidad y con aquellas que tienen necesidades especiales de movilidad. Las muchas necesidades que tiene la ELA de Carchuna-Calahonda y de sus\u00a0 vecinos no pueden resolverse en\u2026","rel":"","context":"En \u00abEST\u00c1 PASANDO\u00bb","block_context":{"text":"EST\u00c1 PASANDO","link":"https:\/\/iumotril.org\/sitio\/category\/esta-pasando\/"},"img":{"alt_text":"","src":"https:\/\/i0.wp.com\/iumotril.org\/sitio\/wp-content\/uploads\/2019\/07\/Foto-Rafa-Ruiz-1024x577.jpg?resize=350%2C200","width":350,"height":200,"srcset":"https:\/\/i0.wp.com\/iumotril.org\/sitio\/wp-content\/uploads\/2019\/07\/Foto-Rafa-Ruiz-1024x577.jpg?resize=350%2C200 1x, https:\/\/i0.wp.com\/iumotril.org\/sitio\/wp-content\/uploads\/2019\/07\/Foto-Rafa-Ruiz-1024x577.jpg?resize=525%2C300 1.5x"},"classes":[]}],"jetpack_likes_enabled":true,"_links":{"self":[{"href":"https:\/\/iumotril.org\/sitio\/wp-json\/wp\/v2\/posts\/781","targetHints":{"allow":["GET"]}}],"collection":[{"href":"https:\/\/iumotril.org\/sitio\/wp-json\/wp\/v2\/posts"}],"about":[{"href":"https:\/\/iumotril.org\/sitio\/wp-json\/wp\/v2\/types\/post"}],"author":[{"embeddable":true,"href":"https:\/\/iumotril.org\/sitio\/wp-json\/wp\/v2\/users\/1"}],"replies":[{"embeddable":true,"href":"https:\/\/iumotril.org\/sitio\/wp-json\/wp\/v2\/comments?post=781"}],"version-history":[{"count":5,"href":"https:\/\/iumotril.org\/sitio\/wp-json\/wp\/v2\/posts\/781\/revisions"}],"predecessor-version":[{"id":797,"href":"https:\/\/iumotril.org\/sitio\/wp-json\/wp\/v2\/posts\/781\/revisions\/797"}],"wp:attachment":[{"href":"https:\/\/iumotril.org\/sitio\/wp-json\/wp\/v2\/media?parent=781"}],"wp:term":[{"taxonomy":"category","embeddable":true,"href":"https:\/\/iumotril.org\/sitio\/wp-json\/wp\/v2\/categories?post=781"},{"taxonomy":"post_tag","embeddable":true,"href":"https:\/\/iumotril.org\/sitio\/wp-json\/wp\/v2\/tags?post=781"}],"curies":[{"name":"wp","href":"https:\/\/api.w.org\/{rel}","templated":true}]}}