{"id":7772,"date":"2021-10-20T17:45:49","date_gmt":"2021-10-20T15:45:49","guid":{"rendered":"http:\/\/iumotril.org\/sitio\/?p=7772"},"modified":"2021-10-21T11:28:59","modified_gmt":"2021-10-21T09:28:59","slug":"iu-equo-pide-a-la-alcaldesa-que-asuma-sus-responsabilidades-politicas-por-respeto-a-la-ciudad-y-a-los-motrilenos","status":"publish","type":"post","link":"https:\/\/iumotril.org\/sitio\/iu-equo-pide-a-la-alcaldesa-que-asuma-sus-responsabilidades-politicas-por-respeto-a-la-ciudad-y-a-los-motrilenos\/","title":{"rendered":"IU-Equo pide a la alcaldesa que asuma sus responsabilidades pol\u00edticas por respeto a la ciudad y a los motrile\u00f1os"},"content":{"rendered":"<p style=\"text-align: justify;\"><span style=\"color: #993300;\">Entiende que el Informe de la Intervenci\u00f3n municipal evidencia que la alcaldesa de Motril falt\u00f3 a la verdad reiteradamente desde el momento en que se conoci\u00f3 su utilizaci\u00f3n de fondos econ\u00f3micos de su Grupo municipal para pagar un gasto particular.<\/span><\/p>\n<p style=\"text-align: justify;\"><span style=\"color: #993300;\">Rechaza las justificaciones de Garc\u00eda Chamorro\u00a0y cuestiona que la alcaldesa haya actuado con transparencia y buena fe como sostiene, lo que se contradice con el hecho de que haya retenido durante seis d\u00edas el Informe de la Intervenci\u00f3n municipal que deslegitima su actuaci\u00f3n.<\/span><\/p>\n<p style=\"text-align: justify;\">Desde el Grupo Municipal de IU-Equo se pone en duda que la alcaldesa de Motril haya actuado de buena fe y con transparencia en todo este asunto, teniendo en cuenta que <strong>ha retenido <\/strong>durante<a href=\"https:\/\/iumotril.org\/sitio\/wp-content\/uploads\/2021\/10\/Informe-intervencion-pago-multa-Luisa.pdf\"> seis d\u00edas<\/a> el Informe de la Intervenci\u00f3n municipal que deja fuera de cualquier duda que el pago realizado por el Grupo Municipal del Partido Popular \u201cvulnera la normativa que regula el destino de la asignaci\u00f3n a los grupos pol\u00edticos\u201d.<\/p>\n<p style=\"text-align: justify;\">El concejal de IU-Equo, Jose Garc\u00eda Llorente, ha se\u00f1alado que Luisa G. Chamorro ha vuelto a <strong>faltar a la verdad<\/strong> en este asunto, ya que afirm\u00f3 que contaba con la <a href=\"https:\/\/www.eldiario.es\/andalucia\/granada\/alcaldesa-motril-reconoce-dinero-publico-grupo-municipal-pagar-multa-condena_1_8373772.html\">fiscalizaci\u00f3n<\/a> del gasto por parte de la Intervenci\u00f3n algo que, como se ha demostrado, era falso.<\/p>\n<figure id=\"attachment_7778\" aria-describedby=\"caption-attachment-7778\" style=\"width: 520px\" class=\"wp-caption aligncenter\"><img loading=\"lazy\" decoding=\"async\" data-attachment-id=\"7778\" data-permalink=\"https:\/\/iumotril.org\/sitio\/iu-equo-pide-a-la-alcaldesa-que-asuma-sus-responsabilidades-politicas-por-respeto-a-la-ciudad-y-a-los-motrilenos\/photo-2021-10-20-12-23-02\/\" data-orig-file=\"https:\/\/iumotril.org\/sitio\/wp-content\/uploads\/2021\/10\/PHOTO-2021-10-20-12-23-02.jpg\" data-orig-size=\"1024,866\" data-comments-opened=\"1\" data-image-meta=\"{&quot;aperture&quot;:&quot;0&quot;,&quot;credit&quot;:&quot;&quot;,&quot;camera&quot;:&quot;&quot;,&quot;caption&quot;:&quot;&quot;,&quot;created_timestamp&quot;:&quot;0&quot;,&quot;copyright&quot;:&quot;&quot;,&quot;focal_length&quot;:&quot;0&quot;,&quot;iso&quot;:&quot;0&quot;,&quot;shutter_speed&quot;:&quot;0&quot;,&quot;title&quot;:&quot;&quot;,&quot;orientation&quot;:&quot;0&quot;}\" data-image-title=\"PHOTO-2021-10-20-12-23-02\" data-image-description=\"\" data-image-caption=\"\" data-large-file=\"https:\/\/iumotril.org\/sitio\/wp-content\/uploads\/2021\/10\/PHOTO-2021-10-20-12-23-02.jpg\" class=\"wp-image-7778\" src=\"https:\/\/iumotril.org\/sitio\/wp-content\/uploads\/2021\/10\/PHOTO-2021-10-20-12-23-02-300x254.jpg\" alt=\"\" width=\"520\" height=\"440\" srcset=\"https:\/\/iumotril.org\/sitio\/wp-content\/uploads\/2021\/10\/PHOTO-2021-10-20-12-23-02-300x254.jpg 300w, https:\/\/iumotril.org\/sitio\/wp-content\/uploads\/2021\/10\/PHOTO-2021-10-20-12-23-02-768x650.jpg 768w, https:\/\/iumotril.org\/sitio\/wp-content\/uploads\/2021\/10\/PHOTO-2021-10-20-12-23-02.jpg 1024w\" sizes=\"auto, (max-width: 520px) 100vw, 520px\" \/><figcaption id=\"caption-attachment-7778\" class=\"wp-caption-text\">Inma Omiste y Jose Llorente, Grupo municipal IU-Equo<\/figcaption><\/figure>\n<p style=\"text-align: justify;\">Garc\u00eda Llorente ha declarado que la m\u00e1xima autoridad y representante de Motril \u201cno puede ser una persona condenada por el Tribunal Supremo\u201d por injuriar gravemente a un adversario pol\u00edtico, que ha sido \u201c<strong>se\u00f1alada por la opini\u00f3n p\u00fablica<\/strong>\u201d por la utilizaci\u00f3n de dinero de su Grupo municipal para el pago de una multa particular y que se encuentra <strong>a la \u201cespera de lo que decida la Fiscal\u00eda<\/strong>\u201d sobre su comportamiento.<\/p>\n<p style=\"text-align: justify;\">El edil de IU-Equo ha afirmado que la se\u00f1ora Garc\u00eda Chamorro debe asumir sus <strong>responsabilidades pol\u00edticas<\/strong> \u201cpor respeto a la ciudad y a sus vecinas y a sus vecinos\u201d. Ella, que se dice \u201cenamorada de Motril\u201d, tiene una \u201coportunidad estupenda para demostrar la grandeza de su afecto\u201d.<\/p>\n<p style=\"text-align: justify;\">Jose Garc\u00eda Llorente ha criticado a la alcaldesa por intentar confundir a los vecinos y vecinas de Motril y presentarse como <strong>v\u00edctima de una campa\u00f1a de descr\u00e9dito<\/strong> contra ella y su buen nombre.\u00a0 En este asunto, \u201cella y su partido son los \u00fanicos protagonistas\u201d, ha se\u00f1alado.<\/p>\n<p style=\"text-align: justify;\">Su \u00fanico objetivo es \u201caferrarse al cargo y resistir por encima de cualquier consideraci\u00f3n \u00e9tica\u201d.<\/p>\n<p style=\"text-align: justify;\">Para IU-Equo, la realidad incuestionable es que el gasto de 4.000 euros utilizados por la alcaldesa para pagar sus gastos jur\u00eddicos no \u201cest\u00e1 relacionado con un gasto propio del grupo pol\u00edtico\u201d, sino que se trata de \u201c<strong>un gasto particular ajeno a esta finalidad\u201d<\/strong>. Y no otra, por mucho que la alcaldesa y su equipo m\u00e1s cercano se empe\u00f1en en ello.<\/p>\n<p style=\"text-align: justify;\">El concejal de IU-Equo ha cuestionado la fiabilidad de los <strong>asesores jur\u00eddicos<\/strong> del Partido Popular que sostuvieron la legalidad de los pagos.<\/p>\n<p style=\"text-align: justify;\">No olvidemos que estamos hablando del Partido Popular, ha enfatizado, un partido pol\u00edtico <strong>condenado por <a href=\"https:\/\/www.efe.com\/efe\/america\/mundo\/la-justicia-espanola-ratifica-condena-por-corrupcion-al-conservador-pp\/20000012-4367489\">corrupci\u00f3n<\/a><\/strong> y por utilizar las instituciones p\u00fablicas para sus propias finalidades. No olvidemos que la se\u00f1ora Garc\u00eda Chamorro es una dirigente del Partido Popular en Andaluc\u00eda y la<strong> presidenta<\/strong> de su organizaci\u00f3n en Motril.<\/p>\n<p style=\"text-align: justify;\">Llorente ha recordado que este asunto ha trascendido por la informaci\u00f3n y documentaci\u00f3n distribuida por miembros del propio Partido Popular en Motril que dudaban de la legalidad de la conducta de Garc\u00eda Chamorro.<\/p>\n<p style=\"text-align: justify;\">Motril no puede estar pendiente de las <strong>guerras internas<\/strong> y de las \u201cluchas por el poder\u201d del Partido Popular ni de las decisiones judiciales sobre las actuaciones de su alcaldesa. Por ello, la alcaldesa debe dejar su responsabilidad en la Corporaci\u00f3n para no \u201cperjudicar m\u00e1s a Motril\u201d.<\/p>\n<div style=\"width: 640px;\" class=\"wp-video\"><video class=\"wp-video-shortcode\" id=\"video-7772-1\" width=\"640\" height=\"427\" preload=\"metadata\" controls=\"controls\"><source type=\"video\/mp4\" src=\"https:\/\/iumotril.org\/sitio\/wp-content\/uploads\/2021\/10\/VIDEO-2021-10-20-16-56-27.mp4?_=1\" \/><a href=\"https:\/\/iumotril.org\/sitio\/wp-content\/uploads\/2021\/10\/VIDEO-2021-10-20-16-56-27.mp4\">https:\/\/iumotril.org\/sitio\/wp-content\/uploads\/2021\/10\/VIDEO-2021-10-20-16-56-27.mp4<\/a><\/video><\/div>\n","protected":false},"excerpt":{"rendered":"<p>Desde el Grupo Municipal de IU-Equo se pone en duda que la alcaldesa de Motril haya actuado de buena fe y con transparencia en todo este asunto, teniendo en cuenta que ha retenido durante seis d\u00edas el Informe de la Intervenci\u00f3n municipal que deja fuera de cualquier duda que el pago realizado por el Grupo Municipal del Partido Popular \u201cvulnera la normativa que regula el destino de la asignaci\u00f3n a los grupos pol\u00edticos\u201d.<br \/>\nLa m\u00e1xima autoridad y representante de Motril \u201cno puede ser una persona condenada por el Tribunal Supremo\u201d por injuriar gravemente a un adversario pol\u00edtico, que ha sido \u201cse\u00f1alada por la opini\u00f3n p\u00fablica\u201d por la utilizaci\u00f3n de dinero de su Grupo municipal para el pago de una multa particular y que se encuentra a la \u201cespera de lo que decida la Fiscal\u00eda\u201d sobre su comportamiento.<br \/>\nLa se\u00f1ora Garc\u00eda Chamorro debe asumir sus responsabilidades pol\u00edticas \u201cpor respeto a la ciudad y a sus vecinas y a sus vecinos\u201d. Ella, que se dice \u201cenamorada de Motril\u201d, tiene una \u201coportunidad estupenda para demostrar la grandeza de su afecto\u201d.<\/p>\n","protected":false},"author":1,"featured_media":0,"comment_status":"open","ping_status":"open","sticky":false,"template":"","format":"standard","meta":{"cybocfi_hide_featured_image":"","_jetpack_newsletter_access":"","_jetpack_dont_email_post_to_subs":false,"_jetpack_newsletter_tier_id":0,"_jetpack_memberships_contains_paywalled_content":false,"_jetpack_memberships_contains_paid_content":false,"footnotes":""},"categories":[7,344,1421,265],"tags":[73,657,1705,1707,1706,1708,105],"class_list":["post-7772","post","type-post","status-publish","format-standard","hentry","category-ayuntamiento","category-breves","category-covid_19","category-esta-pasando","tag-corrupcion","tag-fiscalia","tag-fondos-publicos","tag-gastos","tag-grupos-municipales","tag-intervencion-municipal","tag-transparencia"],"jetpack_featured_media_url":"","jetpack_sharing_enabled":true,"jetpack_shortlink":"https:\/\/wp.me\/p4QsU5-21m","jetpack-related-posts":[{"id":7730,"url":"https:\/\/iumotril.org\/sitio\/iu-equo-denuncia-ante-la-fiscalia-el-pago-de-obligaciones-judiciales-de-la-alcaldesa-de-motril-con-dinero-publico\/","url_meta":{"origin":7772,"position":0},"title":"IU-Equo denuncia ante la Fiscal\u00eda el pago de obligaciones judiciales de la alcaldesa de Motril con dinero p\u00fablico","author":"Izquierda Unida Motril","date":"8 octubre, 2021","format":false,"excerpt":"Conforme a la documentaci\u00f3n recibida por IU-Equo, la alcaldesa de Motril habr\u00eda abonado con fondos p\u00fablicos, del Grupo municipal del Partido Popular de Motril, el pago de obligaciones jur\u00eddicas particulares como consecuencia de una sentencia por actuaciones que se produjeron cuando Garc\u00eda Chamorro era vicepresidenta de la Diputaci\u00f3n Provincial de\u2026","rel":"","context":"En \u00abAyuntamiento\u00bb","block_context":{"text":"Ayuntamiento","link":"https:\/\/iumotril.org\/sitio\/category\/ayuntamiento\/"},"img":{"alt_text":"","src":"https:\/\/i0.wp.com\/iumotril.org\/sitio\/wp-content\/uploads\/2021\/10\/Fiscalia-2-1024x683.jpg?resize=350%2C200","width":350,"height":200,"srcset":"https:\/\/i0.wp.com\/iumotril.org\/sitio\/wp-content\/uploads\/2021\/10\/Fiscalia-2-1024x683.jpg?resize=350%2C200 1x, https:\/\/i0.wp.com\/iumotril.org\/sitio\/wp-content\/uploads\/2021\/10\/Fiscalia-2-1024x683.jpg?resize=525%2C300 1.5x"},"classes":[]},{"id":10082,"url":"https:\/\/iumotril.org\/sitio\/iu-verdes-equo-reitera-su-exigencia-a-garcia-chamorro-de-que-renuncie-a-la-alcaldia-de-motril\/","url_meta":{"origin":7772,"position":1},"title":"IU Verdes Equo reitera su exigencia a Garc\u00eda Chamorro de que renuncie a la alcald\u00eda de Motril","author":"Izquierda Unida Motril","date":"24 julio, 2024","format":false,"excerpt":"Seg\u00fan el edil de la formaci\u00f3n, no deja de ser llamativo que este proceso se est\u00e9 dilatando de esta forma en el tiempo, cuando estamos asistiendo a otras actuaciones judiciales que se est\u00e1n resolviendo con una celeridad inusitada. En tres meses de instrucci\u00f3n, un juez ha citado a declarar a\u2026","rel":"","context":"En \u00abAyuntamiento\u00bb","block_context":{"text":"Ayuntamiento","link":"https:\/\/iumotril.org\/sitio\/category\/ayuntamiento\/"},"img":{"alt_text":"","src":"https:\/\/i0.wp.com\/iumotril.org\/sitio\/wp-content\/uploads\/2024\/06\/Luisa-debe-dimitir-2.jpg?resize=350%2C200&ssl=1","width":350,"height":200,"srcset":"https:\/\/i0.wp.com\/iumotril.org\/sitio\/wp-content\/uploads\/2024\/06\/Luisa-debe-dimitir-2.jpg?resize=350%2C200&ssl=1 1x, https:\/\/i0.wp.com\/iumotril.org\/sitio\/wp-content\/uploads\/2024\/06\/Luisa-debe-dimitir-2.jpg?resize=525%2C300&ssl=1 1.5x, https:\/\/i0.wp.com\/iumotril.org\/sitio\/wp-content\/uploads\/2024\/06\/Luisa-debe-dimitir-2.jpg?resize=700%2C400&ssl=1 2x"},"classes":[]},{"id":7719,"url":"https:\/\/iumotril.org\/sitio\/exigimos-la-dimision-de-la-alcaldesa-y-la-devolucion-de-las-cantidades-indebidamente-utilizadas\/","url_meta":{"origin":7772,"position":2},"title":"Exigimos la dimisi\u00f3n de la alcaldesa y la devoluci\u00f3n de las cantidades indebidamente utilizadas","author":"Izquierda Unida Motril","date":"7 octubre, 2021","format":false,"excerpt":"Utilizar el dinero de los motrile\u00f1os y motrile\u00f1as para pagar las multas de sus \u201cfechor\u00edas pol\u00edticas\u201d es un asunto muy grave. M\u00e1s aun teniendo en cuenta que las injurias por las que fue condenada se cometieron cuando Garc\u00eda Chamorro era vicepresidenta de la Diputaci\u00f3n de Granada por lo que el\u2026","rel":"","context":"En \u00abAyuntamiento\u00bb","block_context":{"text":"Ayuntamiento","link":"https:\/\/iumotril.org\/sitio\/category\/ayuntamiento\/"},"img":{"alt_text":"","src":"https:\/\/i0.wp.com\/iumotril.org\/sitio\/wp-content\/uploads\/2021\/10\/Inma-Omiste-7-octubre-176x176.jpg?resize=350%2C200","width":350,"height":200,"srcset":"https:\/\/i0.wp.com\/iumotril.org\/sitio\/wp-content\/uploads\/2021\/10\/Inma-Omiste-7-octubre-176x176.jpg?resize=350%2C200 1x, https:\/\/i0.wp.com\/iumotril.org\/sitio\/wp-content\/uploads\/2021\/10\/Inma-Omiste-7-octubre-176x176.jpg?resize=525%2C300 1.5x"},"classes":[]},{"id":9017,"url":"https:\/\/iumotril.org\/sitio\/iu-equo-reclama-a-luisa-g-chamorro-que-deje-la-alcaldia-por-respeto-y-consideracion-con-los-motrilenos-y-con-los-granadinos\/","url_meta":{"origin":7772,"position":3},"title":"IU-Equo  reclama a Luisa G. Chamorro que deje la alcald\u00eda por respeto y consideraci\u00f3n con los motrile\u00f1os y con los granadinos","author":"Izquierda Unida Motril","date":"6 abril, 2023","format":false,"excerpt":"Desde IU-Equo se consideran sumamente graves los hechos ahora desvelados tras conocerse un informe de la Intervenci\u00f3n de la Diputaci\u00f3n de Granada que acredita que la alcaldesa de Motril no solo cobr\u00f3 dinero p\u00fablico procedente del Consistorio que dirige para pagar una condena por injurias, sino que, tambi\u00e9n, percibi\u00f3 fondos\u2026","rel":"","context":"En \u00abdenuncia\u00bb","block_context":{"text":"denuncia","link":"https:\/\/iumotril.org\/sitio\/category\/denuncia\/"},"img":{"alt_text":"","src":"https:\/\/i0.wp.com\/iumotril.org\/sitio\/wp-content\/uploads\/2023\/04\/Luisa-y-Juanma.jpg?resize=350%2C200&ssl=1","width":350,"height":200,"srcset":"https:\/\/i0.wp.com\/iumotril.org\/sitio\/wp-content\/uploads\/2023\/04\/Luisa-y-Juanma.jpg?resize=350%2C200&ssl=1 1x, https:\/\/i0.wp.com\/iumotril.org\/sitio\/wp-content\/uploads\/2023\/04\/Luisa-y-Juanma.jpg?resize=525%2C300&ssl=1 1.5x, https:\/\/i0.wp.com\/iumotril.org\/sitio\/wp-content\/uploads\/2023\/04\/Luisa-y-Juanma.jpg?resize=700%2C400&ssl=1 2x, https:\/\/i0.wp.com\/iumotril.org\/sitio\/wp-content\/uploads\/2023\/04\/Luisa-y-Juanma.jpg?resize=1050%2C600&ssl=1 3x"},"classes":[]},{"id":7988,"url":"https:\/\/iumotril.org\/sitio\/iu-equo-exige-la-dimision-inmediata-de-la-alcaldesa-de-motril-al-apreciar-la-fiscalia-la-comision-de-un-delito-continuado-de-malversacion-de-caudales-publicos\/","url_meta":{"origin":7772,"position":4},"title":"IU-Equo exige la dimisi\u00f3n inmediata de la alcaldesa de Motril al apreciar la Fiscal\u00eda la comisi\u00f3n de un delito continuado de malversaci\u00f3n de caudales p\u00fablicos","author":"Izquierda Unida Motril","date":"15 febrero, 2022","format":false,"excerpt":"IU-Equo considera que Luisa Garc\u00eda Chamorro no puede continuar \u201cni un minuto m\u00e1s\u201d al frente de la alcald\u00eda de Motril tras se\u00f1alar la Fiscal\u00eda que indiciariamente \u201corden\u00f3 en su beneficio la realizaci\u00f3n de transferencias por valor total de 4.600 euros de la cuenta del Grupo municipal del PP de Motril\u2026","rel":"","context":"En \u00abAyuntamiento\u00bb","block_context":{"text":"Ayuntamiento","link":"https:\/\/iumotril.org\/sitio\/category\/ayuntamiento\/"},"img":{"alt_text":"","src":"https:\/\/i0.wp.com\/iumotril.org\/sitio\/wp-content\/uploads\/2022\/01\/IMG-4246-scaled.jpg?resize=350%2C200","width":350,"height":200,"srcset":"https:\/\/i0.wp.com\/iumotril.org\/sitio\/wp-content\/uploads\/2022\/01\/IMG-4246-scaled.jpg?resize=350%2C200 1x, https:\/\/i0.wp.com\/iumotril.org\/sitio\/wp-content\/uploads\/2022\/01\/IMG-4246-scaled.jpg?resize=525%2C300 1.5x, https:\/\/i0.wp.com\/iumotril.org\/sitio\/wp-content\/uploads\/2022\/01\/IMG-4246-scaled.jpg?resize=700%2C400 2x, https:\/\/i0.wp.com\/iumotril.org\/sitio\/wp-content\/uploads\/2022\/01\/IMG-4246-scaled.jpg?resize=1050%2C600 3x, https:\/\/i0.wp.com\/iumotril.org\/sitio\/wp-content\/uploads\/2022\/01\/IMG-4246-scaled.jpg?resize=1400%2C800 4x"},"classes":[]},{"id":5174,"url":"https:\/\/iumotril.org\/sitio\/iu-equo-pide-a-garcia-chamorro-que-informe-publicamente-acerca-de-la-situacion-del-chiringuito-oleaje\/","url_meta":{"origin":7772,"position":5},"title":"IU-Equo pide a Garc\u00eda Chamorro que informe p\u00fablicamente acerca de la situaci\u00f3n del Chiringuito Oleaje","author":"Izquierda Unida Motril","date":"3 julio, 2019","format":false,"excerpt":"La portavoz del Grupo municipal de IU-Equo, Inma Omiste, ha reclamado a la Alcaldesa que d\u00e9 explicaciones p\u00fablicamente, especialmente a los peque\u00f1os comerciantes motrile\u00f1os, de por qu\u00e9 desde la administraci\u00f3n municipal se est\u00e1 permitiendo esta situaci\u00f3n y de la falta de eficacia en las actuaciones que se hayan llevado a\u2026","rel":"","context":"En \u00abEST\u00c1 PASANDO\u00bb","block_context":{"text":"EST\u00c1 PASANDO","link":"https:\/\/iumotril.org\/sitio\/category\/esta-pasando\/"},"img":{"alt_text":"","src":"https:\/\/i0.wp.com\/iumotril.org\/sitio\/wp-content\/uploads\/2019\/02\/Inma_1-225x300.jpg?resize=350%2C200","width":350,"height":200},"classes":[]}],"jetpack_likes_enabled":true,"_links":{"self":[{"href":"https:\/\/iumotril.org\/sitio\/wp-json\/wp\/v2\/posts\/7772","targetHints":{"allow":["GET"]}}],"collection":[{"href":"https:\/\/iumotril.org\/sitio\/wp-json\/wp\/v2\/posts"}],"about":[{"href":"https:\/\/iumotril.org\/sitio\/wp-json\/wp\/v2\/types\/post"}],"author":[{"embeddable":true,"href":"https:\/\/iumotril.org\/sitio\/wp-json\/wp\/v2\/users\/1"}],"replies":[{"embeddable":true,"href":"https:\/\/iumotril.org\/sitio\/wp-json\/wp\/v2\/comments?post=7772"}],"version-history":[{"count":9,"href":"https:\/\/iumotril.org\/sitio\/wp-json\/wp\/v2\/posts\/7772\/revisions"}],"predecessor-version":[{"id":7777,"href":"https:\/\/iumotril.org\/sitio\/wp-json\/wp\/v2\/posts\/7772\/revisions\/7777"}],"wp:attachment":[{"href":"https:\/\/iumotril.org\/sitio\/wp-json\/wp\/v2\/media?parent=7772"}],"wp:term":[{"taxonomy":"category","embeddable":true,"href":"https:\/\/iumotril.org\/sitio\/wp-json\/wp\/v2\/categories?post=7772"},{"taxonomy":"post_tag","embeddable":true,"href":"https:\/\/iumotril.org\/sitio\/wp-json\/wp\/v2\/tags?post=7772"}],"curies":[{"name":"wp","href":"https:\/\/api.w.org\/{rel}","templated":true}]}}