{"id":7738,"date":"2021-10-14T13:11:50","date_gmt":"2021-10-14T11:11:50","guid":{"rendered":"http:\/\/iumotril.org\/sitio\/?p=7738"},"modified":"2021-10-14T17:46:05","modified_gmt":"2021-10-14T15:46:05","slug":"iu-equo-denuncia-la-falta-de-conserjes-en-los-colegios-y-el-abandono-de-instalaciones-municipales","status":"publish","type":"post","link":"https:\/\/iumotril.org\/sitio\/iu-equo-denuncia-la-falta-de-conserjes-en-los-colegios-y-el-abandono-de-instalaciones-municipales\/","title":{"rendered":"IU-Equo denuncia la falta de conserjes en los colegios y el abandono de instalaciones municipales"},"content":{"rendered":"<p style=\"text-align: justify;\"><span style=\"color: #993300;\">Todos los colegios p\u00fablicos de Motril llevan las \u00faltimas semanas con importantes problemas para su funcionamiento diario al no estar contando con los conserjes que ven\u00edan prestando all\u00ed sus servicios, debido a la falta de efectivos municipales.\u00a0<\/span><\/p>\r\n<p style=\"text-align: justify;\"><span style=\"color: #993300;\">Al igual que otras instalaciones, est\u00e1n pagando las consecuencias de la desidia e incapacidad del equipo de gobierno local que est\u00e1 provocando m\u00faltiples incidencias negativas en los servicios municipales.<\/span><\/p>\r\n<p style=\"text-align: justify;\">Tampoco se est\u00e1n desarrollando las <strong>labores de limpieza<\/strong> necesarias para que la actividad docente se lleve a cabo con la normalidad que es necesaria y deseable por el mismo problema de falta de personal municipal.<\/p>\r\n<p style=\"text-align: justify;\">A pesar de que desde IU-Equo se viene denunciando esta situaci\u00f3n reiteradamente, el Ayuntamiento de Motril nada est\u00e1 haciendo al respecto con el consiguiente <strong>malestar de las madres y padres y de la direcci\u00f3n de los centros,<\/strong> ha se\u00f1alado su portavoz, Inma Omiste.<\/p>\r\n<figure id=\"attachment_7756\" aria-describedby=\"caption-attachment-7756\" style=\"width: 1024px\" class=\"wp-caption aligncenter\"><img loading=\"lazy\" decoding=\"async\" data-attachment-id=\"7756\" data-permalink=\"https:\/\/iumotril.org\/sitio\/iu-equo-denuncia-la-falta-de-conserjes-en-los-colegios-y-el-abandono-de-instalaciones-municipales\/inma-14-octubre\/\" data-orig-file=\"https:\/\/iumotril.org\/sitio\/wp-content\/uploads\/2021\/10\/Inma-14-octubre.jpg\" data-orig-size=\"1024,768\" data-comments-opened=\"1\" data-image-meta=\"{&quot;aperture&quot;:&quot;0&quot;,&quot;credit&quot;:&quot;&quot;,&quot;camera&quot;:&quot;&quot;,&quot;caption&quot;:&quot;&quot;,&quot;created_timestamp&quot;:&quot;0&quot;,&quot;copyright&quot;:&quot;&quot;,&quot;focal_length&quot;:&quot;0&quot;,&quot;iso&quot;:&quot;0&quot;,&quot;shutter_speed&quot;:&quot;0&quot;,&quot;title&quot;:&quot;&quot;,&quot;orientation&quot;:&quot;0&quot;}\" data-image-title=\"Inma 14 octubre\" data-image-description=\"\" data-image-caption=\"\" data-large-file=\"https:\/\/iumotril.org\/sitio\/wp-content\/uploads\/2021\/10\/Inma-14-octubre.jpg\" class=\"wp-image-7756 size-full\" src=\"https:\/\/iumotril.org\/sitio\/wp-content\/uploads\/2021\/10\/Inma-14-octubre.jpg\" alt=\"\" width=\"1024\" height=\"768\" srcset=\"https:\/\/iumotril.org\/sitio\/wp-content\/uploads\/2021\/10\/Inma-14-octubre.jpg 1024w, https:\/\/iumotril.org\/sitio\/wp-content\/uploads\/2021\/10\/Inma-14-octubre-300x225.jpg 300w, https:\/\/iumotril.org\/sitio\/wp-content\/uploads\/2021\/10\/Inma-14-octubre-768x576.jpg 768w\" sizes=\"auto, (max-width: 1024px) 100vw, 1024px\" \/><figcaption id=\"caption-attachment-7756\" class=\"wp-caption-text\">Inma Omiste, portavoz de IU-Equo<\/figcaption><\/figure>\r\n<p style=\"text-align: justify;\">La portavoz de IU-Equo considera que estamos ante una situaci\u00f3n \u201cmuy grave\u201d que pone de manifiesto la <strong>\u201cindiferencia del gobierno local\u201d<\/strong> por las condiciones de los colegios de nuestra ciudad, con las consiguientes consecuencias en la calidad de los centros educativos y su repercusi\u00f3n en la labor docente.\u00a0<\/p>\r\n<p style=\"text-align: justify;\">Omiste ha anunciado que su Grupo presentar\u00e1 al pr\u00f3ximo Pleno municipal <strong>una moci\u00f3n<\/strong> reclamando la soluci\u00f3n a estas deficiencias, para que se garantice la <strong>presencia de un o una conserje en todos y cada uno de los centros<\/strong> educativos, as\u00ed como el personal de limpieza que diariamente resulte necesario.<\/p>\r\n<p style=\"text-align: justify;\">Izquierda Unida-Equo atiende, de este modo, a las <strong>quejas de todos los directores y directoras<\/strong> de los centros educativos de Motril y de las madres y padres de los y las estudiantes, que no han merecido la atenci\u00f3n del <strong>\u00c1rea de educaci\u00f3n municipal<\/strong>, a pesar de sus reiterados requerimientos.<\/p>\r\n<p style=\"text-align: justify;\">Inma Omiste ha reclamado a la alcaldesa de Motril un <strong>compromiso efectivo con la ense\u00f1anza p\u00fablica<\/strong> en nuestra ciudad, dedicando los recursos que sean necesarios para garantizar las adecuadas condiciones de los centros educativos y la igualdad de oportunidades de las ni\u00f1as y de los ni\u00f1os.<\/p>\r\n<p style=\"text-align: justify;\">El Grupo municipal de IU-Equo viene denunciando de forma reiterada la <strong>insuficiencia de la plantilla<\/strong> para atender adecuadamente los servicios municipales. Un problema que afecta a todo el Ayuntamiento &#8211;ha se\u00f1alado Omiste&#8211; y que tiene como consecuencia la mala calidad de la prestaci\u00f3n de los <a href=\"https:\/\/iumotril.org\/sitio\/iu-equo-denuncia-el-abandono-de-las-bibliotecas-municipales-por-parte-del-gobierno-local\/\">servicios p\u00fablicos<\/a> que corresponden a la Administraci\u00f3n local.<\/p>\r\n<p style=\"text-align: justify;\">\u201cAfecta a la limpieza de las calles, al alumbrado p\u00fablico, al mantenimiento de los parques, a la atenci\u00f3n al p\u00fablico, a las bibliotecas municipales y al conjunto de la ciudad\u201d, poniendo de manifiesto<strong> la \u201cdesastrosa gesti\u00f3n del gobierno del PP y de Ciudadanos en Motril\u201d<\/strong> que pretende tapar con acciones propagand\u00edsticas y con titulares en los medios de comunicaci\u00f3n m\u00e1s afines.<\/p>\r\n<p style=\"text-align: justify;\">Garc\u00eda Chamorro no est\u00e1 en los asuntos que de verdad afectan a la ciudad y a sus vecinos. Est\u00e1 en sus cosas, en sus \u201cdelirios pol\u00edticos y de grandeza\u201d &#8211;ha denunciado Inma Omiste&#8211;.<\/p>\r\n","protected":false},"excerpt":{"rendered":"<p>La portavoz de IU-Equo considera que estamos ante una situaci\u00f3n \u201cmuy grave\u201d que pone de manifiesto la \u201cindiferencia del gobierno local\u201d por las condiciones de los colegios de nuestra ciudad, con las consiguientes consecuencias en la calidad de los centros educativos y su repercusi\u00f3n en la labor docente.\u00a0<\/p>\n<p>Omiste ha anunciado que su Grupo presentar\u00e1 al pr\u00f3ximo Pleno municipal una moci\u00f3n reclamando la soluci\u00f3n a estas deficiencias, para que se garantice la presencia de un o una conserje en todos y cada uno de los centros educativos, as\u00ed como el personal de limpieza que diariamente resulte necesario.<\/p>\n","protected":false},"author":1,"featured_media":0,"comment_status":"open","ping_status":"open","sticky":false,"template":"","format":"standard","meta":{"cybocfi_hide_featured_image":"","_jetpack_newsletter_access":"","_jetpack_dont_email_post_to_subs":false,"_jetpack_newsletter_tier_id":0,"_jetpack_memberships_contains_paywalled_content":false,"_jetpack_memberships_contains_paid_content":false,"footnotes":""},"categories":[7,265],"tags":[161,303,1701,591,1700,448],"class_list":["post-7738","post","type-post","status-publish","format-standard","hentry","category-ayuntamiento","category-esta-pasando","tag-centros-educativos","tag-colegios","tag-conserjes","tag-educacion-publica","tag-falta-de-personal","tag-limpieza"],"jetpack_featured_media_url":"","jetpack_sharing_enabled":true,"jetpack_shortlink":"https:\/\/wp.me\/p4QsU5-20O","jetpack-related-posts":[{"id":7927,"url":"https:\/\/iumotril.org\/sitio\/iu-equo-denuncia-que-sigue-sin-solucionarse-la-falta-de-conserjes-en-colegios-de-motril\/","url_meta":{"origin":7738,"position":0},"title":"IU-Equo denuncia que sigue sin solucionarse la falta de conserjes en colegios de Motril","author":"Izquierda Unida Motril","date":"11 enero, 2022","format":false,"excerpt":"De nada ha valido la denuncia p\u00fablica de esta situaci\u00f3n por parte de las direcciones de los centros, de las asociaciones de madres y padres de alumnos ni la propuesta de IU-Equo para que se articularan soluciones adecuadas. Las medidas adoptadas por el \u00c1rea de Educaci\u00f3n del gobierno municipal, como\u2026","rel":"","context":"En \u00abAyuntamiento\u00bb","block_context":{"text":"Ayuntamiento","link":"https:\/\/iumotril.org\/sitio\/category\/ayuntamiento\/"},"img":{"alt_text":"","src":"https:\/\/i0.wp.com\/iumotril.org\/sitio\/wp-content\/uploads\/2021\/11\/Inma-23-noviembre-1024x768.jpg?resize=350%2C200","width":350,"height":200,"srcset":"https:\/\/i0.wp.com\/iumotril.org\/sitio\/wp-content\/uploads\/2021\/11\/Inma-23-noviembre-1024x768.jpg?resize=350%2C200 1x, https:\/\/i0.wp.com\/iumotril.org\/sitio\/wp-content\/uploads\/2021\/11\/Inma-23-noviembre-1024x768.jpg?resize=525%2C300 1.5x"},"classes":[]},{"id":7793,"url":"https:\/\/iumotril.org\/sitio\/iu-equo-lleva-al-pleno-una-propuesta-para-que-los-colegios-de-motril-cuenten-con-un-conserje-durante-todo-el-curso-escolar\/","url_meta":{"origin":7738,"position":1},"title":"IU-Equo lleva al pleno una propuesta para que los colegios de Motril cuenten con un conserje durante todo el curso escolar","author":"Izquierda Unida Motril","date":"27 octubre, 2021","format":false,"excerpt":"A pesar de las denuncias y reclamaciones por parte de las direcciones de los centros y de las asociaciones de madres y padres, el \u00c1rea de Educaci\u00f3n no est\u00e1 siendo capaz de dar una soluci\u00f3n a este importante problema, de modo que es el equipo docente de los centros quienes\u2026","rel":"","context":"En \u00abAyuntamiento\u00bb","block_context":{"text":"Ayuntamiento","link":"https:\/\/iumotril.org\/sitio\/category\/ayuntamiento\/"},"img":{"alt_text":"","src":"https:\/\/i0.wp.com\/iumotril.org\/sitio\/wp-content\/uploads\/2021\/10\/Inma-27-octubre-768x1024.jpg?resize=350%2C200","width":350,"height":200,"srcset":"https:\/\/i0.wp.com\/iumotril.org\/sitio\/wp-content\/uploads\/2021\/10\/Inma-27-octubre-768x1024.jpg?resize=350%2C200 1x, https:\/\/i0.wp.com\/iumotril.org\/sitio\/wp-content\/uploads\/2021\/10\/Inma-27-octubre-768x1024.jpg?resize=525%2C300 1.5x"},"classes":[]},{"id":8270,"url":"https:\/\/iumotril.org\/sitio\/inma-omiste-el-gobierno-local-de-garcia-chamorro-se-ha-desentendido-de-los-servicios-municipales-basicos\/","url_meta":{"origin":7738,"position":2},"title":"Inma Omiste: \u00abel gobierno local de Garc\u00eda Chamorro se ha desentendido de  los servicios municipales b\u00e1sicos","author":"Izquierda Unida Motril","date":"15 julio, 2022","format":false,"excerpt":"El deterioro de los servicios p\u00fablicos que tiene que prestar el Ayuntamiento se est\u00e1 extendiendo a diferentes \u00e1mbitos municipales, alcanzando a la limpieza y mantenimiento de la ciudad, a las playas, los parques y jardines, a la apertura de las instalaciones deportivas y dependencias municipales o al normal funcionamiento de\u2026","rel":"","context":"En \u00abCiudad\u00bb","block_context":{"text":"Ciudad","link":"https:\/\/iumotril.org\/sitio\/category\/ciudad\/"},"img":{"alt_text":"","src":"https:\/\/i0.wp.com\/iumotril.org\/sitio\/wp-content\/uploads\/2022\/07\/Inma-RP-2-scaled.jpg?resize=350%2C200","width":350,"height":200,"srcset":"https:\/\/i0.wp.com\/iumotril.org\/sitio\/wp-content\/uploads\/2022\/07\/Inma-RP-2-scaled.jpg?resize=350%2C200 1x, https:\/\/i0.wp.com\/iumotril.org\/sitio\/wp-content\/uploads\/2022\/07\/Inma-RP-2-scaled.jpg?resize=525%2C300 1.5x, https:\/\/i0.wp.com\/iumotril.org\/sitio\/wp-content\/uploads\/2022\/07\/Inma-RP-2-scaled.jpg?resize=700%2C400 2x, https:\/\/i0.wp.com\/iumotril.org\/sitio\/wp-content\/uploads\/2022\/07\/Inma-RP-2-scaled.jpg?resize=1050%2C600 3x, https:\/\/i0.wp.com\/iumotril.org\/sitio\/wp-content\/uploads\/2022\/07\/Inma-RP-2-scaled.jpg?resize=1400%2C800 4x"},"classes":[]},{"id":8324,"url":"https:\/\/iumotril.org\/sitio\/iu-equo-reclama-un-refuerzo-de-la-plantilla-municipal-para-garantizar-el-adecuado-funcionamiento-de-las-instalaciones-municipales\/","url_meta":{"origin":7738,"position":3},"title":"IU-EQUO reclama un refuerzo de la plantilla municipal para garantizar el adecuado funcionamiento de las instalaciones municipales","author":"Izquierda Unida Motril","date":"27 julio, 2022","format":false,"excerpt":"Museos, instalaciones deportivas y bibliotecas, adem\u00e1s de centros educativos, son las instalaciones que se est\u00e1n viendo afectadas en los \u00faltimos meses por estas circunstancias: la falta de personal que abra y cierre las instalaciones y preste la atenci\u00f3n necesaria a su funcionamiento. Esta situaci\u00f3n y la falta de respuesta del\u2026","rel":"","context":"En \u00abAyuntamiento\u00bb","block_context":{"text":"Ayuntamiento","link":"https:\/\/iumotril.org\/sitio\/category\/ayuntamiento\/"},"img":{"alt_text":"","src":"https:\/\/i0.wp.com\/iumotril.org\/sitio\/wp-content\/uploads\/2022\/07\/Inma-OK-27-julio-scaled.jpg?resize=350%2C200","width":350,"height":200,"srcset":"https:\/\/i0.wp.com\/iumotril.org\/sitio\/wp-content\/uploads\/2022\/07\/Inma-OK-27-julio-scaled.jpg?resize=350%2C200 1x, https:\/\/i0.wp.com\/iumotril.org\/sitio\/wp-content\/uploads\/2022\/07\/Inma-OK-27-julio-scaled.jpg?resize=525%2C300 1.5x, https:\/\/i0.wp.com\/iumotril.org\/sitio\/wp-content\/uploads\/2022\/07\/Inma-OK-27-julio-scaled.jpg?resize=700%2C400 2x, https:\/\/i0.wp.com\/iumotril.org\/sitio\/wp-content\/uploads\/2022\/07\/Inma-OK-27-julio-scaled.jpg?resize=1050%2C600 3x, https:\/\/i0.wp.com\/iumotril.org\/sitio\/wp-content\/uploads\/2022\/07\/Inma-OK-27-julio-scaled.jpg?resize=1400%2C800 4x"},"classes":[]},{"id":10426,"url":"https:\/\/iumotril.org\/sitio\/iu-verdes-equo-critica-la-gestion-del-gobierno-local-de-garcia-chamorro-reduciendo-a-minimos-los-servicios-publicos-municipales\/","url_meta":{"origin":7738,"position":4},"title":"IU Verdes Equo critica la gesti\u00f3n del gobierno local de Garc\u00eda Chamorro que est\u00e1 reduciendo a m\u00ednimos los servicios p\u00fablicos municipales","author":"Izquierda Unida Motril","date":"24 febrero, 2025","format":false,"excerpt":"En los \u00faltimos cinco a\u00f1os se ha producido en la ciudad una situaci\u00f3n de falta de servicios e instalaciones, de cierre de museos, de reducci\u00f3n de horarios en las bibliotecas, de cierres de ludotecas, de instalaciones deportivas, de dependencias municipales, de reducci\u00f3n del n\u00famero de escuelas deportivas municipales, y un\u2026","rel":"","context":"En \u00abAyuntamiento\u00bb","block_context":{"text":"Ayuntamiento","link":"https:\/\/iumotril.org\/sitio\/category\/ayuntamiento\/"},"img":{"alt_text":"","src":"https:\/\/i0.wp.com\/iumotril.org\/sitio\/wp-content\/uploads\/2025\/02\/Evolucion-economica-de-Motril-2048x1365-1.jpeg?resize=350%2C200&ssl=1","width":350,"height":200,"srcset":"https:\/\/i0.wp.com\/iumotril.org\/sitio\/wp-content\/uploads\/2025\/02\/Evolucion-economica-de-Motril-2048x1365-1.jpeg?resize=350%2C200&ssl=1 1x, https:\/\/i0.wp.com\/iumotril.org\/sitio\/wp-content\/uploads\/2025\/02\/Evolucion-economica-de-Motril-2048x1365-1.jpeg?resize=525%2C300&ssl=1 1.5x, https:\/\/i0.wp.com\/iumotril.org\/sitio\/wp-content\/uploads\/2025\/02\/Evolucion-economica-de-Motril-2048x1365-1.jpeg?resize=700%2C400&ssl=1 2x, https:\/\/i0.wp.com\/iumotril.org\/sitio\/wp-content\/uploads\/2025\/02\/Evolucion-economica-de-Motril-2048x1365-1.jpeg?resize=1050%2C600&ssl=1 3x, https:\/\/i0.wp.com\/iumotril.org\/sitio\/wp-content\/uploads\/2025\/02\/Evolucion-economica-de-Motril-2048x1365-1.jpeg?resize=1400%2C800&ssl=1 4x"},"classes":[]},{"id":10962,"url":"https:\/\/iumotril.org\/sitio\/iu-equo-denuncia-la-falta-de-conserjes-en-los-colegios-y-el-abandono-de-los-centros-educativos\/","url_meta":{"origin":7738,"position":5},"title":"IU-Equo denuncia la falta de conserjes en los colegios y el abandono de los centros educativos","author":"Izquierda Unida Motril","date":"16 febrero, 2026","format":false,"excerpt":"\u2022 Todos los colegios p\u00fablicos de Motril llevan a\u00f1os con importantes problemas de mantenimiento que afectan al funcionamiento diario. \u2022 El gobierno del PP demostr\u00f3 cu\u00e1l era su apuesta firme por el mantenimiento de los centros educativos, la cifr\u00f3 en 500 euros en un presupuesto de 69 millones de euros.","rel":"","context":"En \u00abAyuntamiento\u00bb","block_context":{"text":"Ayuntamiento","link":"https:\/\/iumotril.org\/sitio\/category\/ayuntamiento\/"},"img":{"alt_text":"","src":"https:\/\/i0.wp.com\/iumotril.org\/sitio\/wp-content\/uploads\/2025\/04\/Ana-e-Inma-scaled-e1771241465260.jpeg?resize=350%2C200&ssl=1","width":350,"height":200,"srcset":"https:\/\/i0.wp.com\/iumotril.org\/sitio\/wp-content\/uploads\/2025\/04\/Ana-e-Inma-scaled-e1771241465260.jpeg?resize=350%2C200&ssl=1 1x, https:\/\/i0.wp.com\/iumotril.org\/sitio\/wp-content\/uploads\/2025\/04\/Ana-e-Inma-scaled-e1771241465260.jpeg?resize=525%2C300&ssl=1 1.5x, https:\/\/i0.wp.com\/iumotril.org\/sitio\/wp-content\/uploads\/2025\/04\/Ana-e-Inma-scaled-e1771241465260.jpeg?resize=700%2C400&ssl=1 2x, https:\/\/i0.wp.com\/iumotril.org\/sitio\/wp-content\/uploads\/2025\/04\/Ana-e-Inma-scaled-e1771241465260.jpeg?resize=1050%2C600&ssl=1 3x, https:\/\/i0.wp.com\/iumotril.org\/sitio\/wp-content\/uploads\/2025\/04\/Ana-e-Inma-scaled-e1771241465260.jpeg?resize=1400%2C800&ssl=1 4x"},"classes":[]}],"jetpack_likes_enabled":true,"_links":{"self":[{"href":"https:\/\/iumotril.org\/sitio\/wp-json\/wp\/v2\/posts\/7738","targetHints":{"allow":["GET"]}}],"collection":[{"href":"https:\/\/iumotril.org\/sitio\/wp-json\/wp\/v2\/posts"}],"about":[{"href":"https:\/\/iumotril.org\/sitio\/wp-json\/wp\/v2\/types\/post"}],"author":[{"embeddable":true,"href":"https:\/\/iumotril.org\/sitio\/wp-json\/wp\/v2\/users\/1"}],"replies":[{"embeddable":true,"href":"https:\/\/iumotril.org\/sitio\/wp-json\/wp\/v2\/comments?post=7738"}],"version-history":[{"count":6,"href":"https:\/\/iumotril.org\/sitio\/wp-json\/wp\/v2\/posts\/7738\/revisions"}],"predecessor-version":[{"id":7761,"href":"https:\/\/iumotril.org\/sitio\/wp-json\/wp\/v2\/posts\/7738\/revisions\/7761"}],"wp:attachment":[{"href":"https:\/\/iumotril.org\/sitio\/wp-json\/wp\/v2\/media?parent=7738"}],"wp:term":[{"taxonomy":"category","embeddable":true,"href":"https:\/\/iumotril.org\/sitio\/wp-json\/wp\/v2\/categories?post=7738"},{"taxonomy":"post_tag","embeddable":true,"href":"https:\/\/iumotril.org\/sitio\/wp-json\/wp\/v2\/tags?post=7738"}],"curies":[{"name":"wp","href":"https:\/\/api.w.org\/{rel}","templated":true}]}}