{"id":7730,"date":"2021-10-08T12:55:24","date_gmt":"2021-10-08T10:55:24","guid":{"rendered":"http:\/\/iumotril.org\/sitio\/?p=7730"},"modified":"2021-10-08T12:55:24","modified_gmt":"2021-10-08T10:55:24","slug":"iu-equo-denuncia-ante-la-fiscalia-el-pago-de-obligaciones-judiciales-de-la-alcaldesa-de-motril-con-dinero-publico","status":"publish","type":"post","link":"https:\/\/iumotril.org\/sitio\/iu-equo-denuncia-ante-la-fiscalia-el-pago-de-obligaciones-judiciales-de-la-alcaldesa-de-motril-con-dinero-publico\/","title":{"rendered":"IU-Equo denuncia ante la Fiscal\u00eda el pago de obligaciones judiciales de la alcaldesa de Motril con dinero p\u00fablico"},"content":{"rendered":"<p style=\"text-align: justify;\"><span style=\"color: #993300;\">Ha dado traslado a la Fiscal\u00eda de Granada la documentaci\u00f3n en la que se informa detalladamente del pago con fondos p\u00fablicos de la multa de 4.000 euros impuesta por una sentencia cuando era vicepresidenta de la Diputaci\u00f3n Provincial de Granada.<\/span><\/p>\r\n<p style=\"text-align: justify;\"><span style=\"color: #993300;\">Pide a la Fiscal\u00eda que investigue las posibles responsabilidades en las que pudieran haber incurrido la alcaldesa de Motril o los miembros de su equipo pol\u00edtico.<\/span><\/p>\r\n<p style=\"text-align: justify;\">Representantes de IU-Equo han presentado esta ma\u00f1ana en el Registro de la <strong>Fiscal\u00eda Provincial de Granada<\/strong> un escrito a trav\u00e9s del que han dado traslado de diversa documentaci\u00f3n recibida por su Grupo Municipal en el que se da cuenta de unos hechos de los que ser\u00eda responsable la alcaldesa de Motril, <strong>Luisa Garc\u00eda Chamorro.<\/strong><\/p>\r\n<figure id=\"attachment_7746\" aria-describedby=\"caption-attachment-7746\" style=\"width: 640px\" class=\"wp-caption aligncenter\"><img loading=\"lazy\" decoding=\"async\" data-attachment-id=\"7746\" data-permalink=\"https:\/\/iumotril.org\/sitio\/iu-equo-denuncia-ante-la-fiscalia-el-pago-de-obligaciones-judiciales-de-la-alcaldesa-de-motril-con-dinero-publico\/fiscalia-2\/\" data-orig-file=\"https:\/\/iumotril.org\/sitio\/wp-content\/uploads\/2021\/10\/Fiscalia-2.jpg\" data-orig-size=\"1500,1000\" data-comments-opened=\"1\" data-image-meta=\"{&quot;aperture&quot;:&quot;0&quot;,&quot;credit&quot;:&quot;&quot;,&quot;camera&quot;:&quot;&quot;,&quot;caption&quot;:&quot;&quot;,&quot;created_timestamp&quot;:&quot;0&quot;,&quot;copyright&quot;:&quot;&quot;,&quot;focal_length&quot;:&quot;0&quot;,&quot;iso&quot;:&quot;0&quot;,&quot;shutter_speed&quot;:&quot;0&quot;,&quot;title&quot;:&quot;&quot;,&quot;orientation&quot;:&quot;0&quot;}\" data-image-title=\"Fiscalia 2\" data-image-description=\"\" data-image-caption=\"\" data-large-file=\"https:\/\/iumotril.org\/sitio\/wp-content\/uploads\/2021\/10\/Fiscalia-2-1024x683.jpg\" class=\"wp-image-7746 size-large\" src=\"https:\/\/iumotril.org\/sitio\/wp-content\/uploads\/2021\/10\/Fiscalia-2-1024x683.jpg\" alt=\"\" width=\"640\" height=\"427\" srcset=\"https:\/\/iumotril.org\/sitio\/wp-content\/uploads\/2021\/10\/Fiscalia-2-1024x683.jpg 1024w, https:\/\/iumotril.org\/sitio\/wp-content\/uploads\/2021\/10\/Fiscalia-2-300x200.jpg 300w, https:\/\/iumotril.org\/sitio\/wp-content\/uploads\/2021\/10\/Fiscalia-2-768x512.jpg 768w, https:\/\/iumotril.org\/sitio\/wp-content\/uploads\/2021\/10\/Fiscalia-2.jpg 1500w\" sizes=\"auto, (max-width: 640px) 100vw, 640px\" \/><figcaption id=\"caption-attachment-7746\" class=\"wp-caption-text\">Jose Garc\u00eda Llorente, portavoz de IU-Equo<\/figcaption><\/figure>\r\n<p style=\"text-align: justify;\">Conforme a la documentaci\u00f3n recibida por IU-Equo, la alcaldesa de Motril habr\u00eda abonado con <strong>fondos p\u00fablicos<\/strong>, del Grupo municipal del Partido Popular de Motril, el pago de <strong>obligaciones jur\u00eddicas particulares<\/strong> como consecuencia de una <a href=\"https:\/\/iumotril.org\/sitio\/wp-content\/uploads\/2021\/10\/SENTENCIA-AUDIENCIA.pdf\"><strong>sentencia<\/strong><\/a> por actuaciones que se produjeron cuando Garc\u00eda Chamorro era <strong>vicepresidenta de la Diputaci\u00f3n<\/strong> Provincial de Granada.<\/p>\r\n<p style=\"text-align: justify;\">El portavoz de IU-Equo, Jose Garc\u00eda Llorente, ha manifestado que su formaci\u00f3n est\u00e1 haciendo lo que le corresponde, que es trasladar a la Fiscal\u00eda unos hechos que podr\u00edan ser constitutivos de delito, que se han puesto en su conocimiento. \u201cEstamos cumpliendo con nuestra obligaci\u00f3n\u201d &#8211;ha se\u00f1alado&#8211;, pero tambi\u00e9n defendiendo una manera de hacer pol\u00edtica conforme a la legalidad y el respeto a la m\u00e1xima transparencia en la utilizaci\u00f3n de los recursos p\u00fablicos.<\/p>\r\n<p style=\"text-align: justify;\">Garc\u00eda Llorente ha declarado que conf\u00eda en que la Fiscal\u00eda \u201cconsidere oportuna\u201d la investigaci\u00f3n de estos hechos por la gravedad que tienen, en su opini\u00f3n, y por la \u201cinquietud\u201d que este tipo de actuaciones provoca en la ciudadan\u00eda.<\/p>\r\n<p style=\"text-align: justify;\">IU-Equo, tras tener conocimiento de estos hechos, ha exigido la <strong>dimisi\u00f3n de la alcaldesa<\/strong> de Motril y la <strong>devoluci\u00f3n de las cantidades<\/strong> indebidamente utilizadas. Entiende que Garc\u00eda Chamorro no puede permanecer al frente de la alcald\u00eda de Motril por los \u201cgraves perjuicios\u201d que est\u00e1 ocasionando a la ciudad por su<strong> conducta \u201cnada ejemplar para una servidora p\u00fablica\u201d<\/strong><\/p>\r\n","protected":false},"excerpt":{"rendered":"<p>Conforme a la documentaci\u00f3n recibida por IU-Equo, la alcaldesa de Motril habr\u00eda abonado con fondos p\u00fablicos, del Grupo municipal del Partido Popular de Motril, el pago de obligaciones jur\u00eddicas particulares como consecuencia de una sentencia por actuaciones que se produjeron cuando Garc\u00eda Chamorro era vicepresidenta de la Diputaci\u00f3n Provincial de Granada.<br \/>\nInma Omiste ha declarado que conf\u00eda en que la Fiscal\u00eda \u201cconsidere oportuna\u201d la investigaci\u00f3n de estos hechos por la gravedad que tienen, en su opini\u00f3n, y por la \u201cinquietud\u201d que este tipo de actuaciones provoca en la ciudadan\u00eda.<\/p>\n<p>IU-Equo, tras tener conocimiento de estos hechos, ha exigido la dimisi\u00f3n de la alcaldesa de Motril y la devoluci\u00f3n de las cantidades indebidamente utilizadas. Entiende que no puede permanecer al frente de la alcald\u00eda de Motril por los \u201cgraves perjuicios\u201d que est\u00e1 ocasionando a la ciudad con una conducta \u201cnada ejemplar para una servidora p\u00fablica\u201d<\/p>\n","protected":false},"author":1,"featured_media":0,"comment_status":"open","ping_status":"open","sticky":false,"template":"","format":"standard","meta":{"cybocfi_hide_featured_image":"","_jetpack_newsletter_access":"","_jetpack_dont_email_post_to_subs":false,"_jetpack_newsletter_tier_id":0,"_jetpack_memberships_contains_paywalled_content":false,"_jetpack_memberships_contains_paid_content":false,"footnotes":""},"categories":[7,265],"tags":[1699,715,1698,655,1697,357,105,1696],"class_list":["post-7730","post","type-post","status-publish","format-standard","hentry","category-ayuntamiento","category-esta-pasando","tag-calumnias","tag-dimision","tag-injurias","tag-luisa-garcia-chamorro","tag-malversacion","tag-partido-popular","tag-transparencia","tag-utilizaacion-fondos-publicos"],"jetpack_featured_media_url":"","jetpack_sharing_enabled":true,"jetpack_shortlink":"https:\/\/wp.me\/p4QsU5-20G","jetpack-related-posts":[{"id":9017,"url":"https:\/\/iumotril.org\/sitio\/iu-equo-reclama-a-luisa-g-chamorro-que-deje-la-alcaldia-por-respeto-y-consideracion-con-los-motrilenos-y-con-los-granadinos\/","url_meta":{"origin":7730,"position":0},"title":"IU-Equo  reclama a Luisa G. Chamorro que deje la alcald\u00eda por respeto y consideraci\u00f3n con los motrile\u00f1os y con los granadinos","author":"Izquierda Unida Motril","date":"6 abril, 2023","format":false,"excerpt":"Desde IU-Equo se consideran sumamente graves los hechos ahora desvelados tras conocerse un informe de la Intervenci\u00f3n de la Diputaci\u00f3n de Granada que acredita que la alcaldesa de Motril no solo cobr\u00f3 dinero p\u00fablico procedente del Consistorio que dirige para pagar una condena por injurias, sino que, tambi\u00e9n, percibi\u00f3 fondos\u2026","rel":"","context":"En \u00abdenuncia\u00bb","block_context":{"text":"denuncia","link":"https:\/\/iumotril.org\/sitio\/category\/denuncia\/"},"img":{"alt_text":"","src":"https:\/\/i0.wp.com\/iumotril.org\/sitio\/wp-content\/uploads\/2023\/04\/Luisa-y-Juanma.jpg?resize=350%2C200&ssl=1","width":350,"height":200,"srcset":"https:\/\/i0.wp.com\/iumotril.org\/sitio\/wp-content\/uploads\/2023\/04\/Luisa-y-Juanma.jpg?resize=350%2C200&ssl=1 1x, https:\/\/i0.wp.com\/iumotril.org\/sitio\/wp-content\/uploads\/2023\/04\/Luisa-y-Juanma.jpg?resize=525%2C300&ssl=1 1.5x, https:\/\/i0.wp.com\/iumotril.org\/sitio\/wp-content\/uploads\/2023\/04\/Luisa-y-Juanma.jpg?resize=700%2C400&ssl=1 2x, https:\/\/i0.wp.com\/iumotril.org\/sitio\/wp-content\/uploads\/2023\/04\/Luisa-y-Juanma.jpg?resize=1050%2C600&ssl=1 3x"},"classes":[]},{"id":7988,"url":"https:\/\/iumotril.org\/sitio\/iu-equo-exige-la-dimision-inmediata-de-la-alcaldesa-de-motril-al-apreciar-la-fiscalia-la-comision-de-un-delito-continuado-de-malversacion-de-caudales-publicos\/","url_meta":{"origin":7730,"position":1},"title":"IU-Equo exige la dimisi\u00f3n inmediata de la alcaldesa de Motril al apreciar la Fiscal\u00eda la comisi\u00f3n de un delito continuado de malversaci\u00f3n de caudales p\u00fablicos","author":"Izquierda Unida Motril","date":"15 febrero, 2022","format":false,"excerpt":"IU-Equo considera que Luisa Garc\u00eda Chamorro no puede continuar \u201cni un minuto m\u00e1s\u201d al frente de la alcald\u00eda de Motril tras se\u00f1alar la Fiscal\u00eda que indiciariamente \u201corden\u00f3 en su beneficio la realizaci\u00f3n de transferencias por valor total de 4.600 euros de la cuenta del Grupo municipal del PP de Motril\u2026","rel":"","context":"En \u00abAyuntamiento\u00bb","block_context":{"text":"Ayuntamiento","link":"https:\/\/iumotril.org\/sitio\/category\/ayuntamiento\/"},"img":{"alt_text":"","src":"https:\/\/i0.wp.com\/iumotril.org\/sitio\/wp-content\/uploads\/2022\/01\/IMG-4246-scaled.jpg?resize=350%2C200","width":350,"height":200,"srcset":"https:\/\/i0.wp.com\/iumotril.org\/sitio\/wp-content\/uploads\/2022\/01\/IMG-4246-scaled.jpg?resize=350%2C200 1x, https:\/\/i0.wp.com\/iumotril.org\/sitio\/wp-content\/uploads\/2022\/01\/IMG-4246-scaled.jpg?resize=525%2C300 1.5x, https:\/\/i0.wp.com\/iumotril.org\/sitio\/wp-content\/uploads\/2022\/01\/IMG-4246-scaled.jpg?resize=700%2C400 2x, https:\/\/i0.wp.com\/iumotril.org\/sitio\/wp-content\/uploads\/2022\/01\/IMG-4246-scaled.jpg?resize=1050%2C600 3x, https:\/\/i0.wp.com\/iumotril.org\/sitio\/wp-content\/uploads\/2022\/01\/IMG-4246-scaled.jpg?resize=1400%2C800 4x"},"classes":[]},{"id":7772,"url":"https:\/\/iumotril.org\/sitio\/iu-equo-pide-a-la-alcaldesa-que-asuma-sus-responsabilidades-politicas-por-respeto-a-la-ciudad-y-a-los-motrilenos\/","url_meta":{"origin":7730,"position":2},"title":"IU-Equo pide a la alcaldesa que asuma sus responsabilidades pol\u00edticas por respeto a la ciudad y a los motrile\u00f1os","author":"Izquierda Unida Motril","date":"20 octubre, 2021","format":false,"excerpt":"Desde el Grupo Municipal de IU-Equo se pone en duda que la alcaldesa de Motril haya actuado de buena fe y con transparencia en todo este asunto, teniendo en cuenta que ha retenido durante seis d\u00edas el Informe de la Intervenci\u00f3n municipal que deja fuera de cualquier duda que el\u2026","rel":"","context":"En \u00abAyuntamiento\u00bb","block_context":{"text":"Ayuntamiento","link":"https:\/\/iumotril.org\/sitio\/category\/ayuntamiento\/"},"img":{"alt_text":"","src":"https:\/\/i0.wp.com\/iumotril.org\/sitio\/wp-content\/uploads\/2021\/10\/PHOTO-2021-10-20-12-23-02-300x254.jpg?resize=350%2C200","width":350,"height":200},"classes":[]},{"id":7998,"url":"https:\/\/iumotril.org\/sitio\/la-negativa-a-dimitir-de-garcia-chamorro-es-un-desprecio-a-las-instituciones-y-a-la-honestidad-exigible-a-los-responsables-publicos\/","url_meta":{"origin":7730,"position":3},"title":"La negativa a dimitir de Garc\u00eda Chamorro es un desprecio a las instituciones y a la honestidad exigible a los responsables p\u00fablicos","author":"Izquierda Unida Motril","date":"17 febrero, 2022","format":false,"excerpt":"La permanencia de Garc\u00eda Chamorro al frente de la alcald\u00eda de Motril traslada un indeseable mensaje a los vecinos y a las vecinas de Motril de que \u201ctodo vale\u201d, aunque se haya actuado en beneficio particular. Se contribuye de este modo al descr\u00e9dito de la actividad pol\u00edtica y a la\u2026","rel":"","context":"En \u00abAyuntamiento\u00bb","block_context":{"text":"Ayuntamiento","link":"https:\/\/iumotril.org\/sitio\/category\/ayuntamiento\/"},"img":{"alt_text":"","src":"https:\/\/i0.wp.com\/iumotril.org\/sitio\/wp-content\/uploads\/2022\/02\/916cedc7-c759-4adf-8f6d-4c7ed66380b4.jpg?resize=350%2C200","width":350,"height":200,"srcset":"https:\/\/i0.wp.com\/iumotril.org\/sitio\/wp-content\/uploads\/2022\/02\/916cedc7-c759-4adf-8f6d-4c7ed66380b4.jpg?resize=350%2C200 1x, https:\/\/i0.wp.com\/iumotril.org\/sitio\/wp-content\/uploads\/2022\/02\/916cedc7-c759-4adf-8f6d-4c7ed66380b4.jpg?resize=525%2C300 1.5x, https:\/\/i0.wp.com\/iumotril.org\/sitio\/wp-content\/uploads\/2022\/02\/916cedc7-c759-4adf-8f6d-4c7ed66380b4.jpg?resize=700%2C400 2x"},"classes":[]},{"id":7078,"url":"https:\/\/iumotril.org\/sitio\/iu-equo-critica-que-la-fiscalia-provincial-rechace-su-denuncia-contra-la-decision-del-ayuntamiento-de-motril-de-mantener-la-medalla-oro-de-la-ciudad-a-franco\/","url_meta":{"origin":7730,"position":4},"title":"IU-EQUO critica que la Fiscal\u00eda Provincial rechace su denuncia contra la decisi\u00f3n del Ayuntamiento de Motril de mantener la medalla oro de la ciudad a Franco","author":"Izquierda Unida Motril","date":"21 enero, 2021","format":false,"excerpt":"se trata de una interpretaci\u00f3n contraria a la Ley 52\/2007, que en su art\u00edculo 15.1 establece que \u201cLas Administraciones P\u00fablicas tomar\u00e1n las medidas oportunas para la retirada de escudos, insignias, placas y otros objetos o menciones conmemorativas de exaltaci\u00f3n personal o colectiva de la sublevaci\u00f3n militar, de la guerra civil\u2026","rel":"","context":"En \u00abdenuncia\u00bb","block_context":{"text":"denuncia","link":"https:\/\/iumotril.org\/sitio\/category\/denuncia\/"},"img":{"alt_text":"","src":"https:\/\/i0.wp.com\/iumotril.org\/sitio\/wp-content\/uploads\/2021\/01\/franco-hitler-490x578-1.jpg?resize=350%2C200","width":350,"height":200},"classes":[]},{"id":2568,"url":"https:\/\/iumotril.org\/sitio\/la-fiscalia-investigara-el-pago-de-gratificaciones-por-el-gobierno-del-pp-en-el-ayuntamiento-de-motril\/","url_meta":{"origin":7730,"position":5},"title":"La Fiscal\u00eda investigar\u00e1 el pago de gratificaciones por el gobierno del PP en el Ayuntamiento de Motril","author":"Izquierda Unida Motril","date":"6 diciembre, 2016","format":false,"excerpt":"Los hechos denunciados podr\u00edan ser constitutivos de prevaricaci\u00f3n o usurpaci\u00f3n de funciones p\u00fablicas, entre otros delitos cometidos por el anterior concejal de Econom\u00eda y Hacienda y por la entonces Alcaldesa, Luisa Mar\u00eda Garc\u00eda Chamorro.","rel":"","context":"En \u00abEST\u00c1 PASANDO\u00bb","block_context":{"text":"EST\u00c1 PASANDO","link":"https:\/\/iumotril.org\/sitio\/category\/esta-pasando\/"},"img":{"alt_text":"flor-y-luisa","src":"https:\/\/i0.wp.com\/iumotril.org\/sitio\/wp-content\/uploads\/2016\/12\/Flor-y-Luisa-300x200.jpg?resize=350%2C200","width":350,"height":200},"classes":[]}],"jetpack_likes_enabled":true,"_links":{"self":[{"href":"https:\/\/iumotril.org\/sitio\/wp-json\/wp\/v2\/posts\/7730","targetHints":{"allow":["GET"]}}],"collection":[{"href":"https:\/\/iumotril.org\/sitio\/wp-json\/wp\/v2\/posts"}],"about":[{"href":"https:\/\/iumotril.org\/sitio\/wp-json\/wp\/v2\/types\/post"}],"author":[{"embeddable":true,"href":"https:\/\/iumotril.org\/sitio\/wp-json\/wp\/v2\/users\/1"}],"replies":[{"embeddable":true,"href":"https:\/\/iumotril.org\/sitio\/wp-json\/wp\/v2\/comments?post=7730"}],"version-history":[{"count":7,"href":"https:\/\/iumotril.org\/sitio\/wp-json\/wp\/v2\/posts\/7730\/revisions"}],"predecessor-version":[{"id":7749,"href":"https:\/\/iumotril.org\/sitio\/wp-json\/wp\/v2\/posts\/7730\/revisions\/7749"}],"wp:attachment":[{"href":"https:\/\/iumotril.org\/sitio\/wp-json\/wp\/v2\/media?parent=7730"}],"wp:term":[{"taxonomy":"category","embeddable":true,"href":"https:\/\/iumotril.org\/sitio\/wp-json\/wp\/v2\/categories?post=7730"},{"taxonomy":"post_tag","embeddable":true,"href":"https:\/\/iumotril.org\/sitio\/wp-json\/wp\/v2\/tags?post=7730"}],"curies":[{"name":"wp","href":"https:\/\/api.w.org\/{rel}","templated":true}]}}