{"id":7715,"date":"2021-10-06T12:02:10","date_gmt":"2021-10-06T10:02:10","guid":{"rendered":"http:\/\/iumotril.org\/sitio\/?p=7715"},"modified":"2021-10-06T12:14:49","modified_gmt":"2021-10-06T10:14:49","slug":"iu-equo-denuncia-el-abandono-de-las-bibliotecas-municipales-por-parte-del-gobierno-local","status":"publish","type":"post","link":"https:\/\/iumotril.org\/sitio\/iu-equo-denuncia-el-abandono-de-las-bibliotecas-municipales-por-parte-del-gobierno-local\/","title":{"rendered":"IU-Equo denuncia el abandono de las bibliotecas municipales por parte del gobierno local"},"content":{"rendered":"<p style=\"text-align: justify;\"><span style=\"color: #993300;\">La falta de personal est\u00e1 teniendo como consecuencia, adem\u00e1s del deterioro del servicio que afecta al normal funcionamiento de todas las bibliotecas, el cierre por las tardes de la biblioteca de El Varadero, con el consiguiente perjuicio para los usuarios del barrio.<\/span><\/p>\r\n<p style=\"text-align: justify;\"><span style=\"color: #993300;\">Reclama que la gesti\u00f3n de las bibliotecas pase al \u00c1rea de Cultura municipal, que es el espacio natural de dicho servicio p\u00fablico, liberando de ese modo a Educaci\u00f3n de un cometido que no le es propio.<\/span><\/p>\r\n<p style=\"text-align: justify;\">La <strong>gesti\u00f3n del Partido Popular y de Ciudadanos<\/strong> en el Ayuntamiento de Motril est\u00e1 siendo devastadora con los servicios p\u00fablicos municipales en su conjunto, sostienen desde el Grupo Municipal de IU-Equo.<\/p>\r\n<p style=\"text-align: justify;\">El <strong>deficiente servicio a la ciudad y la ciudadan\u00eda<\/strong> que se est\u00e1 prestando desde las diferentes \u00c1reas municipales se ha extendido tambi\u00e9n a las bibliotecas municipales, asegura Jose Garc\u00eda Llorente, edil de la formaci\u00f3n.<\/p>\r\n<p style=\"text-align: justify;\">La falta de personal municipal en las diferentes bibliotecas, el desinter\u00e9s del equipo de gobierno por la cultura de base y la ineficiente gesti\u00f3n por parte del \u00c1rea de Educaci\u00f3n est\u00e1n condenando a las bibliotecas municipales a una<strong> situaci\u00f3n de abandono<\/strong> que \u201cno se merece una ciudad como Motril\u201d, la capital de la Costa Tropical, como tanto gustan destacar desde el gobierno de la se\u00f1ora Chamorro.<\/p>\r\n<figure id=\"attachment_7723\" aria-describedby=\"caption-attachment-7723\" style=\"width: 361px\" class=\"wp-caption alignleft\"><img loading=\"lazy\" decoding=\"async\" data-attachment-id=\"7723\" data-permalink=\"https:\/\/iumotril.org\/sitio\/iu-equo-denuncia-el-abandono-de-las-bibliotecas-municipales-por-parte-del-gobierno-local\/jose-biblioteca-varadero-6-octubre\/\" data-orig-file=\"https:\/\/iumotril.org\/sitio\/wp-content\/uploads\/2021\/10\/Jose-Biblioteca-Varadero-6-octubre.jpg\" data-orig-size=\"1411,1496\" data-comments-opened=\"1\" data-image-meta=\"{&quot;aperture&quot;:&quot;0&quot;,&quot;credit&quot;:&quot;&quot;,&quot;camera&quot;:&quot;&quot;,&quot;caption&quot;:&quot;&quot;,&quot;created_timestamp&quot;:&quot;0&quot;,&quot;copyright&quot;:&quot;&quot;,&quot;focal_length&quot;:&quot;0&quot;,&quot;iso&quot;:&quot;0&quot;,&quot;shutter_speed&quot;:&quot;0&quot;,&quot;title&quot;:&quot;&quot;,&quot;orientation&quot;:&quot;0&quot;}\" data-image-title=\"Jose Biblioteca Varadero 6 octubre\" data-image-description=\"\" data-image-caption=\"&lt;p&gt;Jose Garc\u00eda Llorente, concejal de IU-Equo&lt;\/p&gt;\n\" data-large-file=\"https:\/\/iumotril.org\/sitio\/wp-content\/uploads\/2021\/10\/Jose-Biblioteca-Varadero-6-octubre-966x1024.jpg\" class=\" wp-image-7723\" src=\"https:\/\/iumotril.org\/sitio\/wp-content\/uploads\/2021\/10\/Jose-Biblioteca-Varadero-6-octubre-176x176.jpg\" alt=\"\" width=\"361\" height=\"361\" \/><figcaption id=\"caption-attachment-7723\" class=\"wp-caption-text\">Jose Garc\u00eda Llorente, concejal de IU-Equo<\/figcaption><\/figure>\r\n<p style=\"text-align: justify;\">El portavoz de IU-Equo ha informado de que la gesti\u00f3n de Educaci\u00f3n ha provocado que la biblioteca de El Varadero tenga que <strong>cerrar sus instalaciones en el horario de tarde<\/strong> por falta de personal, con el consiguiente perjuicio para los usuarios del barrio, especialmente para los y las estudiantes a los que se priva, de este modo, de un espacio adecuado para realizar sus tareas y estudiar del que, en muchas ocasiones, carecen.<\/p>\r\n<p>En los \u00faltimos meses, se han producido diversas <strong>quejas de los usuarios<\/strong> por la situaci\u00f3n de las bibliotecas municipales. En particular, por la insuficiencia de la capacidad de las <strong>salas de lectura<\/strong>, por la falta de tomas de electricidad para cargar dispositivos electr\u00f3nicos, por los insuficientes puestos de consulta a trav\u00e9s de internet y la <strong>obsolescencia de los equipos<\/strong> inform\u00e1ticos. Los usuarios tambi\u00e9n han manifestado su descontento por la falta de <strong>flexibilidad de los horarios<\/strong> para adecuarse a las necesidades de los usuarios en \u00e9pocas de examen.<\/p>\r\n<p style=\"text-align: justify;\">Por eso, se puede hablar de \u201cabandono de las bibliotecas municipales\u201d &#8211;ha afirmado Jose Garc\u00eda Llorente&#8211;, porque el servicio se sostiene en el d\u00eda a d\u00eda gracias a la labor de los y las profesionales que las atienden y no porque el Ayuntamiento de Motril haga ning\u00fan esfuerzo para ello.<\/p>\r\n<p style=\"text-align: justify;\">En este sentido ha se\u00f1alado que, a pesar del escaso presupuesto municipal para la adquisici\u00f3n de libros y revistas, que en 2021 asciende a 4.000 euros, en el mes de septiembre a\u00fan no se hab\u00eda gastado un solo euro. Es decir,<strong> el Ayuntamiento no ha adquirido en los nueve meses del ejercicio presupuestario ni un solo libro<\/strong> para incorporar a los fondos bibliogr\u00e1ficos de las bibliotecas de Motril.<\/p>\r\n<p style=\"text-align: justify;\">El edil de IU-Equo tambi\u00e9n se ha hecho eco de quejas de los usuarios y usuarias de las diferentes bibliotecas que denuncian la falta de ejemplares de prensa diaria para su consulta en el servicio de hemeroteca.<\/p>\r\n<p style=\"text-align: justify;\">Seg\u00fan ha se\u00f1alado, toda esta situaci\u00f3n pone de manifiesto la indiferencia y la falta de apoyo de la alcaldesa y de su equipo de gobierno al <strong>fomento de la lectura y a la cultura<\/strong> de base, en los barrios, que es la m\u00e1s cercana a los vecinos y vecinas.<\/p>\r\n<p style=\"text-align: justify;\">Con la multitud de im\u00e1genes y fotograf\u00edas de la alcaldesa en todas las situaciones posibles \u00bfpor qu\u00e9 no hay ninguna de Luisa y de la concejala en alguna biblioteca de Motril en sus m\u00e1s de dos a\u00f1os de mandato? Se ha preguntado.<\/p>\r\n<p style=\"text-align: justify;\">El gobierno de la se\u00f1ora Garc\u00eda Chamorro est\u00e1 haciendo una clara apuesta por la cultura entendida como <strong>propaganda partidista<\/strong> y expresi\u00f3n del <strong>elitismo<\/strong>, promoviendo actividades dirigidas, fundamentalmente, a ser el decorado a las sesiones fotogr\u00e1ficas de la alcaldesa de Motril y sus acompa\u00f1antes y a producir titulares para los medios de comunicaci\u00f3n.<\/p>\r\n<p style=\"text-align: justify;\">El portavoz de IU-Equo ha reiterado que su Grupo entiende que, desde el Ayuntamiento, debe prestarse m\u00e1s <strong>atenci\u00f3n a la cultura alejada de los focos y de los grandes nombres<\/strong>, y realizar una apuesta cultural que tenga un espacio para su desarrollo <strong>en los barrios<\/strong> que contribuya de este modo al desarrollo y la formaci\u00f3n de la ciudadan\u00eda. En definitiva \u00abm\u00e1s actividades culturales en los barrios y menos espect\u00e1culos elitistas\u00bb &#8211;ha concluido-.<\/p>\r\n<p style=\"text-align: justify;\">\u00a0<\/p>\r\n","protected":false},"excerpt":{"rendered":"<p>La falta de personal municipal en las diferentes bibliotecas, el desinter\u00e9s del equipo de gobierno por la cultura de base y la ineficiente gesti\u00f3n por parte del \u00c1rea de Educaci\u00f3n est\u00e1n condenando a las bibliotecas municipales a una situaci\u00f3n de abandono que \u201cno se merece una ciudad como Motril\u201d.<br \/>\nEl deficiente servicio a la ciudad y la ciudadan\u00eda que se est\u00e1 prestando desde las diferentes \u00c1reas municipales se ha extendido tambi\u00e9n a las bibliotecas municipales, asegura su portavoz, Inma Omiste.<\/p>\n<p>En los \u00faltimos meses, se han producido diversas quejas de los usuarios por la situaci\u00f3n de las bibliotecas municipales. En particular, por la insuficiencia de la capacidad de las salas de lectura, por la falta de tomas de electricidad para cargar dispositivos electr\u00f3nicos, por los insuficientes puestos de consulta a trav\u00e9s de internet y la obsolescencia de los equipos inform\u00e1ticos. Los usuarios tambi\u00e9n han manifestado su descontento por la falta de flexibilidad de los horarios para adecuarse a las necesidades de los usuarios en \u00e9pocas de examen.<\/p>\n","protected":false},"author":1,"featured_media":0,"comment_status":"open","ping_status":"open","sticky":false,"template":"","format":"standard","meta":{"cybocfi_hide_featured_image":"","_jetpack_newsletter_access":"","_jetpack_dont_email_post_to_subs":false,"_jetpack_newsletter_tier_id":0,"_jetpack_memberships_contains_paywalled_content":false,"_jetpack_memberships_contains_paid_content":false,"footnotes":""},"categories":[265],"tags":[1694,433,1504,1693,119,928],"class_list":["post-7715","post","type-post","status-publish","format-standard","hentry","category-esta-pasando","tag-biblioteca-el-varadero","tag-bibliotecas","tag-ciudadanos","tag-politica-cultural","tag-pp","tag-servicios-municipales"],"jetpack_featured_media_url":"","jetpack_sharing_enabled":true,"jetpack_shortlink":"https:\/\/wp.me\/p4QsU5-20r","jetpack-related-posts":[{"id":7872,"url":"https:\/\/iumotril.org\/sitio\/iu-equo-reclama-actuaciones-urgentes-de-mejora-en-las-bibliotecas-municipales\/","url_meta":{"origin":7715,"position":0},"title":"IU-Equo reclama actuaciones urgentes de mejora en las bibliotecas municipales","author":"Izquierda Unida Motril","date":"1 diciembre, 2021","format":false,"excerpt":"La situaci\u00f3n de las bibliotecas municipales de Motril es \u201cmanifiestamente mejorable\u201d, sostiene la portavoz del Grupo Municipal de IU-Equo, Inma Omiste, ya que llevan tiempo sin recibir recursos para mantener un servicio que, en los \u00faltimos dos a\u00f1os, se ha deteriorado especialmente, por la \u201cmala labor\u201d del \u00c1rea de Educaci\u00f3n\u2026","rel":"","context":"En \u00abAyuntamiento\u00bb","block_context":{"text":"Ayuntamiento","link":"https:\/\/iumotril.org\/sitio\/category\/ayuntamiento\/"},"img":{"alt_text":"","src":"https:\/\/i0.wp.com\/iumotril.org\/sitio\/wp-content\/uploads\/2021\/06\/66cc9947-a813-4a6c-a625-f286e64d3752.jpg?resize=350%2C200","width":350,"height":200,"srcset":"https:\/\/i0.wp.com\/iumotril.org\/sitio\/wp-content\/uploads\/2021\/06\/66cc9947-a813-4a6c-a625-f286e64d3752.jpg?resize=350%2C200 1x, https:\/\/i0.wp.com\/iumotril.org\/sitio\/wp-content\/uploads\/2021\/06\/66cc9947-a813-4a6c-a625-f286e64d3752.jpg?resize=525%2C300 1.5x, https:\/\/i0.wp.com\/iumotril.org\/sitio\/wp-content\/uploads\/2021\/06\/66cc9947-a813-4a6c-a625-f286e64d3752.jpg?resize=700%2C400 2x, https:\/\/i0.wp.com\/iumotril.org\/sitio\/wp-content\/uploads\/2021\/06\/66cc9947-a813-4a6c-a625-f286e64d3752.jpg?resize=1050%2C600 3x, https:\/\/i0.wp.com\/iumotril.org\/sitio\/wp-content\/uploads\/2021\/06\/66cc9947-a813-4a6c-a625-f286e64d3752.jpg?resize=1400%2C800 4x"},"classes":[]},{"id":8211,"url":"https:\/\/iumotril.org\/sitio\/iu-equo-vuelve-a-reclamar-la-mejora-de-la-red-de-bibliotecas-municipales\/","url_meta":{"origin":7715,"position":1},"title":"IU-Equo vuelve a reclamar la mejora de la red de bibliotecas municipales","author":"Izquierda Unida Motril","date":"1 junio, 2022","format":false,"excerpt":"IU-Equo denuncia que, en los tres a\u00f1os de gobierno municipal del PP y Ciudadanos, con Luisa Garc\u00eda Chamorro al frente, este deterioro est\u00e1 resultando imparable por la falta de inversiones consignadas para las bibliotecas en el presupuesto municipal, que se ha mantenido en \u201ccantidades econ\u00f3micas rid\u00edculas\u201d para el mantenimiento, con\u2026","rel":"","context":"En \u00abEST\u00c1 PASANDO\u00bb","block_context":{"text":"EST\u00c1 PASANDO","link":"https:\/\/iumotril.org\/sitio\/category\/esta-pasando\/"},"img":{"alt_text":"","src":"https:\/\/i0.wp.com\/iumotril.org\/sitio\/wp-content\/uploads\/2022\/06\/Jose-Llorente-1-junio.jpg?resize=350%2C200","width":350,"height":200,"srcset":"https:\/\/i0.wp.com\/iumotril.org\/sitio\/wp-content\/uploads\/2022\/06\/Jose-Llorente-1-junio.jpg?resize=350%2C200 1x, https:\/\/i0.wp.com\/iumotril.org\/sitio\/wp-content\/uploads\/2022\/06\/Jose-Llorente-1-junio.jpg?resize=525%2C300 1.5x, https:\/\/i0.wp.com\/iumotril.org\/sitio\/wp-content\/uploads\/2022\/06\/Jose-Llorente-1-junio.jpg?resize=700%2C400 2x, https:\/\/i0.wp.com\/iumotril.org\/sitio\/wp-content\/uploads\/2022\/06\/Jose-Llorente-1-junio.jpg?resize=1050%2C600 3x, https:\/\/i0.wp.com\/iumotril.org\/sitio\/wp-content\/uploads\/2022\/06\/Jose-Llorente-1-junio.jpg?resize=1400%2C800 4x"},"classes":[]},{"id":7899,"url":"https:\/\/iumotril.org\/sitio\/iu-equo-propone-instalar-la-biblioteca-de-santa-adela-en-dependencias-del-centro-de-desarrollo-turistico\/","url_meta":{"origin":7715,"position":2},"title":"IU-Equo propone instalar la biblioteca de Santa Adela en dependencias del Centro de Desarrollo Tur\u00edstico","author":"Izquierda Unida Motril","date":"20 diciembre, 2021","format":false,"excerpt":"Para IU-Equo, en una barriada popular como Santa Adela, en la que viven fundamentalmente familias trabajadoras, es esencial contar con equipamientos p\u00fablicos adecuados que favorezcan la mejora de sus condiciones de vida, sobre todo en aquello que tiene que ver con la educaci\u00f3n y con la cultura, como herramientas en\u2026","rel":"","context":"En \u00abAyuntamiento\u00bb","block_context":{"text":"Ayuntamiento","link":"https:\/\/iumotril.org\/sitio\/category\/ayuntamiento\/"},"img":{"alt_text":"","src":"https:\/\/i0.wp.com\/iumotril.org\/sitio\/wp-content\/uploads\/2021\/12\/Inma-20-diciembre.jpg?resize=350%2C200","width":350,"height":200,"srcset":"https:\/\/i0.wp.com\/iumotril.org\/sitio\/wp-content\/uploads\/2021\/12\/Inma-20-diciembre.jpg?resize=350%2C200 1x, https:\/\/i0.wp.com\/iumotril.org\/sitio\/wp-content\/uploads\/2021\/12\/Inma-20-diciembre.jpg?resize=525%2C300 1.5x, https:\/\/i0.wp.com\/iumotril.org\/sitio\/wp-content\/uploads\/2021\/12\/Inma-20-diciembre.jpg?resize=700%2C400 2x, https:\/\/i0.wp.com\/iumotril.org\/sitio\/wp-content\/uploads\/2021\/12\/Inma-20-diciembre.jpg?resize=1050%2C600 3x, https:\/\/i0.wp.com\/iumotril.org\/sitio\/wp-content\/uploads\/2021\/12\/Inma-20-diciembre.jpg?resize=1400%2C800 4x"},"classes":[]},{"id":6670,"url":"https:\/\/iumotril.org\/sitio\/iu-equo-reclama-mas-recursos-y-medios-para-las-bibliotecas-municipales\/","url_meta":{"origin":7715,"position":3},"title":"IU-Equo reclama m\u00e1s recursos y medios para las bibliotecas municipales","author":"Izquierda Unida Motril","date":"16 septiembre, 2020","format":false,"excerpt":"La portavoz de IU ha denunciado que el progresivo recorte de recursos y servicios que se han venido aplicando a las bibliotecas municipales en Motril y el desinter\u00e9s y la desidia del gobierno local\u00a0est\u00e1n llev\u00e1ndolas a una muerte lenta y progresiva, por inanici\u00f3n, hurtando a la ciudad y a sus\u2026","rel":"","context":"En \u00abEST\u00c1 PASANDO\u00bb","block_context":{"text":"EST\u00c1 PASANDO","link":"https:\/\/iumotril.org\/sitio\/category\/esta-pasando\/"},"img":{"alt_text":"","src":"https:\/\/i0.wp.com\/iumotril.org\/sitio\/wp-content\/uploads\/2020\/09\/Inma-28-julio-768x1024.jpg?resize=350%2C200","width":350,"height":200,"srcset":"https:\/\/i0.wp.com\/iumotril.org\/sitio\/wp-content\/uploads\/2020\/09\/Inma-28-julio-768x1024.jpg?resize=350%2C200 1x, https:\/\/i0.wp.com\/iumotril.org\/sitio\/wp-content\/uploads\/2020\/09\/Inma-28-julio-768x1024.jpg?resize=525%2C300 1.5x"},"classes":[]},{"id":10426,"url":"https:\/\/iumotril.org\/sitio\/iu-verdes-equo-critica-la-gestion-del-gobierno-local-de-garcia-chamorro-reduciendo-a-minimos-los-servicios-publicos-municipales\/","url_meta":{"origin":7715,"position":4},"title":"IU Verdes Equo critica la gesti\u00f3n del gobierno local de Garc\u00eda Chamorro que est\u00e1 reduciendo a m\u00ednimos los servicios p\u00fablicos municipales","author":"Izquierda Unida Motril","date":"24 febrero, 2025","format":false,"excerpt":"En los \u00faltimos cinco a\u00f1os se ha producido en la ciudad una situaci\u00f3n de falta de servicios e instalaciones, de cierre de museos, de reducci\u00f3n de horarios en las bibliotecas, de cierres de ludotecas, de instalaciones deportivas, de dependencias municipales, de reducci\u00f3n del n\u00famero de escuelas deportivas municipales, y un\u2026","rel":"","context":"En \u00abAyuntamiento\u00bb","block_context":{"text":"Ayuntamiento","link":"https:\/\/iumotril.org\/sitio\/category\/ayuntamiento\/"},"img":{"alt_text":"","src":"https:\/\/i0.wp.com\/iumotril.org\/sitio\/wp-content\/uploads\/2025\/02\/Evolucion-economica-de-Motril-2048x1365-1.jpeg?resize=350%2C200&ssl=1","width":350,"height":200,"srcset":"https:\/\/i0.wp.com\/iumotril.org\/sitio\/wp-content\/uploads\/2025\/02\/Evolucion-economica-de-Motril-2048x1365-1.jpeg?resize=350%2C200&ssl=1 1x, https:\/\/i0.wp.com\/iumotril.org\/sitio\/wp-content\/uploads\/2025\/02\/Evolucion-economica-de-Motril-2048x1365-1.jpeg?resize=525%2C300&ssl=1 1.5x, https:\/\/i0.wp.com\/iumotril.org\/sitio\/wp-content\/uploads\/2025\/02\/Evolucion-economica-de-Motril-2048x1365-1.jpeg?resize=700%2C400&ssl=1 2x, https:\/\/i0.wp.com\/iumotril.org\/sitio\/wp-content\/uploads\/2025\/02\/Evolucion-economica-de-Motril-2048x1365-1.jpeg?resize=1050%2C600&ssl=1 3x, https:\/\/i0.wp.com\/iumotril.org\/sitio\/wp-content\/uploads\/2025\/02\/Evolucion-economica-de-Motril-2048x1365-1.jpeg?resize=1400%2C800&ssl=1 4x"},"classes":[]},{"id":8324,"url":"https:\/\/iumotril.org\/sitio\/iu-equo-reclama-un-refuerzo-de-la-plantilla-municipal-para-garantizar-el-adecuado-funcionamiento-de-las-instalaciones-municipales\/","url_meta":{"origin":7715,"position":5},"title":"IU-EQUO reclama un refuerzo de la plantilla municipal para garantizar el adecuado funcionamiento de las instalaciones municipales","author":"Izquierda Unida Motril","date":"27 julio, 2022","format":false,"excerpt":"Museos, instalaciones deportivas y bibliotecas, adem\u00e1s de centros educativos, son las instalaciones que se est\u00e1n viendo afectadas en los \u00faltimos meses por estas circunstancias: la falta de personal que abra y cierre las instalaciones y preste la atenci\u00f3n necesaria a su funcionamiento. Esta situaci\u00f3n y la falta de respuesta del\u2026","rel":"","context":"En \u00abAyuntamiento\u00bb","block_context":{"text":"Ayuntamiento","link":"https:\/\/iumotril.org\/sitio\/category\/ayuntamiento\/"},"img":{"alt_text":"","src":"https:\/\/i0.wp.com\/iumotril.org\/sitio\/wp-content\/uploads\/2022\/07\/Inma-OK-27-julio-scaled.jpg?resize=350%2C200","width":350,"height":200,"srcset":"https:\/\/i0.wp.com\/iumotril.org\/sitio\/wp-content\/uploads\/2022\/07\/Inma-OK-27-julio-scaled.jpg?resize=350%2C200 1x, https:\/\/i0.wp.com\/iumotril.org\/sitio\/wp-content\/uploads\/2022\/07\/Inma-OK-27-julio-scaled.jpg?resize=525%2C300 1.5x, https:\/\/i0.wp.com\/iumotril.org\/sitio\/wp-content\/uploads\/2022\/07\/Inma-OK-27-julio-scaled.jpg?resize=700%2C400 2x, https:\/\/i0.wp.com\/iumotril.org\/sitio\/wp-content\/uploads\/2022\/07\/Inma-OK-27-julio-scaled.jpg?resize=1050%2C600 3x, https:\/\/i0.wp.com\/iumotril.org\/sitio\/wp-content\/uploads\/2022\/07\/Inma-OK-27-julio-scaled.jpg?resize=1400%2C800 4x"},"classes":[]}],"jetpack_likes_enabled":true,"_links":{"self":[{"href":"https:\/\/iumotril.org\/sitio\/wp-json\/wp\/v2\/posts\/7715","targetHints":{"allow":["GET"]}}],"collection":[{"href":"https:\/\/iumotril.org\/sitio\/wp-json\/wp\/v2\/posts"}],"about":[{"href":"https:\/\/iumotril.org\/sitio\/wp-json\/wp\/v2\/types\/post"}],"author":[{"embeddable":true,"href":"https:\/\/iumotril.org\/sitio\/wp-json\/wp\/v2\/users\/1"}],"replies":[{"embeddable":true,"href":"https:\/\/iumotril.org\/sitio\/wp-json\/wp\/v2\/comments?post=7715"}],"version-history":[{"count":9,"href":"https:\/\/iumotril.org\/sitio\/wp-json\/wp\/v2\/posts\/7715\/revisions"}],"predecessor-version":[{"id":7728,"href":"https:\/\/iumotril.org\/sitio\/wp-json\/wp\/v2\/posts\/7715\/revisions\/7728"}],"wp:attachment":[{"href":"https:\/\/iumotril.org\/sitio\/wp-json\/wp\/v2\/media?parent=7715"}],"wp:term":[{"taxonomy":"category","embeddable":true,"href":"https:\/\/iumotril.org\/sitio\/wp-json\/wp\/v2\/categories?post=7715"},{"taxonomy":"post_tag","embeddable":true,"href":"https:\/\/iumotril.org\/sitio\/wp-json\/wp\/v2\/tags?post=7715"}],"curies":[{"name":"wp","href":"https:\/\/api.w.org\/{rel}","templated":true}]}}