{"id":7690,"date":"2021-09-23T11:12:13","date_gmt":"2021-09-23T09:12:13","guid":{"rendered":"http:\/\/iumotril.org\/sitio\/?p=7690"},"modified":"2021-09-23T11:12:13","modified_gmt":"2021-09-23T09:12:13","slug":"iu-equo-propone-una-linea-de-ayudas-economicas-a-las-familias-para-la-adquisicion-de-material-escolar","status":"publish","type":"post","link":"https:\/\/iumotril.org\/sitio\/iu-equo-propone-una-linea-de-ayudas-economicas-a-las-familias-para-la-adquisicion-de-material-escolar\/","title":{"rendered":"IU-Equo propone una l\u00ednea de ayudas econ\u00f3micas a las familias para la adquisici\u00f3n de material escolar"},"content":{"rendered":"<p style=\"text-align: justify;\"><span style=\"color: #993300;\">El objetivo de la propuesta es ofrecer ayudas econ\u00f3micas a las familias con menos recursos econ\u00f3micos cuyos hijos e hijas est\u00e1n cursando estudios en centros educativos de Motril.<\/span><\/p>\n<p style=\"text-align: justify;\">La propuesta de IU-Equo pretende hacer m\u00e1s llevadera la vuelta a las aulas de los hijos e hijas de muchas familias motrile\u00f1as que, lamentablemente, no pueden hacer frente a los <strong>desembolsos econ\u00f3micos<\/strong> que se ven obligadas a realizar para determinados gastos, debido a su situaci\u00f3n de vulnerabilidad econ\u00f3mica agravada, en muchos casos, como consecuencia de la crisis de la Covid-19.<\/p>\n<p style=\"text-align: justify;\">En el mes de agosto estaban registradas como <strong>desempleadas en Motril 5.411 personas<\/strong>, una cifra muy elevada que puede dar una idea aproximada del n\u00famero de familias de nuestro municipio que viven en una situaci\u00f3n econ\u00f3mica desfavorable.<\/p>\n<p style=\"text-align: justify;\">Seg\u00fan ha informado el concejal de IU-Equo, Jose Llorente, las ayudas que proponen poner en marcha ir\u00edan destinadas a la <strong>adquisici\u00f3n de material escolar y otras necesidades<\/strong> que surjan como consecuencia de la vuelta al cole por parte de las ni\u00f1as y ni\u00f1os y que requieran de un desembolso econ\u00f3mico por parte de las familias.<\/p>\n<figure id=\"attachment_7702\" aria-describedby=\"caption-attachment-7702\" style=\"width: 476px\" class=\"wp-caption alignleft\"><img loading=\"lazy\" decoding=\"async\" data-attachment-id=\"7702\" data-permalink=\"https:\/\/iumotril.org\/sitio\/iu-equo-propone-una-linea-de-ayudas-economicas-a-las-familias-para-la-adquisicion-de-material-escolar\/jose-e-inma-23-septiembre\/\" data-orig-file=\"https:\/\/iumotril.org\/sitio\/wp-content\/uploads\/2021\/09\/Jose-e-Inma-23-septiembre.jpg\" data-orig-size=\"2048,1536\" data-comments-opened=\"1\" data-image-meta=\"{&quot;aperture&quot;:&quot;0&quot;,&quot;credit&quot;:&quot;&quot;,&quot;camera&quot;:&quot;&quot;,&quot;caption&quot;:&quot;&quot;,&quot;created_timestamp&quot;:&quot;0&quot;,&quot;copyright&quot;:&quot;&quot;,&quot;focal_length&quot;:&quot;0&quot;,&quot;iso&quot;:&quot;0&quot;,&quot;shutter_speed&quot;:&quot;0&quot;,&quot;title&quot;:&quot;&quot;,&quot;orientation&quot;:&quot;0&quot;}\" data-image-title=\"Jose e Inma 23 septiembre\" data-image-description=\"\" data-image-caption=\"\" data-large-file=\"https:\/\/iumotril.org\/sitio\/wp-content\/uploads\/2021\/09\/Jose-e-Inma-23-septiembre-1024x768.jpg\" class=\"wp-image-7702 \" src=\"https:\/\/iumotril.org\/sitio\/wp-content\/uploads\/2021\/09\/Jose-e-Inma-23-septiembre-300x225.jpg\" alt=\"\" width=\"476\" height=\"357\" srcset=\"https:\/\/iumotril.org\/sitio\/wp-content\/uploads\/2021\/09\/Jose-e-Inma-23-septiembre-300x225.jpg 300w, https:\/\/iumotril.org\/sitio\/wp-content\/uploads\/2021\/09\/Jose-e-Inma-23-septiembre-1024x768.jpg 1024w, https:\/\/iumotril.org\/sitio\/wp-content\/uploads\/2021\/09\/Jose-e-Inma-23-septiembre-768x576.jpg 768w, https:\/\/iumotril.org\/sitio\/wp-content\/uploads\/2021\/09\/Jose-e-Inma-23-septiembre-1536x1152.jpg 1536w, https:\/\/iumotril.org\/sitio\/wp-content\/uploads\/2021\/09\/Jose-e-Inma-23-septiembre.jpg 2048w\" sizes=\"auto, (max-width: 476px) 100vw, 476px\" \/><figcaption id=\"caption-attachment-7702\" class=\"wp-caption-text\">Jose Llorente e Inma Omiste<\/figcaption><\/figure>\n<p style=\"text-align: justify;\">Van dirigidas a familias con hijos e hijas que cursen estudios de <strong>educaci\u00f3n primaria y secundaria obligatoria<\/strong> en centros educativos de la ciudad de Motril.<\/p>\n<p style=\"text-align: justify;\">Estas ayudas vendr\u00edan a complementar otras posibles medidas desplegadas por la Junta de Andaluc\u00eda en este mismo sentido.<\/p>\n<p style=\"text-align: justify;\">La propuesta de IU-Equo tiene como objetivo final contribuir a hacer efectivo el ejercicio al <strong>derecho a la educaci\u00f3n de toda la poblaci\u00f3n en igualdad de condiciones<\/strong>, ha se\u00f1alado el edil de la formaci\u00f3n.<\/p>\n<p style=\"text-align: justify;\">En la moci\u00f3n se plantea que se determine una <strong>dotaci\u00f3n econ\u00f3mica anual<\/strong> para su inclusi\u00f3n en los presupuestos municipales que permita prestar ayudas econ\u00f3micas directas a las familias con esta finalidad.<\/p>\n<p style=\"text-align: justify;\">No obstante, IU-Equo propone que se determine t\u00e9cnicamente la viabilidad de poner en marcha una convocatoria de ayudas que puedan hacerse efectivas <strong>a lo largo del presente curso escolar 2021-2022.<\/strong><\/p>\n","protected":false},"excerpt":{"rendered":"<p>La propuesta de IU-Equo pretende hacer m\u00e1s llevadera la vuelta a las aulas de los hijos e hijas de muchas familias motrile\u00f1as que, lamentablemente, no pueden hacer frente a los desembolsos econ\u00f3micos que se ven obligadas a realizar para determinados gastos, debido a su situaci\u00f3n de vulnerabilidad econ\u00f3mica agravada, en muchos casos, como consecuencia de la crisis de la Covid-19.<br \/>\nLa propuesta de IU-Equo tiene como objetivo final contribuir a hacer efectivo el ejercicio al derecho a la educaci\u00f3n de toda la poblaci\u00f3n en igualdad de condiciones, ha se\u00f1alado el edil de la formaci\u00f3n.<\/p>\n<p>En la moci\u00f3n se plantea que se determine una dotaci\u00f3n econ\u00f3mica anual para su inclusi\u00f3n en los presupuestos municipales que permita prestar ayudas econ\u00f3micas directas a las familias con esta finalidad.<\/p>\n","protected":false},"author":1,"featured_media":0,"comment_status":"open","ping_status":"open","sticky":false,"template":"","format":"standard","meta":{"cybocfi_hide_featured_image":"","_jetpack_newsletter_access":"","_jetpack_dont_email_post_to_subs":false,"_jetpack_newsletter_tier_id":0,"_jetpack_memberships_contains_paywalled_content":false,"_jetpack_memberships_contains_paid_content":false,"footnotes":""},"categories":[265,36],"tags":[1690,1692,1691,1497],"class_list":["post-7690","post","type-post","status-publish","format-standard","hentry","category-esta-pasando","category-mociones-pleno","tag-ayudas-a-las-familias","tag-derecho-a-la-educacion","tag-familias-vulnerables","tag-vuelta-a-las-aulas"],"jetpack_featured_media_url":"","jetpack_sharing_enabled":true,"jetpack_shortlink":"https:\/\/wp.me\/p4QsU5-202","jetpack-related-posts":[{"id":8356,"url":"https:\/\/iumotril.org\/sitio\/iu-equo-reclama-ayudas-economicas-directas-a-las-familias-para-la-compra-de-material-escolar\/","url_meta":{"origin":7690,"position":0},"title":"IU-Equo reclama ayudas econ\u00f3micas directas a las familias para la compra de material escolar","author":"Izquierda Unida Motril","date":"9 septiembre, 2022","format":false,"excerpt":"La propuesta de IU-Equo pretende hacer m\u00e1s llevadera la vuelta a las aulas de los hijos e hijas de muchas familias trabajadoras motrile\u00f1as que por su nivel de renta tienen verdaderas dificultades para hacer frente a los cuantiosos gastos que les supone la adquisici\u00f3n del material necesario para afrontar el\u2026","rel":"","context":"En \u00abEST\u00c1 PASANDO\u00bb","block_context":{"text":"EST\u00c1 PASANDO","link":"https:\/\/iumotril.org\/sitio\/category\/esta-pasando\/"},"img":{"alt_text":"","src":"https:\/\/i0.wp.com\/iumotril.org\/sitio\/wp-content\/uploads\/2022\/09\/IMG-6557-scaled.jpg?resize=350%2C200","width":350,"height":200,"srcset":"https:\/\/i0.wp.com\/iumotril.org\/sitio\/wp-content\/uploads\/2022\/09\/IMG-6557-scaled.jpg?resize=350%2C200 1x, https:\/\/i0.wp.com\/iumotril.org\/sitio\/wp-content\/uploads\/2022\/09\/IMG-6557-scaled.jpg?resize=525%2C300 1.5x, https:\/\/i0.wp.com\/iumotril.org\/sitio\/wp-content\/uploads\/2022\/09\/IMG-6557-scaled.jpg?resize=700%2C400 2x, https:\/\/i0.wp.com\/iumotril.org\/sitio\/wp-content\/uploads\/2022\/09\/IMG-6557-scaled.jpg?resize=1050%2C600 3x, https:\/\/i0.wp.com\/iumotril.org\/sitio\/wp-content\/uploads\/2022\/09\/IMG-6557-scaled.jpg?resize=1400%2C800 4x"},"classes":[]},{"id":8434,"url":"https:\/\/iumotril.org\/sitio\/el-gobierno-local-rechaza-ayudar-economicamente-a-las-familias-motrilenas-para-afrontar-los-gastos-en-material-escolar\/","url_meta":{"origin":7690,"position":1},"title":"El gobierno local rechaza ayudar econ\u00f3micamente a las familias motrile\u00f1as para afrontar los gastos en material escolar","author":"Izquierda Unida Motril","date":"30 septiembre, 2022","format":false,"excerpt":"Desde IU-Equo, su portavoz, Inma Omiste, ha criticado la hipocres\u00eda del gobierno de Garc\u00eda Chamorro por utilizar a las familias con menos recursos a su conveniencia, cuando le va bien a sus intereses, pero, a lo hora de la verdad, los deja de lado, d\u00e1ndoles la espalda. Inma Omiste ha\u2026","rel":"","context":"En \u00abEST\u00c1 PASANDO\u00bb","block_context":{"text":"EST\u00c1 PASANDO","link":"https:\/\/iumotril.org\/sitio\/category\/esta-pasando\/"},"img":{"alt_text":"","src":"https:\/\/i0.wp.com\/iumotril.org\/sitio\/wp-content\/uploads\/2022\/09\/INma-30-septiembre-scaled.jpg?resize=350%2C200","width":350,"height":200,"srcset":"https:\/\/i0.wp.com\/iumotril.org\/sitio\/wp-content\/uploads\/2022\/09\/INma-30-septiembre-scaled.jpg?resize=350%2C200 1x, https:\/\/i0.wp.com\/iumotril.org\/sitio\/wp-content\/uploads\/2022\/09\/INma-30-septiembre-scaled.jpg?resize=525%2C300 1.5x, https:\/\/i0.wp.com\/iumotril.org\/sitio\/wp-content\/uploads\/2022\/09\/INma-30-septiembre-scaled.jpg?resize=700%2C400 2x, https:\/\/i0.wp.com\/iumotril.org\/sitio\/wp-content\/uploads\/2022\/09\/INma-30-septiembre-scaled.jpg?resize=1050%2C600 3x, https:\/\/i0.wp.com\/iumotril.org\/sitio\/wp-content\/uploads\/2022\/09\/INma-30-septiembre-scaled.jpg?resize=1400%2C800 4x"},"classes":[]},{"id":9633,"url":"https:\/\/iumotril.org\/sitio\/iu-verdes-equo-propone-una-linea-de-ayudas-a-las-familias-para-contribuir-a-sus-gastos-de-educacion-y-formacion\/","url_meta":{"origin":7690,"position":2},"title":"IU Verdes Equo propone una l\u00ednea de ayudas a las familias para contribuir a sus gastos de educaci\u00f3n y formaci\u00f3n","author":"Izquierda Unida Motril","date":"27 noviembre, 2023","format":false,"excerpt":"Con motivo de la educaci\u00f3n y de la formaci\u00f3n acad\u00e9mica de sus hijas e hijos, las familias tienen que afrontar la realizaci\u00f3n de importantes desembolsos econ\u00f3micos relacionados con la adquisici\u00f3n de material escolar, equipamiento, transporte en algunos casos, o la realizaci\u00f3n de actividades formativas complementarias que los las estudiantes pueden\u2026","rel":"","context":"En \u00abAyuntamiento\u00bb","block_context":{"text":"Ayuntamiento","link":"https:\/\/iumotril.org\/sitio\/category\/ayuntamiento\/"},"img":{"alt_text":"","src":"https:\/\/i0.wp.com\/iumotril.org\/sitio\/wp-content\/uploads\/2023\/11\/Imagen-aula-estudiantes.jpg?resize=350%2C200&ssl=1","width":350,"height":200,"srcset":"https:\/\/i0.wp.com\/iumotril.org\/sitio\/wp-content\/uploads\/2023\/11\/Imagen-aula-estudiantes.jpg?resize=350%2C200&ssl=1 1x, https:\/\/i0.wp.com\/iumotril.org\/sitio\/wp-content\/uploads\/2023\/11\/Imagen-aula-estudiantes.jpg?resize=525%2C300&ssl=1 1.5x, https:\/\/i0.wp.com\/iumotril.org\/sitio\/wp-content\/uploads\/2023\/11\/Imagen-aula-estudiantes.jpg?resize=700%2C400&ssl=1 2x, https:\/\/i0.wp.com\/iumotril.org\/sitio\/wp-content\/uploads\/2023\/11\/Imagen-aula-estudiantes.jpg?resize=1050%2C600&ssl=1 3x, https:\/\/i0.wp.com\/iumotril.org\/sitio\/wp-content\/uploads\/2023\/11\/Imagen-aula-estudiantes.jpg?resize=1400%2C800&ssl=1 4x"},"classes":[]},{"id":7828,"url":"https:\/\/iumotril.org\/sitio\/iu-equo-denuncia-la-actuacion-desleal-de-luisa-garcia-chamorro-en-la-tramitacion-de-una-propuesta-para-facilitar-ayudas-a-las-familias\/","url_meta":{"origin":7690,"position":3},"title":"IU-Equo denuncia la actuaci\u00f3n desleal de Luisa Garc\u00eda Chamorro en la tramitaci\u00f3n de una propuesta para facilitar ayudas a las familias","author":"Izquierda Unida Motril","date":"16 noviembre, 2021","format":false,"excerpt":"Para IU-Equo -seg\u00fan ha manifestado su concejal, Jose Garc\u00eda Llorente--, esta actuaci\u00f3n resulta \u201cdesleal\u201d con el Pleno y con el conjunto de los vecinos y pone en duda, una vez m\u00e1s, la palabra de Luisa Garc\u00eda Chamorro y su autoproclamada \u201cbuena fe\u201d. Desde IU-Equo se viene reclamando sin \u00e9xito el\u2026","rel":"","context":"En \u00abAyuntamiento\u00bb","block_context":{"text":"Ayuntamiento","link":"https:\/\/iumotril.org\/sitio\/category\/ayuntamiento\/"},"img":{"alt_text":"","src":"https:\/\/i0.wp.com\/iumotril.org\/sitio\/wp-content\/uploads\/2021\/09\/Jose-e-Inma-23-septiembre-1024x768.jpg?resize=350%2C200","width":350,"height":200,"srcset":"https:\/\/i0.wp.com\/iumotril.org\/sitio\/wp-content\/uploads\/2021\/09\/Jose-e-Inma-23-septiembre-1024x768.jpg?resize=350%2C200 1x, https:\/\/i0.wp.com\/iumotril.org\/sitio\/wp-content\/uploads\/2021\/09\/Jose-e-Inma-23-septiembre-1024x768.jpg?resize=525%2C300 1.5x"},"classes":[]},{"id":3432,"url":"https:\/\/iumotril.org\/sitio\/defendemos-la-creacion-de-becas-educativas-municipales\/","url_meta":{"origin":7690,"position":4},"title":"Defendemos la creaci\u00f3n de becas educativas municipales","author":"Izquierda Unida Motril","date":"21 marzo, 2018","format":false,"excerpt":"Seg\u00fan Christian Linares ya es hora de que, despu\u00e9s de casi tres a\u00f1os de gobierno municipal del PSOE en la ciudad, se pongan en marcha pol\u00edticas que tengan en cuenta la precarizaci\u00f3n de la econom\u00eda de las familias motrile\u00f1as y el recorte de ayudas y becas que se est\u00e1n llevando\u2026","rel":"","context":"En \u00abEST\u00c1 PASANDO\u00bb","block_context":{"text":"EST\u00c1 PASANDO","link":"https:\/\/iumotril.org\/sitio\/category\/esta-pasando\/"},"img":{"alt_text":"","src":"https:\/\/i0.wp.com\/iumotril.org\/sitio\/wp-content\/uploads\/2018\/03\/grupo-ni%C3%B1as-saliendo-clase-300x219.jpg?resize=350%2C200","width":350,"height":200},"classes":[]},{"id":8477,"url":"https:\/\/iumotril.org\/sitio\/iu-equo-denuncia-que-la-rebaja-masiva-de-impuestos-anunciada-por-el-gobierno-local-es-una-falacia\/","url_meta":{"origin":7690,"position":5},"title":"IU-Equo denuncia que la rebaja \u00abmasiva\u00bb de impuestos anunciada por el gobierno local es una falacia","author":"Izquierda Unida Motril","date":"3 noviembre, 2022","format":false,"excerpt":"La portavoz de IU-Equo, Inma Omiste, ha denunciado que la alcaldesa Garc\u00eda Chamorro y el Teniente de Alcalde, Nicol\u00e1s Navarro, \u201cfaltan a la verdad\u201d al presumir de una bajada \u201cmasiva\u201d de impuestos, ya que \u00fanicamente se llevar\u00e1 a cabo una reducci\u00f3n global de un 5% del Impuesto de Veh\u00edculos de\u2026","rel":"","context":"En \u00abAyuntamiento\u00bb","block_context":{"text":"Ayuntamiento","link":"https:\/\/iumotril.org\/sitio\/category\/ayuntamiento\/"},"img":{"alt_text":"","src":"https:\/\/i0.wp.com\/iumotril.org\/sitio\/wp-content\/uploads\/2022\/11\/coches-Luisa.jpg?resize=350%2C200&ssl=1","width":350,"height":200,"srcset":"https:\/\/i0.wp.com\/iumotril.org\/sitio\/wp-content\/uploads\/2022\/11\/coches-Luisa.jpg?resize=350%2C200&ssl=1 1x, https:\/\/i0.wp.com\/iumotril.org\/sitio\/wp-content\/uploads\/2022\/11\/coches-Luisa.jpg?resize=525%2C300&ssl=1 1.5x, https:\/\/i0.wp.com\/iumotril.org\/sitio\/wp-content\/uploads\/2022\/11\/coches-Luisa.jpg?resize=700%2C400&ssl=1 2x"},"classes":[]}],"jetpack_likes_enabled":true,"_links":{"self":[{"href":"https:\/\/iumotril.org\/sitio\/wp-json\/wp\/v2\/posts\/7690","targetHints":{"allow":["GET"]}}],"collection":[{"href":"https:\/\/iumotril.org\/sitio\/wp-json\/wp\/v2\/posts"}],"about":[{"href":"https:\/\/iumotril.org\/sitio\/wp-json\/wp\/v2\/types\/post"}],"author":[{"embeddable":true,"href":"https:\/\/iumotril.org\/sitio\/wp-json\/wp\/v2\/users\/1"}],"replies":[{"embeddable":true,"href":"https:\/\/iumotril.org\/sitio\/wp-json\/wp\/v2\/comments?post=7690"}],"version-history":[{"count":3,"href":"https:\/\/iumotril.org\/sitio\/wp-json\/wp\/v2\/posts\/7690\/revisions"}],"predecessor-version":[{"id":7707,"href":"https:\/\/iumotril.org\/sitio\/wp-json\/wp\/v2\/posts\/7690\/revisions\/7707"}],"wp:attachment":[{"href":"https:\/\/iumotril.org\/sitio\/wp-json\/wp\/v2\/media?parent=7690"}],"wp:term":[{"taxonomy":"category","embeddable":true,"href":"https:\/\/iumotril.org\/sitio\/wp-json\/wp\/v2\/categories?post=7690"},{"taxonomy":"post_tag","embeddable":true,"href":"https:\/\/iumotril.org\/sitio\/wp-json\/wp\/v2\/tags?post=7690"}],"curies":[{"name":"wp","href":"https:\/\/api.w.org\/{rel}","templated":true}]}}