{"id":769,"date":"2015-05-19T14:19:44","date_gmt":"2015-05-19T12:19:44","guid":{"rendered":"http:\/\/iumotril.org\/sitio\/?p=769"},"modified":"2015-05-19T14:22:43","modified_gmt":"2015-05-19T12:22:43","slug":"una-ciudad-mas-sostenible-y-con-mas-energias-renovables","status":"publish","type":"post","link":"https:\/\/iumotril.org\/sitio\/una-ciudad-mas-sostenible-y-con-mas-energias-renovables\/","title":{"rendered":"Una ciudad m\u00e1s sostenible y con m\u00e1s energ\u00edas renovables"},"content":{"rendered":"<p class=\"p1\"><span class=\"s1\">En nuestro\u00a0programa de Medio Ambiente contemplamos diversas medidas y actuaciones para la protecci\u00f3n de la Costa, del medio marino y de los humedales. Ahorro, eficiencia energ\u00e9tica y energ\u00edas renovables son los tres pilares sobre los que se desarrollar\u00e1n las actuaciones de Izquierda Unida desde el Ayuntamiento de Motril. Daniela y Fernando Alcalde, responsable de medio ambiente, presentaron en la Charca de Su\u00e1rez las principales medidas de nuestra propuesta<\/span><\/p>\n<p class=\"p1\"><span class=\"s1\"><a href=\"https:\/\/iumotril.org\/sitio\/wp-content\/uploads\/2015\/05\/Protegeremos-la-Charca-de-Suarez.jpg\"><img loading=\"lazy\" decoding=\"async\" data-attachment-id=\"783\" data-permalink=\"https:\/\/iumotril.org\/sitio\/una-ciudad-mas-sostenible-y-con-mas-energias-renovables\/protegeremos-la-charca-de-suarez\/\" data-orig-file=\"https:\/\/iumotril.org\/sitio\/wp-content\/uploads\/2015\/05\/Protegeremos-la-Charca-de-Suarez.jpg\" data-orig-size=\"1280,752\" data-comments-opened=\"1\" data-image-meta=\"{&quot;aperture&quot;:&quot;0&quot;,&quot;credit&quot;:&quot;&quot;,&quot;camera&quot;:&quot;&quot;,&quot;caption&quot;:&quot;&quot;,&quot;created_timestamp&quot;:&quot;0&quot;,&quot;copyright&quot;:&quot;&quot;,&quot;focal_length&quot;:&quot;0&quot;,&quot;iso&quot;:&quot;0&quot;,&quot;shutter_speed&quot;:&quot;0&quot;,&quot;title&quot;:&quot;&quot;,&quot;orientation&quot;:&quot;0&quot;}\" data-image-title=\"Protegeremos la Charca de Suarez\" data-image-description=\"\" data-image-caption=\"\" data-large-file=\"https:\/\/iumotril.org\/sitio\/wp-content\/uploads\/2015\/05\/Protegeremos-la-Charca-de-Suarez-1024x602.jpg\" class=\"alignleft size-medium wp-image-783\" src=\"https:\/\/iumotril.org\/sitio\/wp-content\/uploads\/2015\/05\/Protegeremos-la-Charca-de-Suarez-300x176.jpg\" alt=\"Protegeremos la Charca de Suarez\" width=\"300\" height=\"176\" srcset=\"https:\/\/iumotril.org\/sitio\/wp-content\/uploads\/2015\/05\/Protegeremos-la-Charca-de-Suarez-300x176.jpg 300w, https:\/\/iumotril.org\/sitio\/wp-content\/uploads\/2015\/05\/Protegeremos-la-Charca-de-Suarez-768x451.jpg 768w, https:\/\/iumotril.org\/sitio\/wp-content\/uploads\/2015\/05\/Protegeremos-la-Charca-de-Suarez-1024x602.jpg 1024w, https:\/\/iumotril.org\/sitio\/wp-content\/uploads\/2015\/05\/Protegeremos-la-Charca-de-Suarez.jpg 1280w\" sizes=\"auto, (max-width: 300px) 100vw, 300px\" \/><\/a>Fernando Alcalde record\u00f3 que fue un gobierno con la participaci\u00f3n de Izquierda Unida quien protegi\u00f3 la Charca de Su\u00e1rez en su momento y que ser\u00e1 nuevamente un gobierno de Izquierda Unida quien la ampliar\u00e1 en la pr\u00f3xima legislatura. Desde\u00a0<\/span>Izquierda Unida se ha venido denunciando reiteradamente el <a title=\"IU denuncia la dejadez del Ayuntamiento de Motril con la Charca de Su\u00e1rez.\" href=\"https:\/\/iumotril.org\/sitio\/?p=519\">nulo inter\u00e9s del PP<\/a> motrile\u00f1o por esta joya natural del que solo se acuerda en las visitas a FITUR y ante la proximidad de las elecciones municipales. El humedal motrile\u00f1o, reconocido por su calidad ambiental en todo el pa\u00eds y fuera de \u00e9l, cuenta con un presupuesto exiguo y apenas con personal de mantenimiento. Baste decir que con una extensi\u00f3n similar al resto de los espacios verdes del municipio se mantiene con tan solo tres operarios que adem\u00e1s realizan funciones de gu\u00eda ambiental, mantenimiento y seguimiento de la fauna.\u00a0El espacio, pese a disponer de un centro de recepci\u00f3n de visitantes, se encuentra sin equipar desde hace m\u00e1s de 5 a\u00f1os y carece incluso de sillas para los asistentes, situaci\u00f3n que ha sido reclamada en diferentes ocasiones. Con lo que han costado cinco sillones del Centro de Desarrollo Tur\u00edstico se podr\u00eda haber equipado el centro de recepci\u00f3n.<\/p>\n<p class=\"p1\"><span class=\"s1\">Por su parte, Daniela \u00a0ha destacado \u00a0las principales actuaciones que Izquierda Unida llevar\u00e1 a cabo desde el Ayuntamiento de Motril, adem\u00e1s de la ampliaci\u00f3n de la Charca de Su\u00e1rez: la persecuci\u00f3n de los vertidos ilegales de escombros, la construcci\u00f3n de una gran red de senderos comarcal y la protecci\u00f3n de la playa de las Azucenas con la construcci\u00f3n de una paseo blando que la conecte con la playa de Torrenueva. Ha anunciado, adem\u00e1s, \u00a0que pondr\u00e1n en marcha el proyecto de construcci\u00f3n de un parque de energ\u00edas renovables y geot\u00e9rmicas en el entorno de la Gorgoracha y el apoyo decidido \u00a0a la declaraci\u00f3n de la Sierra de L\u00fajar como Parque Natural.<\/span><\/p>\n<p class=\"p1\"><span class=\"s1\">Daniela y Fernando reafirmaron nuestro compromiso\u00a0con un<a title=\"Spot Medio Ambiente\" href=\"https:\/\/www.youtube.com\/watch?v=ftOm7QD4dJ0\" target=\"_blank\"> desarrollo sostenible<\/a> que contribuya a la lucha contra el cambio clim\u00e1tico, anunciando la creaci\u00f3n de una Oficina municipal del cambio clim\u00e1tico y la elaboraci\u00f3n de un plan de movilidad sostenible que fomente el transporte no motorizado, reduci\u00e9ndose as\u00ed la contaminaci\u00f3n atmosf\u00e9rica y el ruedo. Asimismo, se han comprometido a la renovaci\u00f3n progresiva del parque de veh\u00edculos municipales con la adquisici\u00f3n de veh\u00edculos de energ\u00eda el\u00e9ctrica.<\/span><\/p>\n<p class=\"p1\"><span class=\"s1\">Izquierda Unida de Motril propondr\u00e1 la compra de todos los suelos no urbanizables localizados en los primeros metros de playa para garantizar su uso p\u00fablico, en cumplimiento de la vigente Ley de Costas.<\/span><\/p>\n<p class=\"p1\"><span class=\"s1\">Denunciaron el abandono en el que el Partido Popular ha dejado al Cerro del Toro, anunciando su recuperaci\u00f3n como parque periurbano. Asimismo declararon la necesidad de proteger de la especulaci\u00f3n la vega de Motril, el Tajo de los Vados y del Alcornocal de Lujar y de recuperar las v\u00edas pecuarias.<\/span><\/p>\n<p class=\"p1\"><span class=\"s1\">Izquierda Unida pondr\u00e1 en marcha Programas de educaci\u00f3n ambiental y constituir\u00e1 el aula de ecolog\u00eda urbana reunificando los recursos actuales que se encuentran disgregados entre diferentes concejal\u00edas y empresas municipales.\u00a0<\/span>Por \u00faltimo anunciaron medidas\u00a0para\u00a0la protecci\u00f3n de los animales a trav\u00e9s del impulso de las asociaciones protectoras y la adecuaci\u00f3n de los centros de acogida de animales abandonados. Motril ser\u00e1 un municipio antitaurino y contra el maltrato animal.<\/p>\n","protected":false},"excerpt":{"rendered":"<p>Daniela  ha destacado  las principales actuaciones que Izquierda Unida llevar\u00e1 a cabo desde el Ayuntamiento de Motril, adem\u00e1s de la ampliaci\u00f3n de la Charca de Su\u00e1rez: la persecuci\u00f3n de los vertidos ilegales de escombros, la construcci\u00f3n de una gran red de senderos comarcal y la protecci\u00f3n de la playa de las Azucenas con la construcci\u00f3n de una paseo blando que la conecte con la playa de Torrenueva. Adem\u00e1s ha anunciado  que pondr\u00e1 en marcha el proyecto de construcci\u00f3n de un parque de energ\u00edas renovables y geot\u00e9rmicas en el entorno de la Gorgoracha y el apoyo decidido a la declaraci\u00f3n de la Sierra de L\u00fajar como Parque Natural.<\/p>\n","protected":false},"author":1,"featured_media":0,"comment_status":"open","ping_status":"open","sticky":false,"template":"","format":"standard","meta":{"cybocfi_hide_featured_image":"","_jetpack_newsletter_access":"","_jetpack_dont_email_post_to_subs":false,"_jetpack_newsletter_tier_id":0,"_jetpack_memberships_contains_paywalled_content":false,"_jetpack_memberships_contains_paid_content":false,"footnotes":""},"categories":[56],"tags":[64,84,59,98,63],"class_list":["post-769","post","type-post","status-publish","format-standard","hentry","category-municipales-2015","tag-charca-suarez","tag-daniela-paque","tag-es-tiempo-de-izquierda","tag-medio-ambiente","tag-propuestas"],"jetpack_featured_media_url":"","jetpack_sharing_enabled":true,"jetpack_shortlink":"https:\/\/wp.me\/p4QsU5-cp","jetpack-related-posts":[{"id":4732,"url":"https:\/\/iumotril.org\/sitio\/izquierda-unida-propone-la-mejora-y-ampliacion-de-la-charca-de-suarez\/","url_meta":{"origin":769,"position":0},"title":"Izquierda Unida propone la mejora y ampliaci\u00f3n de la Charca de Su\u00e1rez","author":"Izquierda Unida Motril","date":"27 febrero, 2019","format":false,"excerpt":"Inma Omiste ha anunciado que en su programa de gobierno est\u00e1n contempladas las actuaciones y recursos necesarios para aprovechar toda la potencialidad del humedal motrile\u00f1o, medioambiental y tur\u00edsticamente. En el proyecto de Izquierda Unida para Motril ocupan un lugar central la protecci\u00f3n de la Costa, del medio marino y de\u2026","rel":"","context":"En \u00abEST\u00c1 PASANDO\u00bb","block_context":{"text":"EST\u00c1 PASANDO","link":"https:\/\/iumotril.org\/sitio\/category\/esta-pasando\/"},"img":{"alt_text":"","src":"https:\/\/i0.wp.com\/iumotril.org\/sitio\/wp-content\/uploads\/2019\/02\/Inma-y-Jose_Charca-Suarez_27-febrero.jpg?resize=350%2C200","width":350,"height":200},"classes":[]},{"id":7985,"url":"https:\/\/iumotril.org\/sitio\/izquierda-unida-pide-mayor-proteccion-para-la-charca-de-suarez\/","url_meta":{"origin":769,"position":1},"title":"Izquierda Unida pide mayor protecci\u00f3n para la Charca de Su\u00e1rez","author":"Izquierda Unida Motril","date":"14 febrero, 2022","format":false,"excerpt":"Responsables andaluces y provinciales de IU han criticado la falta del necesario compromiso por parte de las administraciones local y auton\u00f3mica con la Charca de Su\u00e1rez, el humedal costero m\u00e1s importante del litoral granadino Reclaman que la Junta de Andaluc\u00eda y el Ayuntamiento de Motril destinen mayores recursos para la\u2026","rel":"","context":"En \u00abEST\u00c1 PASANDO\u00bb","block_context":{"text":"EST\u00c1 PASANDO","link":"https:\/\/iumotril.org\/sitio\/category\/esta-pasando\/"},"img":{"alt_text":"","src":"https:\/\/i0.wp.com\/iumotril.org\/sitio\/wp-content\/uploads\/2022\/02\/PHOTO-2022-02-11-16-48-05-300x200.jpg?resize=350%2C200&ssl=1","width":350,"height":200,"srcset":"https:\/\/i0.wp.com\/iumotril.org\/sitio\/wp-content\/uploads\/2022\/02\/PHOTO-2022-02-11-16-48-05-300x200.jpg?resize=350%2C200&ssl=1 1x, https:\/\/i0.wp.com\/iumotril.org\/sitio\/wp-content\/uploads\/2022\/02\/PHOTO-2022-02-11-16-48-05-300x200.jpg?resize=525%2C300&ssl=1 1.5x, https:\/\/i0.wp.com\/iumotril.org\/sitio\/wp-content\/uploads\/2022\/02\/PHOTO-2022-02-11-16-48-05-300x200.jpg?resize=700%2C400&ssl=1 2x, https:\/\/i0.wp.com\/iumotril.org\/sitio\/wp-content\/uploads\/2022\/02\/PHOTO-2022-02-11-16-48-05-300x200.jpg?resize=1050%2C600&ssl=1 3x, https:\/\/i0.wp.com\/iumotril.org\/sitio\/wp-content\/uploads\/2022\/02\/PHOTO-2022-02-11-16-48-05-300x200.jpg?resize=1400%2C800&ssl=1 4x"},"classes":[]},{"id":2932,"url":"https:\/\/iumotril.org\/sitio\/izquierda-unida-reclama-al-gobierno-municipal-un-compromiso-real-con-la-proteccion-del-medio-ambiente\/","url_meta":{"origin":769,"position":2},"title":"Izquierda Unida reclama al Gobierno Municipal un compromiso real con la protecci\u00f3n del Medio Ambiente","author":"Izquierda Unida Motril","date":"5 junio, 2017","format":false,"excerpt":"Desde Izquierda Unida se critica que las actuaciones que ha emprendido el equipo de gobierno de Alm\u00f3n y Esc\u00e1mez, lejos de favorecer la protecci\u00f3n medioambiental, est\u00e1n contribuyendo a su progresivo e imparable deterioro, una situaci\u00f3n lamentable e irresponsable con el futuro de nuestra ciudad y el bienestar de las generaciones\u2026","rel":"","context":"En \u00abEST\u00c1 PASANDO\u00bb","block_context":{"text":"EST\u00c1 PASANDO","link":"https:\/\/iumotril.org\/sitio\/category\/esta-pasando\/"},"img":{"alt_text":"","src":"https:\/\/i0.wp.com\/iumotril.org\/sitio\/wp-content\/uploads\/2017\/06\/Banedera-azul.jpg?resize=350%2C200","width":350,"height":200,"srcset":"https:\/\/i0.wp.com\/iumotril.org\/sitio\/wp-content\/uploads\/2017\/06\/Banedera-azul.jpg?resize=350%2C200 1x, https:\/\/i0.wp.com\/iumotril.org\/sitio\/wp-content\/uploads\/2017\/06\/Banedera-azul.jpg?resize=525%2C300 1.5x"},"classes":[]},{"id":10959,"url":"https:\/\/iumotril.org\/sitio\/izquierda-unida-pide-mayor-proteccion-para-la-charca-de-suarez-2\/","url_meta":{"origin":769,"position":3},"title":"Izquierda Unida pide mayor protecci\u00f3n para la Charca de Su\u00e1rez","author":"Izquierda Unida Motril","date":"10 febrero, 2026","format":false,"excerpt":"Responsables de IU han criticado la falta del necesario compromiso por parte de las administraciones local y auton\u00f3mica con la Charca de Su\u00e1rez, el humedal costero m\u00e1s importante del litoral granadino.","rel":"","context":"En \u00abAyuntamiento\u00bb","block_context":{"text":"Ayuntamiento","link":"https:\/\/iumotril.org\/sitio\/category\/ayuntamiento\/"},"img":{"alt_text":"","src":"https:\/\/i0.wp.com\/iumotril.org\/sitio\/wp-content\/uploads\/2025\/04\/inma-playa-granada-scaled-e1770714959392.jpeg?resize=350%2C200&ssl=1","width":350,"height":200,"srcset":"https:\/\/i0.wp.com\/iumotril.org\/sitio\/wp-content\/uploads\/2025\/04\/inma-playa-granada-scaled-e1770714959392.jpeg?resize=350%2C200&ssl=1 1x, https:\/\/i0.wp.com\/iumotril.org\/sitio\/wp-content\/uploads\/2025\/04\/inma-playa-granada-scaled-e1770714959392.jpeg?resize=525%2C300&ssl=1 1.5x, https:\/\/i0.wp.com\/iumotril.org\/sitio\/wp-content\/uploads\/2025\/04\/inma-playa-granada-scaled-e1770714959392.jpeg?resize=700%2C400&ssl=1 2x"},"classes":[]},{"id":7359,"url":"https:\/\/iumotril.org\/sitio\/iu-equo-demanda-actuaciones-para-acabar-con-los-vertidos-ilegales-a-la-charca-de-suarez-y-a-la-playa-de-poniente\/","url_meta":{"origin":769,"position":4},"title":"IU-Equo demanda actuaciones para acabar con los vertidos ilegales a la Charca de Su\u00e1rez y a la playa de Poniente","author":"Izquierda Unida Motril","date":"27 abril, 2021","format":false,"excerpt":"Para la portavoz de IU-Equo, ahora se trata fundamentalmente de eso; de destinar recursos para llevar a cabo actuaciones para contribuir a la reducci\u00f3n de agentes contaminantes como los procedentes del pol\u00edgono de las Algaidas. Una actuaci\u00f3n que beneficiar\u00e1 tanto al clima, como a la calidad de nuestras playas y\u2026","rel":"","context":"En \u00abSin categor\u00eda\u00bb","block_context":{"text":"Sin categor\u00eda","link":"https:\/\/iumotril.org\/sitio\/category\/sin-categoria\/"},"img":{"alt_text":"","src":"https:\/\/i0.wp.com\/iumotril.org\/sitio\/wp-content\/uploads\/2021\/04\/Inma-27-Abril-1024x768.jpg?resize=350%2C200","width":350,"height":200,"srcset":"https:\/\/i0.wp.com\/iumotril.org\/sitio\/wp-content\/uploads\/2021\/04\/Inma-27-Abril-1024x768.jpg?resize=350%2C200 1x, https:\/\/i0.wp.com\/iumotril.org\/sitio\/wp-content\/uploads\/2021\/04\/Inma-27-Abril-1024x768.jpg?resize=525%2C300 1.5x"},"classes":[]},{"id":781,"url":"https:\/\/iumotril.org\/sitio\/izquierda-unida-apoyara-la-creacion-del-municipio-carchuna-calahonda\/","url_meta":{"origin":769,"position":5},"title":"Izquierda Unida apoyar\u00e1 la creaci\u00f3n del municipio Carchuna-Calahonda","author":"Izquierda Unida Motril","date":"20 mayo, 2015","format":false,"excerpt":"La candidata a la Alcald\u00eda de Motril, ha declarado que su formaci\u00f3n apoya la segregaci\u00f3n de la ELA Carchuna-Calahonda siguiendo el correspondiente procedimiento administrativo, se\u00f1alando que si no se ha iniciado ese proceso ha sido \u00fanicamente por los intereses del Partido Popular. Por su parte, Vanessa Berrio, candidata a la\u2026","rel":"","context":"En \u00abMunicipales 2015\u00bb","block_context":{"text":"Municipales 2015","link":"https:\/\/iumotril.org\/sitio\/category\/municipales-2015\/"},"img":{"alt_text":"Daniela Paqu\u00e9 y Vanessa Berrio","src":"https:\/\/i0.wp.com\/iumotril.org\/sitio\/wp-content\/uploads\/2015\/05\/Dani-y-VAne--225x300.jpg?resize=350%2C200","width":350,"height":200},"classes":[]}],"jetpack_likes_enabled":true,"_links":{"self":[{"href":"https:\/\/iumotril.org\/sitio\/wp-json\/wp\/v2\/posts\/769","targetHints":{"allow":["GET"]}}],"collection":[{"href":"https:\/\/iumotril.org\/sitio\/wp-json\/wp\/v2\/posts"}],"about":[{"href":"https:\/\/iumotril.org\/sitio\/wp-json\/wp\/v2\/types\/post"}],"author":[{"embeddable":true,"href":"https:\/\/iumotril.org\/sitio\/wp-json\/wp\/v2\/users\/1"}],"replies":[{"embeddable":true,"href":"https:\/\/iumotril.org\/sitio\/wp-json\/wp\/v2\/comments?post=769"}],"version-history":[{"count":4,"href":"https:\/\/iumotril.org\/sitio\/wp-json\/wp\/v2\/posts\/769\/revisions"}],"predecessor-version":[{"id":785,"href":"https:\/\/iumotril.org\/sitio\/wp-json\/wp\/v2\/posts\/769\/revisions\/785"}],"wp:attachment":[{"href":"https:\/\/iumotril.org\/sitio\/wp-json\/wp\/v2\/media?parent=769"}],"wp:term":[{"taxonomy":"category","embeddable":true,"href":"https:\/\/iumotril.org\/sitio\/wp-json\/wp\/v2\/categories?post=769"},{"taxonomy":"post_tag","embeddable":true,"href":"https:\/\/iumotril.org\/sitio\/wp-json\/wp\/v2\/tags?post=769"}],"curies":[{"name":"wp","href":"https:\/\/api.w.org\/{rel}","templated":true}]}}