{"id":7618,"date":"2021-07-29T12:13:57","date_gmt":"2021-07-29T10:13:57","guid":{"rendered":"http:\/\/iumotril.org\/sitio\/?p=7618"},"modified":"2021-07-29T12:19:01","modified_gmt":"2021-07-29T10:19:01","slug":"iu-equo-pide-que-se-reclame-a-la-junta-de-andalucia-mejoras-en-la-atencion-de-los-centros-de-salud","status":"publish","type":"post","link":"https:\/\/iumotril.org\/sitio\/iu-equo-pide-que-se-reclame-a-la-junta-de-andalucia-mejoras-en-la-atencion-de-los-centros-de-salud\/","title":{"rendered":"IU-Equo pide que se reclame a la Junta de Andaluc\u00eda mejoras en la atenci\u00f3n de los centros de salud"},"content":{"rendered":"<p style=\"text-align: justify;\"><span style=\"color: #993300;\">Demanda que se refuerce el personal del Servicio Andaluz de Salud para hacer frente a las vacaciones de las plantillas y mejorar la Atenci\u00f3n primaria de modo que se vayan recuperando las consultas presenciales en los centros de salud.<\/span><\/p>\r\n<p style=\"text-align: justify;\"><span style=\"color: #993300;\">Denuncia el mal funcionamiento del sistema sanitario que se evidencia en las dificultades de tramitaci\u00f3n de asuntos en administraci\u00f3n, la demora en dar citas para consultas m\u00e9dicas, para la realizaci\u00f3n de anal\u00edticas, la realizaci\u00f3n de pruebas diagn\u00f3sticas o para pasar consulta con los especialistas<\/span>.<\/p>\r\n<p style=\"text-align: justify;\">Seg\u00fan ha informado el concejal de IU-Equo, Jose Llorente, la moci\u00f3n que el Grupo municipal presenta al pr\u00f3ximo pleno se hace eco del \u201ccreciente malestar ciudadano existente\u201d debido al <strong>mal funcionamiento de los centros de salud,<\/strong> donde hay diversas deficiencias que, lejos de solucionarse, se est\u00e1n convirtiendo en problemas cr\u00f3nicos de la sanidad p\u00fablica andaluza.<\/p>\r\n<figure id=\"attachment_7624\" aria-describedby=\"caption-attachment-7624\" style=\"width: 453px\" class=\"wp-caption alignleft\"><img loading=\"lazy\" decoding=\"async\" data-attachment-id=\"7624\" data-permalink=\"https:\/\/iumotril.org\/sitio\/iu-equo-pide-que-se-reclame-a-la-junta-de-andalucia-mejoras-en-la-atencion-de-los-centros-de-salud\/jose-28-julio_2\/\" data-orig-file=\"https:\/\/iumotril.org\/sitio\/wp-content\/uploads\/2021\/07\/Jose-28-julio_2.jpg\" data-orig-size=\"1024,768\" data-comments-opened=\"1\" data-image-meta=\"{&quot;aperture&quot;:&quot;0&quot;,&quot;credit&quot;:&quot;&quot;,&quot;camera&quot;:&quot;&quot;,&quot;caption&quot;:&quot;&quot;,&quot;created_timestamp&quot;:&quot;1627461669&quot;,&quot;copyright&quot;:&quot;&quot;,&quot;focal_length&quot;:&quot;0&quot;,&quot;iso&quot;:&quot;0&quot;,&quot;shutter_speed&quot;:&quot;0&quot;,&quot;title&quot;:&quot;&quot;,&quot;orientation&quot;:&quot;1&quot;}\" data-image-title=\"Jose 28 julio_2\" data-image-description=\"\" data-image-caption=\"\" data-large-file=\"https:\/\/iumotril.org\/sitio\/wp-content\/uploads\/2021\/07\/Jose-28-julio_2.jpg\" class=\"wp-image-7624 \" src=\"https:\/\/iumotril.org\/sitio\/wp-content\/uploads\/2021\/07\/Jose-28-julio_2-300x225.jpg\" alt=\"\" width=\"453\" height=\"340\" srcset=\"https:\/\/iumotril.org\/sitio\/wp-content\/uploads\/2021\/07\/Jose-28-julio_2-300x225.jpg 300w, https:\/\/iumotril.org\/sitio\/wp-content\/uploads\/2021\/07\/Jose-28-julio_2-768x576.jpg 768w, https:\/\/iumotril.org\/sitio\/wp-content\/uploads\/2021\/07\/Jose-28-julio_2.jpg 1024w\" sizes=\"auto, (max-width: 453px) 100vw, 453px\" \/><figcaption id=\"caption-attachment-7624\" class=\"wp-caption-text\">Jose Llorente, concejal de IU-Equo<\/figcaption><\/figure>\r\n<p style=\"text-align: justify;\">El edil de IU-Equo ha destacado entre estas <a href=\"https:\/\/www.ideal.es\/granada\/quinta-falta-sustituciones-20210727180827-nt.html\">deficiencias<\/a>, las dificultades para la tramitaci\u00f3n de asuntos en administraci\u00f3n, la <strong>tardanza en las citas<\/strong> para consultas m\u00e9dicas, especialmente para atenci\u00f3n presencial, as\u00ed como para la realizaci\u00f3n de anal\u00edticas y pruebas diagn\u00f3sticas o para pasar <strong>consulta con los especialistas.<\/strong><\/p>\r\n<p style=\"text-align: justify;\">Problemas, todos ellos, que lejos de estar solucion\u00e1ndose, se est\u00e1n enquistando, corriendo el riesgo de \u201cconvertirse en problemas cr\u00f3nicos de la sanidad p\u00fablica andaluza\u201d, ha afirmado.<\/p>\r\n<p style=\"text-align: justify;\">A estas deficiencias en el funcionamiento de la atenci\u00f3n sanitaria se le une la falta de previsi\u00f3n y de voluntad para sustituir al <strong>personal sanitario en sus vacaciones<\/strong> y de cubrir estas ausencias para prestar los servicios b\u00e1sicos que garanticen una atenci\u00f3n sanitaria adecuada.<\/p>\r\n<p style=\"text-align: justify;\">Seg\u00fan Llorente, la falta de personal tiene unas evidentes consecuencias negativas en la atenci\u00f3n a los usuarios y est\u00e1 dando lugar a \u201csituaciones indeseables\u201d en las que se han llegado a producir <strong>agresiones f\u00edsicas o verbales<\/strong> hacia los profesionales \u201cde todo punto intolerables\u201d.<\/p>\r\n<p style=\"text-align: justify;\">El concejal de IU-Equo ha reprochado <strong>el silencio de la alcaldesa de Motril<\/strong>, que \u201cno ha abierto la boca\u201d para reclamar al gobierno andaluz la soluci\u00f3n a estos problemas que est\u00e1n afectando de una manera importante a la calidad de la atenci\u00f3n en los centros de salud y en el hospital de Motril.<\/p>\r\n<p style=\"text-align: justify;\">Llama la atenci\u00f3n este \u201csilencio c\u00f3mplice\u201d, cuando hemos visto que no es infrecuente que la alcaldesa plante \u201cexigencias\u201d al gobierno de Espa\u00f1a, reclamando determinadas actuaciones, ha criticado Llorente.<\/p>\r\n<p style=\"text-align: justify;\">Desde IU-Equo reclamamos al gobierno andaluz una<strong> mayor inversi\u00f3n en Sanidad,<\/strong> con el fin de blindar el sistema como servicio p\u00fablico universal y esencial.<\/p>\r\n<p style=\"text-align: justify;\">En este sentido, entre las propuestas que se trasladan al pleno para su consideraci\u00f3n se incluye el refuerzo de las plantillas en Atenci\u00f3n Primaria y la adopci\u00f3n de las medidas necesarias para <strong>reducir las listas de espera<\/strong> y recuperar las urgencias suprimidas.<\/p>\r\n","protected":false},"excerpt":{"rendered":"<p>Denuncia el mal funcionamiento del sistema sanitario que se evidencia en las dificultades de tramitaci\u00f3n de asuntos en administraci\u00f3n, la demora en dar citas para consultas m\u00e9dicas, para la realizaci\u00f3n de anal\u00edticas, la realizaci\u00f3n de pruebas diagn\u00f3sticas o para pasar consulta con los especialistas. A estas deficiencias en el funcionamiento de la atenci\u00f3n sanitaria se le une la falta de previsi\u00f3n y de voluntad para sustituir al personal sanitario en sus vacaciones y de cubrir estas ausencias para cubrir los servicios b\u00e1sicos que garanticen una atenci\u00f3n sanitaria adecuada.<br \/>\nDesde IU-Equo reclamamos al gobierno andaluz una mayor inversi\u00f3n en Sanidad, con el fin de blindar el sistema como servicio p\u00fablico universal y esencial.<\/p>\n<p>En este sentido, entre las propuestas que se trasladan al pleno para su consideraci\u00f3n se incluye el refuerzo de las plantillas en Atenci\u00f3n Primaria y la adopci\u00f3n de las medidas necesarias para reducir las listas de espera y recuperar las urgencias suprimidas.<\/p>\n","protected":false},"author":1,"featured_media":0,"comment_status":"open","ping_status":"open","sticky":false,"template":"","format":"standard","meta":{"cybocfi_hide_featured_image":"","_jetpack_newsletter_access":"","_jetpack_dont_email_post_to_subs":false,"_jetpack_newsletter_tier_id":0,"_jetpack_memberships_contains_paywalled_content":false,"_jetpack_memberships_contains_paid_content":false,"footnotes":""},"categories":[265],"tags":[1680,1678,1681,981,1679],"class_list":["post-7618","post","type-post","status-publish","format-standard","hentry","category-esta-pasando","tag-atencion-presencial","tag-atencion-primeria","tag-centros-de-salud","tag-sanidad","tag-sistema-andaluz-de-salud"],"jetpack_featured_media_url":"","jetpack_sharing_enabled":true,"jetpack_shortlink":"https:\/\/wp.me\/p4QsU5-1YS","jetpack-related-posts":[{"id":8910,"url":"https:\/\/iumotril.org\/sitio\/iu-equo-reclama-la-mejora-de-la-atencion-sanitaria-en-los-centros-de-salud-y-en-el-hospital-de-motril\/","url_meta":{"origin":7618,"position":0},"title":"IU-Equo reclama la mejora de la atenci\u00f3n sanitaria en los Centros de Salud y en el Hospital de Motril","author":"Izquierda Unida Motril","date":"23 febrero, 2023","format":false,"excerpt":"Adem\u00e1s del refuerzo de las plantillas del personal en los centros de salud de Motril, en la moci\u00f3n que ha registrado IU-Equo para su debate en el pr\u00f3ximo Pleno se reclama a la Consejer\u00eda de Salud y Consumo de la Junta de Andaluc\u00eda la ejecuci\u00f3n del proyecto de ampliaci\u00f3n del\u2026","rel":"","context":"En \u00abAyuntamiento\u00bb","block_context":{"text":"Ayuntamiento","link":"https:\/\/iumotril.org\/sitio\/category\/ayuntamiento\/"},"img":{"alt_text":"","src":"https:\/\/i0.wp.com\/iumotril.org\/sitio\/wp-content\/uploads\/2023\/02\/327186763_5753997604713864_8247334106473826344_n.png?resize=350%2C200&ssl=1","width":350,"height":200,"srcset":"https:\/\/i0.wp.com\/iumotril.org\/sitio\/wp-content\/uploads\/2023\/02\/327186763_5753997604713864_8247334106473826344_n.png?resize=350%2C200&ssl=1 1x, https:\/\/i0.wp.com\/iumotril.org\/sitio\/wp-content\/uploads\/2023\/02\/327186763_5753997604713864_8247334106473826344_n.png?resize=525%2C300&ssl=1 1.5x, https:\/\/i0.wp.com\/iumotril.org\/sitio\/wp-content\/uploads\/2023\/02\/327186763_5753997604713864_8247334106473826344_n.png?resize=700%2C400&ssl=1 2x, https:\/\/i0.wp.com\/iumotril.org\/sitio\/wp-content\/uploads\/2023\/02\/327186763_5753997604713864_8247334106473826344_n.png?resize=1050%2C600&ssl=1 3x, https:\/\/i0.wp.com\/iumotril.org\/sitio\/wp-content\/uploads\/2023\/02\/327186763_5753997604713864_8247334106473826344_n.png?resize=1400%2C800&ssl=1 4x"},"classes":[]},{"id":6861,"url":"https:\/\/iumotril.org\/sitio\/inma-omiste-reclama-reforzar-la-atencion-primaria-y-los-servicios-de-atencion-telefonica-sanitaria\/","url_meta":{"origin":7618,"position":1},"title":"Inma Omiste reclama reforzar la Atenci\u00f3n Primaria y los servicios de atenci\u00f3n telef\u00f3nica sanitaria","author":"Izquierda Unida Motril","date":"4 noviembre, 2020","format":false,"excerpt":"Desde IU-Equo se considera que la realidad en Andaluc\u00eda en cuanto a la Atenci\u00f3n Primaria es, cuando menos, desoladora. Seg\u00fan sostienen, los Centros de Atenci\u00f3n Primaria deben ser la piedra angular sobre la que se sustenten la detecci\u00f3n, el rastreo y el seguimiento de los nuevos casos de Covid, as\u00ed\u2026","rel":"","context":"En \u00abCovid_19\u00bb","block_context":{"text":"Covid_19","link":"https:\/\/iumotril.org\/sitio\/category\/covid_19\/"},"img":{"alt_text":"","src":"https:\/\/i0.wp.com\/iumotril.org\/sitio\/wp-content\/uploads\/2020\/11\/Inma-4-noviembre.jpg?resize=350%2C200","width":350,"height":200},"classes":[]},{"id":10908,"url":"https:\/\/iumotril.org\/sitio\/el-grupo-municipal-iu-presenta-una-iniciativa-en-la-que-se-instara-a-la-junta-de-andalucia-a-publicar-antes-de-que-finalice-el-ano-las-listas-de-espera-y-los-tiempos-de-demora-para-la-realizacion-de\/","url_meta":{"origin":7618,"position":2},"title":"IU presenta una moci\u00f3n para instar a la Junta de Andaluc\u00eda a publicar las listas de espera y los tiempos de demora para la realizaci\u00f3n de todas las pruebas diagn\u00f3sticas.","author":"Izquierda Unida Motril","date":"22 diciembre, 2025","format":false,"excerpt":"\u201cA pesar de que la Junta de Andaluc\u00eda afirma mejoras sustanciales en la atenci\u00f3n sanitaria, la falta de transparencia en esta informaci\u00f3n impide contrastar estas afirmaciones y dificulta la evaluaci\u00f3n de pol\u00edticas p\u00fablicas de salud. Adem\u00e1s, hay que resaltar que la publicaci\u00f3n de estos datos no solo es posible, sino\u2026","rel":"","context":"En \u00abAyuntamiento\u00bb","block_context":{"text":"Ayuntamiento","link":"https:\/\/iumotril.org\/sitio\/category\/ayuntamiento\/"},"img":{"alt_text":"","src":"https:\/\/i0.wp.com\/iumotril.org\/sitio\/wp-content\/uploads\/2025\/12\/MOCIONES-scaled.jpg?resize=350%2C200&ssl=1","width":350,"height":200,"srcset":"https:\/\/i0.wp.com\/iumotril.org\/sitio\/wp-content\/uploads\/2025\/12\/MOCIONES-scaled.jpg?resize=350%2C200&ssl=1 1x, https:\/\/i0.wp.com\/iumotril.org\/sitio\/wp-content\/uploads\/2025\/12\/MOCIONES-scaled.jpg?resize=525%2C300&ssl=1 1.5x, https:\/\/i0.wp.com\/iumotril.org\/sitio\/wp-content\/uploads\/2025\/12\/MOCIONES-scaled.jpg?resize=700%2C400&ssl=1 2x, https:\/\/i0.wp.com\/iumotril.org\/sitio\/wp-content\/uploads\/2025\/12\/MOCIONES-scaled.jpg?resize=1050%2C600&ssl=1 3x, https:\/\/i0.wp.com\/iumotril.org\/sitio\/wp-content\/uploads\/2025\/12\/MOCIONES-scaled.jpg?resize=1400%2C800&ssl=1 4x"},"classes":[]},{"id":9898,"url":"https:\/\/iumotril.org\/sitio\/exigimos-mejoras-en-la-sanidad-publica-andaluza-nos-sumamos-a-las-movilizaciones-convocadas-el-domingo-7-de-abril-en-defensa-de-la-sanidad\/","url_meta":{"origin":7618,"position":3},"title":"Exigimos mejoras en la Sanidad p\u00fablica andaluza. Nos sumamos a las movilizaciones convocadas el domingo, 7 de abril en defensa de la sanidad","author":"Izquierda Unida Motril","date":"4 abril, 2024","format":false,"excerpt":"Inma Omiste ha se\u00f1alado que es evidente la preocupaci\u00f3n de la ciudadan\u00eda por el deterioro de la sanidad en Andaluc\u00eda expresada en el incremento de las listas de espera que se sit\u00faa en el mill\u00f3n de personas (el 12% de la poblaci\u00f3n andaluza), el n\u00famero de pacientes pendientes de una\u2026","rel":"","context":"En \u00abAyuntamiento\u00bb","block_context":{"text":"Ayuntamiento","link":"https:\/\/iumotril.org\/sitio\/category\/ayuntamiento\/"},"img":{"alt_text":"","src":"https:\/\/i0.wp.com\/iumotril.org\/sitio\/wp-content\/uploads\/2024\/04\/Tu-salud-Tu-derecho-Nuestra-sanidad.jpg?resize=350%2C200&ssl=1","width":350,"height":200,"srcset":"https:\/\/i0.wp.com\/iumotril.org\/sitio\/wp-content\/uploads\/2024\/04\/Tu-salud-Tu-derecho-Nuestra-sanidad.jpg?resize=350%2C200&ssl=1 1x, https:\/\/i0.wp.com\/iumotril.org\/sitio\/wp-content\/uploads\/2024\/04\/Tu-salud-Tu-derecho-Nuestra-sanidad.jpg?resize=525%2C300&ssl=1 1.5x, https:\/\/i0.wp.com\/iumotril.org\/sitio\/wp-content\/uploads\/2024\/04\/Tu-salud-Tu-derecho-Nuestra-sanidad.jpg?resize=700%2C400&ssl=1 2x, https:\/\/i0.wp.com\/iumotril.org\/sitio\/wp-content\/uploads\/2024\/04\/Tu-salud-Tu-derecho-Nuestra-sanidad.jpg?resize=1050%2C600&ssl=1 3x"},"classes":[]},{"id":6556,"url":"https:\/\/iumotril.org\/sitio\/izquierda-unida-exige-al-ayuntamiento-y-a-la-junta-que-garanticen-una-vuelta-segura-a-las-aulas\/","url_meta":{"origin":7618,"position":4},"title":"Izquierda Unida exige al ayuntamiento y a la Junta que garanticen una vuelta segura a las aulas","author":"Izquierda Unida Motril","date":"28 julio, 2020","format":false,"excerpt":"El parlamentario andaluz de Izquierda Unida ha reclamado a la Junta de Andaluc\u00eda un Plan que permita garantizar un comienzo de curso seguro y que haga posible la incorporaci\u00f3n presencial del alumnado a los centros educativos andaluces de cara al nuevo curso escolar. Inma Omiste, ha reclamado al Ayuntamiento de\u2026","rel":"","context":"En \u00abCovid_19\u00bb","block_context":{"text":"Covid_19","link":"https:\/\/iumotril.org\/sitio\/category\/covid_19\/"},"img":{"alt_text":"","src":"https:\/\/i0.wp.com\/iumotril.org\/sitio\/wp-content\/uploads\/2020\/07\/Chus-Fernandez-28-julio-300x300.jpg?resize=350%2C200","width":350,"height":200},"classes":[]},{"id":6484,"url":"https:\/\/iumotril.org\/sitio\/iu-equo-propone-reclamar-a-los-gobiernos-central-y-autonomico-un-sistema-de-residencias-de-mayores-publico-universal-y-de-calidad\/","url_meta":{"origin":7618,"position":5},"title":"IU-Equo propone reclamar a los gobiernos central y auton\u00f3mico un sistema de residencias de mayores p\u00fablico, universal y de calidad","author":"Izquierda Unida Motril","date":"25 junio, 2020","format":false,"excerpt":"La privatizaci\u00f3n y mercantilizaci\u00f3n de los cuidados han ido convirtiendo el modelo de residencias de cuidados de mayores en una suerte de factor\u00edas de atenci\u00f3n no personalizadas, orientadas por la l\u00f3gica mercantil y gestionadas por fondos de inversi\u00f3n no especializados. Adem\u00e1s del impulso de un sistema de residencias p\u00fablico y\u2026","rel":"","context":"En \u00abCovid_19\u00bb","block_context":{"text":"Covid_19","link":"https:\/\/iumotril.org\/sitio\/category\/covid_19\/"},"img":{"alt_text":"","src":"https:\/\/i0.wp.com\/iumotril.org\/sitio\/wp-content\/uploads\/2020\/06\/Jose-Llorente-26-junio_2-768x1024.jpg?resize=350%2C200","width":350,"height":200,"srcset":"https:\/\/i0.wp.com\/iumotril.org\/sitio\/wp-content\/uploads\/2020\/06\/Jose-Llorente-26-junio_2-768x1024.jpg?resize=350%2C200 1x, https:\/\/i0.wp.com\/iumotril.org\/sitio\/wp-content\/uploads\/2020\/06\/Jose-Llorente-26-junio_2-768x1024.jpg?resize=525%2C300 1.5x"},"classes":[]}],"jetpack_likes_enabled":true,"_links":{"self":[{"href":"https:\/\/iumotril.org\/sitio\/wp-json\/wp\/v2\/posts\/7618","targetHints":{"allow":["GET"]}}],"collection":[{"href":"https:\/\/iumotril.org\/sitio\/wp-json\/wp\/v2\/posts"}],"about":[{"href":"https:\/\/iumotril.org\/sitio\/wp-json\/wp\/v2\/types\/post"}],"author":[{"embeddable":true,"href":"https:\/\/iumotril.org\/sitio\/wp-json\/wp\/v2\/users\/1"}],"replies":[{"embeddable":true,"href":"https:\/\/iumotril.org\/sitio\/wp-json\/wp\/v2\/comments?post=7618"}],"version-history":[{"count":9,"href":"https:\/\/iumotril.org\/sitio\/wp-json\/wp\/v2\/posts\/7618\/revisions"}],"predecessor-version":[{"id":7638,"href":"https:\/\/iumotril.org\/sitio\/wp-json\/wp\/v2\/posts\/7618\/revisions\/7638"}],"wp:attachment":[{"href":"https:\/\/iumotril.org\/sitio\/wp-json\/wp\/v2\/media?parent=7618"}],"wp:term":[{"taxonomy":"category","embeddable":true,"href":"https:\/\/iumotril.org\/sitio\/wp-json\/wp\/v2\/categories?post=7618"},{"taxonomy":"post_tag","embeddable":true,"href":"https:\/\/iumotril.org\/sitio\/wp-json\/wp\/v2\/tags?post=7618"}],"curies":[{"name":"wp","href":"https:\/\/api.w.org\/{rel}","templated":true}]}}