{"id":7616,"date":"2021-07-28T12:17:33","date_gmt":"2021-07-28T10:17:33","guid":{"rendered":"http:\/\/iumotril.org\/sitio\/?p=7616"},"modified":"2021-07-28T12:17:33","modified_gmt":"2021-07-28T10:17:33","slug":"iu-equo-pide-al-ayuntamiento-la-reordenacion-de-la-jardineria-con-especies-autoctonas","status":"publish","type":"post","link":"https:\/\/iumotril.org\/sitio\/iu-equo-pide-al-ayuntamiento-la-reordenacion-de-la-jardineria-con-especies-autoctonas\/","title":{"rendered":"IU-Equo pide al ayuntamiento la reordenaci\u00f3n de la jardiner\u00eda con especies aut\u00f3ctonas"},"content":{"rendered":"<p style=\"text-align: justify;\"><span style=\"color: #993300;\">Alerta de los riesgos ambientales de determinadas especies, como el plumero de la pampa, que se ha extendido por la vega de Motril, solares abandonados, riberas de las ramblas y espacios protegidos, como la Charca de Su\u00e1rez.<\/span><\/p>\r\n<p style=\"text-align: justify;\"><span style=\"color: #993300;\">Reclama la erradicaci\u00f3n de especies invasoras y su sustituci\u00f3n por plantas aut\u00f3ctonas en las zonas ajardinadas y en espacios naturales.<\/span><\/p>\r\n<p style=\"text-align: justify;\">Seg\u00fan se se\u00f1ala en la moci\u00f3n que el Grupo Municipal presenta al pr\u00f3ximo pleno municipal, determinadas <strong>especies vegetales ex\u00f3ticas<\/strong> se est\u00e1n expandiendo r\u00e1pidamente y sustituyendo a las especies aut\u00f3ctonas en diferentes h\u00e1bitats del municipio, especialmente en aquellos que se encuentran degradados.<\/p>\r\n<figure id=\"attachment_7621\" aria-describedby=\"caption-attachment-7621\" style=\"width: 405px\" class=\"wp-caption alignleft\"><img loading=\"lazy\" decoding=\"async\" data-attachment-id=\"7621\" data-permalink=\"https:\/\/iumotril.org\/sitio\/iu-equo-pide-al-ayuntamiento-la-reordenacion-de-la-jardineria-con-especies-autoctonas\/inma-28-julio-3\/\" data-orig-file=\"https:\/\/iumotril.org\/sitio\/wp-content\/uploads\/2021\/07\/Inma-28-julio.jpg\" data-orig-size=\"1024,768\" data-comments-opened=\"1\" data-image-meta=\"{&quot;aperture&quot;:&quot;0&quot;,&quot;credit&quot;:&quot;&quot;,&quot;camera&quot;:&quot;&quot;,&quot;caption&quot;:&quot;&quot;,&quot;created_timestamp&quot;:&quot;0&quot;,&quot;copyright&quot;:&quot;&quot;,&quot;focal_length&quot;:&quot;0&quot;,&quot;iso&quot;:&quot;0&quot;,&quot;shutter_speed&quot;:&quot;0&quot;,&quot;title&quot;:&quot;&quot;,&quot;orientation&quot;:&quot;0&quot;}\" data-image-title=\"Inma 28 julio\" data-image-description=\"\" data-image-caption=\"\" data-large-file=\"https:\/\/iumotril.org\/sitio\/wp-content\/uploads\/2021\/07\/Inma-28-julio.jpg\" class=\"wp-image-7621 \" src=\"https:\/\/iumotril.org\/sitio\/wp-content\/uploads\/2021\/07\/Inma-28-julio-300x225.jpg\" alt=\"\" width=\"405\" height=\"304\" srcset=\"https:\/\/iumotril.org\/sitio\/wp-content\/uploads\/2021\/07\/Inma-28-julio-300x225.jpg 300w, https:\/\/iumotril.org\/sitio\/wp-content\/uploads\/2021\/07\/Inma-28-julio-768x576.jpg 768w, https:\/\/iumotril.org\/sitio\/wp-content\/uploads\/2021\/07\/Inma-28-julio.jpg 1024w\" sizes=\"auto, (max-width: 405px) 100vw, 405px\" \/><figcaption id=\"caption-attachment-7621\" class=\"wp-caption-text\">Inma Omiste, portavoz de IU-Equo<\/figcaption><\/figure>\r\n<p style=\"text-align: justify;\">La proliferaci\u00f3n de estas <strong>especies invasoras<\/strong> tiene como consecuencia, finalmente, la modificaci\u00f3n del paisaje, <strong>alterando definitivamente el ecosistema,<\/strong> como resulta claramente comprobable si se recorre determinadas zonas de la ciudad y su entorno m\u00e1s cercano.<\/p>\r\n<p style=\"text-align: justify;\">La portavoz de IU-Equo, Inma Omiste, ha informado de que con esta moci\u00f3n su Grupo pretende que, desde el \u00c1rea de Parques y Jardines municipal se aborde este problema para su soluci\u00f3n. En la \u201cprevenci\u00f3n y r\u00e1pida actuaci\u00f3n\u201d puede radicar el \u00e9xito de contener y corregir el problema que causan las especies ex\u00f3ticas invasoras, ha se\u00f1alado.<\/p>\r\n<p style=\"text-align: justify;\">La mayor\u00eda de estas especies se han introducido voluntariamente en la jardiner\u00eda, en la silvicultura y en otros aprovechamientos por lo que corresponde a los gestores de los espacios p\u00fablicos y de los jardines abordar y solucionar esta situaci\u00f3n para evitar un mayor deterioro medioambiental.<\/p>\r\n<p style=\"text-align: justify;\">El Grupo Municipal de IU-Equo propone en su iniciativa que, en primer lugar, se realice un \u201c<strong>inventario de las especies ex\u00f3ticas invasoras<\/strong>\u201d presentes en los jardines de Motril, eliminando las actualmente existentes.<\/p>\r\n<p style=\"text-align: justify;\">Se trata, finalmente, seg\u00fan ha informado su portavoz, de <strong>\u201creordenar la jardiner\u00eda de nuestro municipio\u201d<\/strong> mediante la progresiva sustituci\u00f3n de especies ex\u00f3ticas por <strong>plantas de car\u00e1cter aut\u00f3ctono,<\/strong> tanto en zonas ajardinadas como en la periferia de los espacios naturales del municipio.<\/p>\r\n","protected":false},"excerpt":{"rendered":"<p>La proliferaci\u00f3n de estas especies invasoras tiene como consecuencia, finalmente, la modificaci\u00f3n del paisaje, alterando definitivamente el ecosistema, como resulta claramente comprobable si se recorre determinadas zonas de la ciudad y su entorno m\u00e1s cercano.<br \/>\nLa mayor\u00eda de estas especies se han introducido voluntariamente en la jardiner\u00eda, en la silvicultura y en otros aprovechamientos por lo que corresponde a los gestores de los espacios p\u00fablicos y de los jardines abordar y solucionar esta situaci\u00f3n para evitar un mayor deterioro medioambiental.<br \/>\nEl Grupo Municipal de IU-Equo propone en su iniciativa que, en primer lugar, se realice un \u201cinventario de las especies ex\u00f3ticas invasoras\u201d presentes en los jardines de Motril, eliminando las actualmente existentes.<br \/>\nSe trata, finalmente, seg\u00fan ha informado su portavoz, de \u201creordenar la jardiner\u00eda de nuestro municipio\u201d mediante la progresiva sustituci\u00f3n de especies ex\u00f3ticas por plantas de car\u00e1cter aut\u00f3ctono, tanto en zonas ajardinadas como en la periferia de los espacios naturales del municipio. <\/p>\n","protected":false},"author":1,"featured_media":0,"comment_status":"open","ping_status":"open","sticky":false,"template":"","format":"standard","meta":{"cybocfi_hide_featured_image":"","_jetpack_newsletter_access":"","_jetpack_dont_email_post_to_subs":false,"_jetpack_newsletter_tier_id":0,"_jetpack_memberships_contains_paywalled_content":false,"_jetpack_memberships_contains_paid_content":false,"footnotes":""},"categories":[265],"tags":[1677,1675,1674,1676,98],"class_list":["post-7616","post","type-post","status-publish","format-standard","hentry","category-esta-pasando","tag-espacios-naturales","tag-especies-autoctonas","tag-especies-vegetales-invasoras","tag-jardineria","tag-medio-ambiente"],"jetpack_featured_media_url":"","jetpack_sharing_enabled":true,"jetpack_shortlink":"https:\/\/wp.me\/p4QsU5-1YQ","jetpack-related-posts":[{"id":3868,"url":"https:\/\/iumotril.org\/sitio\/un-plan-de-gestion-del-arbolado-para-motril\/","url_meta":{"origin":7616,"position":0},"title":"Un Plan de Gesti\u00f3n del Arbolado para Motril","author":"Izquierda Unida Motril","date":"24 septiembre, 2018","format":false,"excerpt":"Defendemos un modelo de ciudad en el que uno de sus ejes transversales sea el respeto al medio ambiente y a los recursos naturales para contribuir, de ese modo, a la configuraci\u00f3n de espacios de convivencia ciudadana que mejoren el bienestar y la calidad de vida de los motrile\u00f1os y\u2026","rel":"","context":"En \u00abCiudad\u00bb","block_context":{"text":"Ciudad","link":"https:\/\/iumotril.org\/sitio\/category\/ciudad\/"},"img":{"alt_text":"","src":"https:\/\/i0.wp.com\/iumotril.org\/sitio\/wp-content\/uploads\/2018\/09\/Inma-y-Christian_rprensa-24-septiembre-1024x498.jpg?resize=350%2C200","width":350,"height":200,"srcset":"https:\/\/i0.wp.com\/iumotril.org\/sitio\/wp-content\/uploads\/2018\/09\/Inma-y-Christian_rprensa-24-septiembre-1024x498.jpg?resize=350%2C200 1x, https:\/\/i0.wp.com\/iumotril.org\/sitio\/wp-content\/uploads\/2018\/09\/Inma-y-Christian_rprensa-24-septiembre-1024x498.jpg?resize=525%2C300 1.5x"},"classes":[]},{"id":8976,"url":"https:\/\/iumotril.org\/sitio\/iu-equo-pide-la-elaboracion-de-un-plan-de-gestion-municipal-del-arbolado-para-evitar-talas-indiscriminadas-en-la-ciudad\/","url_meta":{"origin":7616,"position":1},"title":"IU-Equo pide la elaboraci\u00f3n de un plan de gesti\u00f3n municipal del arbolado para evitar talas indiscriminadas en la ciudad","author":"Izquierda Unida Motril","date":"29 marzo, 2023","format":false,"excerpt":"IU-Equo reitera su exigencia para\u00a0 la elaboraci\u00f3n de dicho Plan, adem\u00e1s de una mayor transparencia y participaci\u00f3n ciudadana en el caso de tala de ejemplares\u00a0 que afecten al entorno urbano y al bienestar de los vecinos y de las vecinas. En la moci\u00f3n que se debatir\u00e1 en el pr\u00f3ximo pleno,\u2026","rel":"","context":"En \u00abAyuntamiento\u00bb","block_context":{"text":"Ayuntamiento","link":"https:\/\/iumotril.org\/sitio\/category\/ayuntamiento\/"},"img":{"alt_text":"","src":"https:\/\/i0.wp.com\/iumotril.org\/sitio\/wp-content\/uploads\/2023\/03\/Araboles-san-antonio-2.jpg?resize=350%2C200&ssl=1","width":350,"height":200,"srcset":"https:\/\/i0.wp.com\/iumotril.org\/sitio\/wp-content\/uploads\/2023\/03\/Araboles-san-antonio-2.jpg?resize=350%2C200&ssl=1 1x, https:\/\/i0.wp.com\/iumotril.org\/sitio\/wp-content\/uploads\/2023\/03\/Araboles-san-antonio-2.jpg?resize=525%2C300&ssl=1 1.5x, https:\/\/i0.wp.com\/iumotril.org\/sitio\/wp-content\/uploads\/2023\/03\/Araboles-san-antonio-2.jpg?resize=700%2C400&ssl=1 2x"},"classes":[]},{"id":10959,"url":"https:\/\/iumotril.org\/sitio\/izquierda-unida-pide-mayor-proteccion-para-la-charca-de-suarez-2\/","url_meta":{"origin":7616,"position":2},"title":"Izquierda Unida pide mayor protecci\u00f3n para la Charca de Su\u00e1rez","author":"Izquierda Unida Motril","date":"10 febrero, 2026","format":false,"excerpt":"Responsables de IU han criticado la falta del necesario compromiso por parte de las administraciones local y auton\u00f3mica con la Charca de Su\u00e1rez, el humedal costero m\u00e1s importante del litoral granadino.","rel":"","context":"En \u00abAyuntamiento\u00bb","block_context":{"text":"Ayuntamiento","link":"https:\/\/iumotril.org\/sitio\/category\/ayuntamiento\/"},"img":{"alt_text":"","src":"https:\/\/i0.wp.com\/iumotril.org\/sitio\/wp-content\/uploads\/2025\/04\/inma-playa-granada-scaled-e1770714959392.jpeg?resize=350%2C200&ssl=1","width":350,"height":200,"srcset":"https:\/\/i0.wp.com\/iumotril.org\/sitio\/wp-content\/uploads\/2025\/04\/inma-playa-granada-scaled-e1770714959392.jpeg?resize=350%2C200&ssl=1 1x, https:\/\/i0.wp.com\/iumotril.org\/sitio\/wp-content\/uploads\/2025\/04\/inma-playa-granada-scaled-e1770714959392.jpeg?resize=525%2C300&ssl=1 1.5x, https:\/\/i0.wp.com\/iumotril.org\/sitio\/wp-content\/uploads\/2025\/04\/inma-playa-granada-scaled-e1770714959392.jpeg?resize=700%2C400&ssl=1 2x"},"classes":[]},{"id":9957,"url":"https:\/\/iumotril.org\/sitio\/iu-verdes-equo-propone-la-habilitacion-de-zonas-de-sombra-en-espacios-publicos-y-parques-infantiles\/","url_meta":{"origin":7616,"position":3},"title":"IU Verdes Equo propone la habilitaci\u00f3n de zonas de sombra en espacios p\u00fablicos y parques infantiles","author":"Izquierda Unida Motril","date":"30 mayo, 2024","format":false,"excerpt":"Se\u00f1alan algunas localizaciones para que se proceda a la instalaci\u00f3n de espacios de sombra de forma prioritaria, como son la plaza de la Coronaci\u00f3n, la plaza de la Aurora, los espacios infantiles del parque de los Pueblos de Am\u00e9rica y la plaza de las Hermanas Mercedarias. Adem\u00e1s a\u00f1aden a esta\u2026","rel":"","context":"En \u00abAyuntamiento\u00bb","block_context":{"text":"Ayuntamiento","link":"https:\/\/iumotril.org\/sitio\/category\/ayuntamiento\/"},"img":{"alt_text":"","src":"https:\/\/i0.wp.com\/iumotril.org\/sitio\/wp-content\/uploads\/2024\/05\/plaza-coronacion.jpg?resize=350%2C200&ssl=1","width":350,"height":200},"classes":[]},{"id":519,"url":"https:\/\/iumotril.org\/sitio\/iu-denuncia-la-dejadez-del-ayuntamiento-de-motril-con-la-charca-de-suarez\/","url_meta":{"origin":7616,"position":4},"title":"IU denuncia la dejadez del Ayuntamiento de Motril con la Charca de Su\u00e1rez.","author":"Izquierda Unida Motril","date":"25 abril, 2015","format":false,"excerpt":"IU lamenta que, pese a disponer de una subvenci\u00f3n del 100% a trav\u00e9s de este Programa, se hayan dejado sin acometer actuaciones imprescindibles como el equipamiento del centro de interpretaci\u00f3n, que permitir\u00eda recibir a los visitantes de cruceros y turistas con la calidad que requiere este espacio, o los equipamientos\u2026","rel":"","context":"En \u00abAyuntamiento\u00bb","block_context":{"text":"Ayuntamiento","link":"https:\/\/iumotril.org\/sitio\/category\/ayuntamiento\/"},"img":{"alt_text":"Charca Su\u00e1rez","src":"https:\/\/i0.wp.com\/iumotril.org\/sitio\/wp-content\/uploads\/2015\/04\/Charca-Su%C3%A1rez.jpg?resize=350%2C200","width":350,"height":200,"srcset":"https:\/\/i0.wp.com\/iumotril.org\/sitio\/wp-content\/uploads\/2015\/04\/Charca-Su%C3%A1rez.jpg?resize=350%2C200 1x, https:\/\/i0.wp.com\/iumotril.org\/sitio\/wp-content\/uploads\/2015\/04\/Charca-Su%C3%A1rez.jpg?resize=525%2C300 1.5x"},"classes":[]},{"id":8849,"url":"https:\/\/iumotril.org\/sitio\/iu-equo-exige-al-gobierno-local-soluciones-urgentes-para-garantizar-la-apertura-normalizada-de-la-charca-de-suarez\/","url_meta":{"origin":7616,"position":5},"title":"IU-Equo exige al gobierno local soluciones urgentes para garantizar la apertura normalizada de la Charca de Su\u00e1rez","author":"Izquierda Unida Motril","date":"26 enero, 2023","format":false,"excerpt":"En los \u00faltimos seis meses la Charca de Su\u00e1rez no ha podido abrir sus instalaciones 38 d\u00edas por falta de personal. Apr\u00f3ximadamente la Charca ha permanecido cerrada durante cinco d\u00edas h\u00e1biles de cada mes. A pesar de que la alcaldesa se refiere a la reserva natural como \u201cuna de las\u2026","rel":"","context":"En \u00abAyuntamiento\u00bb","block_context":{"text":"Ayuntamiento","link":"https:\/\/iumotril.org\/sitio\/category\/ayuntamiento\/"},"img":{"alt_text":"","src":"https:\/\/i0.wp.com\/iumotril.org\/sitio\/wp-content\/uploads\/2023\/01\/Charca-de-Suarez.jpg?resize=350%2C200&ssl=1","width":350,"height":200,"srcset":"https:\/\/i0.wp.com\/iumotril.org\/sitio\/wp-content\/uploads\/2023\/01\/Charca-de-Suarez.jpg?resize=350%2C200&ssl=1 1x, https:\/\/i0.wp.com\/iumotril.org\/sitio\/wp-content\/uploads\/2023\/01\/Charca-de-Suarez.jpg?resize=525%2C300&ssl=1 1.5x, https:\/\/i0.wp.com\/iumotril.org\/sitio\/wp-content\/uploads\/2023\/01\/Charca-de-Suarez.jpg?resize=700%2C400&ssl=1 2x"},"classes":[]}],"jetpack_likes_enabled":true,"_links":{"self":[{"href":"https:\/\/iumotril.org\/sitio\/wp-json\/wp\/v2\/posts\/7616","targetHints":{"allow":["GET"]}}],"collection":[{"href":"https:\/\/iumotril.org\/sitio\/wp-json\/wp\/v2\/posts"}],"about":[{"href":"https:\/\/iumotril.org\/sitio\/wp-json\/wp\/v2\/types\/post"}],"author":[{"embeddable":true,"href":"https:\/\/iumotril.org\/sitio\/wp-json\/wp\/v2\/users\/1"}],"replies":[{"embeddable":true,"href":"https:\/\/iumotril.org\/sitio\/wp-json\/wp\/v2\/comments?post=7616"}],"version-history":[{"count":7,"href":"https:\/\/iumotril.org\/sitio\/wp-json\/wp\/v2\/posts\/7616\/revisions"}],"predecessor-version":[{"id":7628,"href":"https:\/\/iumotril.org\/sitio\/wp-json\/wp\/v2\/posts\/7616\/revisions\/7628"}],"wp:attachment":[{"href":"https:\/\/iumotril.org\/sitio\/wp-json\/wp\/v2\/media?parent=7616"}],"wp:term":[{"taxonomy":"category","embeddable":true,"href":"https:\/\/iumotril.org\/sitio\/wp-json\/wp\/v2\/categories?post=7616"},{"taxonomy":"post_tag","embeddable":true,"href":"https:\/\/iumotril.org\/sitio\/wp-json\/wp\/v2\/tags?post=7616"}],"curies":[{"name":"wp","href":"https:\/\/api.w.org\/{rel}","templated":true}]}}