{"id":7448,"date":"2021-05-18T15:29:29","date_gmt":"2021-05-18T13:29:29","guid":{"rendered":"http:\/\/iumotril.org\/sitio\/?p=7448"},"modified":"2021-05-18T15:29:29","modified_gmt":"2021-05-18T13:29:29","slug":"iu-equo-denuncia-la-privatizacion-encubierta-de-la-residencia-de-mayores-san-luis","status":"publish","type":"post","link":"https:\/\/iumotril.org\/sitio\/iu-equo-denuncia-la-privatizacion-encubierta-de-la-residencia-de-mayores-san-luis\/","title":{"rendered":"IU-Equo denuncia la privatizaci\u00f3n encubierta de la Residencia de Mayores San Luis"},"content":{"rendered":"<p style=\"text-align: justify;\"><span style=\"color: #993300;\">La p\u00e9rdida de efectivos en la plantilla de trabajadoras que viene produci\u00e9ndose en los \u00faltimos dos a\u00f1os, se est\u00e1 cubriendo con los servicios de una empresa externa cuyo contrato finaliz\u00f3 el pasado mes de diciembre.<\/span><\/p>\n<p style=\"text-align: justify;\"><span style=\"color: #993300;\">El gobierno local sigue sin cumplir con los compromisos adquiridos con la plantilla de la Residencia en cuanto a la valoraci\u00f3n y modificaci\u00f3n de la Relaci\u00f3n de puestos de trabajo.<\/span><\/p>\n<p style=\"text-align: justify;\">Actualmente la plantilla de auxiliares de cl\u00ednica\/gerocultores de la Residencia San Luis est\u00e1 integrada por 22 trabajadoras, 9 de ellas pertenecientes a una empresa externa. Las bajas y las vacantes que se van produciendo en la plantilla se cubren a trav\u00e9s de contratos con esta empresa de servicios, a pesar de que \u00e9sta no cuenta con un contrato en vigor con el Ayuntamiento de Motril.<\/p>\n<p style=\"text-align: justify;\">Seg\u00fan el representante de IU-Equo en el Consejo rector de la Residencia, Jose Llorente, <strong>el gobierno del PP y Ciudadanos <\/strong>est\u00e1 dejando caer el car\u00e1cter p\u00fablico de la Residencia San Luis deteriorando las condiciones laborales de las trabajadoras y externalizando progresivamente el servicio que ven\u00edan prestando las empleadas p\u00fablicas.<\/p>\n<p style=\"text-align: justify;\">Se trata de una estrategia de manual, en la que <strong>el Parido Popular es un verdadero experto<\/strong>: deteriorar un servicio p\u00fablico para hacerlo insostenible y, entonces, recatarlo a trav\u00e9s de manos privadas.<\/p>\n<figure id=\"attachment_7446\" aria-describedby=\"caption-attachment-7446\" style=\"width: 640px\" class=\"wp-caption aligncenter\"><img loading=\"lazy\" decoding=\"async\" data-attachment-id=\"7446\" data-permalink=\"https:\/\/iumotril.org\/sitio\/iu-equo-denuncia-la-privatizacion-encubierta-de-la-residencia-de-mayores-san-luis\/jose-llorente_-28-mayo\/\" data-orig-file=\"https:\/\/iumotril.org\/sitio\/wp-content\/uploads\/2021\/05\/Jose-Llorente_-28-mayo-scaled.jpg\" data-orig-size=\"2560,1920\" data-comments-opened=\"1\" data-image-meta=\"{&quot;aperture&quot;:&quot;2.2&quot;,&quot;credit&quot;:&quot;&quot;,&quot;camera&quot;:&quot;iPhone 6&quot;,&quot;caption&quot;:&quot;&quot;,&quot;created_timestamp&quot;:&quot;1621334765&quot;,&quot;copyright&quot;:&quot;&quot;,&quot;focal_length&quot;:&quot;4.15&quot;,&quot;iso&quot;:&quot;32&quot;,&quot;shutter_speed&quot;:&quot;0.03030303030303&quot;,&quot;title&quot;:&quot;&quot;,&quot;orientation&quot;:&quot;1&quot;}\" data-image-title=\"Jose Llorente_ 28 mayo\" data-image-description=\"\" data-image-caption=\"\" data-large-file=\"https:\/\/iumotril.org\/sitio\/wp-content\/uploads\/2021\/05\/Jose-Llorente_-28-mayo-1024x768.jpg\" class=\"wp-image-7446 size-large\" src=\"https:\/\/iumotril.org\/sitio\/wp-content\/uploads\/2021\/05\/Jose-Llorente_-28-mayo-1024x768.jpg\" alt=\"\" width=\"640\" height=\"480\" srcset=\"https:\/\/iumotril.org\/sitio\/wp-content\/uploads\/2021\/05\/Jose-Llorente_-28-mayo-1024x768.jpg 1024w, https:\/\/iumotril.org\/sitio\/wp-content\/uploads\/2021\/05\/Jose-Llorente_-28-mayo-300x225.jpg 300w, https:\/\/iumotril.org\/sitio\/wp-content\/uploads\/2021\/05\/Jose-Llorente_-28-mayo-768x576.jpg 768w, https:\/\/iumotril.org\/sitio\/wp-content\/uploads\/2021\/05\/Jose-Llorente_-28-mayo-1536x1152.jpg 1536w, https:\/\/iumotril.org\/sitio\/wp-content\/uploads\/2021\/05\/Jose-Llorente_-28-mayo-2048x1536.jpg 2048w\" sizes=\"auto, (max-width: 640px) 100vw, 640px\" \/><figcaption id=\"caption-attachment-7446\" class=\"wp-caption-text\">Jose Llorente, concejal de IU-Equo<\/figcaption><\/figure>\n<p style=\"text-align: justify;\">Rechazamos frontalmente cualquier tentaci\u00f3n privatizadora de los servicios p\u00fablicos y de un modo m\u00e1s rotundo, a\u00fan, si se trata de servicios de cuidado a personas mayores que debe ser uno de los pilares de los servicios que las administraciones p\u00fablicas presten a la ciudadan\u00eda, ha declarado el edil de IU-Equo y representante en el Consejo de San Luis.<\/p>\n<p style=\"text-align: justify;\">El representante de la formaci\u00f3n de izquierdas ha destacado la labor llevada a cabo por las trabajadoras de la Residencia durante este tiempo complicado de pandemia y ha reivindicado su profesionalidad ante la dram\u00e1tica situaci\u00f3n que han tenido que vivir destacando su papel como garantes de la calidad de los cuidados a nuestros mayores.<\/p>\n<p style=\"text-align: justify;\">Para el edil de IU-Equo y representante en el Consejo de la Residencia, el reconocimiento a la labor de los y las profesionales no puede consistir \u00fanicamente en colocar pancartas de agradecimiento a las puertas de la Residencia, en aplausos y en fotos de la alcaldesa y de su equipo all\u00ed congregadas.<\/p>\n<p style=\"text-align: justify;\">Lo que las trabajadoras, los usuarios y sus familias necesitan son unas <strong>condiciones dignas de trabajo para la plantilla<\/strong> que contribuyan a garantizar la eficacia y la calidad del servicio.<\/p>\n<p style=\"text-align: justify;\">La plantilla de San Luis merece <strong>m\u00e1s empat\u00eda por parte del gobierno local<\/strong> y menos numeritos propagand\u00edsticos de la alcaldesa Garc\u00eda Chamorro, ha declarado Llorente.<\/p>\n<p style=\"text-align: justify;\">El representante de IU-Equo ha criticado, asimismo, la utilizaci\u00f3n tramposa que el gobierno local est\u00e1 haciendo de las <a href=\"https:\/\/iumotril.org\/sitio\/el-gobierno-local-esta-utilizando-la-convocatoria-de-bolsas-de-trabajo-para-camuflar-la-falta-de-actuaciones-frente-al-desempleo-en-motril\/\"><strong>bolsas de empleo<\/strong><\/a>, como la recientemente aprobada para auxiliares de cl\u00ednica\/gerocultores en la Residencia, que ha sido solicitada por <strong>130 aspirantes<\/strong> de los que, finalmente, han sido seleccionados 57 de ellos para integrarla.<\/p>\n<p style=\"text-align: justify;\">Seg\u00fan se ha informado por parte de responsables municipales en la sesi\u00f3n del Consejo rector que se ha celebrado hoy, la bolsa, a pesar de su vigencia, no podr\u00e1 utilizarse, por cuestiones t\u00e9cnicas, para la cobertura de determinadas vacantes que se produzcan en la plantilla, por lo que su operatividad se ver\u00e1 restringida, dejando en la estacada a la mayor parte de sus integrantes.<\/p>\n<p style=\"text-align: justify;\">Para el edil de IU-Equo, el gobierno de Luisa Garc\u00eda Chamorro est\u00e1 utilizando la convocatoria indiscriminada de las bolsas de trabajo temporales para camuflar su nefasta gesti\u00f3n de los recursos humanos municipales y para maquillar su total ausencia de pol\u00edticas de empleos municipales que permitieran afrontar la grav\u00edsima situaci\u00f3n de desempleo en Motril, donde el pasado mes de abril se contabilizaron <strong>6.837 personas registradas en las listas del paro<\/strong>.<\/p>\n","protected":false},"excerpt":{"rendered":"<p>el gobierno del PP y Ciudadanos est\u00e1 dejando caer el car\u00e1cter p\u00fablico de la Residencia San Luis deteriorando las condiciones laborales de las trabajadoras y externalizando progresivamente el servicio que ven\u00edan prestando las empleadas p\u00fablicas.<br \/>\nSe trata de una estrategia de manual, en la que el Parido Popular es un verdadero experto: deteriorar un servicio p\u00fablico para hacerlo insostenible y, entonces, recatarlo a trav\u00e9s de manos privadas.<br \/>\nel reconocimiento a la labor de los y las profesionales no puede consistir \u00fanicamente en colocar pancartas de agradecimiento a las puertas de la Residencia, en aplausos y en fotos de la alcaldesa y de su equipo all\u00ed congregadas.<\/p>\n<p>Lo que las trabajadoras, los usuarios y sus familias necesitan son unas condiciones dignas de trabajo para la plantilla que contribuyan a garantizar la eficacia y la calidad del servicio.<br \/>\nLa plantilla de San Luis merece m\u00e1s empat\u00eda por parte del gobierno local y menos numeritos propagand\u00edsticos de la alcaldesa Garc\u00eda Chamorro,<\/p>\n","protected":false},"author":1,"featured_media":0,"comment_status":"open","ping_status":"open","sticky":false,"template":"","format":"standard","meta":{"cybocfi_hide_featured_image":"","_jetpack_newsletter_access":"","_jetpack_dont_email_post_to_subs":false,"_jetpack_newsletter_tier_id":0,"_jetpack_memberships_contains_paywalled_content":false,"_jetpack_memberships_contains_paid_content":false,"footnotes":""},"categories":[265],"tags":[1495,511,426,1638,229],"class_list":["post-7448","post","type-post","status-publish","format-standard","hentry","category-esta-pasando","tag-cuidados","tag-personas-mayores","tag-privatizaciones","tag-residencia-san-luis","tag-servicios-publicos"],"jetpack_featured_media_url":"","jetpack_sharing_enabled":true,"jetpack_shortlink":"https:\/\/wp.me\/p4QsU5-1W8","jetpack-related-posts":[{"id":7523,"url":"https:\/\/iumotril.org\/sitio\/iu-equo-pide-a-la-alcaldesa-que-acabe-con-el-desprecio-municipal-hacia-las-trabajadoras-de-la-residencia-de-mayores-san-luis\/","url_meta":{"origin":7448,"position":0},"title":"IU-Equo pide a la alcaldesa que acabe con el desprecio municipal hacia las trabajadoras de la Residencia de Mayores San Luis","author":"Izquierda Unida Motril","date":"16 junio, 2021","format":false,"excerpt":"Manteniendo la precariedad de las condiciones laborales de la plantilla se pretende, de alg\u00fan modo, el desmantelamiento de la Residencia como servicio p\u00fablico, su desprestigio y, finalmente, su privatizaci\u00f3n, una estrategia en la que el Partido Popular es un verdadero especialista. Para IU-Equo estamos ante otro ejemplo evidente de gesti\u00f3n\u2026","rel":"","context":"En \u00abdenuncia\u00bb","block_context":{"text":"denuncia","link":"https:\/\/iumotril.org\/sitio\/category\/denuncia\/"},"img":{"alt_text":"","src":"https:\/\/i0.wp.com\/iumotril.org\/sitio\/wp-content\/uploads\/2021\/06\/Jose-16-junio-768x1024.jpg?resize=350%2C200","width":350,"height":200,"srcset":"https:\/\/i0.wp.com\/iumotril.org\/sitio\/wp-content\/uploads\/2021\/06\/Jose-16-junio-768x1024.jpg?resize=350%2C200 1x, https:\/\/i0.wp.com\/iumotril.org\/sitio\/wp-content\/uploads\/2021\/06\/Jose-16-junio-768x1024.jpg?resize=525%2C300 1.5x"},"classes":[]},{"id":8982,"url":"https:\/\/iumotril.org\/sitio\/iu-equo-propone-mejoras-en-la-gestion-y-funcionamiento-de-la-residencia-de-personas-mayores-san-luis-para-garantizar-su-caracter-de-servicio-publico\/","url_meta":{"origin":7448,"position":1},"title":"IU-Equo propone mejoras en la gesti\u00f3n y funcionamiento de la Residencia de Personas Mayores San Luis para garantizar su car\u00e1cter de servicio p\u00fablico","author":"Izquierda Unida Motril","date":"30 marzo, 2023","format":false,"excerpt":"Desde IU-Equo se considera que la gesti\u00f3n que est\u00e1 llevando a cabo el gobierno municipal est\u00e1 poniendo en serio riesgo el car\u00e1cter p\u00fablico de San Luis, teniendo en cuenta que a lo largo de estos \u00faltimos cuatro a\u00f1os se han externalizado servicios de modo que, actualmente, el 45% de las\u2026","rel":"","context":"En \u00abAyuntamiento\u00bb","block_context":{"text":"Ayuntamiento","link":"https:\/\/iumotril.org\/sitio\/category\/ayuntamiento\/"},"img":{"alt_text":"","src":"https:\/\/i0.wp.com\/iumotril.org\/sitio\/wp-content\/uploads\/2023\/03\/IMG-8565-1024x768.jpg?resize=350%2C200&ssl=1","width":350,"height":200,"srcset":"https:\/\/i0.wp.com\/iumotril.org\/sitio\/wp-content\/uploads\/2023\/03\/IMG-8565-1024x768.jpg?resize=350%2C200&ssl=1 1x, https:\/\/i0.wp.com\/iumotril.org\/sitio\/wp-content\/uploads\/2023\/03\/IMG-8565-1024x768.jpg?resize=525%2C300&ssl=1 1.5x"},"classes":[]},{"id":8926,"url":"https:\/\/iumotril.org\/sitio\/iu-equo-denuncia-la-cobertura-de-vacantes-y-sustituciones-en-la-residencia-de-san-luis-a-traves-de-una-empresa-privada-a-pesar-de-existir-una-bolsa-de-empleo-vigente\/","url_meta":{"origin":7448,"position":2},"title":"IU-Equo denuncia la cobertura de vacantes y sustituciones en la Residencia de San Luis a trav\u00e9s de una empresa privada, a pesar de existir una bolsa de empleo vigente","author":"Izquierda Unida Motril","date":"7 marzo, 2023","format":false,"excerpt":"Los 57 profesionales que integran la bolsa, tras superar las pruebas selectivas, no han recibido ninguna informaci\u00f3n sobre la falta de operatividad de la misma, a pesar de su vigencia ni de los motivos por los que no se est\u00e1 recurriendo a ellos, frustrando de este modo sus expectativas e\u2026","rel":"","context":"En \u00abAyuntamiento\u00bb","block_context":{"text":"Ayuntamiento","link":"https:\/\/iumotril.org\/sitio\/category\/ayuntamiento\/"},"img":{"alt_text":"","src":"https:\/\/i0.wp.com\/iumotril.org\/sitio\/wp-content\/uploads\/2023\/03\/rp-RSL-1024x768.jpg?resize=350%2C200&ssl=1","width":350,"height":200,"srcset":"https:\/\/i0.wp.com\/iumotril.org\/sitio\/wp-content\/uploads\/2023\/03\/rp-RSL-1024x768.jpg?resize=350%2C200&ssl=1 1x, https:\/\/i0.wp.com\/iumotril.org\/sitio\/wp-content\/uploads\/2023\/03\/rp-RSL-1024x768.jpg?resize=525%2C300&ssl=1 1.5x"},"classes":[]},{"id":9008,"url":"https:\/\/iumotril.org\/sitio\/iu-equo-deplora-que-el-gobierno-local-rechace-medidas-para-asegurar-el-adecuado-funcionamiento-de-la-residencia-de-personas-mayores-de-san-luis\/","url_meta":{"origin":7448,"position":3},"title":"IU-Equo deplora que el gobierno local rechace medidas para asegurar el adecuado funcionamiento de la Residencia de Personas Mayores de San Luis","author":"Izquierda Unida Motril","date":"4 abril, 2023","format":false,"excerpt":"El gobierno de la se\u00f1ora Garc\u00eda Chamorro se ha desentendido interesadamente de la Residencia para avanzar en la privatizaci\u00f3n del servicio, lo que supondr\u00e1 una merma en la atenci\u00f3n a los residentes y una p\u00e9rdida de derechos para los trabajadores y trabajadoras. IU-Equo rechaza rotundamente la mercantilizaci\u00f3n de los cuidados,\u2026","rel":"","context":"En \u00abAyuntamiento\u00bb","block_context":{"text":"Ayuntamiento","link":"https:\/\/iumotril.org\/sitio\/category\/ayuntamiento\/"},"img":{"alt_text":"","src":"https:\/\/i0.wp.com\/iumotril.org\/sitio\/wp-content\/uploads\/2023\/04\/Inmna-Torres-y-Luisa-Imagen-de-Ahora-Costa.jpg?resize=350%2C200&ssl=1","width":350,"height":200,"srcset":"https:\/\/i0.wp.com\/iumotril.org\/sitio\/wp-content\/uploads\/2023\/04\/Inmna-Torres-y-Luisa-Imagen-de-Ahora-Costa.jpg?resize=350%2C200&ssl=1 1x, https:\/\/i0.wp.com\/iumotril.org\/sitio\/wp-content\/uploads\/2023\/04\/Inmna-Torres-y-Luisa-Imagen-de-Ahora-Costa.jpg?resize=525%2C300&ssl=1 1.5x, https:\/\/i0.wp.com\/iumotril.org\/sitio\/wp-content\/uploads\/2023\/04\/Inmna-Torres-y-Luisa-Imagen-de-Ahora-Costa.jpg?resize=700%2C400&ssl=1 2x, https:\/\/i0.wp.com\/iumotril.org\/sitio\/wp-content\/uploads\/2023\/04\/Inmna-Torres-y-Luisa-Imagen-de-Ahora-Costa.jpg?resize=1050%2C600&ssl=1 3x, https:\/\/i0.wp.com\/iumotril.org\/sitio\/wp-content\/uploads\/2023\/04\/Inmna-Torres-y-Luisa-Imagen-de-Ahora-Costa.jpg?resize=1400%2C800&ssl=1 4x"},"classes":[]},{"id":9677,"url":"https:\/\/iumotril.org\/sitio\/iu-verdes-equo-rechaza-el-presupuesto-municipal-al-considerar-que-se-trata-de-unas-cuentas-partidistas\/","url_meta":{"origin":7448,"position":4},"title":"IU Verdes Equo rechaza el presupuesto municipal al considerar que se trata de unas cuentas partidistas","author":"Izquierda Unida Motril","date":"26 diciembre, 2023","format":false,"excerpt":"Para el portavoz del Grupo municipal, Jose G. Llorente, los presupuestos del gobierno de Garc\u00eda Chamorro no responden a las prioridades y preocupaciones de la mayor\u00eda de los motrile\u00f1os, ya que son unas cuentas a la medida del gobierno local, lo que se evidencia al comprobar la desproporcionada subida de\u2026","rel":"","context":"En \u00abAyuntamiento\u00bb","block_context":{"text":"Ayuntamiento","link":"https:\/\/iumotril.org\/sitio\/category\/ayuntamiento\/"},"img":{"alt_text":"","src":"https:\/\/i0.wp.com\/iumotril.org\/sitio\/wp-content\/uploads\/2023\/11\/Motril-presupuestos-inversion-historica-municipal_1850525710_197611744_667x375.jpg?resize=350%2C200&ssl=1","width":350,"height":200,"srcset":"https:\/\/i0.wp.com\/iumotril.org\/sitio\/wp-content\/uploads\/2023\/11\/Motril-presupuestos-inversion-historica-municipal_1850525710_197611744_667x375.jpg?resize=350%2C200&ssl=1 1x, https:\/\/i0.wp.com\/iumotril.org\/sitio\/wp-content\/uploads\/2023\/11\/Motril-presupuestos-inversion-historica-municipal_1850525710_197611744_667x375.jpg?resize=525%2C300&ssl=1 1.5x"},"classes":[]},{"id":9331,"url":"https:\/\/iumotril.org\/sitio\/iu-verdes-equo-ampliara-las-instalaciones-de-la-residencia-de-san-luis-para-ofrecer-mayores-prestaciones-a-la-poblacion-mayor-y-a-sus-familias\/","url_meta":{"origin":7448,"position":5},"title":"IU-Verdes Equo ampliar\u00e1 las instalaciones de la Residencia de San Luis para ofrecer mayores prestaciones a la poblaci\u00f3n mayor y a sus familias","author":"Izquierda Unida Motril","date":"24 mayo, 2023","format":false,"excerpt":"Jose G. Llorente, candidato n\u00famero 2 de la lista encabezada por Inma Omiste, ha se\u00f1alado que desde IU-Verdes Equo se defiende la creaci\u00f3n de\u00a0 una red de servicios sociales que proteja a los ciudadanos, incrementando el presupuesto municipal en servicios sociales y reorganizando el \u00c1rea Municipal de Acci\u00f3n social. Garc\u00eda\u2026","rel":"","context":"En \u00abElecciones\u00bb","block_context":{"text":"Elecciones","link":"https:\/\/iumotril.org\/sitio\/category\/elecciones\/"},"img":{"alt_text":"","src":"https:\/\/i0.wp.com\/iumotril.org\/sitio\/wp-content\/uploads\/2023\/05\/RESIDENCIA-SAN-LUIS-MOTRIL.jpg?resize=350%2C200&ssl=1","width":350,"height":200,"srcset":"https:\/\/i0.wp.com\/iumotril.org\/sitio\/wp-content\/uploads\/2023\/05\/RESIDENCIA-SAN-LUIS-MOTRIL.jpg?resize=350%2C200&ssl=1 1x, https:\/\/i0.wp.com\/iumotril.org\/sitio\/wp-content\/uploads\/2023\/05\/RESIDENCIA-SAN-LUIS-MOTRIL.jpg?resize=525%2C300&ssl=1 1.5x"},"classes":[]}],"jetpack_likes_enabled":true,"_links":{"self":[{"href":"https:\/\/iumotril.org\/sitio\/wp-json\/wp\/v2\/posts\/7448","targetHints":{"allow":["GET"]}}],"collection":[{"href":"https:\/\/iumotril.org\/sitio\/wp-json\/wp\/v2\/posts"}],"about":[{"href":"https:\/\/iumotril.org\/sitio\/wp-json\/wp\/v2\/types\/post"}],"author":[{"embeddable":true,"href":"https:\/\/iumotril.org\/sitio\/wp-json\/wp\/v2\/users\/1"}],"replies":[{"embeddable":true,"href":"https:\/\/iumotril.org\/sitio\/wp-json\/wp\/v2\/comments?post=7448"}],"version-history":[{"count":3,"href":"https:\/\/iumotril.org\/sitio\/wp-json\/wp\/v2\/posts\/7448\/revisions"}],"predecessor-version":[{"id":7451,"href":"https:\/\/iumotril.org\/sitio\/wp-json\/wp\/v2\/posts\/7448\/revisions\/7451"}],"wp:attachment":[{"href":"https:\/\/iumotril.org\/sitio\/wp-json\/wp\/v2\/media?parent=7448"}],"wp:term":[{"taxonomy":"category","embeddable":true,"href":"https:\/\/iumotril.org\/sitio\/wp-json\/wp\/v2\/categories?post=7448"},{"taxonomy":"post_tag","embeddable":true,"href":"https:\/\/iumotril.org\/sitio\/wp-json\/wp\/v2\/tags?post=7448"}],"curies":[{"name":"wp","href":"https:\/\/api.w.org\/{rel}","templated":true}]}}