{"id":7437,"date":"2021-05-19T12:48:59","date_gmt":"2021-05-19T10:48:59","guid":{"rendered":"http:\/\/iumotril.org\/sitio\/?p=7437"},"modified":"2021-05-19T12:48:59","modified_gmt":"2021-05-19T10:48:59","slug":"iu-equo-denuncia-el-deterioro-y-las-deficiencias-de-seguridad-en-la-instalacion-de-porticos-para-el-sombreamiento-en-seijas-lozano","status":"publish","type":"post","link":"https:\/\/iumotril.org\/sitio\/iu-equo-denuncia-el-deterioro-y-las-deficiencias-de-seguridad-en-la-instalacion-de-porticos-para-el-sombreamiento-en-seijas-lozano\/","title":{"rendered":"IU-Equo denuncia el deterioro y las deficiencias de seguridad en la instalaci\u00f3n de p\u00f3rticos para el sombreamiento en Seijas Lozano"},"content":{"rendered":"<p style=\"text-align: justify;\"><span style=\"color: #993300;\">Critica que en una instalaci\u00f3n que ha supuesto un coste econ\u00f3mico de 35.853 euros no se hayan tenido en cuenta las condiciones meteorol\u00f3gicas de Motril para asegurar adecuadamente las sombrillas instaladas como parasoles y evitar su deterioro.<\/span><\/p>\r\n<p style=\"text-align: justify;\"><span style=\"color: #993300;\">Semanas despu\u00e9s de concluida su instalaci\u00f3n, muchas de las sombrillas instaladas en la calle Seijas Lozano y en la plaza del Cipr\u00e9s se han desprendido de sus anclajes y han ca\u00eddo al pavimento o se mantienen de forma precaria, con el consiguiente riesgo para la seguridad de los y las viandantes.<\/span><\/p>\r\n<figure id=\"attachment_7458\" aria-describedby=\"caption-attachment-7458\" style=\"width: 640px\" class=\"wp-caption aligncenter\"><img loading=\"lazy\" decoding=\"async\" data-attachment-id=\"7458\" data-permalink=\"https:\/\/iumotril.org\/sitio\/iu-equo-denuncia-el-deterioro-y-las-deficiencias-de-seguridad-en-la-instalacion-de-porticos-para-el-sombreamiento-en-seijas-lozano\/papeleras-y-jardineras-seijas-lozano-19-may\/\" data-orig-file=\"https:\/\/iumotril.org\/sitio\/wp-content\/uploads\/2021\/05\/Papeleras-y-jardineras-seijas-lozano-19-may-scaled.jpg\" data-orig-size=\"1920,2560\" data-comments-opened=\"1\" data-image-meta=\"{&quot;aperture&quot;:&quot;2.2&quot;,&quot;credit&quot;:&quot;&quot;,&quot;camera&quot;:&quot;iPhone 6&quot;,&quot;caption&quot;:&quot;&quot;,&quot;created_timestamp&quot;:&quot;1621418903&quot;,&quot;copyright&quot;:&quot;&quot;,&quot;focal_length&quot;:&quot;4.15&quot;,&quot;iso&quot;:&quot;32&quot;,&quot;shutter_speed&quot;:&quot;0.00055586436909394&quot;,&quot;title&quot;:&quot;&quot;,&quot;orientation&quot;:&quot;1&quot;}\" data-image-title=\"Papeleras y jardineras seijas lozano 19 may\" data-image-description=\"\" data-image-caption=\"\" data-large-file=\"https:\/\/iumotril.org\/sitio\/wp-content\/uploads\/2021\/05\/Papeleras-y-jardineras-seijas-lozano-19-may-768x1024.jpg\" class=\"wp-image-7458 size-large\" src=\"https:\/\/iumotril.org\/sitio\/wp-content\/uploads\/2021\/05\/Papeleras-y-jardineras-seijas-lozano-19-may-768x1024.jpg\" alt=\"\" width=\"640\" height=\"853\" srcset=\"https:\/\/iumotril.org\/sitio\/wp-content\/uploads\/2021\/05\/Papeleras-y-jardineras-seijas-lozano-19-may-768x1024.jpg 768w, https:\/\/iumotril.org\/sitio\/wp-content\/uploads\/2021\/05\/Papeleras-y-jardineras-seijas-lozano-19-may-225x300.jpg 225w, https:\/\/iumotril.org\/sitio\/wp-content\/uploads\/2021\/05\/Papeleras-y-jardineras-seijas-lozano-19-may-1152x1536.jpg 1152w, https:\/\/iumotril.org\/sitio\/wp-content\/uploads\/2021\/05\/Papeleras-y-jardineras-seijas-lozano-19-may-1536x2048.jpg 1536w, https:\/\/iumotril.org\/sitio\/wp-content\/uploads\/2021\/05\/Papeleras-y-jardineras-seijas-lozano-19-may-scaled.jpg 1920w\" sizes=\"auto, (max-width: 640px) 100vw, 640px\" \/><figcaption id=\"caption-attachment-7458\" class=\"wp-caption-text\">Parasoles en la calle Seijas Lozano<\/figcaption><\/figure>\r\n<p style=\"text-align: justify;\"><span style=\"font-weight: 400;\">El Grupo Municipal de Izquierda Unida-Equo ha criticado la instalaci\u00f3n de sombrillas como parasoles en la calle <strong>Seijas Lozano<\/strong> y en la <strong>plaza del Cipr\u00e9s<\/strong>, por su elevado coste econ\u00f3mico, por su falta de funcionalidad y por la precariedad de la instalaci\u00f3n que, semanas despu\u00e9s de concluida, presenta un importante deterioro.\u00a0<\/span><\/p>\r\n<p style=\"text-align: justify;\"><span style=\"font-weight: 400;\">A juicio de la portavoz de IU-Equo, Inma Omiste, esta actuaci\u00f3n puede calificarse como una ocurrencia de la concejala de Mantenimiento de la ciudad que, a la vista de sus resultados y de su elevado coste econ\u00f3mico, no cumple con la justificaci\u00f3n de la necesidad de la contrataci\u00f3n.<\/span><\/p>\r\n<p style=\"text-align: justify;\"><span style=\"font-weight: 400;\">Inma Omiste ha criticado este tipo de actuaciones del gobierno local ya que se plantean \u00fanicamente en t\u00e9rminos de imagen y propaganda y no responden a una estrategia real de <a href=\"https:\/\/iumotril.org\/sitio\/el-gobierno-de-garcia-chamorro-mira-para-otro-lado-mientras-que-el-comercio-local-de-motril-desaparece\/\"><strong>apoyo al comercio de proximidad<\/strong> <\/a>en nuestra ciudad.<\/span><\/p>\r\n<p style=\"text-align: justify;\"><span style=\"font-weight: 400;\">No puede entenderse, ha afirmado, que se concentre en esta calle una elevada inversi\u00f3n econ\u00f3mica y se dejan de lado otras calles o plazas tambi\u00e9n con importante actividad comercial, o que no se aborde, de una vez por todas, una actuaci\u00f3n de <strong>mejora integral<\/strong> de la zona comercial del centro de Motril.<\/span><\/p>\r\n<p style=\"text-align: justify;\"><span style=\"font-weight: 400;\">La portavoz de IU-Equo ha recordado que, aparte de los reportajes propagand\u00edsticos de la alcaldesa en determinados establecimientos de Motril, el apoyo de su gobierno al comercio local motrile\u00f1o se ha limitado a destinar algo menos de<strong><a href=\"https:\/\/iumotril.org\/sitio\/iiu-equo-pide-a-la-alcaldesa-humildad-pra-reformular-medidas-de-apoyo-al-pequeno-comercio\/\"> 200 mil euros de ayuda directa<\/a><\/strong> a cerca de 200 establecimientos comerciales, dejando fuera la solicitud de 180 comercios. De este modo, los 400 mil euros del presupuesto inicial aprobado por todos los grupos pol\u00edticos para este fin se quedaron reducidos a menos de 200 mil euros, inicialmente.<\/span><\/p>\r\n<p style=\"text-align: justify;\"><span style=\"font-weight: 400;\">La contrataci\u00f3n para la ejecuci\u00f3n de esta obra menor de instalaci\u00f3n de p\u00f3rticos de sombreamiento en la calle Seijas Lozano se llev\u00f3 a cabo por iniciativa de la concejal\u00eda de mantenimiento de la ciudad en el pasado mes de octubre.<\/span><\/p>\r\n<p style=\"text-align: justify;\"><span style=\"font-weight: 400;\">Adem\u00e1s de esta intervenci\u00f3n, en la calle Seijas Lozano se ha llevado a cabo la <strong>renovaci\u00f3n de 18 jardineras<\/strong> para ornamentaci\u00f3n y decoraci\u00f3n con un coste econ\u00f3mico de 10.560,25 euros.<\/span><\/p>\r\n<p style=\"text-align: justify;\"><span style=\"font-weight: 400;\">Resulta llamativo, por otro lado, que la mejora de esta calle y de la plaza del Cipr\u00e9s no haya contemplado la instalaci\u00f3n de papeleras, cuya falta es clamorosa en una zona comercial y peatonal. <strong>En la calle Seijas Lozano hay una \u00fanica papelera y ninguna en la plaza del Cipr\u00e9s<\/strong>.<\/span><\/p>\r\n","protected":false},"excerpt":{"rendered":"<p>Semanas despu\u00e9s de concluida su instalaci\u00f3n, muchas de las sombrillas instaladas en la calle Seijas Lozano y en la plaza del Cipr\u00e9s se han desprendido de sus anclajes y han ca\u00eddo al pavimento o se mantienen de forma precaria, con el consiguiente riesgo para la seguridad de los y las viandantes.<br \/>\nLa portavoz de IU-Equo ha recordado que, aparte de los reportajes propagand\u00edsticos de la alcaldesa en determinados establecimientos de Motril, el apoyo de su gobierno al comercio local motrile\u00f1o se ha limitado a destinar algo menos de 200 mil euros de ayuda directa a cerca de 200 establecimientos comerciales, dejando fuera la solicitud de 180 comercios.<\/p>\n","protected":false},"author":1,"featured_media":0,"comment_status":"open","ping_status":"open","sticky":false,"template":"","format":"standard","meta":{"cybocfi_hide_featured_image":"","_jetpack_newsletter_access":"","_jetpack_dont_email_post_to_subs":false,"_jetpack_newsletter_tier_id":0,"_jetpack_memberships_contains_paywalled_content":false,"_jetpack_memberships_contains_paid_content":false,"footnotes":""},"categories":[265],"tags":[346,1639,1643,1641,1640,1642],"class_list":["post-7437","post","type-post","status-publish","format-standard","hentry","category-esta-pasando","tag-comercio-local","tag-embellecimiento-ciudad","tag-papeleras","tag-pza-cipres","tag-seijas-lozano","tag-sombrilla-parasoles"],"jetpack_featured_media_url":"","jetpack_sharing_enabled":true,"jetpack_shortlink":"https:\/\/wp.me\/p4QsU5-1VX","jetpack-related-posts":[{"id":7872,"url":"https:\/\/iumotril.org\/sitio\/iu-equo-reclama-actuaciones-urgentes-de-mejora-en-las-bibliotecas-municipales\/","url_meta":{"origin":7437,"position":0},"title":"IU-Equo reclama actuaciones urgentes de mejora en las bibliotecas municipales","author":"Izquierda Unida Motril","date":"1 diciembre, 2021","format":false,"excerpt":"La situaci\u00f3n de las bibliotecas municipales de Motril es \u201cmanifiestamente mejorable\u201d, sostiene la portavoz del Grupo Municipal de IU-Equo, Inma Omiste, ya que llevan tiempo sin recibir recursos para mantener un servicio que, en los \u00faltimos dos a\u00f1os, se ha deteriorado especialmente, por la \u201cmala labor\u201d del \u00c1rea de Educaci\u00f3n\u2026","rel":"","context":"En \u00abAyuntamiento\u00bb","block_context":{"text":"Ayuntamiento","link":"https:\/\/iumotril.org\/sitio\/category\/ayuntamiento\/"},"img":{"alt_text":"","src":"https:\/\/i0.wp.com\/iumotril.org\/sitio\/wp-content\/uploads\/2021\/06\/66cc9947-a813-4a6c-a625-f286e64d3752.jpg?resize=350%2C200","width":350,"height":200,"srcset":"https:\/\/i0.wp.com\/iumotril.org\/sitio\/wp-content\/uploads\/2021\/06\/66cc9947-a813-4a6c-a625-f286e64d3752.jpg?resize=350%2C200 1x, https:\/\/i0.wp.com\/iumotril.org\/sitio\/wp-content\/uploads\/2021\/06\/66cc9947-a813-4a6c-a625-f286e64d3752.jpg?resize=525%2C300 1.5x, https:\/\/i0.wp.com\/iumotril.org\/sitio\/wp-content\/uploads\/2021\/06\/66cc9947-a813-4a6c-a625-f286e64d3752.jpg?resize=700%2C400 2x, https:\/\/i0.wp.com\/iumotril.org\/sitio\/wp-content\/uploads\/2021\/06\/66cc9947-a813-4a6c-a625-f286e64d3752.jpg?resize=1050%2C600 3x, https:\/\/i0.wp.com\/iumotril.org\/sitio\/wp-content\/uploads\/2021\/06\/66cc9947-a813-4a6c-a625-f286e64d3752.jpg?resize=1400%2C800 4x"},"classes":[]},{"id":7955,"url":"https:\/\/iumotril.org\/sitio\/iu-equo-demanda-mas-papeleras-y-mobiliario-urbano-en-el-centro-comercial-de-la-ciudad\/","url_meta":{"origin":7437,"position":1},"title":"IU-Equo demanda m\u00e1s papeleras y mobiliario urbano en el centro comercial de la ciudad","author":"Izquierda Unida Motril","date":"25 enero, 2022","format":false,"excerpt":"Desde IU-Equo se se\u00f1ala que, cuando se recorren las calles del centro comercial de la ciudad, resulta llamativo el escaso n\u00famero de papeleras existentes en determinadas calles muy transitadas de esta zona comercial. Jose G. Llorente, portavoz de IU-Equo, ha se\u00f1alado tambi\u00e9n la ausencia de bancos en esas calles del\u2026","rel":"","context":"En \u00abAyuntamiento\u00bb","block_context":{"text":"Ayuntamiento","link":"https:\/\/iumotril.org\/sitio\/category\/ayuntamiento\/"},"img":{"alt_text":"","src":"https:\/\/i0.wp.com\/iumotril.org\/sitio\/wp-content\/uploads\/2022\/01\/PHOTO-2022-01-25-11-42-56.jpg?resize=350%2C200","width":350,"height":200,"srcset":"https:\/\/i0.wp.com\/iumotril.org\/sitio\/wp-content\/uploads\/2022\/01\/PHOTO-2022-01-25-11-42-56.jpg?resize=350%2C200 1x, https:\/\/i0.wp.com\/iumotril.org\/sitio\/wp-content\/uploads\/2022\/01\/PHOTO-2022-01-25-11-42-56.jpg?resize=525%2C300 1.5x, https:\/\/i0.wp.com\/iumotril.org\/sitio\/wp-content\/uploads\/2022\/01\/PHOTO-2022-01-25-11-42-56.jpg?resize=700%2C400 2x, https:\/\/i0.wp.com\/iumotril.org\/sitio\/wp-content\/uploads\/2022\/01\/PHOTO-2022-01-25-11-42-56.jpg?resize=1050%2C600 3x"},"classes":[]},{"id":9998,"url":"https:\/\/iumotril.org\/sitio\/apoyamos-a-los-vecinos-en-su-rechazo-a-la-instalacion-de-una-planta-de-almacenamiento-de-productos-quimicos-en-la-proximidad-de-sus-viviendas\/","url_meta":{"origin":7437,"position":2},"title":"Apoyamos a los vecinos en su rechazo a la instalaci\u00f3n de una planta de almacenamiento de productos qu\u00edmicos en la proximidad de sus viviendas","author":"Izquierda Unida Motril","date":"18 junio, 2024","format":false,"excerpt":"Est\u00e1 fuera de toda duda el \u201cimpacto negativo de la actividad portuaria sobre la calidad de vida de los residentes del barrio\u201d y de su entorno \u2013\u2013ha afirmado su portavoz municipal, Jose G. Llorente, acompa\u00f1ado por vecinos y vecinas del barrio en las proximidades del emplazamiento previsto de la planta\u2026","rel":"","context":"En \u00abAyuntamiento\u00bb","block_context":{"text":"Ayuntamiento","link":"https:\/\/iumotril.org\/sitio\/category\/ayuntamiento\/"},"img":{"alt_text":"","src":"https:\/\/i0.wp.com\/iumotril.org\/sitio\/wp-content\/uploads\/2024\/06\/Bidoness-Varadero.jpg?resize=350%2C200&ssl=1","width":350,"height":200},"classes":[]},{"id":11018,"url":"https:\/\/iumotril.org\/sitio\/iu-denuncia-el-mal-estado-del-asfalto-en-la-calle-pablo-coronado-y-su-via-colindante\/","url_meta":{"origin":7437,"position":3},"title":"IU denuncia el mal estado del asfalto en la calle Pablo Coronado y su v\u00eda colindante.","author":"Izquierda Unida Motril","date":"30 marzo, 2026","format":false,"excerpt":"Izquierda Unida ha denunciado p\u00fablicamente el estado lamentable del asfalto en la calle Pablo Coronado y su v\u00eda colindante, poniendo el foco en lo que consideran una clara falta de planificaci\u00f3n y prioridades por parte del equipo de gobierno municipal, a pesar de contar con un presupuesto cercano a los\u2026","rel":"","context":"En \u00abBarrios\u00bb","block_context":{"text":"Barrios","link":"https:\/\/iumotril.org\/sitio\/category\/barrios\/"},"img":{"alt_text":"","src":"https:\/\/i0.wp.com\/iumotril.org\/sitio\/wp-content\/uploads\/2026\/03\/inma-asfalto-1-scaled-e1774864442211.jpeg?resize=350%2C200&ssl=1","width":350,"height":200,"srcset":"https:\/\/i0.wp.com\/iumotril.org\/sitio\/wp-content\/uploads\/2026\/03\/inma-asfalto-1-scaled-e1774864442211.jpeg?resize=350%2C200&ssl=1 1x, https:\/\/i0.wp.com\/iumotril.org\/sitio\/wp-content\/uploads\/2026\/03\/inma-asfalto-1-scaled-e1774864442211.jpeg?resize=525%2C300&ssl=1 1.5x, https:\/\/i0.wp.com\/iumotril.org\/sitio\/wp-content\/uploads\/2026\/03\/inma-asfalto-1-scaled-e1774864442211.jpeg?resize=700%2C400&ssl=1 2x, https:\/\/i0.wp.com\/iumotril.org\/sitio\/wp-content\/uploads\/2026\/03\/inma-asfalto-1-scaled-e1774864442211.jpeg?resize=1050%2C600&ssl=1 3x, https:\/\/i0.wp.com\/iumotril.org\/sitio\/wp-content\/uploads\/2026\/03\/inma-asfalto-1-scaled-e1774864442211.jpeg?resize=1400%2C800&ssl=1 4x"},"classes":[]},{"id":10019,"url":"https:\/\/iumotril.org\/sitio\/iu-verdes-equo-pide-la-paralizacion-del-proyecto-de-instalacion-de-una-planta-de-almacenamiento-de-productos-quimicos-y-aceites-en-el-recinto-portuario\/","url_meta":{"origin":7437,"position":4},"title":"IU VERDES EQUO pide la paralizaci\u00f3n del proyecto de instalaci\u00f3n de una planta de almacenamiento de productos qu\u00edmicos y aceites en el recinto portuario","author":"Izquierda Unida Motril","date":"27 junio, 2024","format":false,"excerpt":"En la moci\u00f3n que presenta al pr\u00f3ximo pleno la coalici\u00f3n de izquierdas considera que est\u00e1 fuera de toda duda el \u201cimpacto negativo de la actividad portuaria sobre la calidad de vida de los residentes del barrio\u201d y de su entorno, y que con la instalaci\u00f3n de la nueva planta de\u2026","rel":"","context":"En \u00abAyuntamiento\u00bb","block_context":{"text":"Ayuntamiento","link":"https:\/\/iumotril.org\/sitio\/category\/ayuntamiento\/"},"img":{"alt_text":"","src":"https:\/\/i0.wp.com\/iumotril.org\/sitio\/wp-content\/uploads\/2024\/06\/Reciento-portuario-Motril.jpg?resize=350%2C200&ssl=1","width":350,"height":200,"srcset":"https:\/\/i0.wp.com\/iumotril.org\/sitio\/wp-content\/uploads\/2024\/06\/Reciento-portuario-Motril.jpg?resize=350%2C200&ssl=1 1x, https:\/\/i0.wp.com\/iumotril.org\/sitio\/wp-content\/uploads\/2024\/06\/Reciento-portuario-Motril.jpg?resize=525%2C300&ssl=1 1.5x, https:\/\/i0.wp.com\/iumotril.org\/sitio\/wp-content\/uploads\/2024\/06\/Reciento-portuario-Motril.jpg?resize=700%2C400&ssl=1 2x"},"classes":[]},{"id":10721,"url":"https:\/\/iumotril.org\/sitio\/iu-verdes-equo-propone-mejoras-en-el-acerado-de-motril\/","url_meta":{"origin":7437,"position":5},"title":"IU Verdes Equo propone mejoras en el acerado de Motril","author":"Izquierda Unida Motril","date":"24 julio, 2025","format":false,"excerpt":"La formaci\u00f3n defiende que Motril sea una ciudad 100% accesible, amable e inclusiva, por lo que establece como una prioridad eliminar las barreras y obst\u00e1culos del acerado que dificultan el tr\u00e1nsito por determinadas calles. Para la mejora de la infraestructura peatonal proponen la realizaci\u00f3n de un diagn\u00f3stico del estado de\u2026","rel":"","context":"En \u00abAyuntamiento\u00bb","block_context":{"text":"Ayuntamiento","link":"https:\/\/iumotril.org\/sitio\/category\/ayuntamiento\/"},"img":{"alt_text":"","src":"https:\/\/i0.wp.com\/iumotril.org\/sitio\/wp-content\/uploads\/2025\/07\/Ana-Herrera-e-Inma-Omiste-scaled.jpg?resize=350%2C200&ssl=1","width":350,"height":200,"srcset":"https:\/\/i0.wp.com\/iumotril.org\/sitio\/wp-content\/uploads\/2025\/07\/Ana-Herrera-e-Inma-Omiste-scaled.jpg?resize=350%2C200&ssl=1 1x, https:\/\/i0.wp.com\/iumotril.org\/sitio\/wp-content\/uploads\/2025\/07\/Ana-Herrera-e-Inma-Omiste-scaled.jpg?resize=525%2C300&ssl=1 1.5x, https:\/\/i0.wp.com\/iumotril.org\/sitio\/wp-content\/uploads\/2025\/07\/Ana-Herrera-e-Inma-Omiste-scaled.jpg?resize=700%2C400&ssl=1 2x, https:\/\/i0.wp.com\/iumotril.org\/sitio\/wp-content\/uploads\/2025\/07\/Ana-Herrera-e-Inma-Omiste-scaled.jpg?resize=1050%2C600&ssl=1 3x, https:\/\/i0.wp.com\/iumotril.org\/sitio\/wp-content\/uploads\/2025\/07\/Ana-Herrera-e-Inma-Omiste-scaled.jpg?resize=1400%2C800&ssl=1 4x"},"classes":[]}],"jetpack_likes_enabled":true,"_links":{"self":[{"href":"https:\/\/iumotril.org\/sitio\/wp-json\/wp\/v2\/posts\/7437","targetHints":{"allow":["GET"]}}],"collection":[{"href":"https:\/\/iumotril.org\/sitio\/wp-json\/wp\/v2\/posts"}],"about":[{"href":"https:\/\/iumotril.org\/sitio\/wp-json\/wp\/v2\/types\/post"}],"author":[{"embeddable":true,"href":"https:\/\/iumotril.org\/sitio\/wp-json\/wp\/v2\/users\/1"}],"replies":[{"embeddable":true,"href":"https:\/\/iumotril.org\/sitio\/wp-json\/wp\/v2\/comments?post=7437"}],"version-history":[{"count":3,"href":"https:\/\/iumotril.org\/sitio\/wp-json\/wp\/v2\/posts\/7437\/revisions"}],"predecessor-version":[{"id":7461,"href":"https:\/\/iumotril.org\/sitio\/wp-json\/wp\/v2\/posts\/7437\/revisions\/7461"}],"wp:attachment":[{"href":"https:\/\/iumotril.org\/sitio\/wp-json\/wp\/v2\/media?parent=7437"}],"wp:term":[{"taxonomy":"category","embeddable":true,"href":"https:\/\/iumotril.org\/sitio\/wp-json\/wp\/v2\/categories?post=7437"},{"taxonomy":"post_tag","embeddable":true,"href":"https:\/\/iumotril.org\/sitio\/wp-json\/wp\/v2\/tags?post=7437"}],"curies":[{"name":"wp","href":"https:\/\/api.w.org\/{rel}","templated":true}]}}