{"id":7418,"date":"2021-05-13T18:28:02","date_gmt":"2021-05-13T16:28:02","guid":{"rendered":"http:\/\/iumotril.org\/sitio\/?p=7418"},"modified":"2021-05-14T13:01:46","modified_gmt":"2021-05-14T11:01:46","slug":"luchando-a-tu-lado","status":"publish","type":"post","link":"https:\/\/iumotril.org\/sitio\/luchando-a-tu-lado\/","title":{"rendered":"IU Motril lanza la campa\u00f1a 35 a\u00f1os luchando a tu lado"},"content":{"rendered":"<p style=\"text-align: justify;\"><span style=\"color: #993300;\">Se suma de este modo a las actividades que su organizaci\u00f3n est\u00e1 llevando a cabo para conmemorar los 35 a\u00f1os transcurridos desde su constituci\u00f3n en 1986.<\/span><\/p>\r\n<p style=\"text-align: justify;\"><span style=\"color: #993300;\">Con motivo de este aniversario ha realizado un v\u00eddeo en el que recupera im\u00e1genes y momentos de la presencia y la actividad de Izquierda Unida en Motril y de su compromiso con la gente trabajadora.<\/span><\/p>\r\n<p style=\"text-align: justify;\">Con el lema <em>IU Motril, 35 a\u00f1os luchando a tu lado<\/em>, la organizaci\u00f3n quiere contribuir a la campa\u00f1a federal que se est\u00e1 desarrollando para conmemorar los <strong>35 a\u00f1os de historia<\/strong> y de presencia de Izquierda Unida en el panorama pol\u00edtico espa\u00f1ol.<\/p>\r\n<p style=\"text-align: justify;\">Nos sentimos orgullosas y orgullosos de la historia de nuestra organizaci\u00f3n, de la coherencia de nuestros planteamientos y de la vigencia de nuestro proyecto pol\u00edtico a favor del inter\u00e9s general, de los servicios p\u00fablicos y de la<strong> mejora de las condiciones de vida de la ciudadan\u00eda,<\/strong> ha declarado Jose Llorente, coordinador local de IU en Motril.<\/p>\r\n<p><div class=\"jetpack-video-wrapper\"><span class=\"embed-youtube\" style=\"text-align:center; display: block;\"><iframe loading=\"lazy\" class=\"youtube-player\" width=\"640\" height=\"360\" src=\"https:\/\/www.youtube.com\/embed\/4aTgYBfVbLo?version=3&#038;rel=1&#038;showsearch=0&#038;showinfo=1&#038;iv_load_policy=1&#038;fs=1&#038;hl=es-ES&#038;autohide=2&#038;wmode=transparent\" allowfullscreen=\"true\" style=\"border:0;\" sandbox=\"allow-scripts allow-same-origin allow-popups allow-presentation allow-popups-to-escape-sandbox\"><\/iframe><\/span><\/div><\/p>\r\n<p style=\"text-align: justify;\">Para Llorente, Izquierda Unida tiene una importante implantaci\u00f3n en Motril y <strong>un compromiso inalterable con la ciudad<\/strong> y con el municipalismo, como ha venido demostrando a lo largo de este tiempo trabajando desde el gobierno municipal, cuando ha asumido responsabilidades de gobierno, o desde su labor de oposici\u00f3n.<\/p>\r\n<p style=\"text-align: justify;\">El coordinador local de IU Motril y edil de la formaci\u00f3n de izquierdas ha se\u00f1alado que \u201cnuestro compromiso con la ciudad y con sus vecinos y vecinas se mantiene inalterable y nos legitima para continuar trabajando d\u00eda a d\u00eda de cara al futuro\u201d.<\/p>\r\n<p style=\"text-align: justify;\">Ha agradecido el <strong>apoyo en las urnas de miles de motrile\u00f1os y motrile\u00f1as<\/strong> que han depositado su confianza en sus propuestas pol\u00edticas y que ha permitido mantener una presencia permanente en la instituci\u00f3n municipal para defender sus planteamientos.<\/p>\r\n<p style=\"text-align: justify;\">Ha recordado a los <strong>compa\u00f1eros y compa\u00f1eras<\/strong> que con su compromiso pol\u00edtico y personal han hecho posible este largo recorrido de Izquierda Unida en nuestra ciudad: Jes\u00fas P\u00e9rez, Manolo Gallego, Felipe Villa, Daniela Paqu\u00e9, Inma Omiste y tantos otros y otras que, desde la discreci\u00f3n y la labor callada del anonimato, nos han tra\u00eddo hasta aqu\u00ed.<\/p>\r\n<p><img loading=\"lazy\" decoding=\"async\" data-attachment-id=\"7442\" data-permalink=\"https:\/\/iumotril.org\/sitio\/luchando-a-tu-lado\/luchando-a-tu-lado-35-anos_mayo-2021\/\" data-orig-file=\"https:\/\/iumotril.org\/sitio\/wp-content\/uploads\/2021\/05\/Luchando-a-tu-lado-35-anos_Mayo-2021.png\" data-orig-size=\"992,561\" data-comments-opened=\"1\" data-image-meta=\"{&quot;aperture&quot;:&quot;0&quot;,&quot;credit&quot;:&quot;&quot;,&quot;camera&quot;:&quot;&quot;,&quot;caption&quot;:&quot;&quot;,&quot;created_timestamp&quot;:&quot;0&quot;,&quot;copyright&quot;:&quot;&quot;,&quot;focal_length&quot;:&quot;0&quot;,&quot;iso&quot;:&quot;0&quot;,&quot;shutter_speed&quot;:&quot;0&quot;,&quot;title&quot;:&quot;&quot;,&quot;orientation&quot;:&quot;0&quot;}\" data-image-title=\"Luchando a tu lado 35 a\u00f1os_Mayo 2021\" data-image-description=\"\" data-image-caption=\"\" data-large-file=\"https:\/\/iumotril.org\/sitio\/wp-content\/uploads\/2021\/05\/Luchando-a-tu-lado-35-anos_Mayo-2021.png\" class=\"aligncenter wp-image-7442 size-full\" src=\"https:\/\/iumotril.org\/sitio\/wp-content\/uploads\/2021\/05\/Luchando-a-tu-lado-35-anos_Mayo-2021.png\" alt=\"\" width=\"992\" height=\"561\" srcset=\"https:\/\/iumotril.org\/sitio\/wp-content\/uploads\/2021\/05\/Luchando-a-tu-lado-35-anos_Mayo-2021.png 992w, https:\/\/iumotril.org\/sitio\/wp-content\/uploads\/2021\/05\/Luchando-a-tu-lado-35-anos_Mayo-2021-300x170.png 300w, https:\/\/iumotril.org\/sitio\/wp-content\/uploads\/2021\/05\/Luchando-a-tu-lado-35-anos_Mayo-2021-768x434.png 768w\" sizes=\"auto, (max-width: 992px) 100vw, 992px\" \/><\/p>\r\n","protected":false},"excerpt":{"rendered":"<p>Nos sentimos orgullosas y orgullosos de la historia de nuestra organizaci\u00f3n, de la coherencia de nuestros planteamientos y de la vigencia de nuestro proyecto pol\u00edtico a favor del inter\u00e9s general, de los servicios p\u00fablicos y de la mejora de las condiciones de vida de la ciudadan\u00eda, ha declarado Jose Llorente, coordinador local de IU en Motril.<br \/>\nCon el lema IU Motril, 35 a\u00f1os luchando a tu lado, la organizaci\u00f3n quiere contribuir a la campa\u00f1a federal que se est\u00e1 desarrollando para conmemorar los 35 a\u00f1os de historia y de presencia de Izquierda Unida en el panorama pol\u00edtico espa\u00f1ol.<\/p>\n","protected":false},"author":1,"featured_media":0,"comment_status":"open","ping_status":"open","sticky":false,"template":"","format":"standard","meta":{"cybocfi_hide_featured_image":"","_jetpack_newsletter_access":"","_jetpack_dont_email_post_to_subs":false,"_jetpack_newsletter_tier_id":0,"_jetpack_memberships_contains_paywalled_content":false,"_jetpack_memberships_contains_paid_content":false,"footnotes":""},"categories":[265],"tags":[1637,1636,38,397],"class_list":["post-7418","post","type-post","status-publish","format-standard","hentry","category-esta-pasando","tag-1986-2021","tag-35-anos-iu","tag-iu","tag-iu-motril"],"jetpack_featured_media_url":"","jetpack_sharing_enabled":true,"jetpack_shortlink":"https:\/\/wp.me\/p4QsU5-1VE","jetpack-related-posts":[{"id":7879,"url":"https:\/\/iumotril.org\/sitio\/iu-equo-pide-a-la-alcaldesa-que-retire-la-medalla-de-oro-de-la-ciudad-al-dictador-francisco-franco-para-conmemorar-el-dia-de-la-constitucion\/","url_meta":{"origin":7418,"position":0},"title":"IU-Equo pide a la alcaldesa que retire la medalla de oro de la ciudad al dictador Francisco Franco para conmemorar el d\u00eda de la Constituci\u00f3n","author":"Izquierda Unida Motril","date":"3 diciembre, 2021","format":false,"excerpt":"Desde IU-Equo se entiende que el 6 de diciembre es un d\u00eda para recordar a quienes lo dieron todo para traer la democracia a nuestro pa\u00eds, luchando contra la dictadura, por lo que sufrieron c\u00e1rcel, torturas, humillaci\u00f3n, exilio o la muerte. Conmemorar la Constituci\u00f3n con motivo de su aprobaci\u00f3n en\u2026","rel":"","context":"En \u00abAyuntamiento\u00bb","block_context":{"text":"Ayuntamiento","link":"https:\/\/iumotril.org\/sitio\/category\/ayuntamiento\/"},"img":{"alt_text":"","src":"https:\/\/i0.wp.com\/iumotril.org\/sitio\/wp-content\/uploads\/2021\/12\/desbandaweb-kQaE-U7060039853704D-624x385%40Ideal.jpg?resize=350%2C200","width":350,"height":200,"srcset":"https:\/\/i0.wp.com\/iumotril.org\/sitio\/wp-content\/uploads\/2021\/12\/desbandaweb-kQaE-U7060039853704D-624x385%40Ideal.jpg?resize=350%2C200 1x, https:\/\/i0.wp.com\/iumotril.org\/sitio\/wp-content\/uploads\/2021\/12\/desbandaweb-kQaE-U7060039853704D-624x385%40Ideal.jpg?resize=525%2C300 1.5x"},"classes":[]},{"id":2075,"url":"https:\/\/iumotril.org\/sitio\/izquierda-unida-motril-consulta-a-sus-bases-sobre-un-acuerdo-electoral-con-podemos-y-otras-fuerzas-de-cara-al-26-j\/","url_meta":{"origin":7418,"position":1},"title":"Izquierda Unida Motril consulta a sus bases sobre un acuerdo electoral con Podemos y otras fuerzas de cara al 26-J","author":"Izquierda Unida Motril","date":"4 mayo, 2016","format":false,"excerpt":"La consulta, que est\u00e1 convocada a nivel estatal, permitir\u00e1 a los militantes y simpatizantes de IU Motril, su participaci\u00f3n en la votaci\u00f3n presencial que se desarrollar\u00e1 este mi\u00e9rcoles, d\u00eda 4 de mayo, entre las 18 y las 22 horas, en la sede de la formaci\u00f3n, calle Ancha, 16.","rel":"","context":"En \u00abEST\u00c1 PASANDO\u00bb","block_context":{"text":"EST\u00c1 PASANDO","link":"https:\/\/iumotril.org\/sitio\/category\/esta-pasando\/"},"img":{"alt_text":"cabecera1","src":"https:\/\/i0.wp.com\/iumotril.org\/sitio\/wp-content\/uploads\/2016\/05\/cabecera1.png?resize=350%2C200","width":350,"height":200,"srcset":"https:\/\/i0.wp.com\/iumotril.org\/sitio\/wp-content\/uploads\/2016\/05\/cabecera1.png?resize=350%2C200 1x, https:\/\/i0.wp.com\/iumotril.org\/sitio\/wp-content\/uploads\/2016\/05\/cabecera1.png?resize=525%2C300 1.5x, https:\/\/i0.wp.com\/iumotril.org\/sitio\/wp-content\/uploads\/2016\/05\/cabecera1.png?resize=700%2C400 2x"},"classes":[]},{"id":9948,"url":"https:\/\/iumotril.org\/sitio\/la-militancia-de-iu-motril-votara-el-sabado-los-documentos-y-candidaturas-para-su-asamblea-federal\/","url_meta":{"origin":7418,"position":2},"title":"La militancia de IU Motril votar\u00e1 el s\u00e1bado los documentos y candidaturas para su Asamblea Federal","author":"Izquierda Unida Motril","date":"10 mayo, 2024","format":false,"excerpt":"La votaci\u00f3n presencial en Motril tendr\u00e1 lugar el s\u00e1bado, d\u00eda 11, entre las 11 y 13 horas en la sede de IU (calle Ancha, 16) para que ejerzan su derecho a voto quienes a\u00fan no\u00a0 lo hayan realizado. Los afiliados y afiliadas de IU votan los diferentes documentos pol\u00edticos y\u2026","rel":"","context":"En \u00abEST\u00c1 PASANDO\u00bb","block_context":{"text":"EST\u00c1 PASANDO","link":"https:\/\/iumotril.org\/sitio\/category\/esta-pasando\/"},"img":{"alt_text":"","src":"https:\/\/i0.wp.com\/iumotril.org\/sitio\/wp-content\/uploads\/2024\/05\/campana-2-2048x1365-1.jpg?resize=350%2C200&ssl=1","width":350,"height":200,"srcset":"https:\/\/i0.wp.com\/iumotril.org\/sitio\/wp-content\/uploads\/2024\/05\/campana-2-2048x1365-1.jpg?resize=350%2C200&ssl=1 1x, https:\/\/i0.wp.com\/iumotril.org\/sitio\/wp-content\/uploads\/2024\/05\/campana-2-2048x1365-1.jpg?resize=525%2C300&ssl=1 1.5x, https:\/\/i0.wp.com\/iumotril.org\/sitio\/wp-content\/uploads\/2024\/05\/campana-2-2048x1365-1.jpg?resize=700%2C400&ssl=1 2x, https:\/\/i0.wp.com\/iumotril.org\/sitio\/wp-content\/uploads\/2024\/05\/campana-2-2048x1365-1.jpg?resize=1050%2C600&ssl=1 3x, https:\/\/i0.wp.com\/iumotril.org\/sitio\/wp-content\/uploads\/2024\/05\/campana-2-2048x1365-1.jpg?resize=1400%2C800&ssl=1 4x"},"classes":[]},{"id":3349,"url":"https:\/\/iumotril.org\/sitio\/iu-motril-critica-la-organizacion-de-una-corrida-de-toros-en-motril-con-la-colaboracion-del-ayuntamiento\/","url_meta":{"origin":7418,"position":3},"title":"IU Motril critica la organizaci\u00f3n de una corrida de toros en Motril con la colaboraci\u00f3n del Ayuntamiento","author":"Izquierda Unida Motril","date":"12 febrero, 2018","format":false,"excerpt":"Motril es una ciudad solidaria que no duda en prestar su apoyo a las buenas causas y que responde de modo ejemplar a las diversas campa\u00f1as lanzadas por la AECC, por lo que la organizaci\u00f3n de este espect\u00e1culo deber\u00eda ser innecesaria. Izquierda Unida es contraria a que el dinero p\u00fablico,\u2026","rel":"","context":"En \u00abEST\u00c1 PASANDO\u00bb","block_context":{"text":"EST\u00c1 PASANDO","link":"https:\/\/iumotril.org\/sitio\/category\/esta-pasando\/"},"img":{"alt_text":"","src":"https:\/\/i0.wp.com\/iumotril.org\/sitio\/wp-content\/uploads\/2018\/02\/Tortura-285x300.jpg?resize=350%2C200","width":350,"height":200},"classes":[]},{"id":4670,"url":"https:\/\/iumotril.org\/sitio\/inma-omiste-sera-la-candidata-izquierda-unida-a-la-alcaldia-de-motril\/","url_meta":{"origin":7418,"position":4},"title":"Inma Omiste ser\u00e1 la candidata de Izquierda Unida a la Alcald\u00eda de Motril","author":"Izquierda Unida Motril","date":"5 febrero, 2019","format":false,"excerpt":"La candidata de IU a la Alcald\u00eda se plantea como principal objetivo poner el Ayuntamiento de Motril al servicio de sus vecinos y vecinas y revertir la situaci\u00f3n actual en la que los motrile\u00f1os y las motrile\u00f1as est\u00e1n al servicio del\u00a0 Ayuntamiento. La candidatura propuesta por Izquierda Unida que encabeza\u2026","rel":"","context":"En \u00abConfluencia electoral\u00bb","block_context":{"text":"Confluencia electoral","link":"https:\/\/iumotril.org\/sitio\/category\/confluencia-electoral\/"},"img":{"alt_text":"","src":"https:\/\/i0.wp.com\/iumotril.org\/sitio\/wp-content\/uploads\/2019\/02\/Inma-Omiste_Servicios-p%C3%BAblicos-30-enero-768x576_ok.jpg?resize=350%2C200","width":350,"height":200},"classes":[]},{"id":4946,"url":"https:\/\/iumotril.org\/sitio\/iu-equo-reclama-responsabilidad-a-partidos-y-candidaturas-en-la-colocacion-de-propaganda-electoral-en-las-calles-de-motril\/","url_meta":{"origin":7418,"position":5},"title":"IU-Equo reclama responsabilidad a partidos y candidaturas en la colocaci\u00f3n de propaganda electoral en las calles de Motril","author":"Izquierda Unida Motril","date":"12 mayo, 2019","format":false,"excerpt":"IU-Equo ha colocado en lo que va de campa\u00f1a cuatro pancartas y una docena de carteles, todos ellos en barrios y zonas alejadas del centro de la ciudad. Su previsi\u00f3n es colocar cincuenta carteles con la imagen de la candidata en diferentes barrios de Motril, con un criterio no invasivo,\u2026","rel":"","context":"En \u00abElecciones\u00bb","block_context":{"text":"Elecciones","link":"https:\/\/iumotril.org\/sitio\/category\/elecciones\/"},"img":{"alt_text":"","src":"https:\/\/i0.wp.com\/iumotril.org\/sitio\/wp-content\/uploads\/2019\/05\/PHOTO-2019-05-12-11-22-46-e1557681022205-300x170.jpg?resize=350%2C200","width":350,"height":200},"classes":[]}],"jetpack_likes_enabled":true,"_links":{"self":[{"href":"https:\/\/iumotril.org\/sitio\/wp-json\/wp\/v2\/posts\/7418","targetHints":{"allow":["GET"]}}],"collection":[{"href":"https:\/\/iumotril.org\/sitio\/wp-json\/wp\/v2\/posts"}],"about":[{"href":"https:\/\/iumotril.org\/sitio\/wp-json\/wp\/v2\/types\/post"}],"author":[{"embeddable":true,"href":"https:\/\/iumotril.org\/sitio\/wp-json\/wp\/v2\/users\/1"}],"replies":[{"embeddable":true,"href":"https:\/\/iumotril.org\/sitio\/wp-json\/wp\/v2\/comments?post=7418"}],"version-history":[{"count":6,"href":"https:\/\/iumotril.org\/sitio\/wp-json\/wp\/v2\/posts\/7418\/revisions"}],"predecessor-version":[{"id":7439,"href":"https:\/\/iumotril.org\/sitio\/wp-json\/wp\/v2\/posts\/7418\/revisions\/7439"}],"wp:attachment":[{"href":"https:\/\/iumotril.org\/sitio\/wp-json\/wp\/v2\/media?parent=7418"}],"wp:term":[{"taxonomy":"category","embeddable":true,"href":"https:\/\/iumotril.org\/sitio\/wp-json\/wp\/v2\/categories?post=7418"},{"taxonomy":"post_tag","embeddable":true,"href":"https:\/\/iumotril.org\/sitio\/wp-json\/wp\/v2\/tags?post=7418"}],"curies":[{"name":"wp","href":"https:\/\/api.w.org\/{rel}","templated":true}]}}