{"id":7256,"date":"2021-03-27T11:22:25","date_gmt":"2021-03-27T10:22:25","guid":{"rendered":"http:\/\/iumotril.org\/sitio\/?p=7256"},"modified":"2021-03-27T11:22:25","modified_gmt":"2021-03-27T10:22:25","slug":"el-pleno-da-el-visto-bueno-a-la-propuesta-de-iu-equo-para-la-instalacion-de-cargadores-para-vehiculos-electricos-en-motril","status":"publish","type":"post","link":"https:\/\/iumotril.org\/sitio\/el-pleno-da-el-visto-bueno-a-la-propuesta-de-iu-equo-para-la-instalacion-de-cargadores-para-vehiculos-electricos-en-motril\/","title":{"rendered":"El pleno da el visto bueno a la propuesta de IU-Equo para la instalaci\u00f3n de cargadores para veh\u00edculos el\u00e9ctricos en Motril"},"content":{"rendered":"<p style=\"text-align: justify;\"><strong><span style=\"color: #993300;\">La moci\u00f3n aprobada por el pleno de la Corporaci\u00f3n supone la puesta en marcha de incentivos para el fomento de la movilidad el\u00e9ctrica, entre otros, la instalaci\u00f3n de puntos de recarga en las v\u00edas p\u00fablicas y la bonificaci\u00f3n de actuaciones para la creaci\u00f3n de infraestructuras en garajes residenciales.<\/span><\/strong><\/p>\n<p style=\"text-align: justify;\">La portavoz de IU-Equo, Inma Omiste, ha agradecido el apoyo de todos los Grupos pol\u00edticos destacando que debe entenderse como un compromiso con la lucha contra el cambio clim\u00e1tico y una apuesta por la <a href=\"https:\/\/iumotril.org\/sitio\/izquierda-unida-reclama-un-plan-de-movilidad-para-motril\/\">movilidad sostenible<\/a>.<\/p>\n<p><img loading=\"lazy\" decoding=\"async\" data-attachment-id=\"7259\" data-permalink=\"https:\/\/iumotril.org\/sitio\/el-pleno-da-el-visto-bueno-a-la-propuesta-de-iu-equo-para-la-instalacion-de-cargadores-para-vehiculos-electricos-en-motril\/cargadores\/\" data-orig-file=\"https:\/\/iumotril.org\/sitio\/wp-content\/uploads\/2021\/03\/Cargadores.jpg\" data-orig-size=\"840,560\" data-comments-opened=\"1\" data-image-meta=\"{&quot;aperture&quot;:&quot;0&quot;,&quot;credit&quot;:&quot;&quot;,&quot;camera&quot;:&quot;&quot;,&quot;caption&quot;:&quot;&quot;,&quot;created_timestamp&quot;:&quot;0&quot;,&quot;copyright&quot;:&quot;&quot;,&quot;focal_length&quot;:&quot;0&quot;,&quot;iso&quot;:&quot;0&quot;,&quot;shutter_speed&quot;:&quot;0&quot;,&quot;title&quot;:&quot;&quot;,&quot;orientation&quot;:&quot;0&quot;}\" data-image-title=\"Cargadores\" data-image-description=\"\" data-image-caption=\"\" data-large-file=\"https:\/\/iumotril.org\/sitio\/wp-content\/uploads\/2021\/03\/Cargadores.jpg\" class=\"aligncenter wp-image-7259 size-full\" src=\"https:\/\/iumotril.org\/sitio\/wp-content\/uploads\/2021\/03\/Cargadores.jpg\" alt=\"\" width=\"840\" height=\"560\" srcset=\"https:\/\/iumotril.org\/sitio\/wp-content\/uploads\/2021\/03\/Cargadores.jpg 840w, https:\/\/iumotril.org\/sitio\/wp-content\/uploads\/2021\/03\/Cargadores-300x200.jpg 300w, https:\/\/iumotril.org\/sitio\/wp-content\/uploads\/2021\/03\/Cargadores-768x512.jpg 768w\" sizes=\"auto, (max-width: 840px) 100vw, 840px\" \/><\/p>\n<p style=\"text-align: justify;\">Ahora, es el momento de actuar \u2013ha declarado\u2013 y de poner en marcha los acuerdos aprobados, entre otros, el plan especial de instalaciones de suministros, la actualizaci\u00f3n de las ordenanzas municipales para favorecer e incentivar la utilizaci\u00f3n de veh\u00edculos el\u00e9ctricos y la renovaci\u00f3n de la flota de veh\u00edculos municipales, priorizando la adquisici\u00f3n de veh\u00edculos el\u00e9ctricos.<\/p>\n","protected":false},"excerpt":{"rendered":"<p>Ahora, es el momento de actuar  y de poner en marcha los acuerdos aprobados, entre otros, el plan especial de instalaciones de suministros, la actualizaci\u00f3n de las ordenanzas municipales para favorecer e incentivar la utilizaci\u00f3n de veh\u00edculos el\u00e9ctricos y la renovaci\u00f3n de la flota de veh\u00edculos municipales, priorizando la adquisici\u00f3n de veh\u00edculos el\u00e9ctricos.<\/p>\n","protected":false},"author":1,"featured_media":0,"comment_status":"open","ping_status":"open","sticky":false,"template":"","format":"standard","meta":{"cybocfi_hide_featured_image":"","_jetpack_newsletter_access":"","_jetpack_dont_email_post_to_subs":false,"_jetpack_newsletter_tier_id":0,"_jetpack_memberships_contains_paywalled_content":false,"_jetpack_memberships_contains_paid_content":false,"footnotes":""},"categories":[265,36],"tags":[1602,780,1608],"class_list":["post-7256","post","type-post","status-publish","format-standard","hentry","category-esta-pasando","category-mociones-pleno","tag-movilidad-electrica","tag-movilidad-sostenible","tag-plan-cargadores"],"jetpack_featured_media_url":"","jetpack_sharing_enabled":true,"jetpack_shortlink":"https:\/\/wp.me\/p4QsU5-1T2","jetpack-related-posts":[{"id":7685,"url":"https:\/\/iumotril.org\/sitio\/iu-equo-reclama-que-el-ayuntamiento-fomente-el-autoconsumo-electrico\/","url_meta":{"origin":7256,"position":0},"title":"IU-Equo reclama que el Ayuntamiento fomente el autoconsumo el\u00e9ctrico","author":"Izquierda Unida Motril","date":"22 septiembre, 2021","format":false,"excerpt":"La moci\u00f3n de IU-Equo propone la elaboraci\u00f3n de un Plan municipal de autoconsumo el\u00e9ctrico que incluya medidas de concienciaci\u00f3n ambiental y que persiga, entre otros objetivos, la reducci\u00f3n de la contaminaci\u00f3n ambiental y del uso de energ\u00edas f\u00f3siles, as\u00ed como de los costes energ\u00e9ticos municipales, con el consiguiente beneficio econ\u00f3mico\u2026","rel":"","context":"En \u00abEST\u00c1 PASANDO\u00bb","block_context":{"text":"EST\u00c1 PASANDO","link":"https:\/\/iumotril.org\/sitio\/category\/esta-pasando\/"},"img":{"alt_text":"","src":"https:\/\/i0.wp.com\/iumotril.org\/sitio\/wp-content\/uploads\/2021\/09\/Inma-22-septiembre-1024x768.jpg?resize=350%2C200","width":350,"height":200,"srcset":"https:\/\/i0.wp.com\/iumotril.org\/sitio\/wp-content\/uploads\/2021\/09\/Inma-22-septiembre-1024x768.jpg?resize=350%2C200 1x, https:\/\/i0.wp.com\/iumotril.org\/sitio\/wp-content\/uploads\/2021\/09\/Inma-22-septiembre-1024x768.jpg?resize=525%2C300 1.5x"},"classes":[]},{"id":7232,"url":"https:\/\/iumotril.org\/sitio\/iu-equo-propone-la-instalacion-de-puntos-de-recarga-para-vehiculos-electricos-en-motril\/","url_meta":{"origin":7256,"position":1},"title":"IU-Equo propone la instalaci\u00f3n de puntos de recarga para veh\u00edculos el\u00e9ctricos en Motril","author":"Izquierda Unida Motril","date":"23 marzo, 2021","format":false,"excerpt":"El Grupo municipal de IU-Equo se\u00f1ala que es importante solucionar el inconveniente de la inexistencia de puntos de recarga en las v\u00edas p\u00fablicas de Motril para facilitar el uso de veh\u00edculos el\u00e9ctricos en el d\u00eda a d\u00eda y permitir a los usuarios su utilizaci\u00f3n con menores restricciones. Actualmente s\u00f3lo existe\u2026","rel":"","context":"En \u00abEST\u00c1 PASANDO\u00bb","block_context":{"text":"EST\u00c1 PASANDO","link":"https:\/\/iumotril.org\/sitio\/category\/esta-pasando\/"},"img":{"alt_text":"","src":"https:\/\/i0.wp.com\/iumotril.org\/sitio\/wp-content\/uploads\/2021\/02\/Inma-19-febrero-1024x768.jpg?resize=350%2C200","width":350,"height":200,"srcset":"https:\/\/i0.wp.com\/iumotril.org\/sitio\/wp-content\/uploads\/2021\/02\/Inma-19-febrero-1024x768.jpg?resize=350%2C200 1x, https:\/\/i0.wp.com\/iumotril.org\/sitio\/wp-content\/uploads\/2021\/02\/Inma-19-febrero-1024x768.jpg?resize=525%2C300 1.5x"},"classes":[]},{"id":7188,"url":"https:\/\/iumotril.org\/sitio\/iu-equo-critica-el-trato-de-favor-del-gobierno-de-garcia-chamorro-a-una-marca-de-automoviles\/","url_meta":{"origin":7256,"position":2},"title":"IU-Equo critica el trato de favor del gobierno de Garc\u00eda Chamorro a una marca de autom\u00f3viles","author":"Izquierda Unida Motril","date":"24 febrero, 2021","format":false,"excerpt":"No es de recibo que el gobierno local participe en la promoci\u00f3n de una firma de autom\u00f3viles concreta y de sus nuevos modelos cuando en Motril son varios los concesionarios de diferentes marcas que cuentan tambi\u00e9n con nuevos modelos igualmente interesantes. La pregunta del mill\u00f3n, ahora, es saber por qu\u00e9\u2026","rel":"","context":"En \u00abEST\u00c1 PASANDO\u00bb","block_context":{"text":"EST\u00c1 PASANDO","link":"https:\/\/iumotril.org\/sitio\/category\/esta-pasando\/"},"img":{"alt_text":"","src":"https:\/\/i0.wp.com\/iumotril.org\/sitio\/wp-content\/uploads\/2020\/11\/Jose-Llorente_11-noviembre-1024x958.jpg?resize=350%2C200","width":350,"height":200,"srcset":"https:\/\/i0.wp.com\/iumotril.org\/sitio\/wp-content\/uploads\/2020\/11\/Jose-Llorente_11-noviembre-1024x958.jpg?resize=350%2C200 1x, https:\/\/i0.wp.com\/iumotril.org\/sitio\/wp-content\/uploads\/2020\/11\/Jose-Llorente_11-noviembre-1024x958.jpg?resize=525%2C300 1.5x"},"classes":[]},{"id":7359,"url":"https:\/\/iumotril.org\/sitio\/iu-equo-demanda-actuaciones-para-acabar-con-los-vertidos-ilegales-a-la-charca-de-suarez-y-a-la-playa-de-poniente\/","url_meta":{"origin":7256,"position":3},"title":"IU-Equo demanda actuaciones para acabar con los vertidos ilegales a la Charca de Su\u00e1rez y a la playa de Poniente","author":"Izquierda Unida Motril","date":"27 abril, 2021","format":false,"excerpt":"Para la portavoz de IU-Equo, ahora se trata fundamentalmente de eso; de destinar recursos para llevar a cabo actuaciones para contribuir a la reducci\u00f3n de agentes contaminantes como los procedentes del pol\u00edgono de las Algaidas. Una actuaci\u00f3n que beneficiar\u00e1 tanto al clima, como a la calidad de nuestras playas y\u2026","rel":"","context":"En \u00abSin categor\u00eda\u00bb","block_context":{"text":"Sin categor\u00eda","link":"https:\/\/iumotril.org\/sitio\/category\/sin-categoria\/"},"img":{"alt_text":"","src":"https:\/\/i0.wp.com\/iumotril.org\/sitio\/wp-content\/uploads\/2021\/04\/Inma-27-Abril-1024x768.jpg?resize=350%2C200","width":350,"height":200,"srcset":"https:\/\/i0.wp.com\/iumotril.org\/sitio\/wp-content\/uploads\/2021\/04\/Inma-27-Abril-1024x768.jpg?resize=350%2C200 1x, https:\/\/i0.wp.com\/iumotril.org\/sitio\/wp-content\/uploads\/2021\/04\/Inma-27-Abril-1024x768.jpg?resize=525%2C300 1.5x"},"classes":[]},{"id":8217,"url":"https:\/\/iumotril.org\/sitio\/iu-equo-propone-implantar-caminos-escolares-seguros-en-los-desplazamientos-a-los-centros-educativos\/","url_meta":{"origin":7256,"position":4},"title":"IU-Equo propone implantar caminos escolares seguros en los desplazamientos a los centros educativos","author":"Izquierda Unida Motril","date":"2 junio, 2022","format":false,"excerpt":"Pretende que los entornos escolares se conviertan en \u00c1reas de protecci\u00f3n de la salud de la infancia en el entorno escolar, priorizando la movilidad peatonal y ciclista, creando corredores de acceso libres de coches y promoviendo zonas de encuentro y juegos en el espacio p\u00fablico. En la moci\u00f3n que el\u2026","rel":"","context":"En \u00abEST\u00c1 PASANDO\u00bb","block_context":{"text":"EST\u00c1 PASANDO","link":"https:\/\/iumotril.org\/sitio\/category\/esta-pasando\/"},"img":{"alt_text":"","src":"https:\/\/i0.wp.com\/iumotril.org\/sitio\/wp-content\/uploads\/2022\/06\/Jose-Llorente-1-junio.jpg?resize=350%2C200","width":350,"height":200,"srcset":"https:\/\/i0.wp.com\/iumotril.org\/sitio\/wp-content\/uploads\/2022\/06\/Jose-Llorente-1-junio.jpg?resize=350%2C200 1x, https:\/\/i0.wp.com\/iumotril.org\/sitio\/wp-content\/uploads\/2022\/06\/Jose-Llorente-1-junio.jpg?resize=525%2C300 1.5x, https:\/\/i0.wp.com\/iumotril.org\/sitio\/wp-content\/uploads\/2022\/06\/Jose-Llorente-1-junio.jpg?resize=700%2C400 2x, https:\/\/i0.wp.com\/iumotril.org\/sitio\/wp-content\/uploads\/2022\/06\/Jose-Llorente-1-junio.jpg?resize=1050%2C600 3x, https:\/\/i0.wp.com\/iumotril.org\/sitio\/wp-content\/uploads\/2022\/06\/Jose-Llorente-1-junio.jpg?resize=1400%2C800 4x"},"classes":[]},{"id":5065,"url":"https:\/\/iumotril.org\/sitio\/motril-no-puede-permanecer-impasible-ante-el-deterioro-medioambiental\/","url_meta":{"origin":7256,"position":5},"title":"Motril no puede permanecer impasible ante el deterioro medioambiental","author":"Izquierda Unida Motril","date":"17 mayo, 2019","format":false,"excerpt":"Inma Omiste ha se\u00f1alado el compromiso medioambiental y de lucha contra el cambio clim\u00e1tico de su proyecto de gobierno para Motril. La preservaci\u00f3n del medio ambiente es uno de los ejes transversales que recorren todas nuestras propuestas de gobierno: el programa de IU-Equo Verdes es un compromiso con la ciudadan\u00eda\u2026","rel":"","context":"En \u00abEST\u00c1 PASANDO\u00bb","block_context":{"text":"EST\u00c1 PASANDO","link":"https:\/\/iumotril.org\/sitio\/category\/esta-pasando\/"},"img":{"alt_text":"","src":"https:\/\/i0.wp.com\/iumotril.org\/sitio\/wp-content\/uploads\/2019\/05\/Juan-Luis-Valdivieso-Inma-Omiste-Christian-Linares-Daniela-Paque%CC%81-Jose-Llorente-1024x767.jpg?resize=350%2C200","width":350,"height":200,"srcset":"https:\/\/i0.wp.com\/iumotril.org\/sitio\/wp-content\/uploads\/2019\/05\/Juan-Luis-Valdivieso-Inma-Omiste-Christian-Linares-Daniela-Paque%CC%81-Jose-Llorente-1024x767.jpg?resize=350%2C200 1x, https:\/\/i0.wp.com\/iumotril.org\/sitio\/wp-content\/uploads\/2019\/05\/Juan-Luis-Valdivieso-Inma-Omiste-Christian-Linares-Daniela-Paque%CC%81-Jose-Llorente-1024x767.jpg?resize=525%2C300 1.5x"},"classes":[]}],"jetpack_likes_enabled":true,"_links":{"self":[{"href":"https:\/\/iumotril.org\/sitio\/wp-json\/wp\/v2\/posts\/7256","targetHints":{"allow":["GET"]}}],"collection":[{"href":"https:\/\/iumotril.org\/sitio\/wp-json\/wp\/v2\/posts"}],"about":[{"href":"https:\/\/iumotril.org\/sitio\/wp-json\/wp\/v2\/types\/post"}],"author":[{"embeddable":true,"href":"https:\/\/iumotril.org\/sitio\/wp-json\/wp\/v2\/users\/1"}],"replies":[{"embeddable":true,"href":"https:\/\/iumotril.org\/sitio\/wp-json\/wp\/v2\/comments?post=7256"}],"version-history":[{"count":3,"href":"https:\/\/iumotril.org\/sitio\/wp-json\/wp\/v2\/posts\/7256\/revisions"}],"predecessor-version":[{"id":7261,"href":"https:\/\/iumotril.org\/sitio\/wp-json\/wp\/v2\/posts\/7256\/revisions\/7261"}],"wp:attachment":[{"href":"https:\/\/iumotril.org\/sitio\/wp-json\/wp\/v2\/media?parent=7256"}],"wp:term":[{"taxonomy":"category","embeddable":true,"href":"https:\/\/iumotril.org\/sitio\/wp-json\/wp\/v2\/categories?post=7256"},{"taxonomy":"post_tag","embeddable":true,"href":"https:\/\/iumotril.org\/sitio\/wp-json\/wp\/v2\/tags?post=7256"}],"curies":[{"name":"wp","href":"https:\/\/api.w.org\/{rel}","templated":true}]}}